{"id":43391,"date":"2020-01-23T18:36:32","date_gmt":"2020-01-24T00:36:32","guid":{"rendered":"http:\/\/www.grieta.org.mx\/?p=43391"},"modified":"2020-01-23T18:36:32","modified_gmt":"2020-01-24T00:36:32","slug":"desmiente-concejo-indigena-a-alcaldesa-de-nahuatzen-y-la-retan-a-que-muestre-pruebas-michoacan","status":"publish","type":"post","link":"https:\/\/www.grieta.org.mx\/index.php\/2020\/01\/23\/desmiente-concejo-indigena-a-alcaldesa-de-nahuatzen-y-la-retan-a-que-muestre-pruebas-michoacan\/","title":{"rendered":"Desmiente Concejo Ind\u00edgena a alcaldesa de Nahuatzen y la retan a que muestre pruebas (Michoac\u00e1n)"},"content":{"rendered":"<figure id=\"attachment_43392\" aria-describedby=\"caption-attachment-43392\" style=\"width: 800px\" class=\"wp-caption aligncenter\"><img loading=\"lazy\" decoding=\"async\" data-attachment-id=\"43392\" data-permalink=\"https:\/\/www.grieta.org.mx\/index.php\/2020\/01\/23\/desmiente-concejo-indigena-a-alcaldesa-de-nahuatzen-y-la-retan-a-que-muestre-pruebas-michoacan\/0-grande-8\/\" data-orig-file=\"https:\/\/www.grieta.org.mx\/wp-content\/uploads\/2020\/01\/0-grande-1.jpg\" data-orig-size=\"800,450\" data-comments-opened=\"0\" data-image-meta=\"{&quot;aperture&quot;:&quot;0&quot;,&quot;credit&quot;:&quot;&quot;,&quot;camera&quot;:&quot;&quot;,&quot;caption&quot;:&quot;&quot;,&quot;created_timestamp&quot;:&quot;0&quot;,&quot;copyright&quot;:&quot;&quot;,&quot;focal_length&quot;:&quot;0&quot;,&quot;iso&quot;:&quot;0&quot;,&quot;shutter_speed&quot;:&quot;0&quot;,&quot;title&quot;:&quot;&quot;,&quot;orientation&quot;:&quot;0&quot;}\" data-image-title=\"0-grande\" data-image-description=\"\" data-image-caption=\"&lt;p&gt;Foto: 90 grados&lt;\/p&gt;\n\" data-medium-file=\"https:\/\/www.grieta.org.mx\/wp-content\/uploads\/2020\/01\/0-grande-1-300x169.jpg\" data-large-file=\"https:\/\/www.grieta.org.mx\/wp-content\/uploads\/2020\/01\/0-grande-1.jpg\" class=\"wp-image-43392 size-full\" src=\"http:\/\/www.grieta.org.mx\/wp-content\/uploads\/2020\/01\/0-grande-1.jpg\" alt=\"\" width=\"800\" height=\"450\" srcset=\"https:\/\/www.grieta.org.mx\/wp-content\/uploads\/2020\/01\/0-grande-1.jpg 800w, https:\/\/www.grieta.org.mx\/wp-content\/uploads\/2020\/01\/0-grande-1-300x169.jpg 300w, https:\/\/www.grieta.org.mx\/wp-content\/uploads\/2020\/01\/0-grande-1-768x432.jpg 768w\" sizes=\"auto, (max-width: 800px) 100vw, 800px\" \/><figcaption id=\"caption-attachment-43392\" class=\"wp-caption-text\">Foto: 90 grados<\/figcaption><\/figure>\n<p>Por Patricia Torres \/ Noventa Grados, 21 de enerp de 2020<\/p>\n<p>Morelia, mich., a 21 de enero del 2020. Pavel Ulianov Guzm\u00e1n Macario, integrante del Concejo Ind\u00edgena de Michoac\u00e1n lament\u00f3 en rueda de prensa que la presidenta municipal de Nahuatzen los haya acusado como culpables por la violencia ocasionada en d\u00edas pasados y de recibir el diez por ciento del presupuesto que corresponde a las comunidades por la asesor\u00eda que ofrece \u201cquiere difamarnos, retamos p\u00fablicamente a la presidenta que muestre pruebas y que nosotros estamos cobrando el diez por ciento a las comunidades, en caso contrario, presentaremos denuncias en contra de ellas\u201d.<\/p>\n<p>Asegur\u00f3 que su trabajo es independiente, por lo que no tienen dependencia alguna con ning\u00fan gobierno ni federal, estatal o municipal, adem\u00e1s de ser apartidista y es una organizaci\u00f3n auto gestiva y las decisiones se toman en asambleas \u201clas comunidades de Sevina, Comachu\u00e9n y Nahuatzen son aut\u00f3nomas, ellas decidieron manifestarse el 14 de enero donde acontecieron lamentables hechos\u201d.<\/p>\n<p>El abogado asegura que la autoridad municipal se molest\u00f3 con ellos por haber denunciado los hechos de represi\u00f3n donde particip\u00f3 la Guardia Nacional, Polic\u00eda Michoac\u00e1n y de Nahuatzen \u201cpedimos se deslinden responsabilidades y se aclare quienes fueron los que dispararon e hirieron a los compa\u00f1eros\u201d.<\/p>\n<p>Guzm\u00e1n Macario tambi\u00e9n se\u00f1ala que el ayuntamiento no respeta la autonom\u00eda de las comunidades \u201cen el caso de Sevina, el ayuntamiento ha presentado 12 impugnaciones entre amparos, controversia constitucional por no estar de acuerdo con el presupuesto directo, se le ha ganado en dos ocasiones en asambleas generales, ha perdido todo\u2026\u201d<\/p>\n<p><a href=\"http:\/\/www.noventagrados.com.mx\/politica\/desmiente-concejo-indigena-a-alcaldesa-de-nahuatzen-y-la-retan-a-que-muestre-pruebas.htm\">http:\/\/www.noventagrados.com.mx\/politica\/desmiente-concejo-indigena-a-alcaldesa-de-nahuatzen-y-la-retan-a-que-muestre-pruebas.htm<\/a><\/p>\n","protected":false},"excerpt":{"rendered":"<p>Por Patricia Torres \/ Noventa Grados, 21 de enerp de 2020 Morelia, mich., a 21 de enero del 2020. Pavel Ulianov Guzm\u00e1n Macario, integrante del Concejo Ind\u00edgena de Michoac\u00e1n lament\u00f3 &hellip; <a href=\"https:\/\/www.grieta.org.mx\/index.php\/2020\/01\/23\/desmiente-concejo-indigena-a-alcaldesa-de-nahuatzen-y-la-retan-a-que-muestre-pruebas-michoacan\/\" class=\"more-link\">Leer m\u00e1s<\/a><\/p>\n","protected":false},"author":2,"featured_media":43392,"comment_status":"closed","ping_status":"closed","sticky":false,"template":"","format":"standard","meta":{"ngg_post_thumbnail":0,"_jetpack_newsletter_access":"","_jetpack_dont_email_post_to_subs":false,"_jetpack_newsletter_tier_id":0,"_jetpack_memberships_contains_paywalled_content":false,"_jetpack_memberships_contains_paid_content":false,"footnotes":""},"categories":[80,1467,21,995],"tags":[2466,1090],"class_list":["post-43391","post","type-post","status-publish","format-standard","has-post-thumbnail","hentry","category-cintillo","category-lucha-y-resistencia-de-la-comunidad-de-nahuatzen","category-michoacan","category-resistencia-y-construccion-de-autonomia-de-las-comunidades-rurales-en-michoacan","tag-luchas-y-resistencias-de-pueblos-originarios","tag-represion-de-la-protesta-social","entry"],"jetpack_featured_media_url":"https:\/\/www.grieta.org.mx\/wp-content\/uploads\/2020\/01\/0-grande-1.jpg","jetpack_sharing_enabled":true,"jetpack_shortlink":"https:\/\/wp.me\/p7ZJR4-bhR","jetpack_likes_enabled":false,"jetpack-related-posts":[{"id":43137,"url":"https:\/\/www.grieta.org.mx\/index.php\/2020\/01\/15\/consejo-supremo-indigena-de-michoacan-denuncia-represion-y-amenazas-de-muerte-en-contra-de-concejos-comunales-de-comachuen-sevina-y-nahuatzen\/","url_meta":{"origin":43391,"position":0},"title":"Consejo Supremo Ind\u00edgena de Michoac\u00e1n denuncia represi\u00f3n y amenazas de muerte en contra de Concejos Comunales de Comachu\u00e9n, Sevina y Nahuatzen","author":"grieta","date":"15 enero, 2020","format":false,"excerpt":"Por:Patricia Torres \/ Noventa Grados, 15 de Enero de 2020 Comunidades P`urh\u00e9pecha a 15 de enero del 2020. A trav\u00e9s de un comunicado, el Consejo Supremo Ind\u00edgena de Michoac\u00e1n (CSIM), consejo de autoridades civiles, comunales y tradicionales que agrupa alrededor de 60 comunidades, denunci\u00f3 la represi\u00f3n de comuneros, mujeres y\u2026","rel":"","context":"En &quot;CINTILLO&quot;","block_context":{"text":"CINTILLO","link":"https:\/\/www.grieta.org.mx\/index.php\/category\/cintillo\/"},"img":{"alt_text":"","src":"https:\/\/i0.wp.com\/www.grieta.org.mx\/wp-content\/uploads\/2020\/01\/0-grande.jpg?resize=350%2C200&ssl=1","width":350,"height":200,"srcset":"https:\/\/i0.wp.com\/www.grieta.org.mx\/wp-content\/uploads\/2020\/01\/0-grande.jpg?resize=350%2C200&ssl=1 1x, https:\/\/i0.wp.com\/www.grieta.org.mx\/wp-content\/uploads\/2020\/01\/0-grande.jpg?resize=525%2C300&ssl=1 1.5x, https:\/\/i0.wp.com\/www.grieta.org.mx\/wp-content\/uploads\/2020\/01\/0-grande.jpg?resize=700%2C400&ssl=1 2x"},"classes":[]},{"id":35868,"url":"https:\/\/www.grieta.org.mx\/index.php\/2019\/07\/03\/serapaz-denuncia-el-encarcelamiento-de-tres-activistas-de-la-comunidad-indigena-de-nahuatzen-michoacan\/","url_meta":{"origin":43391,"position":1},"title":"Serapaz denuncia el encarcelamiento de tres activistas de la comunidad ind\u00edgena de Nahuatzen (Michoac\u00e1n)","author":"grieta","date":"3 julio, 2019","format":false,"excerpt":"Por Ixtlix\u00f3chitl L\u00f3pez \/ Proceso, 3 de julio de 2019 CIUDAD DE M\u00c9XICO (apro).- La organizaci\u00f3n Servicios y Asesor\u00eda para la Paz (Serapaz) denunci\u00f3 el injusto encarcelamiento de Jos\u00e9 Antonio Arreola, Jos\u00e9 Luis Jim\u00e9nez y Jos\u00e9 Gerardo Talavera, miembros de la comunidad ind\u00edgena pur\u00e9pecha de Nahuatzen, Michoac\u00e1n, privados de la\u2026","rel":"","context":"En &quot;CINTILLO&quot;","block_context":{"text":"CINTILLO","link":"https:\/\/www.grieta.org.mx\/index.php\/category\/cintillo\/"},"img":{"alt_text":"","src":"https:\/\/i0.wp.com\/www.grieta.org.mx\/wp-content\/uploads\/2019\/07\/Nahua-1078x808.jpg?resize=350%2C200&ssl=1","width":350,"height":200,"srcset":"https:\/\/i0.wp.com\/www.grieta.org.mx\/wp-content\/uploads\/2019\/07\/Nahua-1078x808.jpg?resize=350%2C200&ssl=1 1x, https:\/\/i0.wp.com\/www.grieta.org.mx\/wp-content\/uploads\/2019\/07\/Nahua-1078x808.jpg?resize=525%2C300&ssl=1 1.5x, https:\/\/i0.wp.com\/www.grieta.org.mx\/wp-content\/uploads\/2019\/07\/Nahua-1078x808.jpg?resize=700%2C400&ssl=1 2x, https:\/\/i0.wp.com\/www.grieta.org.mx\/wp-content\/uploads\/2019\/07\/Nahua-1078x808.jpg?resize=1050%2C600&ssl=1 3x"},"classes":[]},{"id":43134,"url":"https:\/\/www.grieta.org.mx\/index.php\/2020\/01\/15\/anuncia-consejo-supremo-indigena-toma-generalizada-de-carreteras-en-michoacan\/","url_meta":{"origin":43391,"position":2},"title":"Anuncia Consejo Supremo Ind\u00edgena toma generalizada de carreteras en Michoac\u00e1n","author":"grieta","date":"15 enero, 2020","format":false,"excerpt":"Sandra Soraya Castro \/ Cambio de Michoac\u00e1n, Mi\u00e9rcoles 15 de Enero de 2020 Este texto ha sido publicado en el sitio Cambio de Michoac\u00e1n, en la direcci\u00f3n http:\/\/www.cambiodemichoacan.com.mx\/nota-n59580 Si lo cita por favor cite la fuente, manteniendo un enlace a la informaci\u00f3n original. Derechos Reservados, Sociedad Editora de Michoac\u00e1n S.A.\u2026","rel":"","context":"En &quot;CINTILLO&quot;","block_context":{"text":"CINTILLO","link":"https:\/\/www.grieta.org.mx\/index.php\/category\/cintillo\/"},"img":{"alt_text":"","src":"https:\/\/i0.wp.com\/www.grieta.org.mx\/wp-content\/uploads\/2020\/01\/a63fedc4fe9cd3ce686ee649f80d4c65consejo.jpg?resize=350%2C200&ssl=1","width":350,"height":200,"srcset":"https:\/\/i0.wp.com\/www.grieta.org.mx\/wp-content\/uploads\/2020\/01\/a63fedc4fe9cd3ce686ee649f80d4c65consejo.jpg?resize=350%2C200&ssl=1 1x, https:\/\/i0.wp.com\/www.grieta.org.mx\/wp-content\/uploads\/2020\/01\/a63fedc4fe9cd3ce686ee649f80d4c65consejo.jpg?resize=525%2C300&ssl=1 1.5x, https:\/\/i0.wp.com\/www.grieta.org.mx\/wp-content\/uploads\/2020\/01\/a63fedc4fe9cd3ce686ee649f80d4c65consejo.jpg?resize=700%2C400&ssl=1 2x, https:\/\/i0.wp.com\/www.grieta.org.mx\/wp-content\/uploads\/2020\/01\/a63fedc4fe9cd3ce686ee649f80d4c65consejo.jpg?resize=1050%2C600&ssl=1 3x, https:\/\/i0.wp.com\/www.grieta.org.mx\/wp-content\/uploads\/2020\/01\/a63fedc4fe9cd3ce686ee649f80d4c65consejo.jpg?resize=1400%2C800&ssl=1 4x"},"classes":[]},{"id":59220,"url":"https:\/\/www.grieta.org.mx\/index.php\/2021\/04\/06\/exigen-libertad-a-presos-politicos-en-michoacan-afuera-de-scjn\/","url_meta":{"origin":43391,"position":3},"title":"Exigen libertad a presos pol\u00edticos en Michoac\u00e1n afuera de SCJN","author":"grieta","date":"6 abril, 2021","format":false,"excerpt":"Los integrantes del Concejo se dieron cita en el lugar para exigir la liberaci\u00f3n de los concejales Jos\u00e9 Luis Jim\u00e9nez y Jos\u00e9 Antonio Arreola, Nora Bucio, MVS Noticias, 06 de abril de 2021 Integrantes del Concejo Ciudadano Ind\u00edgena de Nahuatzen, se manifestaron afuera de la sede de la Suprema Corte\u2026","rel":"","context":"En &quot;Autonom\u00edas&quot;","block_context":{"text":"Autonom\u00edas","link":"https:\/\/www.grieta.org.mx\/index.php\/category\/resistencias\/autonomias\/"},"img":{"alt_text":"","src":"https:\/\/i0.wp.com\/www.grieta.org.mx\/wp-content\/uploads\/2021\/05\/ccdcd426-whatsapp-image-2021-04-06-at-13.38.21.jpeg?resize=350%2C200&ssl=1","width":350,"height":200,"srcset":"https:\/\/i0.wp.com\/www.grieta.org.mx\/wp-content\/uploads\/2021\/05\/ccdcd426-whatsapp-image-2021-04-06-at-13.38.21.jpeg?resize=350%2C200&ssl=1 1x, https:\/\/i0.wp.com\/www.grieta.org.mx\/wp-content\/uploads\/2021\/05\/ccdcd426-whatsapp-image-2021-04-06-at-13.38.21.jpeg?resize=525%2C300&ssl=1 1.5x, https:\/\/i0.wp.com\/www.grieta.org.mx\/wp-content\/uploads\/2021\/05\/ccdcd426-whatsapp-image-2021-04-06-at-13.38.21.jpeg?resize=700%2C400&ssl=1 2x"},"classes":[]},{"id":24033,"url":"https:\/\/www.grieta.org.mx\/index.php\/2018\/06\/29\/comunicado-de-prensa-declaracion-de-alerta-roja-en-la-comunidad-de-nahuatzen-michoacan\/","url_meta":{"origin":43391,"position":4},"title":"COMUNICADO DE PRENSA: DECLARACI\u00d3N DE ALERTA ROJA EN LA COMUNIDAD DE NAHUATZ\u00c9N (Michoac\u00e1n)","author":"grieta","date":"29 junio, 2018","format":false,"excerpt":"Nahuatz\u00e9n, Michoac\u00e1n. 29 de junio de 2018 COMUNICADO DE PRENSA: DECLARACI\u00d3N DE ALERTA ROJA EN LA COMUNIDAD DE NAHUATZ\u00c9N A TODOS LOS PUEBLOS DE LA MESETA P\u2019URH\u00c9PECHA AL CONCEJO IND\u00cdGENA DE GOBIERNO DEL CONGRESO NACIONAL IND\u00cdGENA A LOS CONCEJOS COMUNITARIOS, COMUNALES Y AUT\u00d3NOMOS DE MICHOAC\u00c1N Y M\u00c9XICO A LOS DEFENSORES\u2026","rel":"","context":"En &quot;CINTILLO&quot;","block_context":{"text":"CINTILLO","link":"https:\/\/www.grieta.org.mx\/index.php\/category\/cintillo\/"},"img":{"alt_text":"","src":"https:\/\/i0.wp.com\/www.grieta.org.mx\/wp-content\/uploads\/2018\/03\/14524434_1106112876131411_958039263622046936_o.jpg?resize=350%2C200&ssl=1","width":350,"height":200,"srcset":"https:\/\/i0.wp.com\/www.grieta.org.mx\/wp-content\/uploads\/2018\/03\/14524434_1106112876131411_958039263622046936_o.jpg?resize=350%2C200&ssl=1 1x, https:\/\/i0.wp.com\/www.grieta.org.mx\/wp-content\/uploads\/2018\/03\/14524434_1106112876131411_958039263622046936_o.jpg?resize=525%2C300&ssl=1 1.5x, https:\/\/i0.wp.com\/www.grieta.org.mx\/wp-content\/uploads\/2018\/03\/14524434_1106112876131411_958039263622046936_o.jpg?resize=700%2C400&ssl=1 2x"},"classes":[]},{"id":43140,"url":"https:\/\/www.grieta.org.mx\/index.php\/2019\/12\/19\/consejo-supremo-indigena-se-une-al-congreso-nacional-indigena-michoacan\/","url_meta":{"origin":43391,"position":5},"title":"Consejo Supremo Ind\u00edgena se une al Congreso Nacional Ind\u00edgena (Michoac\u00e1n)","author":"grieta","date":"19 diciembre, 2019","format":false,"excerpt":"Por: Redacci\u00f3n Monitor Expreso. 19 de diciembre de 2019 M\u00e9xico.- El Consejo Supremo Ind\u00edgena de Michoac\u00e1n (CSIM), solicit\u00f3 su incorporaci\u00f3n formal al Congreso Nacional Ind\u00edgena (CNI). Manifestando en su misiva que fue una decisi\u00f3n de la Asamblea General de Autoridades de comunidades originarias entre las que se encuentran, Jefes de\u2026","rel":"","context":"En &quot;CINTILLO&quot;","block_context":{"text":"CINTILLO","link":"https:\/\/www.grieta.org.mx\/index.php\/category\/cintillo\/"},"img":{"alt_text":"","src":"https:\/\/i0.wp.com\/www.grieta.org.mx\/wp-content\/uploads\/2020\/01\/consejo-supremo-indigena.png?resize=350%2C200&ssl=1","width":350,"height":200,"srcset":"https:\/\/i0.wp.com\/www.grieta.org.mx\/wp-content\/uploads\/2020\/01\/consejo-supremo-indigena.png?resize=350%2C200&ssl=1 1x, https:\/\/i0.wp.com\/www.grieta.org.mx\/wp-content\/uploads\/2020\/01\/consejo-supremo-indigena.png?resize=525%2C300&ssl=1 1.5x, https:\/\/i0.wp.com\/www.grieta.org.mx\/wp-content\/uploads\/2020\/01\/consejo-supremo-indigena.png?resize=700%2C400&ssl=1 2x"},"classes":[]}],"_links":{"self":[{"href":"https:\/\/www.grieta.org.mx\/index.php\/wp-json\/wp\/v2\/posts\/43391","targetHints":{"allow":["GET"]}}],"collection":[{"href":"https:\/\/www.grieta.org.mx\/index.php\/wp-json\/wp\/v2\/posts"}],"about":[{"href":"https:\/\/www.grieta.org.mx\/index.php\/wp-json\/wp\/v2\/types\/post"}],"author":[{"embeddable":true,"href":"https:\/\/www.grieta.org.mx\/index.php\/wp-json\/wp\/v2\/users\/2"}],"replies":[{"embeddable":true,"href":"https:\/\/www.grieta.org.mx\/index.php\/wp-json\/wp\/v2\/comments?post=43391"}],"version-history":[{"count":1,"href":"https:\/\/www.grieta.org.mx\/index.php\/wp-json\/wp\/v2\/posts\/43391\/revisions"}],"predecessor-version":[{"id":43393,"href":"https:\/\/www.grieta.org.mx\/index.php\/wp-json\/wp\/v2\/posts\/43391\/revisions\/43393"}],"wp:featuredmedia":[{"embeddable":true,"href":"https:\/\/www.grieta.org.mx\/index.php\/wp-json\/wp\/v2\/media\/43392"}],"wp:attachment":[{"href":"https:\/\/www.grieta.org.mx\/index.php\/wp-json\/wp\/v2\/media?parent=43391"}],"wp:term":[{"taxonomy":"category","embeddable":true,"href":"https:\/\/www.grieta.org.mx\/index.php\/wp-json\/wp\/v2\/categories?post=43391"},{"taxonomy":"post_tag","embeddable":true,"href":"https:\/\/www.grieta.org.mx\/index.php\/wp-json\/wp\/v2\/tags?post=43391"}],"curies":[{"name":"wp","href":"https:\/\/api.w.org\/{rel}","templated":true}]}}