{"id":43369,"date":"2020-01-21T19:34:11","date_gmt":"2020-01-22T01:34:11","guid":{"rendered":"http:\/\/www.grieta.org.mx\/?p=43369"},"modified":"2020-01-25T18:01:10","modified_gmt":"2020-01-26T00:01:10","slug":"piden-a-gobierno-federal-cancelar-concesion-a-minera-en-la-mixteca-oaxaca","status":"publish","type":"post","link":"https:\/\/www.grieta.org.mx\/index.php\/2020\/01\/21\/piden-a-gobierno-federal-cancelar-concesion-a-minera-en-la-mixteca-oaxaca\/","title":{"rendered":"Piden a Gobierno Federal cancelar concesi\u00f3n a minera en la Mixteca (Oaxaca)"},"content":{"rendered":"<p>Diario Marca \/ Agencia NEC<\/p>\n<p><img loading=\"lazy\" decoding=\"async\" data-attachment-id=\"43373\" data-permalink=\"https:\/\/www.grieta.org.mx\/index.php\/2020\/01\/21\/piden-a-gobierno-federal-cancelar-concesion-a-minera-en-la-mixteca-oaxaca\/a-17\/\" data-orig-file=\"https:\/\/www.grieta.org.mx\/wp-content\/uploads\/2020\/01\/a.jpg\" data-orig-size=\"750,563\" data-comments-opened=\"0\" data-image-meta=\"{&quot;aperture&quot;:&quot;0&quot;,&quot;credit&quot;:&quot;&quot;,&quot;camera&quot;:&quot;&quot;,&quot;caption&quot;:&quot;&quot;,&quot;created_timestamp&quot;:&quot;0&quot;,&quot;copyright&quot;:&quot;&quot;,&quot;focal_length&quot;:&quot;0&quot;,&quot;iso&quot;:&quot;0&quot;,&quot;shutter_speed&quot;:&quot;0&quot;,&quot;title&quot;:&quot;&quot;,&quot;orientation&quot;:&quot;1&quot;}\" data-image-title=\"a\" data-image-description=\"\" data-image-caption=\"\" data-medium-file=\"https:\/\/www.grieta.org.mx\/wp-content\/uploads\/2020\/01\/a-300x225.jpg\" data-large-file=\"https:\/\/www.grieta.org.mx\/wp-content\/uploads\/2020\/01\/a.jpg\" class=\"aligncenter wp-image-43373\" src=\"http:\/\/www.grieta.org.mx\/wp-content\/uploads\/2020\/01\/a.jpg\" alt=\"\" width=\"800\" height=\"601\" srcset=\"https:\/\/www.grieta.org.mx\/wp-content\/uploads\/2020\/01\/a.jpg 750w, https:\/\/www.grieta.org.mx\/wp-content\/uploads\/2020\/01\/a-300x225.jpg 300w, https:\/\/www.grieta.org.mx\/wp-content\/uploads\/2020\/01\/a-666x500.jpg 666w\" sizes=\"auto, (max-width: 800px) 100vw, 800px\" \/><\/p>\n<p>Huajuapan de Le\u00f3n, Oax.- Integrantes del colectivo \u00d1uu Savi, pidieron al Gobierno Federal la cancelaci\u00f3n de una concesi\u00f3n minera para la extracci\u00f3n de silicio en comunidades de la Mixteca oaxaque\u00f1a y poblana, al se\u00f1alar pone en riesgo el medio ambiente.<\/p>\n<p>A trav\u00e9s de una asamblea informativa realizada en Santiago Chazumba, se\u00f1alaron que derivado de las acciones realizadas por una empresa de Alemania en comunidades de ambas entidades, se ha iniciado con la destrucci\u00f3n del medio ambiente y generado afectaciones a los habitantes en la zona.<\/p>\n<p>\u201cLa concesi\u00f3n minera se otorg\u00f3 a una empresa alemana que se llama SUMEX, la cual quiere explotar aproximadamente mil 500 hect\u00e1reas durante 50 a\u00f1os por la extracci\u00f3n de silicio\u201d, comentaron.<\/p>\n<p>Por ello, exigen la intervenci\u00f3n del presidente de la Rep\u00fablica, Andr\u00e9s Manuel L\u00f3pez Obrador, para cancelar las concesiones otorgadas durante la administraci\u00f3n del expresidente Felipe Calder\u00f3n Hinojosa<br \/>\n\u201cPodemos darnos cuenta que existe una agenda para la extracci\u00f3n de minerales en la Mixteca oaxaque\u00f1a y poblana que de alguna forma es preocupante porque estos proyectos traen contaminaci\u00f3n a r\u00edos y tierra\u201d, explicaron.<\/p>\n<p>Manifestaron que las acciones realizadas por empresas instaladas en Tehuac\u00e1n, Puebla, han generado problemas en el medio ambiente, as\u00ed tambi\u00e9n provocado da\u00f1os irreversibles en las comunidades.<\/p>\n<p>Ante esta situaci\u00f3n, se\u00f1alaron que seguir\u00e1n realizando acciones para conformar un frente de autoridades municipales para exigir al Gobierno Federal ponga un alto a las acciones cometidas en contra de las comunidades ind\u00edgenas de la Mixteca. Para tal fin realizar\u00e1n otra asamblea de organizaci\u00f3n el pr\u00f3ximo 1 de febrero en Santiago Chazumba, para impedir la instalaci\u00f3n de mineras en Oaxaca y Puebla.<\/p>\n<p><a href=\"http:\/\/www.diariomarca.com.mx\/2020\/01\/piden-a-gobierno-federal-cancelar-concesion-a-minera-en-la-mixteca\/\" target=\"_blank\" rel=\"noopener noreferrer\">http:\/\/www.diariomarca.com.mx\/2020\/01\/piden-a-gobierno-federal-cancelar-concesion-a-minera-en-la-mixteca\/<\/a><\/p>\n","protected":false},"excerpt":{"rendered":"<p>Diario Marca \/ Agencia NEC Huajuapan de Le\u00f3n, Oax.- Integrantes del colectivo \u00d1uu Savi, pidieron al Gobierno Federal la cancelaci\u00f3n de una concesi\u00f3n minera para la extracci\u00f3n de silicio en &hellip; <a href=\"https:\/\/www.grieta.org.mx\/index.php\/2020\/01\/21\/piden-a-gobierno-federal-cancelar-concesion-a-minera-en-la-mixteca-oaxaca\/\" class=\"more-link\">Leer m\u00e1s<\/a><\/p>\n","protected":false},"author":2,"featured_media":43373,"comment_status":"closed","ping_status":"closed","sticky":false,"template":"","format":"standard","meta":{"ngg_post_thumbnail":0,"_jetpack_newsletter_access":"","_jetpack_dont_email_post_to_subs":false,"_jetpack_newsletter_tier_id":0,"_jetpack_memberships_contains_paywalled_content":false,"_jetpack_memberships_contains_paid_content":false,"footnotes":""},"categories":[80,1357,1358,2,25],"tags":[],"class_list":["post-43369","post","type-post","status-publish","format-standard","has-post-thumbnail","hentry","category-cintillo","category-conflictos-mineros-en-oaxaca","category-conflictos-por-megaproyectos-en-oaxaca","category-noticias-nacionales","category-oaxaca","entry"],"jetpack_featured_media_url":"https:\/\/www.grieta.org.mx\/wp-content\/uploads\/2020\/01\/a.jpg","jetpack_sharing_enabled":true,"jetpack_shortlink":"https:\/\/wp.me\/p7ZJR4-bhv","jetpack_likes_enabled":false,"jetpack-related-posts":[{"id":54312,"url":"https:\/\/www.grieta.org.mx\/index.php\/2020\/09\/30\/gobierno-federal-miente-al-menos-4-concesiones-mineras-vigentes-y-permisos-ambientales-en-tramite-para-empresa-canadiense-en-los-chimalapas-oaxaca\/","url_meta":{"origin":43369,"position":0},"title":"Gobierno Federal miente, al menos 4 concesiones mineras vigentes y permisos ambientales en tr\u00e1mite para empresa canadiense en los Chimalapas (Oaxaca)","author":"grieta","date":"30 septiembre, 2020","format":false,"excerpt":"Regeneraci\u00f3n Radio \/ Daniel Arellano. En conferencia de prensa, la titular de la Secretar\u00eda de Econom\u00eda Graciela M\u00e1rquez Col\u00edn y el director general de minas, Eduardo Enrique Flores Mag\u00f3n y L\u00f3pez, realizaron declaraciones respecto al avance de una minera canadiense en la selva de los Chimalapas en Oaxaca, llevaron a\u2026","rel":"","context":"En &quot;CINTILLO&quot;","block_context":{"text":"CINTILLO","link":"https:\/\/www.grieta.org.mx\/index.php\/category\/cintillo\/"},"img":{"alt_text":"","src":"https:\/\/i0.wp.com\/www.grieta.org.mx\/wp-content\/uploads\/2018\/03\/14524434_1106112876131411_958039263622046936_o.jpg?resize=350%2C200&ssl=1","width":350,"height":200,"srcset":"https:\/\/i0.wp.com\/www.grieta.org.mx\/wp-content\/uploads\/2018\/03\/14524434_1106112876131411_958039263622046936_o.jpg?resize=350%2C200&ssl=1 1x, https:\/\/i0.wp.com\/www.grieta.org.mx\/wp-content\/uploads\/2018\/03\/14524434_1106112876131411_958039263622046936_o.jpg?resize=525%2C300&ssl=1 1.5x, https:\/\/i0.wp.com\/www.grieta.org.mx\/wp-content\/uploads\/2018\/03\/14524434_1106112876131411_958039263622046936_o.jpg?resize=700%2C400&ssl=1 2x"},"classes":[]},{"id":45096,"url":"https:\/\/www.grieta.org.mx\/index.php\/2020\/02\/08\/integran-frente-regional-en-defensa-de-la-mixteca-contra-lo-proyectos-mineros-oaxaca-y-puebla\/","url_meta":{"origin":43369,"position":1},"title":"Integran Frente Regional en Defensa de la Mixteca contra lo proyectos mineros (Oaxaca y Puebla)","author":"Admin","date":"8 febrero, 2020","format":false,"excerpt":"HUAJUAPAN DE LE\u00d3N, Oaxaca.- Autoridades, habitantes y organizaciones sociales conformaron el Frente Regional en Defensa del Territorio de los Recursos Naturales Puebla-Oaxaca, con la finalidad de exigirle al gobierno que elimine las concesiones a mineras extranjeras para la explotaci\u00f3n de la tierra en la Mixteca de Oaxaca y el estado\u2026","rel":"","context":"En &quot;CINTILLO&quot;","block_context":{"text":"CINTILLO","link":"https:\/\/www.grieta.org.mx\/index.php\/category\/cintillo\/"},"img":{"alt_text":"","src":"https:\/\/i0.wp.com\/www.grieta.org.mx\/wp-content\/uploads\/2020\/02\/p.-2-3.jpg?resize=350%2C200&ssl=1","width":350,"height":200,"srcset":"https:\/\/i0.wp.com\/www.grieta.org.mx\/wp-content\/uploads\/2020\/02\/p.-2-3.jpg?resize=350%2C200&ssl=1 1x, https:\/\/i0.wp.com\/www.grieta.org.mx\/wp-content\/uploads\/2020\/02\/p.-2-3.jpg?resize=525%2C300&ssl=1 1.5x, https:\/\/i0.wp.com\/www.grieta.org.mx\/wp-content\/uploads\/2020\/02\/p.-2-3.jpg?resize=700%2C400&ssl=1 2x"},"classes":[]},{"id":53793,"url":"https:\/\/www.grieta.org.mx\/index.php\/2020\/06\/26\/concesiones-mineras-entregadas-en-oaxaca-durante-gobierno-de-amlo\/","url_meta":{"origin":43369,"position":2},"title":"Concesiones mineras entregadas en Oaxaca durante gobierno de AMLO","author":"grieta","date":"26 junio, 2020","format":false,"excerpt":"Regeneraci\u00f3n Radio \/ Daniel Arellano. Al menos seis concesiones mineras han sido otorgadas en la actual administraci\u00f3n del Gobierno Federal, a favor de una empresa de Estados Unidos, con una superficie acumulada de 29 mil 142 hect\u00e1reas en el estado de Oaxaca. Los seis t\u00edtulos de concesi\u00f3n minera est\u00e1n fechados\u2026","rel":"","context":"En &quot;CINTILLO&quot;","block_context":{"text":"CINTILLO","link":"https:\/\/www.grieta.org.mx\/index.php\/category\/cintillo\/"},"img":{"alt_text":"","src":"https:\/\/i0.wp.com\/www.grieta.org.mx\/wp-content\/uploads\/2018\/03\/14524434_1106112876131411_958039263622046936_o.jpg?resize=350%2C200&ssl=1","width":350,"height":200,"srcset":"https:\/\/i0.wp.com\/www.grieta.org.mx\/wp-content\/uploads\/2018\/03\/14524434_1106112876131411_958039263622046936_o.jpg?resize=350%2C200&ssl=1 1x, https:\/\/i0.wp.com\/www.grieta.org.mx\/wp-content\/uploads\/2018\/03\/14524434_1106112876131411_958039263622046936_o.jpg?resize=525%2C300&ssl=1 1.5x, https:\/\/i0.wp.com\/www.grieta.org.mx\/wp-content\/uploads\/2018\/03\/14524434_1106112876131411_958039263622046936_o.jpg?resize=700%2C400&ssl=1 2x"},"classes":[]},{"id":61245,"url":"https:\/\/www.grieta.org.mx\/index.php\/2021\/08\/16\/buscan-activar-nueva-mina-en-valles-centrales-de-oaxaca-con-concesion-de-1994\/","url_meta":{"origin":43369,"position":3},"title":"Buscan activar nueva mina en Valles Centrales de Oaxaca con concesi\u00f3n de 1994","author":"grieta","date":"16 agosto, 2021","format":false,"excerpt":"Contral\u00ednea \/ Z\u00f3zimo Camacho. Grupo Albatro HF, SA de CV, ha iniciado los tr\u00e1mites correspondientes para iniciar la operaci\u00f3n de una nueva mina en los Valles Centrales de Oaxaca. Lo anterior, a pesar de la serie de conflictos sociales y ambientales que ya padece la regi\u00f3n a causa de proyectos\u2026","rel":"","context":"En &quot;CINTILLO&quot;","block_context":{"text":"CINTILLO","link":"https:\/\/www.grieta.org.mx\/index.php\/category\/cintillo\/"},"img":{"alt_text":"","src":"https:\/\/i0.wp.com\/www.grieta.org.mx\/wp-content\/uploads\/2021\/08\/Z.jpg?resize=350%2C200&ssl=1","width":350,"height":200,"srcset":"https:\/\/i0.wp.com\/www.grieta.org.mx\/wp-content\/uploads\/2021\/08\/Z.jpg?resize=350%2C200&ssl=1 1x, https:\/\/i0.wp.com\/www.grieta.org.mx\/wp-content\/uploads\/2021\/08\/Z.jpg?resize=525%2C300&ssl=1 1.5x"},"classes":[]},{"id":54729,"url":"https:\/\/www.grieta.org.mx\/index.php\/2020\/11\/04\/ante-traiciones-del-gobierno-zoques-impiden-avance-de-empresa-canadiense-en-los-chimalapas-oaxaca\/","url_meta":{"origin":43369,"position":4},"title":"Ante traiciones del gobierno, zoques impiden avance de empresa canadiense en los Chimalapas (Oaxaca)","author":"grieta","date":"4 noviembre, 2020","format":false,"excerpt":"P\u00e1gina 3 \/ Pedro Mat\u00edas. OAXACA, Oax.- Ind\u00edgenas zoques de San Miguel Chimalapas recuperaron sus tierras comunales para impedir que Minaurum Gold Inc contin\u00fae con el megaproyecto \u201cSanta Marta\u201d. La minera canadiense atenta contra la cuenca de los r\u00edos Ostuta y Esp\u00edritu Santo, y de las lagunas superior e inferior\u2026","rel":"","context":"En &quot;CINTILLO&quot;","block_context":{"text":"CINTILLO","link":"https:\/\/www.grieta.org.mx\/index.php\/category\/cintillo\/"},"img":{"alt_text":"","src":"https:\/\/i0.wp.com\/www.grieta.org.mx\/wp-content\/uploads\/2020\/11\/A.jpg?resize=350%2C200&ssl=1","width":350,"height":200,"srcset":"https:\/\/i0.wp.com\/www.grieta.org.mx\/wp-content\/uploads\/2020\/11\/A.jpg?resize=350%2C200&ssl=1 1x, https:\/\/i0.wp.com\/www.grieta.org.mx\/wp-content\/uploads\/2020\/11\/A.jpg?resize=525%2C300&ssl=1 1.5x, https:\/\/i0.wp.com\/www.grieta.org.mx\/wp-content\/uploads\/2020\/11\/A.jpg?resize=700%2C400&ssl=1 2x"},"classes":[]},{"id":46270,"url":"https:\/\/www.grieta.org.mx\/index.php\/2020\/03\/12\/juez-concede-amparo-a-pueblos-chontales-de-oaxaca-contra-concesion-a-empresa-minera\/","url_meta":{"origin":43369,"position":5},"title":"Juez concede amparo a pueblos chontales de Oaxaca contra concesi\u00f3n a empresa minera","author":"grieta","date":"12 marzo, 2020","format":false,"excerpt":"Proceso \/ Pedro Mat\u00edas. OAXACA, Oax. (apro).- El Juzgado Cuarto de Distrito concedi\u00f3 un amparo a los pueblos chontales de Santa Mar\u00eda Zapotitl\u00e1n, Santa Mar\u00eda Ecatepec y Yautepec, y orden\u00f3 dejar sin efecto el t\u00edtulo de concesi\u00f3n 238447 que se otorg\u00f3 a la empresa minera Zalamera, con el argumento de\u2026","rel":"","context":"En &quot;CINTILLO&quot;","block_context":{"text":"CINTILLO","link":"https:\/\/www.grieta.org.mx\/index.php\/category\/cintillo\/"},"img":{"alt_text":"","src":"https:\/\/i0.wp.com\/www.grieta.org.mx\/wp-content\/uploads\/2020\/03\/Estados1.jpg?resize=350%2C200&ssl=1","width":350,"height":200,"srcset":"https:\/\/i0.wp.com\/www.grieta.org.mx\/wp-content\/uploads\/2020\/03\/Estados1.jpg?resize=350%2C200&ssl=1 1x, https:\/\/i0.wp.com\/www.grieta.org.mx\/wp-content\/uploads\/2020\/03\/Estados1.jpg?resize=525%2C300&ssl=1 1.5x, https:\/\/i0.wp.com\/www.grieta.org.mx\/wp-content\/uploads\/2020\/03\/Estados1.jpg?resize=700%2C400&ssl=1 2x"},"classes":[]}],"_links":{"self":[{"href":"https:\/\/www.grieta.org.mx\/index.php\/wp-json\/wp\/v2\/posts\/43369","targetHints":{"allow":["GET"]}}],"collection":[{"href":"https:\/\/www.grieta.org.mx\/index.php\/wp-json\/wp\/v2\/posts"}],"about":[{"href":"https:\/\/www.grieta.org.mx\/index.php\/wp-json\/wp\/v2\/types\/post"}],"author":[{"embeddable":true,"href":"https:\/\/www.grieta.org.mx\/index.php\/wp-json\/wp\/v2\/users\/2"}],"replies":[{"embeddable":true,"href":"https:\/\/www.grieta.org.mx\/index.php\/wp-json\/wp\/v2\/comments?post=43369"}],"version-history":[{"count":1,"href":"https:\/\/www.grieta.org.mx\/index.php\/wp-json\/wp\/v2\/posts\/43369\/revisions"}],"predecessor-version":[{"id":43472,"href":"https:\/\/www.grieta.org.mx\/index.php\/wp-json\/wp\/v2\/posts\/43369\/revisions\/43472"}],"wp:featuredmedia":[{"embeddable":true,"href":"https:\/\/www.grieta.org.mx\/index.php\/wp-json\/wp\/v2\/media\/43373"}],"wp:attachment":[{"href":"https:\/\/www.grieta.org.mx\/index.php\/wp-json\/wp\/v2\/media?parent=43369"}],"wp:term":[{"taxonomy":"category","embeddable":true,"href":"https:\/\/www.grieta.org.mx\/index.php\/wp-json\/wp\/v2\/categories?post=43369"},{"taxonomy":"post_tag","embeddable":true,"href":"https:\/\/www.grieta.org.mx\/index.php\/wp-json\/wp\/v2\/tags?post=43369"}],"curies":[{"name":"wp","href":"https:\/\/api.w.org\/{rel}","templated":true}]}}