{"id":43363,"date":"2020-01-22T23:31:53","date_gmt":"2020-01-23T05:31:53","guid":{"rendered":"http:\/\/www.grieta.org.mx\/?p=43363"},"modified":"2020-01-22T23:31:53","modified_gmt":"2020-01-23T05:31:53","slug":"denuncian-atentado-contra-hija-de-activista-irinea-buendia-ciudad-de-mexico","status":"publish","type":"post","link":"https:\/\/www.grieta.org.mx\/index.php\/2020\/01\/22\/denuncian-atentado-contra-hija-de-activista-irinea-buendia-ciudad-de-mexico\/","title":{"rendered":"DENUNCIAN ATENTADO CONTRA HIJA DE ACTIVISTA IRINEA BUEND\u00cdA (Ciudad de M\u00e9xico)"},"content":{"rendered":"<p><img loading=\"lazy\" decoding=\"async\" data-attachment-id=\"43364\" data-permalink=\"https:\/\/www.grieta.org.mx\/index.php\/2020\/01\/22\/denuncian-atentado-contra-hija-de-activista-irinea-buendia-ciudad-de-mexico\/denuncian-atentado-contra-hija-de-activista-irinea-buendia-cdmx-ene\/\" data-orig-file=\"https:\/\/www.grieta.org.mx\/wp-content\/uploads\/2020\/01\/DENUNCIAN-ATENTADO-CONTRA-HIJA-DE-ACTIVISTA-IRINEA-BUEND\u00cdA-cdmx-ene.jpg\" data-orig-size=\"930,522\" data-comments-opened=\"0\" data-image-meta=\"{&quot;aperture&quot;:&quot;0&quot;,&quot;credit&quot;:&quot;&quot;,&quot;camera&quot;:&quot;&quot;,&quot;caption&quot;:&quot;&quot;,&quot;created_timestamp&quot;:&quot;0&quot;,&quot;copyright&quot;:&quot;&quot;,&quot;focal_length&quot;:&quot;0&quot;,&quot;iso&quot;:&quot;0&quot;,&quot;shutter_speed&quot;:&quot;0&quot;,&quot;title&quot;:&quot;&quot;,&quot;orientation&quot;:&quot;0&quot;}\" data-image-title=\"DENUNCIAN ATENTADO CONTRA HIJA DE ACTIVISTA IRINEA BUEND\u00cdA cdmx ene\" data-image-description=\"\" data-image-caption=\"\" data-medium-file=\"https:\/\/www.grieta.org.mx\/wp-content\/uploads\/2020\/01\/DENUNCIAN-ATENTADO-CONTRA-HIJA-DE-ACTIVISTA-IRINEA-BUEND\u00cdA-cdmx-ene-300x168.jpg\" data-large-file=\"https:\/\/www.grieta.org.mx\/wp-content\/uploads\/2020\/01\/DENUNCIAN-ATENTADO-CONTRA-HIJA-DE-ACTIVISTA-IRINEA-BUEND\u00cdA-cdmx-ene.jpg\" class=\"aligncenter  wp-image-43364\" src=\"http:\/\/www.grieta.org.mx\/wp-content\/uploads\/2020\/01\/DENUNCIAN-ATENTADO-CONTRA-HIJA-DE-ACTIVISTA-IRINEA-BUEND\u00cdA-cdmx-ene.jpg\" alt=\"\" width=\"650\" height=\"365\" srcset=\"https:\/\/www.grieta.org.mx\/wp-content\/uploads\/2020\/01\/DENUNCIAN-ATENTADO-CONTRA-HIJA-DE-ACTIVISTA-IRINEA-BUEND\u00cdA-cdmx-ene.jpg 930w, https:\/\/www.grieta.org.mx\/wp-content\/uploads\/2020\/01\/DENUNCIAN-ATENTADO-CONTRA-HIJA-DE-ACTIVISTA-IRINEA-BUEND\u00cdA-cdmx-ene-300x168.jpg 300w, https:\/\/www.grieta.org.mx\/wp-content\/uploads\/2020\/01\/DENUNCIAN-ATENTADO-CONTRA-HIJA-DE-ACTIVISTA-IRINEA-BUEND\u00cdA-cdmx-ene-768x431.jpg 768w, https:\/\/www.grieta.org.mx\/wp-content\/uploads\/2020\/01\/DENUNCIAN-ATENTADO-CONTRA-HIJA-DE-ACTIVISTA-IRINEA-BUEND\u00cdA-cdmx-ene-891x500.jpg 891w\" sizes=\"auto, (max-width: 650px) 100vw, 650px\" \/><br \/>\nReporte \u00cdndigo<\/p>\n<blockquote><p>Anteriormente, la familia Lima Buend\u00eda ha denunciado que ha sido objeto de diversas agresiones, incidentes de riesgo y amenazas de muerte<\/p><\/blockquote>\n<p>El Observatorio Ciudadano Nacional del Feminicidio (OCNF) denunci\u00f3 un intento de homicidio contra Guadalupe Michel Lima Buend\u00eda, hija de la defensora Irinea Buend\u00eda Cort\u00e9s, el cual ocurri\u00f3 el pasado 20 de enero.<\/p>\n<p>Los hechos ocurrieron a meses de que se logre dictar sentencia contra Julio C\u00e9sar \u2018NN\u2019, feminicida de Mariana Buend\u00eda, hermana de la v\u00edctima y una de las principales testigos en el caso.<\/p>\n<p>El pasado lunes 20 de enero de 2020, alrededor de las 21:15 hrs. Guadalupe Michel fue v\u00edctima de tentativa de homicidio, luego de que una persona detonara un arma de fuego en al menos seis ocasiones, contra el autom\u00f3vil en que se transportaba y del cual acababa de descender. Dos de dichos disparos impactaron directamente en el auto, lo que evidencia que el ataque era directo.<\/p>\n<p>Seg\u00fan el testimonio de Guadalupe Michel, se percat\u00f3 cuando el motor de una motocicleta suspendi\u00f3 la marcha y posteriormente escuch\u00f3 al menos seis disparos, dos de los cuales impactaron directamente en su autom\u00f3vil.<\/p>\n<p>De acuerdo con un comunicado de OCNF, los hechos ocurrieron en la avenida Congreso de Chilpancingo, en la colonia Unidad Habitacional Ermita Iztapalapa de la Alcald\u00eda Iztapalapa, Ciudad de M\u00e9xico.<\/p>\n<p>Cabe mencionar que ese mismo 20 de enero fue realizada una de las audiencias relacionadas con el feminicidio de su hermana Mariana, quien fue asesinada el 28 de junio de 2010 a la edad de 29 a\u00f1os, a manos de Julio C\u00e9sar \u2018NN\u2019, en ese entonces comandante de la Polic\u00eda Judicial del municipio de Chimalhuac\u00e1n, Estado de M\u00e9xico.<\/p>\n<p>A casi 10 a\u00f1os de los hechos, apenas se lograr\u00e1 la sentencia condenatoria contra el feminicida de la joven mexiquense.<\/p>\n<p>Durante este tiempo, la familia Lima Buend\u00eda ha sido objeto de diversas agresiones, incidentes de riesgo y amenazas de muerte, sin que hasta ahora hayan recibido una respuesta de las autoridades pese a que se han denunciado estos hechos.<\/p>\n<p>\u201cComo defensoras de derechos humanos y organizaciones de la sociedad civil hacemos responsables a las autoridades estatales y federales de cualquier tipo de agresi\u00f3n contra integrantes de la familia Lima Buend\u00eda\u201d, se\u00f1al\u00f3 la organizaci\u00f3n.<\/p>\n<p>CASO DE MARIANA LIMA BUEND\u00cdA<\/p>\n<p>El 29 de junio de 2010, el cuerpo sin vida de Mariana Lima Buend\u00eda, pasante en derecho y ama de casa de 29 a\u00f1os de edad, fue encontrado en la casa donde viv\u00eda con su esposo, un polic\u00eda ministerial, en Chimalhuac\u00e1n, Estado de M\u00e9xico.<\/p>\n<p>El 9 de septiembre de 2011, el Ministerio P\u00fablico concluy\u00f3 que Mariana Lima Buend\u00eda se hab\u00eda suicidado y decidi\u00f3 no ejercer la acci\u00f3n penal contra su esposo pese a que Mariana habr\u00eda manifestado que su esposo la amenazaba con matarla a golpes con un bat y con meterla a la cisterna como habr\u00eda hecho con otras mujeres.<\/p>\n<p>Tras un peregrinar y una lucha constante la familia Lima Buend\u00eda ha logrado sentar precedentes a nivel nacional, como la sentencia 554\/2013 de la Suprema Corte de Justicia de la Naci\u00f3n (SCJN) en el que se establece que \u201ctodas las muertes violentas de mujeres deben ser investigadas como feminicidio, con perspectiva de g\u00e9nero y con base en los est\u00e1ndares internacionales m\u00e1s altos\u201d.<\/p>\n<p>Aunado a ello, el m\u00e1ximo tribunal de justicia en M\u00e9xico, orden\u00f3 que el caso de Mariana -que hab\u00eda sido cerrado calificando la muerte de Mariana Lima como suicidio- se reabriera para que fuera investigado como feminicidio.<\/p>\n<p>La nueva investigaci\u00f3n encontr\u00f3 al entonces esposo de Mariana, como responsable del feminicidio, por lo que fue aprehendido el 23 de junio de 2016, fecha desde la que se encuentra en prisi\u00f3n por dicho delito y en espera de la sentencia condenatoria.<\/p>\n<p><a href=\"https:\/\/www.reporteindigo.com\/reporte\/denuncian-atentado-contra-hija-de-activista-irinea-buendia\/\" target=\"_blank\" rel=\"noopener noreferrer\">https:\/\/www.reporteindigo.com\/reporte\/denuncian-atentado-contra-hija-de-activista-irinea-buendia\/<\/a><\/p>\n","protected":false},"excerpt":{"rendered":"<p>Reporte \u00cdndigo Anteriormente, la familia Lima Buend\u00eda ha denunciado que ha sido objeto de diversas agresiones, incidentes de riesgo y amenazas de muerte El Observatorio Ciudadano Nacional del Feminicidio (OCNF) &hellip; <a href=\"https:\/\/www.grieta.org.mx\/index.php\/2020\/01\/22\/denuncian-atentado-contra-hija-de-activista-irinea-buendia-ciudad-de-mexico\/\" class=\"more-link\">Leer m\u00e1s<\/a><\/p>\n","protected":false},"author":2,"featured_media":43364,"comment_status":"closed","ping_status":"closed","sticky":false,"template":"","format":"standard","meta":{"ngg_post_thumbnail":0,"_jetpack_newsletter_access":"","_jetpack_dont_email_post_to_subs":false,"_jetpack_newsletter_tier_id":0,"_jetpack_memberships_contains_paywalled_content":false,"_jetpack_memberships_contains_paid_content":false,"footnotes":""},"categories":[80,14,16,84,1013,1141,2765,2,83,2720,2388,2398],"tags":[753,2286],"class_list":["post-43363","post","type-post","status-publish","format-standard","has-post-thumbnail","hentry","category-cintillo","category-ciudad-de-mexico","category-estado-de-mexico","category-feminicidios","category-feminicios-en-el-estado-de-mexico","category-feminicidios-en-la-ciudad-de-mexico","category-incremento-de-la-violencia-en-el-estado-de-mexico","category-noticias-nacionales","category-temas-nacionales","category-violencia-contra-las-mujeres-en-el-estado-de-mexico","category-violencia-contra-las-mujeres-en-la-ciudad-de-mexico","category-violencia-contra-luchadores-sociales-en-el-estado-de-mexico","tag-feminicidio","tag-violencia-contra-la-mujer","entry"],"jetpack_featured_media_url":"https:\/\/www.grieta.org.mx\/wp-content\/uploads\/2020\/01\/DENUNCIAN-ATENTADO-CONTRA-HIJA-DE-ACTIVISTA-IRINEA-BUEND\u00cdA-cdmx-ene.jpg","jetpack_sharing_enabled":true,"jetpack_shortlink":"https:\/\/wp.me\/p7ZJR4-bhp","jetpack_likes_enabled":false,"jetpack-related-posts":[{"id":31155,"url":"https:\/\/www.grieta.org.mx\/index.php\/2019\/03\/08\/la-muerte-nos-ronda-y-ofende-estado-de-mexico\/","url_meta":{"origin":43363,"position":0},"title":"La muerte nos ronda y ofende (Estado de M\u00e9xico)","author":"grieta","date":"8 marzo, 2019","format":false,"excerpt":"Arturo Vega\/El Heraldo de M\u00e9xico Irinea Buend\u00eda pelea contra la impunidad feminicida; Chimalhuac\u00e1n tira a sus v\u00edctimas a la basura A Mariana Lima Buend\u00eda la asesin\u00f3 su esposo, quien quiso ocultar el crimen con la coartada de un suicidio, pero su madre, Irinea Buend\u00eda Cortez, inici\u00f3, ella sola, una lucha\u2026","rel":"","context":"En &quot;CINTILLO&quot;","block_context":{"text":"CINTILLO","link":"https:\/\/www.grieta.org.mx\/index.php\/category\/cintillo\/"},"img":{"alt_text":"","src":"http:\/\/www.grieta.org.mx\/wp-content\/uploads\/2019\/03\/Pais-Pag-10-Irinea-Buendi?a-1-Leslie-Pe?rez_896958262_View-640x400.jpg","width":350,"height":200},"classes":[]},{"id":57981,"url":"https:\/\/www.grieta.org.mx\/index.php\/2021\/03\/25\/feministas-marchan-en-memoria-de-mariana-estado-de-mexico\/","url_meta":{"origin":43363,"position":1},"title":"Feministas marchan en memoria de Mariana (Estado de M\u00e9xico)","author":"grieta","date":"25 marzo, 2021","format":false,"excerpt":"Foto: cortes\u00eda \/ Ricardo P\u00e9rez Orlando Salinas \/ El Sol de Toluca Integrantes de varias colectivas marcharon por calles del municipio de Nezahualc\u00f3yotl en memoria de Mariana Lima Buend\u00eda, quien cumplir\u00eda 40 a\u00f1os de edad, sin embargo, fue hallada sin vida en el a\u00f1o 2010. La tarde de este jueves\u2026","rel":"","context":"En &quot;Asesinatos de activistas en el Estado de M\u00e9xico&quot;","block_context":{"text":"Asesinatos de activistas en el Estado de M\u00e9xico","link":"https:\/\/www.grieta.org.mx\/index.php\/category\/noticias-nacionales\/estado-de-mexico\/asesinatos-de-activistas-en-el-estado-de-mexico\/"},"img":{"alt_text":"","src":"https:\/\/i0.wp.com\/www.grieta.org.mx\/wp-content\/uploads\/2021\/03\/Feministas-marchan-en-memoria-de-Mariana-edomex-mzo.jpg?resize=350%2C200&ssl=1","width":350,"height":200,"srcset":"https:\/\/i0.wp.com\/www.grieta.org.mx\/wp-content\/uploads\/2021\/03\/Feministas-marchan-en-memoria-de-Mariana-edomex-mzo.jpg?resize=350%2C200&ssl=1 1x, https:\/\/i0.wp.com\/www.grieta.org.mx\/wp-content\/uploads\/2021\/03\/Feministas-marchan-en-memoria-de-Mariana-edomex-mzo.jpg?resize=525%2C300&ssl=1 1.5x, https:\/\/i0.wp.com\/www.grieta.org.mx\/wp-content\/uploads\/2021\/03\/Feministas-marchan-en-memoria-de-Mariana-edomex-mzo.jpg?resize=700%2C400&ssl=1 2x"},"classes":[]},{"id":1646,"url":"https:\/\/www.grieta.org.mx\/index.php\/2015\/08\/06\/edomex-no-tiene-prisa-en-investigar-feminicidio-como-le-ordeno-la-scjn-madre-de-victima\/","url_meta":{"origin":43363,"position":2},"title":"Edomex no tiene prisa en investigar feminicidio, como le orden\u00f3 la SCJN: madre de v\u00edctima","author":"grieta","date":"6 agosto, 2015","format":false,"excerpt":"Sergio Rinc\u00f3n Ciudad de M\u00e9xico, 6 de agosto (SinEmbargo).\u2013 A poco m\u00e1s de cuatro meses que la Suprema Corte de Justicia de la Naci\u00f3n (SCJN) pidiera al Estado de M\u00e9xico investigar el feminicidio de Mariana Lima Buend\u00eda, abogada asesinada en Chimalhuac\u00e1n en 2010, las autoridades mexiquenses han sido lentas en\u2026","rel":"","context":"En &quot;CINTILLO&quot;","block_context":{"text":"CINTILLO","link":"https:\/\/www.grieta.org.mx\/index.php\/category\/cintillo\/"},"img":{"alt_text":"","src":"https:\/\/i0.wp.com\/www.grieta.org.mx\/wp-content\/uploads\/2018\/03\/14524434_1106112876131411_958039263622046936_o.jpg?resize=350%2C200&ssl=1","width":350,"height":200,"srcset":"https:\/\/i0.wp.com\/www.grieta.org.mx\/wp-content\/uploads\/2018\/03\/14524434_1106112876131411_958039263622046936_o.jpg?resize=350%2C200&ssl=1 1x, https:\/\/i0.wp.com\/www.grieta.org.mx\/wp-content\/uploads\/2018\/03\/14524434_1106112876131411_958039263622046936_o.jpg?resize=525%2C300&ssl=1 1.5x, https:\/\/i0.wp.com\/www.grieta.org.mx\/wp-content\/uploads\/2018\/03\/14524434_1106112876131411_958039263622046936_o.jpg?resize=700%2C400&ssl=1 2x"},"classes":[]},{"id":41607,"url":"https:\/\/www.grieta.org.mx\/index.php\/2019\/11\/24\/marchan-mujeres-en-neza-contra-el-feminicidio-el-delito-ha-crecido-casi-al-doble-en-el-segundo-semestre-estado-de-mexico\/","url_meta":{"origin":43363,"position":3},"title":"Marchan mujeres en Neza contra el feminicidio; el delito ha crecido casi al doble en el segundo semestre (Estado de M\u00e9xico)","author":"grieta","date":"24 noviembre, 2019","format":false,"excerpt":"Foto Archivo. Agencia MVT Plana Mayor Nezahualc\u00f3yotl, Edomex. 24 de noviembre del 2019.- Decenas de mujeres se movilizaron este domingo en calles de este municipio para exigir, por en\u00e9sima ocasi\u00f3n a las autoridades estatales y municipales acciones efectivas para contener y detener el creciente fen\u00f3meno del feminicidio, que este a\u00f1o\u2026","rel":"","context":"En &quot;CINTILLO&quot;","block_context":{"text":"CINTILLO","link":"https:\/\/www.grieta.org.mx\/index.php\/category\/cintillo\/"},"img":{"alt_text":"","src":"https:\/\/i0.wp.com\/www.grieta.org.mx\/wp-content\/uploads\/2019\/11\/Marchan-mujeres-en-Neza-contra-el-feminicidio-edomex-nov.jpg?resize=350%2C200","width":350,"height":200},"classes":[]},{"id":1671,"url":"https:\/\/www.grieta.org.mx\/index.php\/2015\/06\/23\/asesinadas-en-el-estado-de-mexico-una-silenciosa-epidemia\/","url_meta":{"origin":43363,"position":4},"title":"Asesinadas en el Estado de M\u00e9xico: una silenciosa epidemia","author":"grieta","date":"23 junio, 2015","format":false,"excerpt":"Rafael Castillo A cuatro meses de la desaparici\u00f3n de su hija, Roberto Mora observaba como trabajadores en un canal de aguas negras en las afueras de la Ciudad de M\u00e9xico, extrajeron lo que parec\u00eda ser un cr\u00e1neo humano. Mora pas\u00f3 horas en el canal \u2014parado, con los brazos cruzados, sin\u2026","rel":"","context":"En &quot;CINTILLO&quot;","block_context":{"text":"CINTILLO","link":"https:\/\/www.grieta.org.mx\/index.php\/category\/cintillo\/"},"img":{"alt_text":"","src":"https:\/\/i0.wp.com\/www.grieta.org.mx\/wp-content\/uploads\/2018\/03\/14524434_1106112876131411_958039263622046936_o.jpg?resize=350%2C200&ssl=1","width":350,"height":200,"srcset":"https:\/\/i0.wp.com\/www.grieta.org.mx\/wp-content\/uploads\/2018\/03\/14524434_1106112876131411_958039263622046936_o.jpg?resize=350%2C200&ssl=1 1x, https:\/\/i0.wp.com\/www.grieta.org.mx\/wp-content\/uploads\/2018\/03\/14524434_1106112876131411_958039263622046936_o.jpg?resize=525%2C300&ssl=1 1.5x, https:\/\/i0.wp.com\/www.grieta.org.mx\/wp-content\/uploads\/2018\/03\/14524434_1106112876131411_958039263622046936_o.jpg?resize=700%2C400&ssl=1 2x"},"classes":[]},{"id":35979,"url":"https:\/\/www.grieta.org.mx\/index.php\/2019\/07\/01\/impune-el-primer-caso-catalogado-como-feminicidio-en-mexico-edomex\/","url_meta":{"origin":43363,"position":5},"title":"Impune, el primer caso catalogado como feminicidio en M\u00e9xico (Edomex)","author":"grieta","date":"1 julio, 2019","format":false,"excerpt":"FOTO: Diana Ram\u00f3n Rene Ram\u00f3n \/ La Jornada Maya La activista Irinea Buend\u00eda encabez\u00f3 en este municipio del oriente del estado de M\u00e9xico una marcha para conmemorar el noveno aniversario del feminicidio de su hija Mariana Lima Buend\u00eda, caso que sent\u00f3 jurisprudencia, pues a partir de \u00e9l la Suprema Corte\u2026","rel":"","context":"En &quot;CINTILLO&quot;","block_context":{"text":"CINTILLO","link":"https:\/\/www.grieta.org.mx\/index.php\/category\/cintillo\/"},"img":{"alt_text":"","src":"https:\/\/i0.wp.com\/www.grieta.org.mx\/wp-content\/uploads\/2019\/07\/028n1est-1.jpg?resize=350%2C200&ssl=1","width":350,"height":200},"classes":[]}],"_links":{"self":[{"href":"https:\/\/www.grieta.org.mx\/index.php\/wp-json\/wp\/v2\/posts\/43363","targetHints":{"allow":["GET"]}}],"collection":[{"href":"https:\/\/www.grieta.org.mx\/index.php\/wp-json\/wp\/v2\/posts"}],"about":[{"href":"https:\/\/www.grieta.org.mx\/index.php\/wp-json\/wp\/v2\/types\/post"}],"author":[{"embeddable":true,"href":"https:\/\/www.grieta.org.mx\/index.php\/wp-json\/wp\/v2\/users\/2"}],"replies":[{"embeddable":true,"href":"https:\/\/www.grieta.org.mx\/index.php\/wp-json\/wp\/v2\/comments?post=43363"}],"version-history":[{"count":1,"href":"https:\/\/www.grieta.org.mx\/index.php\/wp-json\/wp\/v2\/posts\/43363\/revisions"}],"predecessor-version":[{"id":43366,"href":"https:\/\/www.grieta.org.mx\/index.php\/wp-json\/wp\/v2\/posts\/43363\/revisions\/43366"}],"wp:featuredmedia":[{"embeddable":true,"href":"https:\/\/www.grieta.org.mx\/index.php\/wp-json\/wp\/v2\/media\/43364"}],"wp:attachment":[{"href":"https:\/\/www.grieta.org.mx\/index.php\/wp-json\/wp\/v2\/media?parent=43363"}],"wp:term":[{"taxonomy":"category","embeddable":true,"href":"https:\/\/www.grieta.org.mx\/index.php\/wp-json\/wp\/v2\/categories?post=43363"},{"taxonomy":"post_tag","embeddable":true,"href":"https:\/\/www.grieta.org.mx\/index.php\/wp-json\/wp\/v2\/tags?post=43363"}],"curies":[{"name":"wp","href":"https:\/\/api.w.org\/{rel}","templated":true}]}}