{"id":43357,"date":"2020-01-22T21:42:19","date_gmt":"2020-01-23T03:42:19","guid":{"rendered":"http:\/\/www.grieta.org.mx\/?p=43357"},"modified":"2020-01-22T22:35:24","modified_gmt":"2020-01-23T04:35:24","slug":"falta-personal-en-hospital-21-del-imss-en-san-pedro-coahuila","status":"publish","type":"post","link":"https:\/\/www.grieta.org.mx\/index.php\/2020\/01\/22\/falta-personal-en-hospital-21-del-imss-en-san-pedro-coahuila\/","title":{"rendered":"Falta personal en Hospital 21 del IMSS en San Pedro (Coahuila)"},"content":{"rendered":"<blockquote><p>Cuenta actualmente con una directora interina<\/p><\/blockquote>\n<p>Diana Gonz\u00e1lez \/ EL SIGLO DE TORRE\u00d3N<\/p>\n<p><img loading=\"lazy\" decoding=\"async\" data-attachment-id=\"43358\" data-permalink=\"https:\/\/www.grieta.org.mx\/index.php\/2020\/01\/22\/falta-personal-en-hospital-21-del-imss-en-san-pedro-coahuila\/espera-del-siglo\/\" data-orig-file=\"https:\/\/www.grieta.org.mx\/wp-content\/uploads\/2020\/01\/Espera-del-Siglo.jpeg\" data-orig-size=\"1024,768\" data-comments-opened=\"0\" data-image-meta=\"{&quot;aperture&quot;:&quot;0&quot;,&quot;credit&quot;:&quot;&quot;,&quot;camera&quot;:&quot;&quot;,&quot;caption&quot;:&quot;&quot;,&quot;created_timestamp&quot;:&quot;0&quot;,&quot;copyright&quot;:&quot;&quot;,&quot;focal_length&quot;:&quot;0&quot;,&quot;iso&quot;:&quot;0&quot;,&quot;shutter_speed&quot;:&quot;0&quot;,&quot;title&quot;:&quot;&quot;,&quot;orientation&quot;:&quot;0&quot;}\" data-image-title=\"Espera del Siglo\" data-image-description=\"\" data-image-caption=\"\" data-medium-file=\"https:\/\/www.grieta.org.mx\/wp-content\/uploads\/2020\/01\/Espera-del-Siglo-300x225.jpeg\" data-large-file=\"https:\/\/www.grieta.org.mx\/wp-content\/uploads\/2020\/01\/Espera-del-Siglo-1024x768.jpeg\" class=\"aligncenter size-full wp-image-43358\" src=\"http:\/\/www.grieta.org.mx\/wp-content\/uploads\/2020\/01\/Espera-del-Siglo.jpeg\" alt=\"\" width=\"1024\" height=\"768\" srcset=\"https:\/\/www.grieta.org.mx\/wp-content\/uploads\/2020\/01\/Espera-del-Siglo.jpeg 1024w, https:\/\/www.grieta.org.mx\/wp-content\/uploads\/2020\/01\/Espera-del-Siglo-300x225.jpeg 300w, https:\/\/www.grieta.org.mx\/wp-content\/uploads\/2020\/01\/Espera-del-Siglo-768x576.jpeg 768w, https:\/\/www.grieta.org.mx\/wp-content\/uploads\/2020\/01\/Espera-del-Siglo-667x500.jpeg 667w\" sizes=\"auto, (max-width: 1024px) 100vw, 1024px\" \/><\/p>\n<blockquote><p>El Hospital General de Sub Zona (HGSZ) 21, del IMSS, en San Pedro, cuenta actualmente con una directora interina, luego de que la anterior fuera removida tras la difusi\u00f3n de un video tomado por un derechohabiente, que evidenciaba que el hospital estaba completamente solo, principalmente la zona de urgencias durante la noche del pasado 8 de enero.<\/p><\/blockquote>\n<p>No obstante, el problema de fondo en este nosocomio no ha sido resuelto por parte del IMSS, pues este hospital tiene mas de 50 a\u00f1os pr\u00e1cticamente en las mismas condiciones, a\u00fan cuando la cantidad de derechohabientes ha aumentado considerablemente y adem\u00e1s no cuenta con el suficiente personal m\u00e9dico para atender la demanda actual.<\/p>\n<p>La directora interina que fue nombrada como responsable de este hospital mientras se define al director (a) definitivo, es la doctora Berenice Salazar Z\u00fa\u00f1iga.<\/p>\n<p>Como se recordar\u00e1, el Consejo Consultivo del Instituto Mexicano del Seguro Social (IMSS) Delegacion Coahuila, determin\u00f3 separar del cargo a la directora del Hospital General de Sub Zona (HGSZ) No. 21, de San Pedro de las Colonias, Susana Hern\u00e1ndez, tras la difusi\u00f3n del video donde se muestra que hab\u00eda al menos 15 personas, entre ellos adultos y ni\u00f1os, adultos mayores y una madre con un beb\u00e9 esperando ser atendidos en Urgencias, pero no apareci\u00f3 ni una enfermera, ni un m\u00e9dico, ni una trabajadora social, ni guardias ni personal administrativo o de limpieza. Lo anterior pese a que hay pacientes en cama, internados.<\/p>\n<p>El problema es que de noche en este hospital y para todas las \u00e1reas, tanto de urgencias como los que est\u00e1n en camas y para atender en quir\u00f3fano, \u00fanicamente se cuenta con un m\u00e9dico, mientras que en la ma\u00f1ana solo hay 6 que no se dan abasto para atender a tanta gente. Hay personal administrativo que tiene que hacer dobles funciones, porque el IMSS no abre mas plazas en este hospital, al cual adem\u00e1s le faltan insumos.<\/p>\n<p>El delegado estatal del IMSS en Coahuila, Juan Salgado Brito, visit\u00f3 el Hospital General de Sub Zona (HGSZ) N\u00ba 21 de San Pedro, recientemente y asegur\u00f3 que se revisar\u00eda la manera de trabajar en el lugar.<\/p>\n<p>Ayer El Siglo de Torre\u00f3n constat\u00f3 que es much\u00edsima gente la que acude y que es muy evidente que faltan trabajadores, situaci\u00f3n que tambi\u00e9n fue confirmado por el propio personal m\u00e9dico y de enfermer\u00eda, quienes hacen grandes esfuerzos. Otro problema regular es que no cuentan con ambulancia, porque la que hay est\u00e1 muy vieja y cada rato se descompone.<\/p>\n<p><a href=\"https:\/\/www.elsiglodetorreon.com.mx\/noticia\/1665309.falta-personal-en-hospital-21-del-imss-en-san-pedro.html\" target=\"_blank\" rel=\"noopener noreferrer\">https:\/\/www.elsiglodetorreon.com.mx\/noticia\/1665309.falta-personal-en-hospital-21-del-imss-en-san-pedro.html<\/a><\/p>\n","protected":false},"excerpt":{"rendered":"<p>Cuenta actualmente con una directora interina Diana Gonz\u00e1lez \/ EL SIGLO DE TORRE\u00d3N El Hospital General de Sub Zona (HGSZ) 21, del IMSS, en San Pedro, cuenta actualmente con una &hellip; <a href=\"https:\/\/www.grieta.org.mx\/index.php\/2020\/01\/22\/falta-personal-en-hospital-21-del-imss-en-san-pedro-coahuila\/\" class=\"more-link\">Leer m\u00e1s<\/a><\/p>\n","protected":false},"author":2,"featured_media":43358,"comment_status":"closed","ping_status":"closed","sticky":false,"template":"","format":"standard","meta":{"ngg_post_thumbnail":0,"_jetpack_newsletter_access":"","_jetpack_dont_email_post_to_subs":false,"_jetpack_newsletter_tier_id":0,"_jetpack_memberships_contains_paywalled_content":false,"_jetpack_memberships_contains_paid_content":false,"footnotes":""},"categories":[80,419,918,1739,2,83],"tags":[2578,2576],"class_list":["post-43357","post","type-post","status-publish","format-standard","has-post-thumbnail","hentry","category-cintillo","category-coahuila","category-privatizacion-del-sector-salud","category-crisis-en-el-sector-salud-en-coahuila","category-noticias-nacionales","category-temas-nacionales","tag-desmantelamiento-del-sector-salud","tag-reduccion-de-presupuesto-al-sector-salud","entry"],"jetpack_featured_media_url":"https:\/\/www.grieta.org.mx\/wp-content\/uploads\/2020\/01\/Espera-del-Siglo.jpeg","jetpack_sharing_enabled":true,"jetpack_shortlink":"https:\/\/wp.me\/p7ZJR4-bhj","jetpack_likes_enabled":false,"jetpack-related-posts":[{"id":47444,"url":"https:\/\/www.grieta.org.mx\/index.php\/2020\/04\/07\/piden-insumos-para-clinica-18-del-imss-en-torreon-coahuila\/","url_meta":{"origin":43357,"position":0},"title":"Piden insumos para Cl\u00ednica 18 del IMSS en Torre\u00f3n (Coahuila)","author":"grieta","date":"7 abril, 2020","format":false,"excerpt":"Beatriz Silva\/ EL SIGLO DE TORRE\u00d3N Al haberse ya asignado como hospital para COVID-19, personal de la cl\u00ednica 18 del Instituto Mexicano del Seguro Social (IMSS) se encuentra temeroso en el tema de los insumos. Aunque se\u00f1alan que s\u00ed hay material, les preocupa que no se den abasto, por lo\u2026","rel":"","context":"En &quot;Coahuila&quot;","block_context":{"text":"Coahuila","link":"https:\/\/www.grieta.org.mx\/index.php\/category\/noticias-nacionales\/coahuila\/"},"img":{"alt_text":"","src":"https:\/\/i0.wp.com\/www.grieta.org.mx\/wp-content\/uploads\/2020\/04\/1297319.jpeg?resize=350%2C200&ssl=1","width":350,"height":200,"srcset":"https:\/\/i0.wp.com\/www.grieta.org.mx\/wp-content\/uploads\/2020\/04\/1297319.jpeg?resize=350%2C200&ssl=1 1x, https:\/\/i0.wp.com\/www.grieta.org.mx\/wp-content\/uploads\/2020\/04\/1297319.jpeg?resize=525%2C300&ssl=1 1.5x, https:\/\/i0.wp.com\/www.grieta.org.mx\/wp-content\/uploads\/2020\/04\/1297319.jpeg?resize=700%2C400&ssl=1 2x"},"classes":[]},{"id":41046,"url":"https:\/\/www.grieta.org.mx\/index.php\/2019\/11\/06\/denuncian-falta-de-aplicacion-de-quimioterapias-en-el-imss-colima\/","url_meta":{"origin":43357,"position":1},"title":"Denuncian falta de aplicaci\u00f3n de quimioterapias en el IMSS Colima","author":"grieta","date":"6 noviembre, 2019","format":false,"excerpt":"Foto Colima Noticias Juan Carlos Flores \/ Colima Noticias Colima, Col.- Derechohabientes del Instituto Mexicano del Seguro Social (Imss) denunciaron que no est\u00e1n aplicando quimioterapias a pacientes del Hospital de Colima. A trav\u00e9s de una denuncia presentada a este medio, la usuaria Ofis Valle se\u00f1al\u00f3 que su madre no ha\u2026","rel":"","context":"En &quot;CINTILLO&quot;","block_context":{"text":"CINTILLO","link":"https:\/\/www.grieta.org.mx\/index.php\/category\/cintillo\/"},"img":{"alt_text":"","src":"https:\/\/i0.wp.com\/www.grieta.org.mx\/wp-content\/uploads\/2019\/11\/imss-seguro-social-archivo-696x522.jpeg?resize=350%2C200&ssl=1","width":350,"height":200,"srcset":"https:\/\/i0.wp.com\/www.grieta.org.mx\/wp-content\/uploads\/2019\/11\/imss-seguro-social-archivo-696x522.jpeg?resize=350%2C200&ssl=1 1x, https:\/\/i0.wp.com\/www.grieta.org.mx\/wp-content\/uploads\/2019\/11\/imss-seguro-social-archivo-696x522.jpeg?resize=525%2C300&ssl=1 1.5x"},"classes":[]},{"id":35033,"url":"https:\/\/www.grieta.org.mx\/index.php\/2019\/06\/18\/exigen-a-amlo-no-quitar-hemodialisis-del-imss-sinaloa\/","url_meta":{"origin":43357,"position":2},"title":"Exigen a AMLO no quitar hemodi\u00e1lisis del IMSS (Sinaloa)","author":"grieta","date":"18 junio, 2019","format":false,"excerpt":"Derechohabientes del IMSS se manifiestan en las afueras del instituto para exigir que el presidente de la Rep\u00fablica, Andr\u00e9s Manuel L\u00f3pez Obrador, no les quite el recurso al \u00e1rea de la salud Blanca Regalado \/ El Debate Mazatl\u00e1n, Sinaloa.- Concepci\u00f3n Becerra, llorando le exige al presidente la rep\u00fablica, Andr\u00e9s Manuel\u2026","rel":"","context":"En &quot;CINTILLO&quot;","block_context":{"text":"CINTILLO","link":"https:\/\/www.grieta.org.mx\/index.php\/category\/cintillo\/"},"img":{"alt_text":"","src":"https:\/\/i0.wp.com\/www.grieta.org.mx\/wp-content\/uploads\/2019\/06\/f1d24030-3ef8-49f3-877e-2e0ec974bfe0_crop1560876923444.jpg_1727466156.jpg?resize=350%2C200&ssl=1","width":350,"height":200,"srcset":"https:\/\/i0.wp.com\/www.grieta.org.mx\/wp-content\/uploads\/2019\/06\/f1d24030-3ef8-49f3-877e-2e0ec974bfe0_crop1560876923444.jpg_1727466156.jpg?resize=350%2C200&ssl=1 1x, https:\/\/i0.wp.com\/www.grieta.org.mx\/wp-content\/uploads\/2019\/06\/f1d24030-3ef8-49f3-877e-2e0ec974bfe0_crop1560876923444.jpg_1727466156.jpg?resize=525%2C300&ssl=1 1.5x, https:\/\/i0.wp.com\/www.grieta.org.mx\/wp-content\/uploads\/2019\/06\/f1d24030-3ef8-49f3-877e-2e0ec974bfe0_crop1560876923444.jpg_1727466156.jpg?resize=700%2C400&ssl=1 2x"},"classes":[]},{"id":56610,"url":"https:\/\/www.grieta.org.mx\/index.php\/2021\/01\/28\/seis-hospitales-de-jalisco-sin-camas-con-ventilador-jalisco\/","url_meta":{"origin":43357,"position":3},"title":"Seis hospitales de Jalisco sin camas con ventilador (Jalisco)","author":"grieta","date":"28 enero, 2021","format":false,"excerpt":"Foto: Jorge Alberto Mendoza Lauro Rodr\u00edguez \/ El Diario NTR De acuerdo con informaci\u00f3n de la Red IRAG (Infecciones\u00a0Respiratorias Agudas y Graves),\u00a0seis hospitales de Jalisco que atienden\u00a0a pacientes con\u00a0Covid-19 se quedaron ayer sin camas con ventilador. Los nosocomios que se quedaron sin lugar en estas camas son:\u00a0el Hospital General Regional\u2026","rel":"","context":"En &quot;CINTILLO&quot;","block_context":{"text":"CINTILLO","link":"https:\/\/www.grieta.org.mx\/index.php\/category\/cintillo\/"},"img":{"alt_text":"","src":"https:\/\/i0.wp.com\/www.grieta.org.mx\/wp-content\/uploads\/2021\/02\/2021-01-28_12-01-24___1872.jpg?resize=350%2C200&ssl=1","width":350,"height":200,"srcset":"https:\/\/i0.wp.com\/www.grieta.org.mx\/wp-content\/uploads\/2021\/02\/2021-01-28_12-01-24___1872.jpg?resize=350%2C200&ssl=1 1x, https:\/\/i0.wp.com\/www.grieta.org.mx\/wp-content\/uploads\/2021\/02\/2021-01-28_12-01-24___1872.jpg?resize=525%2C300&ssl=1 1.5x, https:\/\/i0.wp.com\/www.grieta.org.mx\/wp-content\/uploads\/2021\/02\/2021-01-28_12-01-24___1872.jpg?resize=700%2C400&ssl=1 2x"},"classes":[]},{"id":47479,"url":"https:\/\/www.grieta.org.mx\/index.php\/2020\/04\/08\/disfraza-imss-muertes-por-el-coronavirus-coahuila\/","url_meta":{"origin":43357,"position":4},"title":"Disfraza IMSS muertes por el coronavirus (Coahuila)","author":"grieta","date":"8 abril, 2020","format":false,"excerpt":"Wendy V\u00e1zquez\/ Z\u00d3CALO Periodista narra la odisea que pas\u00f3 su familia por el fallecimiento de su padre Monclova, Coah.- Los casos de fallecimiento por \u201cneumon\u00eda at\u00edpica\u201d siguen registr\u00e1ndose en Monclova sin que a la fecha se tenga un n\u00famero determinado de cu\u00e1ntos casos se han certificado por esta causa y\u2026","rel":"","context":"En &quot;CINTILLO&quot;","block_context":{"text":"CINTILLO","link":"https:\/\/www.grieta.org.mx\/index.php\/category\/cintillo\/"},"img":{"alt_text":"","src":"https:\/\/i0.wp.com\/www.grieta.org.mx\/wp-content\/uploads\/2020\/04\/imss-1586347127-621x354.jpg?resize=350%2C200&ssl=1","width":350,"height":200,"srcset":"https:\/\/i0.wp.com\/www.grieta.org.mx\/wp-content\/uploads\/2020\/04\/imss-1586347127-621x354.jpg?resize=350%2C200&ssl=1 1x, https:\/\/i0.wp.com\/www.grieta.org.mx\/wp-content\/uploads\/2020\/04\/imss-1586347127-621x354.jpg?resize=525%2C300&ssl=1 1.5x"},"classes":[]},{"id":47025,"url":"https:\/\/www.grieta.org.mx\/index.php\/2020\/03\/27\/coronavirus-nueva-protesta-del-imss-en-saltillo-por-falta-de-equipo-coahuila\/","url_meta":{"origin":43357,"position":5},"title":"Coronavirus: Nueva protesta del IMSS en Saltillo por falta de equipo (Coahuila)","author":"grieta","date":"27 marzo, 2020","format":false,"excerpt":"Christian Mart\u00ednez\/ VANGUARDIA MX En la explanada de dicho hospital se llev\u00f3 a cabo la reuni\u00f3n en donde hablaron con los medios y denunciaron que muchas de las mascarillas que usan tienen una duraci\u00f3n efectiva de dos horas En la cl\u00ednica n\u00famero 2 del Instituto Mexicano del Seguro Social se\u2026","rel":"","context":"En &quot;CINTILLO&quot;","block_context":{"text":"CINTILLO","link":"https:\/\/www.grieta.org.mx\/index.php\/category\/cintillo\/"},"img":{"alt_text":"","src":"https:\/\/i0.wp.com\/www.grieta.org.mx\/wp-content\/uploads\/2020\/03\/imss_59.jpg?resize=350%2C200&ssl=1","width":350,"height":200,"srcset":"https:\/\/i0.wp.com\/www.grieta.org.mx\/wp-content\/uploads\/2020\/03\/imss_59.jpg?resize=350%2C200&ssl=1 1x, https:\/\/i0.wp.com\/www.grieta.org.mx\/wp-content\/uploads\/2020\/03\/imss_59.jpg?resize=525%2C300&ssl=1 1.5x, https:\/\/i0.wp.com\/www.grieta.org.mx\/wp-content\/uploads\/2020\/03\/imss_59.jpg?resize=700%2C400&ssl=1 2x"},"classes":[]}],"_links":{"self":[{"href":"https:\/\/www.grieta.org.mx\/index.php\/wp-json\/wp\/v2\/posts\/43357","targetHints":{"allow":["GET"]}}],"collection":[{"href":"https:\/\/www.grieta.org.mx\/index.php\/wp-json\/wp\/v2\/posts"}],"about":[{"href":"https:\/\/www.grieta.org.mx\/index.php\/wp-json\/wp\/v2\/types\/post"}],"author":[{"embeddable":true,"href":"https:\/\/www.grieta.org.mx\/index.php\/wp-json\/wp\/v2\/users\/2"}],"replies":[{"embeddable":true,"href":"https:\/\/www.grieta.org.mx\/index.php\/wp-json\/wp\/v2\/comments?post=43357"}],"version-history":[{"count":1,"href":"https:\/\/www.grieta.org.mx\/index.php\/wp-json\/wp\/v2\/posts\/43357\/revisions"}],"predecessor-version":[{"id":43359,"href":"https:\/\/www.grieta.org.mx\/index.php\/wp-json\/wp\/v2\/posts\/43357\/revisions\/43359"}],"wp:featuredmedia":[{"embeddable":true,"href":"https:\/\/www.grieta.org.mx\/index.php\/wp-json\/wp\/v2\/media\/43358"}],"wp:attachment":[{"href":"https:\/\/www.grieta.org.mx\/index.php\/wp-json\/wp\/v2\/media?parent=43357"}],"wp:term":[{"taxonomy":"category","embeddable":true,"href":"https:\/\/www.grieta.org.mx\/index.php\/wp-json\/wp\/v2\/categories?post=43357"},{"taxonomy":"post_tag","embeddable":true,"href":"https:\/\/www.grieta.org.mx\/index.php\/wp-json\/wp\/v2\/tags?post=43357"}],"curies":[{"name":"wp","href":"https:\/\/api.w.org\/{rel}","templated":true}]}}