{"id":43268,"date":"2019-12-26T22:38:24","date_gmt":"2019-12-27T04:38:24","guid":{"rendered":"http:\/\/www.grieta.org.mx\/?p=43268"},"modified":"2020-01-21T22:45:44","modified_gmt":"2020-01-22T04:45:44","slug":"mil-trabajadores-del-sueum-presentaran-demandas-contra-rector-michoacan","status":"publish","type":"post","link":"https:\/\/www.grieta.org.mx\/index.php\/2019\/12\/26\/mil-trabajadores-del-sueum-presentaran-demandas-contra-rector-michoacan\/","title":{"rendered":"Mil trabajadores del SUEUM presentar\u00e1n demandas contra rector  (Michoac\u00e1n)"},"content":{"rendered":"<blockquote><p><strong>Las demandas ser\u00e1n debido a la falta de pago de aguinaldo<\/strong><\/p><\/blockquote>\n<figure id=\"attachment_43269\" aria-describedby=\"caption-attachment-43269\" style=\"width: 800px\" class=\"wp-caption aligncenter\"><img loading=\"lazy\" decoding=\"async\" data-attachment-id=\"43269\" data-permalink=\"https:\/\/www.grieta.org.mx\/index.php\/2019\/12\/26\/mil-trabajadores-del-sueum-presentaran-demandas-contra-rector-michoacan\/mimorelia_aguinaldo_pagos\/\" data-orig-file=\"https:\/\/www.grieta.org.mx\/wp-content\/uploads\/2020\/01\/mimorelia_aguinaldo_pagos.jpg\" data-orig-size=\"640,360\" data-comments-opened=\"0\" data-image-meta=\"{&quot;aperture&quot;:&quot;0&quot;,&quot;credit&quot;:&quot;&quot;,&quot;camera&quot;:&quot;&quot;,&quot;caption&quot;:&quot;&quot;,&quot;created_timestamp&quot;:&quot;0&quot;,&quot;copyright&quot;:&quot;&quot;,&quot;focal_length&quot;:&quot;0&quot;,&quot;iso&quot;:&quot;0&quot;,&quot;shutter_speed&quot;:&quot;0&quot;,&quot;title&quot;:&quot;&quot;,&quot;orientation&quot;:&quot;0&quot;}\" data-image-title=\"mimorelia_aguinaldo_pagos\" data-image-description=\"\" data-image-caption=\"&lt;p&gt;Tena Flores consider\u00f3 que la v\u00eda para resolver el problema no es mediante &amp;#8220;amenazas&amp;#8221; a trav\u00e9s del tesorero, sino con el di\u00e1logo (Foto: Sindicato \u00danico de Empleados de la Universidad Michoacana Pag.Oficial)&lt;\/p&gt;\n\" data-medium-file=\"https:\/\/www.grieta.org.mx\/wp-content\/uploads\/2020\/01\/mimorelia_aguinaldo_pagos-300x169.jpg\" data-large-file=\"https:\/\/www.grieta.org.mx\/wp-content\/uploads\/2020\/01\/mimorelia_aguinaldo_pagos.jpg\" class=\"wp-image-43269\" src=\"http:\/\/www.grieta.org.mx\/wp-content\/uploads\/2020\/01\/mimorelia_aguinaldo_pagos.jpg\" alt=\"\" width=\"800\" height=\"450\" srcset=\"https:\/\/www.grieta.org.mx\/wp-content\/uploads\/2020\/01\/mimorelia_aguinaldo_pagos.jpg 640w, https:\/\/www.grieta.org.mx\/wp-content\/uploads\/2020\/01\/mimorelia_aguinaldo_pagos-300x169.jpg 300w\" sizes=\"auto, (max-width: 800px) 100vw, 800px\" \/><figcaption id=\"caption-attachment-43269\" class=\"wp-caption-text\">Tena Flores consider\u00f3 que la v\u00eda para resolver el problema no es mediante &#8220;amenazas&#8221; a trav\u00e9s del tesorero, sino con el di\u00e1logo (Foto: Sindicato \u00danico de Empleados de la Universidad Michoacana Pag.Oficial)<\/figcaption><\/figure>\n<p>Por Guadalupe Mart\u00ednez \/ Mi Morelia,26 de diciembre de 2019<\/p>\n<p>Morelia, Michoac\u00e1n (MiMorelia.com).- Aproximadamente mil agremiados al Sindicato \u00danico de Empleados de la Universidad Michoacana (SUEUM) presentar\u00e1n demandas individuales ante la Direcci\u00f3n del Trabajo y Previsi\u00f3n Social (DTPS) en contra del rector de la Casa de Hidalgo, Ra\u00fal C\u00e1rdenas Navarro, por el incumplimiento del pago del aguinaldo y prima vacacional.<\/p>\n<p>As\u00ed lo inform\u00f3 este jueves el secretario general del gremio, Eduardo Tena Flores, quien dio cuenta de la elaboraci\u00f3n de las demandas por parte del equipo jur\u00eddico del Comit\u00e9 Ejecutivo del Sindicato para que en pr\u00f3ximos d\u00edas sean presentados ante la delegaci\u00f3n y se obligue a la autoridad de la m\u00e1xima casa de estudios a cubrir lo que por derecho les corresponde.<\/p>\n<p>Cabe recordar que el SUEUM cuenta con m\u00e1s de tres mil agremiados administrativos y de intendencia en la Universidad Michoacana de San Nicol\u00e1s de Hidalgo (UMSNH).<\/p>\n<p>La Ley Federal del Trabajo establece en el art\u00edculo 87 que los trabajadores tendr\u00e1n derecho a un aguinaldo anual que deber\u00e1 pagarse antes del d\u00eda veinte de diciembre, equivalente a quince d\u00edas de salario, por lo menos.<\/p>\n<p>Tena Flores record\u00f3 que hace unas semanas el gremio present\u00f3 dos demandas colectivas y dos individuales ante la DTPS y otras dos quejas colectivas en la Comisi\u00f3n Estatal de Derechos Humanos (CEDH), sin embargo, a la fecha el Comit\u00e9 no ha recibido respuesta alguna por parte de estas autoridades. Ni siquiera el organismo defensor ha emitido posicionamiento alguno sobre la situaci\u00f3n de los trabajadores de la Casa de Hidalgo.<\/p>\n<p>El secretario general evidenci\u00f3 que hasta la fecha no ha tenido comunicaci\u00f3n con C\u00e1rdenas Navarro pese a la falta de pagos de salarios y prestaciones de fin de a\u00f1o ni mucho menos, dijo, sobre la condici\u00f3n en la que se encuentran la mayor\u00eda de los trabajadores.<\/p>\n<p>\u00abAnuncia el tesorero que muy pronto estar\u00e1n disponibles los recursos para aquellos gremios que hayan entregado en bandeja de plata sus jubilaciones. Seguramente el rector no tendr\u00e1 tiempo disponible en este per\u00edodo vacacional para atender las obligaciones inherentes de su mandato, porque la sumisi\u00f3n ante el gobernador y el subsecretario de educaci\u00f3n superior no le han autorizado dar la cara al problema\u00bb, denunci\u00f3.<\/p>\n<p>En la perspectiva de Tena Flores el rector ha buscado \u00abenga\u00f1ar\u00bb y sorprender a todos mediante una serie de \u00abmentiras\u00bb al estilo del anterior responsable de la Universidad, Medardo Serna Gonz\u00e1lez, al presentar una modificaci\u00f3n ilegal del Sindicato de Profesores (SPUM), firmada por un Comit\u00e9 Ejecutivo \u00abtraidor y la supuesta aceptaci\u00f3n de un sindicato t\u00edtere, que carece de titularidad y por lo tanto de Contrato Colectivo de Trabajo\u00bb, remarc\u00f3.<\/p>\n<p><a href=\"https:\/\/www.mimorelia.com\/mil-trabajadores-del-sueum-presentaran-demandas-contra-rector\/\">https:\/\/www.mimorelia.com\/mil-trabajadores-del-sueum-presentaran-demandas-contra-rector\/<\/a><\/p>\n","protected":false},"excerpt":{"rendered":"<p>Las demandas ser\u00e1n debido a la falta de pago de aguinaldo Por Guadalupe Mart\u00ednez \/ Mi Morelia,26 de diciembre de 2019 Morelia, Michoac\u00e1n (MiMorelia.com).- Aproximadamente mil agremiados al Sindicato \u00danico &hellip; <a href=\"https:\/\/www.grieta.org.mx\/index.php\/2019\/12\/26\/mil-trabajadores-del-sueum-presentaran-demandas-contra-rector-michoacan\/\" class=\"more-link\">Leer m\u00e1s<\/a><\/p>\n","protected":false},"author":2,"featured_media":43269,"comment_status":"closed","ping_status":"closed","sticky":false,"template":"","format":"standard","meta":{"ngg_post_thumbnail":0,"_jetpack_newsletter_access":"","_jetpack_dont_email_post_to_subs":false,"_jetpack_newsletter_tier_id":0,"_jetpack_memberships_contains_paywalled_content":false,"_jetpack_memberships_contains_paid_content":false,"footnotes":""},"categories":[80,990,999,2210,21,2752,2934],"tags":[2250,2566,2841,2476,1550],"class_list":["post-43268","post","type-post","status-publish","format-standard","has-post-thumbnail","hentry","category-cintillo","category-conflictos-en-la-universidad-michoacana-de-san-nicolas-de-hidalgo","category-conflictos-laborales-en-michoacan","category-crisis-en-el-sistema-educativo-de-michoacan","category-michoacan","category-precariedad-laboral-en-michoacan","category-resistencias-en-michoacan","tag-conflictos-laborales-en-el-sector-publico","tag-crisis-en-el-sistema-educativo","tag-explotacion-y-precariedad-laboral","tag-huelgas-universitarias","tag-precariedad-presupuestal","entry"],"jetpack_featured_media_url":"https:\/\/www.grieta.org.mx\/wp-content\/uploads\/2020\/01\/mimorelia_aguinaldo_pagos.jpg","jetpack_sharing_enabled":true,"jetpack_shortlink":"https:\/\/wp.me\/p7ZJR4-bfS","jetpack_likes_enabled":false,"jetpack-related-posts":[{"id":47014,"url":"https:\/\/www.grieta.org.mx\/index.php\/2020\/03\/26\/denuncia-sueum-falta-de-pagos-pese-a-acuerdo-michoacan\/","url_meta":{"origin":43268,"position":0},"title":"Denuncia SUEUM falta de pagos pese a acuerdo (Michoac\u00e1n)","author":"grieta","date":"26 marzo, 2020","format":false,"excerpt":"\u00a0 Los trabajadores aseguraron que con estas acciones se violan y violentan el estado de derecho y las leyes \u00a0 Yelitza Mendoza | El Sol de Zamora, 26 de marzo de 2020 Morelia, Michoac\u00e1n, (OEM-Infomex).- Pese a la firma de convenio realizada el pasado 18 de marzo con la Universidad\u2026","rel":"","context":"En &quot;CINTILLO&quot;","block_context":{"text":"CINTILLO","link":"https:\/\/www.grieta.org.mx\/index.php\/category\/cintillo\/"},"img":{"alt_text":"","src":"https:\/\/i0.wp.com\/www.grieta.org.mx\/wp-content\/uploads\/2020\/03\/Firma-convenio-SUEUM.jpg?resize=350%2C200&ssl=1","width":350,"height":200,"srcset":"https:\/\/i0.wp.com\/www.grieta.org.mx\/wp-content\/uploads\/2020\/03\/Firma-convenio-SUEUM.jpg?resize=350%2C200&ssl=1 1x, https:\/\/i0.wp.com\/www.grieta.org.mx\/wp-content\/uploads\/2020\/03\/Firma-convenio-SUEUM.jpg?resize=525%2C300&ssl=1 1.5x, https:\/\/i0.wp.com\/www.grieta.org.mx\/wp-content\/uploads\/2020\/03\/Firma-convenio-SUEUM.jpg?resize=700%2C400&ssl=1 2x"},"classes":[]},{"id":43781,"url":"https:\/\/www.grieta.org.mx\/index.php\/2020\/01\/28\/marchan-sindicados-en-morelia-en-demanda-de-sus-pagos-atrasados\/","url_meta":{"origin":43268,"position":1},"title":"Marchan sindicados en Morelia en demanda de sus pagos atrasados","author":"grieta","date":"28 enero, 2020","format":false,"excerpt":"Uriel Morales P\u00e9rez \/Quadrat\u00edn, 28 de enero de 2019 MORELIA, Mich., 28 de enero de 2020.- Trabajadores del sector educativo en Michoac\u00e1n participan en la marcha en calles de Morelia en demanda de cumplimiento a pliegos petitorios que por meses se arrastran como pendientes. En el contingente se encuentran integrantes\u2026","rel":"","context":"En &quot;CINTILLO&quot;","block_context":{"text":"CINTILLO","link":"https:\/\/www.grieta.org.mx\/index.php\/category\/cintillo\/"},"img":{"alt_text":"","src":"https:\/\/i0.wp.com\/www.grieta.org.mx\/wp-content\/uploads\/2020\/01\/images.jpg?resize=350%2C200&ssl=1","width":350,"height":200,"srcset":"https:\/\/i0.wp.com\/www.grieta.org.mx\/wp-content\/uploads\/2020\/01\/images.jpg?resize=350%2C200&ssl=1 1x, https:\/\/i0.wp.com\/www.grieta.org.mx\/wp-content\/uploads\/2020\/01\/images.jpg?resize=525%2C300&ssl=1 1.5x"},"classes":[]},{"id":35442,"url":"https:\/\/www.grieta.org.mx\/index.php\/2019\/06\/24\/se-agudiza-crisis-en-sector-educativo-de-michoacan\/","url_meta":{"origin":43268,"position":2},"title":"Se agudiza crisis en sector educativo de Michoac\u00e1n","author":"grieta","date":"24 junio, 2019","format":false,"excerpt":"Desde este mes ya no habr\u00e1 recursos para el pago de salarios de profesores; UMSNH con una situaci\u00f3n similar Ireri Pi\u00f1a \/Contramuro, 24 de junio de 2019 Morelia, Michoac\u00e1n.- La crisis en el sector educativo de Michoac\u00e1n estaba prevista desde el principio de a\u00f1o, incluso, el magisterio michoacano pidi\u00f3 al\u2026","rel":"","context":"En &quot;CINTILLO&quot;","block_context":{"text":"CINTILLO","link":"https:\/\/www.grieta.org.mx\/index.php\/category\/cintillo\/"},"img":{"alt_text":"","src":"https:\/\/i0.wp.com\/www.grieta.org.mx\/wp-content\/uploads\/2019\/06\/533990b4-d945-4393-91ca-19347a4e7e92.jpg?resize=350%2C200&ssl=1","width":350,"height":200,"srcset":"https:\/\/i0.wp.com\/www.grieta.org.mx\/wp-content\/uploads\/2019\/06\/533990b4-d945-4393-91ca-19347a4e7e92.jpg?resize=350%2C200&ssl=1 1x, https:\/\/i0.wp.com\/www.grieta.org.mx\/wp-content\/uploads\/2019\/06\/533990b4-d945-4393-91ca-19347a4e7e92.jpg?resize=525%2C300&ssl=1 1.5x, https:\/\/i0.wp.com\/www.grieta.org.mx\/wp-content\/uploads\/2019\/06\/533990b4-d945-4393-91ca-19347a4e7e92.jpg?resize=700%2C400&ssl=1 2x, https:\/\/i0.wp.com\/www.grieta.org.mx\/wp-content\/uploads\/2019\/06\/533990b4-d945-4393-91ca-19347a4e7e92.jpg?resize=1050%2C600&ssl=1 3x"},"classes":[]},{"id":43777,"url":"https:\/\/www.grieta.org.mx\/index.php\/2020\/01\/13\/sindicalizados-toman-rectoria-y-tesoreria-de-las-universidad-michoacana\/","url_meta":{"origin":43268,"position":3},"title":"Sindicalizados toman Rector\u00eda y Tesorer\u00eda de las Universidad Michoacana","author":"grieta","date":"13 enero, 2020","format":false,"excerpt":"Carlos Arrieta, Corresponsal \/ El Universal, 13 de enero de 2020 Morelia, Michoac\u00e1n.- Integrantes del Sindicato \u00danico de Empleados de la Universidad Michoacana tomaron este lunes las oficinas de las Rector\u00eda, la Tesorer\u00eda y el Departamento de N\u00f3minas de la casa de estudios para exigir que les paguen sus sueldos\u2026","rel":"","context":"En &quot;CINTILLO&quot;","block_context":{"text":"CINTILLO","link":"https:\/\/www.grieta.org.mx\/index.php\/category\/cintillo\/"},"img":{"alt_text":"","src":"https:\/\/i0.wp.com\/www.grieta.org.mx\/wp-content\/uploads\/2020\/01\/unviersidadmichoacana_1201_charbelllucio.jpg?resize=350%2C200&ssl=1","width":350,"height":200,"srcset":"https:\/\/i0.wp.com\/www.grieta.org.mx\/wp-content\/uploads\/2020\/01\/unviersidadmichoacana_1201_charbelllucio.jpg?resize=350%2C200&ssl=1 1x, https:\/\/i0.wp.com\/www.grieta.org.mx\/wp-content\/uploads\/2020\/01\/unviersidadmichoacana_1201_charbelllucio.jpg?resize=525%2C300&ssl=1 1.5x"},"classes":[]},{"id":43264,"url":"https:\/\/www.grieta.org.mx\/index.php\/2020\/01\/21\/sueum-tomara-oficinas-administrativas-de-la-umsnh-el-jueves-michoacan\/","url_meta":{"origin":43268,"position":4},"title":"SUEUM tomar\u00e1 oficinas administrativas de la UMSNH el jueves  (Michoac\u00e1n)","author":"grieta","date":"21 enero, 2020","format":false,"excerpt":"Por Guadalupe Mart\u00ednez \/ Mi Morelia, 21 de enero de 2020 Morelia, Michoac\u00e1n (MiMorelia.com).- Integrantes del Consejo General de Huelga del Sindicato \u00danico de Empleados de la Universidad Michoacana (SUEUM) aprobaron tomar de manera indefinida este jueves todas las oficinas administrativas de la Casa de Hidalgo en protesta por los\u2026","rel":"","context":"En &quot;CINTILLO&quot;","block_context":{"text":"CINTILLO","link":"https:\/\/www.grieta.org.mx\/index.php\/category\/cintillo\/"},"img":{"alt_text":"","src":"https:\/\/i0.wp.com\/www.grieta.org.mx\/wp-content\/uploads\/2020\/01\/mimorelia_sueum_umsnh_huelga.jpg?resize=350%2C200&ssl=1","width":350,"height":200,"srcset":"https:\/\/i0.wp.com\/www.grieta.org.mx\/wp-content\/uploads\/2020\/01\/mimorelia_sueum_umsnh_huelga.jpg?resize=350%2C200&ssl=1 1x, https:\/\/i0.wp.com\/www.grieta.org.mx\/wp-content\/uploads\/2020\/01\/mimorelia_sueum_umsnh_huelga.jpg?resize=525%2C300&ssl=1 1.5x"},"classes":[]},{"id":42568,"url":"https:\/\/www.grieta.org.mx\/index.php\/2019\/12\/17\/sindicatos-de-nivel-medio-y-superior-michoacan-protestan-por-falta-de-pago-de-aguinaldo\/","url_meta":{"origin":43268,"position":5},"title":"Sindicatos de nivel medio y superior Michoac\u00e1n protestan por falta de pago de aguinaldo","author":"grieta","date":"17 diciembre, 2019","format":false,"excerpt":"Francisco Castellanos J.\/ Proceso 17 de diciembre de 2019 MORELIA, Mich. (apro).\u2013 Integrantes del Frente Estatal de Sindicatos de Educaci\u00f3n Media Superior y Superior (FESEMSS) se declararon en un paro de brazos ca\u00eddos ante la falta de pago de aguinaldo y, en algunos casos, de la quincena 23 por parte\u2026","rel":"","context":"En &quot;CINTILLO&quot;","block_context":{"text":"CINTILLO","link":"https:\/\/www.grieta.org.mx\/index.php\/category\/cintillo\/"},"img":{"alt_text":"","src":"https:\/\/i0.wp.com\/www.grieta.org.mx\/wp-content\/uploads\/2019\/12\/michoacan-paro-870x522.jpg?resize=350%2C200&ssl=1","width":350,"height":200,"srcset":"https:\/\/i0.wp.com\/www.grieta.org.mx\/wp-content\/uploads\/2019\/12\/michoacan-paro-870x522.jpg?resize=350%2C200&ssl=1 1x, https:\/\/i0.wp.com\/www.grieta.org.mx\/wp-content\/uploads\/2019\/12\/michoacan-paro-870x522.jpg?resize=525%2C300&ssl=1 1.5x, https:\/\/i0.wp.com\/www.grieta.org.mx\/wp-content\/uploads\/2019\/12\/michoacan-paro-870x522.jpg?resize=700%2C400&ssl=1 2x"},"classes":[]}],"_links":{"self":[{"href":"https:\/\/www.grieta.org.mx\/index.php\/wp-json\/wp\/v2\/posts\/43268","targetHints":{"allow":["GET"]}}],"collection":[{"href":"https:\/\/www.grieta.org.mx\/index.php\/wp-json\/wp\/v2\/posts"}],"about":[{"href":"https:\/\/www.grieta.org.mx\/index.php\/wp-json\/wp\/v2\/types\/post"}],"author":[{"embeddable":true,"href":"https:\/\/www.grieta.org.mx\/index.php\/wp-json\/wp\/v2\/users\/2"}],"replies":[{"embeddable":true,"href":"https:\/\/www.grieta.org.mx\/index.php\/wp-json\/wp\/v2\/comments?post=43268"}],"version-history":[{"count":1,"href":"https:\/\/www.grieta.org.mx\/index.php\/wp-json\/wp\/v2\/posts\/43268\/revisions"}],"predecessor-version":[{"id":43270,"href":"https:\/\/www.grieta.org.mx\/index.php\/wp-json\/wp\/v2\/posts\/43268\/revisions\/43270"}],"wp:featuredmedia":[{"embeddable":true,"href":"https:\/\/www.grieta.org.mx\/index.php\/wp-json\/wp\/v2\/media\/43269"}],"wp:attachment":[{"href":"https:\/\/www.grieta.org.mx\/index.php\/wp-json\/wp\/v2\/media?parent=43268"}],"wp:term":[{"taxonomy":"category","embeddable":true,"href":"https:\/\/www.grieta.org.mx\/index.php\/wp-json\/wp\/v2\/categories?post=43268"},{"taxonomy":"post_tag","embeddable":true,"href":"https:\/\/www.grieta.org.mx\/index.php\/wp-json\/wp\/v2\/tags?post=43268"}],"curies":[{"name":"wp","href":"https:\/\/api.w.org\/{rel}","templated":true}]}}