{"id":43191,"date":"2020-01-19T10:35:01","date_gmt":"2020-01-19T16:35:01","guid":{"rendered":"http:\/\/www.grieta.org.mx\/?p=43191"},"modified":"2020-01-19T10:37:03","modified_gmt":"2020-01-19T16:37:03","slug":"pobladores-de-chilapa-exigen-cuerpos-de-musicos-asesinados-y-quemados-guerrero","status":"publish","type":"post","link":"https:\/\/www.grieta.org.mx\/index.php\/2020\/01\/19\/pobladores-de-chilapa-exigen-cuerpos-de-musicos-asesinados-y-quemados-guerrero\/","title":{"rendered":"Pobladores de Chilapa exigen cuerpos de m\u00fasicos asesinados y quemados  (Guerrero)"},"content":{"rendered":"<p><a href=\"http:\/\/www.grieta.org.mx\/wp-content\/uploads\/2020\/01\/cuerpos-chilapa.jpg\"><img loading=\"lazy\" decoding=\"async\" data-attachment-id=\"43192\" data-permalink=\"https:\/\/www.grieta.org.mx\/index.php\/2020\/01\/19\/pobladores-de-chilapa-exigen-cuerpos-de-musicos-asesinados-y-quemados-guerrero\/cuerpos-chilapa\/\" data-orig-file=\"https:\/\/www.grieta.org.mx\/wp-content\/uploads\/2020\/01\/cuerpos-chilapa.jpg\" data-orig-size=\"768,479\" data-comments-opened=\"0\" data-image-meta=\"{&quot;aperture&quot;:&quot;0&quot;,&quot;credit&quot;:&quot;&quot;,&quot;camera&quot;:&quot;&quot;,&quot;caption&quot;:&quot;&quot;,&quot;created_timestamp&quot;:&quot;0&quot;,&quot;copyright&quot;:&quot;&quot;,&quot;focal_length&quot;:&quot;0&quot;,&quot;iso&quot;:&quot;0&quot;,&quot;shutter_speed&quot;:&quot;0&quot;,&quot;title&quot;:&quot;&quot;,&quot;orientation&quot;:&quot;0&quot;}\" data-image-title=\"cuerpos chilapa\" data-image-description=\"\" data-image-caption=\"\" data-medium-file=\"https:\/\/www.grieta.org.mx\/wp-content\/uploads\/2020\/01\/cuerpos-chilapa-300x187.jpg\" data-large-file=\"https:\/\/www.grieta.org.mx\/wp-content\/uploads\/2020\/01\/cuerpos-chilapa.jpg\" class=\"aligncenter wp-image-43192\" src=\"http:\/\/www.grieta.org.mx\/wp-content\/uploads\/2020\/01\/cuerpos-chilapa-300x187.jpg\" alt=\"\" width=\"800\" height=\"499\" srcset=\"https:\/\/www.grieta.org.mx\/wp-content\/uploads\/2020\/01\/cuerpos-chilapa-300x187.jpg 300w, https:\/\/www.grieta.org.mx\/wp-content\/uploads\/2020\/01\/cuerpos-chilapa.jpg 768w\" sizes=\"auto, (max-width: 800px) 100vw, 800px\" \/><\/a><\/p>\n<p>Redacci\u00f3n \/ El Sol de M\u00e9xico<\/p>\n<p>ACAPULCO. Pobladores de 16 comunidades de Chilapa, que forman parte de la Coordinadora Regional de Autoridades Comunitarias de los Pueblos Fundadores (CRAC-PF), bloquearon el crucero de Alcozac\u00e1n, de la carretera Chilapa-Hueycantenango, y no se retirar\u00e1n hasta que les entreguen los cuerpos de los 10 m\u00fasicos que fueron asesinados el pasado viernes en el camino a MexcalzingoTlayelpa.<\/p>\n<p>Los pobladores temen a que las autoridades de la Fiscal\u00eda General del Estado se lleven los cuerpos a Chilpancingo y no se los entreguen ah\u00ed.<\/p>\n<p>Los m\u00fasicos ind\u00edgenas e integrantes de la CRAC-PF del poblado de Alcozac\u00e1n, en Chilapa, fueron emboscados y asesinados por integrantes de un grupo delictivo cuando regresaban de Tlayelpa, en el municipio Chilapa.<\/p>\n<p>El fiscal general del estado, Jorge Zuriel de los Santos Barrila, confirm\u00f3 la muerte de los m\u00fasicos e inform\u00f3 ayer que se abri\u00f3 una carpeta de investigaci\u00f3n por el delito de homicidio y lo que resulte.<\/p>\n<p>VIOLENCIA EN ZIR\u00c1NDARO<\/p>\n<p>Autoridades integrantes de la Coordinaci\u00f3n Estatal para la Construcci\u00f3n de la Paz aseguraron que no cuentan con evidencias ni denuncias que comprueben el supuesto asesinato de 13 personas en el municipio de Zir\u00e1ndaro de los Ch\u00e1vez, en la Tierra Caliente de Guerrero.<\/p>\n<p>Se\u00f1alaron que no existe una crisis humanitaria en este municipio y argumentaron que las personas vulnerables est\u00e1n siendo atendidas por las instituciones del gobierno del estado como el IMSS.<\/p>\n<p>Detallaron que s\u00f3lo tienen el registro de 42 personas que decidieron salir de la comunidad de San Rafael, y su traslado a la cabecera municipal fue custodiado.<br \/>\n<a href=\"https:\/\/www.elsoldemexico.com.mx\/republica\/sociedad\/pobladores-de-chilapa-exigen-cuerpos-de-musicos-asesinados-y-quemados-4718936.html\">https:\/\/www.elsoldemexico.com.mx\/republica\/sociedad\/pobladores-de-chilapa-exigen-cuerpos-de-musicos-asesinados-y-quemados-4718936.html<\/a><\/p>\n","protected":false},"excerpt":{"rendered":"<p>Redacci\u00f3n \/ El Sol de M\u00e9xico ACAPULCO. Pobladores de 16 comunidades de Chilapa, que forman parte de la Coordinadora Regional de Autoridades Comunitarias de los Pueblos Fundadores (CRAC-PF), bloquearon el &hellip; <a href=\"https:\/\/www.grieta.org.mx\/index.php\/2020\/01\/19\/pobladores-de-chilapa-exigen-cuerpos-de-musicos-asesinados-y-quemados-guerrero\/\" class=\"more-link\">Leer m\u00e1s<\/a><\/p>\n","protected":false},"author":1,"featured_media":43188,"comment_status":"closed","ping_status":"closed","sticky":false,"template":"","format":"standard","meta":{"ngg_post_thumbnail":0,"_jetpack_newsletter_access":"","_jetpack_dont_email_post_to_subs":false,"_jetpack_newsletter_tier_id":0,"_jetpack_memberships_contains_paywalled_content":false,"_jetpack_memberships_contains_paid_content":false,"footnotes":""},"categories":[80,18,2,1577],"tags":[568,2625],"class_list":["post-43191","post","type-post","status-publish","format-standard","has-post-thumbnail","hentry","category-cintillo","category-guerrero","category-noticias-nacionales","category-policia-comunitaria-en-guerrero","tag-chilapa","tag-crac-pc-pf","entry"],"jetpack_featured_media_url":"https:\/\/www.grieta.org.mx\/wp-content\/uploads\/2020\/01\/bloqueopor10muertosenchilapa-1.jpg","jetpack_sharing_enabled":true,"jetpack_shortlink":"https:\/\/wp.me\/p7ZJR4-beD","jetpack_likes_enabled":false,"jetpack-related-posts":[{"id":43187,"url":"https:\/\/www.grieta.org.mx\/index.php\/2020\/01\/17\/matan-y-queman-a-10-musicos-indigenas-nahuas-en-chilapa-guerrero\/","url_meta":{"origin":43191,"position":0},"title":"Matan y queman a 10 m\u00fasicos ind\u00edgenas nahuas en Chilapa (Guerrero)","author":"Admin","date":"17 enero, 2020","format":false,"excerpt":"Eduardo Yener Santos \/ Quadrat\u00edn Guerrero CHILPANCINGO, Gro., 17 de enero de 2020.- Diez ind\u00edgenas nahuas pertenecientes al grupo musical Sensaci\u00f3n de la comunidad de Alcozac\u00e1n, Chilapa, fueron asesinados e incinerados sobre la carretera, en ese municipio de la regi\u00f3n Centro del estado. El asesinato de los 10 m\u00fasicos ocurri\u00f3\u2026","rel":"","context":"En &quot;CINTILLO&quot;","block_context":{"text":"CINTILLO","link":"https:\/\/www.grieta.org.mx\/index.php\/category\/cintillo\/"},"img":{"alt_text":"","src":"https:\/\/i0.wp.com\/www.grieta.org.mx\/wp-content\/uploads\/2020\/01\/emboscadamusicoschilapa-1160x700.jpg?resize=350%2C200&ssl=1","width":350,"height":200,"srcset":"https:\/\/i0.wp.com\/www.grieta.org.mx\/wp-content\/uploads\/2020\/01\/emboscadamusicoschilapa-1160x700.jpg?resize=350%2C200&ssl=1 1x, https:\/\/i0.wp.com\/www.grieta.org.mx\/wp-content\/uploads\/2020\/01\/emboscadamusicoschilapa-1160x700.jpg?resize=525%2C300&ssl=1 1.5x, https:\/\/i0.wp.com\/www.grieta.org.mx\/wp-content\/uploads\/2020\/01\/emboscadamusicoschilapa-1160x700.jpg?resize=700%2C400&ssl=1 2x, https:\/\/i0.wp.com\/www.grieta.org.mx\/wp-content\/uploads\/2020\/01\/emboscadamusicoschilapa-1160x700.jpg?resize=1050%2C600&ssl=1 3x"},"classes":[]},{"id":51861,"url":"https:\/\/www.grieta.org.mx\/index.php\/2020\/06\/17\/bloquea-crac-pf-en-chilapa-para-impedir-entrada-de-la-guardia-nacional-guerrero\/","url_meta":{"origin":43191,"position":1},"title":"Bloquea CRAC-PF en Chilapa para impedir entrada de la Guardia Nacional  (Guerrero)","author":"Admin","date":"17 junio, 2020","format":false,"excerpt":"Eduardo Y\u00e9ner \/ Quadrat\u00edn CHILPANCINGO, Gro., 17 de junio de 2020.- Integrantes de la Coordinadora Regional de Autoridades Comunitarias-Pueblos Fundadores (CRAC-PF) de Chilapa bloquean la carretera que conduce a Hueycantenango en el crucero de la comunidad de Alcozac\u00e1n. El bloqueo que se instal\u00f3 esta tarde y en el cual participan\u2026","rel":"","context":"En &quot;CINTILLO&quot;","block_context":{"text":"CINTILLO","link":"https:\/\/www.grieta.org.mx\/index.php\/category\/cintillo\/"},"img":{"alt_text":"","src":"https:\/\/i0.wp.com\/www.grieta.org.mx\/wp-content\/uploads\/2020\/07\/bloqueoCRAC-PF-1160x700.jpeg?resize=350%2C200&ssl=1","width":350,"height":200,"srcset":"https:\/\/i0.wp.com\/www.grieta.org.mx\/wp-content\/uploads\/2020\/07\/bloqueoCRAC-PF-1160x700.jpeg?resize=350%2C200&ssl=1 1x, https:\/\/i0.wp.com\/www.grieta.org.mx\/wp-content\/uploads\/2020\/07\/bloqueoCRAC-PF-1160x700.jpeg?resize=525%2C300&ssl=1 1.5x, https:\/\/i0.wp.com\/www.grieta.org.mx\/wp-content\/uploads\/2020\/07\/bloqueoCRAC-PF-1160x700.jpeg?resize=700%2C400&ssl=1 2x, https:\/\/i0.wp.com\/www.grieta.org.mx\/wp-content\/uploads\/2020\/07\/bloqueoCRAC-PF-1160x700.jpeg?resize=1050%2C600&ssl=1 3x"},"classes":[]},{"id":43450,"url":"https:\/\/www.grieta.org.mx\/index.php\/2020\/01\/21\/bloqueos-y-reclamos-por-los-10-musicos-indigenas-asesinados-y-la-guardia-nacional-preguntan-guerrero\/","url_meta":{"origin":43191,"position":2},"title":"Bloqueos y reclamos por los 10 m\u00fasicos ind\u00edgenas asesinados. \u00bfY la Guardia Nacional?, preguntan (Guerrero)","author":"Admin","date":"21 enero, 2020","format":false,"excerpt":"Zacar\u00edas Cervantes \/ El Sur \/ Sinembargo yer, el Gobernador H\u00e9ctor Astudillo Flores declar\u00f3 que \u201chay certeza en las investigaciones de que una de las camionetas con los cuerpos de los m\u00fasicos fue aventada a un barranco y la otra no cay\u00f3 porque estaba incendiada, y que de primera vista\u2026","rel":"","context":"En &quot;CINTILLO&quot;","block_context":{"text":"CINTILLO","link":"https:\/\/www.grieta.org.mx\/index.php\/category\/cintillo\/"},"img":{"alt_text":"","src":"https:\/\/i0.wp.com\/www.grieta.org.mx\/wp-content\/uploads\/2020\/01\/sepelio-musicos-chilapa.png?resize=350%2C200&ssl=1","width":350,"height":200,"srcset":"https:\/\/i0.wp.com\/www.grieta.org.mx\/wp-content\/uploads\/2020\/01\/sepelio-musicos-chilapa.png?resize=350%2C200&ssl=1 1x, https:\/\/i0.wp.com\/www.grieta.org.mx\/wp-content\/uploads\/2020\/01\/sepelio-musicos-chilapa.png?resize=525%2C300&ssl=1 1.5x, https:\/\/i0.wp.com\/www.grieta.org.mx\/wp-content\/uploads\/2020\/01\/sepelio-musicos-chilapa.png?resize=700%2C400&ssl=1 2x, https:\/\/i0.wp.com\/www.grieta.org.mx\/wp-content\/uploads\/2020\/01\/sepelio-musicos-chilapa.png?resize=1050%2C600&ssl=1 3x"},"classes":[]},{"id":51850,"url":"https:\/\/www.grieta.org.mx\/index.php\/2020\/07\/15\/grupo-armado-se-compromete-a-replegarse-de-zona-conflictiva-de-chilapa-guerrero\/","url_meta":{"origin":43191,"position":3},"title":"Grupo armado se compromete a replegarse de zona conflictiva de Chilapa (Guerrero)","author":"Admin","date":"15 julio, 2020","format":false,"excerpt":"Jes\u00fas Guerrero \/ Amapola El grupo armado autodenominado Por la Paz y Justicia se comprometi\u00f3 a replegarse hacia sus comunidades para evitar una nueva confrontaci\u00f3n con integrantes de la Polic\u00eda Comunitaria de la Coordinadora Regional de Autoridades Comunitarias Pueblos Fundadores (CRAC-PF) quienes junto con cientos de habitantes de 16 comunidades\u2026","rel":"","context":"En &quot;CINTILLO&quot;","block_context":{"text":"CINTILLO","link":"https:\/\/www.grieta.org.mx\/index.php\/category\/cintillo\/"},"img":{"alt_text":"","src":"https:\/\/i0.wp.com\/www.grieta.org.mx\/wp-content\/uploads\/2020\/07\/Captura-de-Pantalla-2020-07-17-a-las-19.03.48.png?resize=350%2C200&ssl=1","width":350,"height":200,"srcset":"https:\/\/i0.wp.com\/www.grieta.org.mx\/wp-content\/uploads\/2020\/07\/Captura-de-Pantalla-2020-07-17-a-las-19.03.48.png?resize=350%2C200&ssl=1 1x, https:\/\/i0.wp.com\/www.grieta.org.mx\/wp-content\/uploads\/2020\/07\/Captura-de-Pantalla-2020-07-17-a-las-19.03.48.png?resize=525%2C300&ssl=1 1.5x, https:\/\/i0.wp.com\/www.grieta.org.mx\/wp-content\/uploads\/2020\/07\/Captura-de-Pantalla-2020-07-17-a-las-19.03.48.png?resize=700%2C400&ssl=1 2x"},"classes":[]},{"id":43434,"url":"https:\/\/www.grieta.org.mx\/index.php\/2020\/01\/22\/menores-marchan-y-entrenan-en-las-filas-de-la-crac-pf-guerrero\/","url_meta":{"origin":43191,"position":4},"title":"Menores marchan y entrenan en las filas de la CRAC-PF (Guerrero)","author":"Admin","date":"22 enero, 2020","format":false,"excerpt":"Texto y foto: Marlene Castro \/ Amapola La Coordinadora Regional de Autoridades Comunitarias de los Pueblos Fundadores (CRAC-PF), con cinco nuevos integrantes menores de edad y habitantes de las comunidades nahuas del corredor Chilapa-Hueycatenango marcharon hoy por aproximadamente dos kil\u00f3metros de esta carretera para exigir los cad\u00e1veres de cinco de\u2026","rel":"","context":"En &quot;CINTILLO&quot;","block_context":{"text":"CINTILLO","link":"https:\/\/www.grieta.org.mx\/index.php\/category\/cintillo\/"},"img":{"alt_text":"","src":"https:\/\/i0.wp.com\/www.grieta.org.mx\/wp-content\/uploads\/2020\/01\/Captura-de-pantalla-2020-01-24-a-las-1.43.46-p.m..png?resize=350%2C200&ssl=1","width":350,"height":200,"srcset":"https:\/\/i0.wp.com\/www.grieta.org.mx\/wp-content\/uploads\/2020\/01\/Captura-de-pantalla-2020-01-24-a-las-1.43.46-p.m..png?resize=350%2C200&ssl=1 1x, https:\/\/i0.wp.com\/www.grieta.org.mx\/wp-content\/uploads\/2020\/01\/Captura-de-pantalla-2020-01-24-a-las-1.43.46-p.m..png?resize=525%2C300&ssl=1 1.5x"},"classes":[]},{"id":9172,"url":"https:\/\/www.grieta.org.mx\/index.php\/2016\/02\/03\/buscan-comunitarios-a-rojos-y-ardillos-en-chilapa\/","url_meta":{"origin":43191,"position":5},"title":"Buscan comunitarios a Rojos y Ardillos en Chilapa","author":"grieta","date":"3 febrero, 2016","format":false,"excerpt":"Quadratin CHILAPA, Gro., 3 de febrero de 2016.- La Polic\u00eda Comunitaria de Rinc\u00f3n de Chautla del municipio de Chilapa perteneciente a la Coordinadora Regional de Autoridades Comunitarias- Polic\u00eda Comunitaria de los Pueblos Fundadores (CRAC-PC-PF), ha emprendido una serie de recorridos en poblaciones y cerros de las 18 comunidades de Chilapa\u2026","rel":"","context":"En &quot;CINTILLO&quot;","block_context":{"text":"CINTILLO","link":"https:\/\/www.grieta.org.mx\/index.php\/category\/cintillo\/"},"img":{"alt_text":"","src":"https:\/\/i0.wp.com\/www.grieta.org.mx\/wp-content\/uploads\/2018\/03\/14524434_1106112876131411_958039263622046936_o.jpg?resize=350%2C200&ssl=1","width":350,"height":200,"srcset":"https:\/\/i0.wp.com\/www.grieta.org.mx\/wp-content\/uploads\/2018\/03\/14524434_1106112876131411_958039263622046936_o.jpg?resize=350%2C200&ssl=1 1x, https:\/\/i0.wp.com\/www.grieta.org.mx\/wp-content\/uploads\/2018\/03\/14524434_1106112876131411_958039263622046936_o.jpg?resize=525%2C300&ssl=1 1.5x, https:\/\/i0.wp.com\/www.grieta.org.mx\/wp-content\/uploads\/2018\/03\/14524434_1106112876131411_958039263622046936_o.jpg?resize=700%2C400&ssl=1 2x"},"classes":[]}],"_links":{"self":[{"href":"https:\/\/www.grieta.org.mx\/index.php\/wp-json\/wp\/v2\/posts\/43191","targetHints":{"allow":["GET"]}}],"collection":[{"href":"https:\/\/www.grieta.org.mx\/index.php\/wp-json\/wp\/v2\/posts"}],"about":[{"href":"https:\/\/www.grieta.org.mx\/index.php\/wp-json\/wp\/v2\/types\/post"}],"author":[{"embeddable":true,"href":"https:\/\/www.grieta.org.mx\/index.php\/wp-json\/wp\/v2\/users\/1"}],"replies":[{"embeddable":true,"href":"https:\/\/www.grieta.org.mx\/index.php\/wp-json\/wp\/v2\/comments?post=43191"}],"version-history":[{"count":1,"href":"https:\/\/www.grieta.org.mx\/index.php\/wp-json\/wp\/v2\/posts\/43191\/revisions"}],"predecessor-version":[{"id":43194,"href":"https:\/\/www.grieta.org.mx\/index.php\/wp-json\/wp\/v2\/posts\/43191\/revisions\/43194"}],"wp:featuredmedia":[{"embeddable":true,"href":"https:\/\/www.grieta.org.mx\/index.php\/wp-json\/wp\/v2\/media\/43188"}],"wp:attachment":[{"href":"https:\/\/www.grieta.org.mx\/index.php\/wp-json\/wp\/v2\/media?parent=43191"}],"wp:term":[{"taxonomy":"category","embeddable":true,"href":"https:\/\/www.grieta.org.mx\/index.php\/wp-json\/wp\/v2\/categories?post=43191"},{"taxonomy":"post_tag","embeddable":true,"href":"https:\/\/www.grieta.org.mx\/index.php\/wp-json\/wp\/v2\/tags?post=43191"}],"curies":[{"name":"wp","href":"https:\/\/api.w.org\/{rel}","templated":true}]}}