{"id":43184,"date":"2020-01-13T23:13:49","date_gmt":"2020-01-14T05:13:49","guid":{"rendered":"http:\/\/www.grieta.org.mx\/?p=43184"},"modified":"2020-01-18T23:19:20","modified_gmt":"2020-01-19T05:19:20","slug":"cepad-denuncia-falta-de-protocolos-en-registro-de-personas-desaparecidas-en-jalisco","status":"publish","type":"post","link":"https:\/\/www.grieta.org.mx\/index.php\/2020\/01\/13\/cepad-denuncia-falta-de-protocolos-en-registro-de-personas-desaparecidas-en-jalisco\/","title":{"rendered":"Cepad denuncia falta de protocolos en registro de personas desaparecidas en Jalisco"},"content":{"rendered":"<p><img loading=\"lazy\" decoding=\"async\" data-attachment-id=\"43185\" data-permalink=\"https:\/\/www.grieta.org.mx\/index.php\/2020\/01\/13\/cepad-denuncia-falta-de-protocolos-en-registro-de-personas-desaparecidas-en-jalisco\/2020-01-13_06-01-43___8309\/\" data-orig-file=\"https:\/\/www.grieta.org.mx\/wp-content\/uploads\/2020\/01\/2020-01-13_06-01-43___8309.jpg\" data-orig-size=\"750,500\" data-comments-opened=\"0\" data-image-meta=\"{&quot;aperture&quot;:&quot;0&quot;,&quot;credit&quot;:&quot;&quot;,&quot;camera&quot;:&quot;&quot;,&quot;caption&quot;:&quot;&quot;,&quot;created_timestamp&quot;:&quot;0&quot;,&quot;copyright&quot;:&quot;&quot;,&quot;focal_length&quot;:&quot;0&quot;,&quot;iso&quot;:&quot;0&quot;,&quot;shutter_speed&quot;:&quot;0&quot;,&quot;title&quot;:&quot;&quot;,&quot;orientation&quot;:&quot;0&quot;}\" data-image-title=\"2020-01-13_06-01-43___8309\" data-image-description=\"\" data-image-caption=\"\" data-medium-file=\"https:\/\/www.grieta.org.mx\/wp-content\/uploads\/2020\/01\/2020-01-13_06-01-43___8309-300x200.jpg\" data-large-file=\"https:\/\/www.grieta.org.mx\/wp-content\/uploads\/2020\/01\/2020-01-13_06-01-43___8309.jpg\" class=\"aligncenter wp-image-43185\" src=\"http:\/\/www.grieta.org.mx\/wp-content\/uploads\/2020\/01\/2020-01-13_06-01-43___8309.jpg\" alt=\"\" width=\"800\" height=\"533\" srcset=\"https:\/\/www.grieta.org.mx\/wp-content\/uploads\/2020\/01\/2020-01-13_06-01-43___8309.jpg 750w, https:\/\/www.grieta.org.mx\/wp-content\/uploads\/2020\/01\/2020-01-13_06-01-43___8309-300x200.jpg 300w\" sizes=\"auto, (max-width: 800px) 100vw, 800px\" \/><\/p>\n<p>Fotograf\u00eda: Cuartoscuro<\/p>\n<p>Redacci\u00f3n \/ El Diario NTR<\/p>\n<p>Al no existir protocolos espec\u00edficos sobre el registro de casos de personas desaparecidos, los datos sobre este rubro carecen de fiabilidad, se\u00f1al\u00f3 el Centro de Justicia para la paz y el Desarrollo (Cepad).<\/p>\n<p>El Centro de Justicia explic\u00f3 que Jalisco ocupa el primer lugar en personas desaparecidas de acuerdo con cifras del gobierno federal. En Jalisco contin\u00faan desaparecidos nuevo mil 286 personas desde los a\u00f1os sesenta a la fecha, pero de los \u00faltimos 13 meses van dos mil cien personas desaparecidas.<\/p>\n<p>Ante estas cifras, la Cepad solicit\u00f3 informaci\u00f3n a la Fiscal\u00eda sobre la metodolog\u00eda que utilizan para el registro de datos relacionados con la comisi\u00f3n de delitos, el registro de v\u00edctimas de desaparici\u00f3n y el registro de averiguaciones previas y carpetas de investigaci\u00f3n.<\/p>\n<p>La repuesta de la Fiscal\u00eda fue que existe un sistema web de informaci\u00f3n y no se cuentan con informaci\u00f3n relativa a manuales, reglamentos, protocologos o metodolog\u00eda para la elaboraci\u00f3n de estad\u00edsticas y resguardo de informaci\u00f3n.<\/p>\n<p>Porque no existe un sistema de supervisi\u00f3n sistematizada de los datos y actualizaci\u00f3n de registro de personas desaparecidas, para Cepad dichas cifras carecen de fiabilidad.<\/p>\n<p>Exhorta al gobierno de Jalisco y a la Fiscal\u00eda Especializada en Personas Desaparecidas a transparentar y establecer protocolos y metodolog\u00edas rigurosas y homologadas para la clasificaci\u00f3n y elaboraci\u00f3n de registros propios.<\/p>\n<p>Que las autoridades estatales y municipales reconozcan su responsabilidad ante la problem\u00e1tica de desaparici\u00f3n cuyo saldo hasta la fecha es consecuencia de la falta de prevenci\u00f3n, aumento de personas desaparecidas, incremento en el hallago de fosas clandestinas, la existencia de casas de inseguridad, el allanamiento de domicilios para la sustracci\u00f3n de personas y alto grado de impunidad en las investigaciones.<\/p>\n<p>Tambi\u00e9n, la Cepad pide realizar acciones para posibilitar el apoyo de las instancias internacionales ante la falta de investigaci\u00f3n en cada uno de los casos de las personas desaparecidas en Jalisco<\/p>\n<p><a href=\"https:\/\/www.ntrguadalajara.com\/post.php?id_nota=141988\">https:\/\/www.ntrguadalajara.com\/post.php?id_nota=141988<\/a><\/p>\n","protected":false},"excerpt":{"rendered":"<p>Fotograf\u00eda: Cuartoscuro Redacci\u00f3n \/ El Diario NTR Al no existir protocolos espec\u00edficos sobre el registro de casos de personas desaparecidos, los datos sobre este rubro carecen de fiabilidad, se\u00f1al\u00f3 el &hellip; <a href=\"https:\/\/www.grieta.org.mx\/index.php\/2020\/01\/13\/cepad-denuncia-falta-de-protocolos-en-registro-de-personas-desaparecidas-en-jalisco\/\" class=\"more-link\">Leer m\u00e1s<\/a><\/p>\n","protected":false},"author":2,"featured_media":43185,"comment_status":"closed","ping_status":"closed","sticky":false,"template":"","format":"standard","meta":{"ngg_post_thumbnail":0,"_jetpack_newsletter_access":"","_jetpack_dont_email_post_to_subs":false,"_jetpack_newsletter_tier_id":0,"_jetpack_memberships_contains_paywalled_content":false,"_jetpack_memberships_contains_paid_content":false,"footnotes":""},"categories":[80,87,1032,20,2,83],"tags":[121],"class_list":["post-43184","post","type-post","status-publish","format-standard","has-post-thumbnail","hentry","category-cintillo","category-desaparecidos","category-desaparecidos-en-jalisco","category-jalisco","category-noticias-nacionales","category-temas-nacionales","tag-desaparecidos","entry"],"jetpack_featured_media_url":"https:\/\/www.grieta.org.mx\/wp-content\/uploads\/2020\/01\/2020-01-13_06-01-43___8309.jpg","jetpack_sharing_enabled":true,"jetpack_shortlink":"https:\/\/wp.me\/p7ZJR4-bew","jetpack_likes_enabled":false,"jetpack-related-posts":[{"id":29367,"url":"https:\/\/www.grieta.org.mx\/index.php\/2019\/02\/06\/en-seis-anos-van-seis-mil-desaparecidos-en-jalisco\/","url_meta":{"origin":43184,"position":0},"title":"En seis a\u00f1os van seis mil desaparecidos en Jalisco","author":"grieta","date":"6 febrero, 2019","format":false,"excerpt":"Por Marisela Mu\u00f1oz \/ Vallarta opina Permanecen sin ser localizadas m\u00e1s de seis mil personas reportadas como desaparecidas en Jalisco en el \u00faltimo sexenio. Seg\u00fan un informe oficial de la Fiscal\u00eda General del Estado, entre 2012 y 2018 fueron reportadas como desaparecidas m\u00e1s de 20 mil personas, de las cuales\u2026","rel":"","context":"En &quot;CINTILLO&quot;","block_context":{"text":"CINTILLO","link":"https:\/\/www.grieta.org.mx\/index.php\/category\/cintillo\/"},"img":{"alt_text":"","src":"https:\/\/i0.wp.com\/www.grieta.org.mx\/wp-content\/uploads\/2019\/02\/DESAPARECIDOSjal.jpg?resize=350%2C200&ssl=1","width":350,"height":200,"srcset":"https:\/\/i0.wp.com\/www.grieta.org.mx\/wp-content\/uploads\/2019\/02\/DESAPARECIDOSjal.jpg?resize=350%2C200&ssl=1 1x, https:\/\/i0.wp.com\/www.grieta.org.mx\/wp-content\/uploads\/2019\/02\/DESAPARECIDOSjal.jpg?resize=525%2C300&ssl=1 1.5x"},"classes":[]},{"id":61780,"url":"https:\/\/www.grieta.org.mx\/index.php\/2021\/09\/16\/gobierno-del-estado-sin-cumplir-con-ley-de-personas-desaparecidas-mas-de-14-mil-personas-desaparecidas-en-la-entidad-jalisco\/","url_meta":{"origin":43184,"position":1},"title":"Gobierno del estado sin cumplir con Ley de Personas Desaparecidas, m\u00e1s de 14 mil personas desaparecidas en la entidad (Jalisco)","author":"grieta","date":"16 septiembre, 2021","format":false,"excerpt":"Foto: Rom\u00e1n Ortega V\u00edctor Ch\u00e1vez \/ El Occidental Desde el 14 de julio del 2020 a la fecha, el promedio de personas desaparecidas en Jalisco es de nueve personas por d\u00eda, ya suman tres mil 789. Mientras tanto, de las 14 responsabilidades que tienen las autoridades para consolidar la implementaci\u00f3n\u2026","rel":"","context":"En &quot;CINTILLO&quot;","block_context":{"text":"CINTILLO","link":"https:\/\/www.grieta.org.mx\/index.php\/category\/cintillo\/"},"img":{"alt_text":"","src":"https:\/\/i0.wp.com\/www.grieta.org.mx\/wp-content\/uploads\/2021\/09\/familiares-de-desaparecidos.jpeg?resize=350%2C200&ssl=1","width":350,"height":200,"srcset":"https:\/\/i0.wp.com\/www.grieta.org.mx\/wp-content\/uploads\/2021\/09\/familiares-de-desaparecidos.jpeg?resize=350%2C200&ssl=1 1x, https:\/\/i0.wp.com\/www.grieta.org.mx\/wp-content\/uploads\/2021\/09\/familiares-de-desaparecidos.jpeg?resize=525%2C300&ssl=1 1.5x, https:\/\/i0.wp.com\/www.grieta.org.mx\/wp-content\/uploads\/2021\/09\/familiares-de-desaparecidos.jpeg?resize=700%2C400&ssl=1 2x"},"classes":[]},{"id":41484,"url":"https:\/\/www.grieta.org.mx\/index.php\/2019\/11\/19\/muy-grave-el-retraso-en-la-elaboracion-de-leyes-par-desaparecidos-en-jalisco-cepad\/","url_meta":{"origin":43184,"position":2},"title":"Muy grave, el retraso en la elaboraci\u00f3n de leyes par desaparecidos en Jalisco: Cepad","author":"grieta","date":"19 noviembre, 2019","format":false,"excerpt":"Foto: UDGTV Radio UdeG Guadalajara \/ UDGTV Ha pasado m\u00e1s de un mes desde que el gobernador Enrique Alfaro present\u00f3 p\u00fablicamente, el 7 de octubre, las tres iniciativas de ley pendientes en materia de desaparecidos (Ley de Personas Desaparecidas del estado de Jalisco, Ley para la Declaraci\u00f3n Especial de Ausencia\u2026","rel":"","context":"En &quot;CINTILLO&quot;","block_context":{"text":"CINTILLO","link":"https:\/\/www.grieta.org.mx\/index.php\/category\/cintillo\/"},"img":{"alt_text":"","src":"https:\/\/i0.wp.com\/www.grieta.org.mx\/wp-content\/uploads\/2019\/11\/Marcha-desaparecidos-26-abril-Celia-Ni%C3%B1o-1-1068x801.jpg?resize=350%2C200&ssl=1","width":350,"height":200,"srcset":"https:\/\/i0.wp.com\/www.grieta.org.mx\/wp-content\/uploads\/2019\/11\/Marcha-desaparecidos-26-abril-Celia-Ni%C3%B1o-1-1068x801.jpg?resize=350%2C200&ssl=1 1x, https:\/\/i0.wp.com\/www.grieta.org.mx\/wp-content\/uploads\/2019\/11\/Marcha-desaparecidos-26-abril-Celia-Ni%C3%B1o-1-1068x801.jpg?resize=525%2C300&ssl=1 1.5x, https:\/\/i0.wp.com\/www.grieta.org.mx\/wp-content\/uploads\/2019\/11\/Marcha-desaparecidos-26-abril-Celia-Ni%C3%B1o-1-1068x801.jpg?resize=700%2C400&ssl=1 2x, https:\/\/i0.wp.com\/www.grieta.org.mx\/wp-content\/uploads\/2019\/11\/Marcha-desaparecidos-26-abril-Celia-Ni%C3%B1o-1-1068x801.jpg?resize=1050%2C600&ssl=1 3x"},"classes":[]},{"id":62803,"url":"https:\/\/www.grieta.org.mx\/index.php\/2021\/12\/02\/crisis-de-identificacion-de-personas-en-jalisco-llega-a-organismos-internacionales-ante-la-afectacion-a-familias-de-personas-desaparecidas-jalisco\/","url_meta":{"origin":43184,"position":3},"title":"Crisis de identificaci\u00f3n de personas en Jalisco llega a Organismos internacionales ante la afectaci\u00f3n a familias de personas desaparecidas (Jalisco)","author":"grieta","date":"2 diciembre, 2021","format":false,"excerpt":"Foto: Mario Marlo Sonia Sagrero \/ Somos el Medio A partir del an\u00e1lisis presentado en el informe\u00a0\u00bfQui\u00e9nes son? La Crisis de Identificaci\u00f3n de Personas en Jalisco, publicado el mes de mayo de 2021 por el\u00a0Centro de Justicia para la Paz y el Desarrollo (CEPAD), realizado bajo la sistematizaci\u00f3n de informaci\u00f3n,\u2026","rel":"","context":"En &quot;CINTILLO&quot;","block_context":{"text":"CINTILLO","link":"https:\/\/www.grieta.org.mx\/index.php\/category\/cintillo\/"},"img":{"alt_text":"","src":"https:\/\/i0.wp.com\/www.grieta.org.mx\/wp-content\/uploads\/2021\/12\/Desaparecidos-3-696x464-1.jpg?resize=350%2C200&ssl=1","width":350,"height":200,"srcset":"https:\/\/i0.wp.com\/www.grieta.org.mx\/wp-content\/uploads\/2021\/12\/Desaparecidos-3-696x464-1.jpg?resize=350%2C200&ssl=1 1x, https:\/\/i0.wp.com\/www.grieta.org.mx\/wp-content\/uploads\/2021\/12\/Desaparecidos-3-696x464-1.jpg?resize=525%2C300&ssl=1 1.5x"},"classes":[]},{"id":63903,"url":"https:\/\/www.grieta.org.mx\/index.php\/2022\/03\/30\/denuncian-familias-buscadoras-manipulacion-de-estadisticas-de-desaparicion-por-parte-de-gobierno-de-jalisco\/","url_meta":{"origin":43184,"position":4},"title":"Denuncian familias buscadoras manipulaci\u00f3n de estad\u00edsticas de desaparici\u00f3n por parte de Gobierno de Jalisco","author":"grieta","date":"30 marzo, 2022","format":false,"excerpt":"Foto portada: Christian Cantero A trav\u00e9s de un comunicado de prensa, colectivos de b\u00fasqueda de personas desaparecidas de Jalisco exigieron al Gobierno de Jalisco que aclare c\u00f3mo es que se pas\u00f3 de tener 16 mil 222 personas desaparecidas a s\u00f3lo 14 mil 915; es decir, mil 107 desapariciones menos tras\u2026","rel":"","context":"En &quot;CINTILLO&quot;","block_context":{"text":"CINTILLO","link":"https:\/\/www.grieta.org.mx\/index.php\/category\/cintillo\/"},"img":{"alt_text":"","src":"https:\/\/i0.wp.com\/www.grieta.org.mx\/wp-content\/uploads\/2022\/04\/3-ECHE-696x464-1.jpeg?resize=350%2C200&ssl=1","width":350,"height":200,"srcset":"https:\/\/i0.wp.com\/www.grieta.org.mx\/wp-content\/uploads\/2022\/04\/3-ECHE-696x464-1.jpeg?resize=350%2C200&ssl=1 1x, https:\/\/i0.wp.com\/www.grieta.org.mx\/wp-content\/uploads\/2022\/04\/3-ECHE-696x464-1.jpeg?resize=525%2C300&ssl=1 1.5x"},"classes":[]},{"id":63741,"url":"https:\/\/www.grieta.org.mx\/index.php\/2022\/03\/11\/en-tres-meses-y-cuatro-dias-jalisco-paso-de-15-mil-a-16-mil-desaparecidos-jalisco\/","url_meta":{"origin":43184,"position":5},"title":"En tres meses y cuatro d\u00edas, Jalisco paso de 15 mil a 16 mil desaparecidos (Jalisco)","author":"grieta","date":"11 marzo, 2022","format":false,"excerpt":"Foto: Francisco Rodr\u00edguez V\u00edctor Ch\u00e1vez \/ El Occidental Fue un 7 de diciembre del 2021 cuando los jaliscienses se sorprendieron e indignaron debido a que el Registro Nacional de Personas Desaparecidas report\u00f3 que, de acuerdo a las denuncias, el Estado superaba la cantidad de 15 mil personas desaparecidas y no\u2026","rel":"","context":"En &quot;CINTILLO&quot;","block_context":{"text":"CINTILLO","link":"https:\/\/www.grieta.org.mx\/index.php\/category\/cintillo\/"},"img":{"alt_text":"","src":"https:\/\/i0.wp.com\/www.grieta.org.mx\/wp-content\/uploads\/2022\/03\/Manifestacion-de-familiares-de-desaparecidos-en-Casa-Jalisco.jpg?resize=350%2C200&ssl=1","width":350,"height":200,"srcset":"https:\/\/i0.wp.com\/www.grieta.org.mx\/wp-content\/uploads\/2022\/03\/Manifestacion-de-familiares-de-desaparecidos-en-Casa-Jalisco.jpg?resize=350%2C200&ssl=1 1x, https:\/\/i0.wp.com\/www.grieta.org.mx\/wp-content\/uploads\/2022\/03\/Manifestacion-de-familiares-de-desaparecidos-en-Casa-Jalisco.jpg?resize=525%2C300&ssl=1 1.5x, https:\/\/i0.wp.com\/www.grieta.org.mx\/wp-content\/uploads\/2022\/03\/Manifestacion-de-familiares-de-desaparecidos-en-Casa-Jalisco.jpg?resize=700%2C400&ssl=1 2x"},"classes":[]}],"_links":{"self":[{"href":"https:\/\/www.grieta.org.mx\/index.php\/wp-json\/wp\/v2\/posts\/43184","targetHints":{"allow":["GET"]}}],"collection":[{"href":"https:\/\/www.grieta.org.mx\/index.php\/wp-json\/wp\/v2\/posts"}],"about":[{"href":"https:\/\/www.grieta.org.mx\/index.php\/wp-json\/wp\/v2\/types\/post"}],"author":[{"embeddable":true,"href":"https:\/\/www.grieta.org.mx\/index.php\/wp-json\/wp\/v2\/users\/2"}],"replies":[{"embeddable":true,"href":"https:\/\/www.grieta.org.mx\/index.php\/wp-json\/wp\/v2\/comments?post=43184"}],"version-history":[{"count":1,"href":"https:\/\/www.grieta.org.mx\/index.php\/wp-json\/wp\/v2\/posts\/43184\/revisions"}],"predecessor-version":[{"id":43186,"href":"https:\/\/www.grieta.org.mx\/index.php\/wp-json\/wp\/v2\/posts\/43184\/revisions\/43186"}],"wp:featuredmedia":[{"embeddable":true,"href":"https:\/\/www.grieta.org.mx\/index.php\/wp-json\/wp\/v2\/media\/43185"}],"wp:attachment":[{"href":"https:\/\/www.grieta.org.mx\/index.php\/wp-json\/wp\/v2\/media?parent=43184"}],"wp:term":[{"taxonomy":"category","embeddable":true,"href":"https:\/\/www.grieta.org.mx\/index.php\/wp-json\/wp\/v2\/categories?post=43184"},{"taxonomy":"post_tag","embeddable":true,"href":"https:\/\/www.grieta.org.mx\/index.php\/wp-json\/wp\/v2\/tags?post=43184"}],"curies":[{"name":"wp","href":"https:\/\/api.w.org\/{rel}","templated":true}]}}