{"id":43178,"date":"2020-01-14T22:15:19","date_gmt":"2020-01-15T04:15:19","guid":{"rendered":"http:\/\/www.grieta.org.mx\/?p=43178"},"modified":"2020-01-18T22:23:40","modified_gmt":"2020-01-19T04:23:40","slug":"trabajadores-del-opd-servicios-de-salud-jalisco-realizaron-paros-ante-falta-de-pagos-jalisco","status":"publish","type":"post","link":"https:\/\/www.grieta.org.mx\/index.php\/2020\/01\/14\/trabajadores-del-opd-servicios-de-salud-jalisco-realizaron-paros-ante-falta-de-pagos-jalisco\/","title":{"rendered":"Trabajadores del OPD, Servicios de Salud Jalisco realizaron paros ante falta de pagos (Jalisco)"},"content":{"rendered":"<p><img loading=\"lazy\" decoding=\"async\" data-attachment-id=\"43179\" data-permalink=\"https:\/\/www.grieta.org.mx\/index.php\/2020\/01\/14\/trabajadores-del-opd-servicios-de-salud-jalisco-realizaron-paros-ante-falta-de-pagos-jalisco\/manifestacion-opd-salud-isaura-lopez-villalobos-696x392\/\" data-orig-file=\"https:\/\/www.grieta.org.mx\/wp-content\/uploads\/2020\/01\/Manifestaci\u00f3n-OPD-Salud-Isaura-L\u00f3pez-Villalobos-696x392.jpg\" data-orig-size=\"696,392\" data-comments-opened=\"0\" data-image-meta=\"{&quot;aperture&quot;:&quot;0&quot;,&quot;credit&quot;:&quot;&quot;,&quot;camera&quot;:&quot;&quot;,&quot;caption&quot;:&quot;&quot;,&quot;created_timestamp&quot;:&quot;0&quot;,&quot;copyright&quot;:&quot;&quot;,&quot;focal_length&quot;:&quot;0&quot;,&quot;iso&quot;:&quot;0&quot;,&quot;shutter_speed&quot;:&quot;0&quot;,&quot;title&quot;:&quot;&quot;,&quot;orientation&quot;:&quot;0&quot;}\" data-image-title=\"Manifestaci\u00f3n-OPD-Salud-Isaura-L\u00f3pez-Villalobos-696&amp;#215;392\" data-image-description=\"\" data-image-caption=\"\" data-medium-file=\"https:\/\/www.grieta.org.mx\/wp-content\/uploads\/2020\/01\/Manifestaci\u00f3n-OPD-Salud-Isaura-L\u00f3pez-Villalobos-696x392-300x169.jpg\" data-large-file=\"https:\/\/www.grieta.org.mx\/wp-content\/uploads\/2020\/01\/Manifestaci\u00f3n-OPD-Salud-Isaura-L\u00f3pez-Villalobos-696x392.jpg\" class=\"aligncenter wp-image-43179\" src=\"http:\/\/www.grieta.org.mx\/wp-content\/uploads\/2020\/01\/Manifestaci\u00f3n-OPD-Salud-Isaura-L\u00f3pez-Villalobos-696x392.jpg\" alt=\"\" width=\"799\" height=\"451\" srcset=\"https:\/\/www.grieta.org.mx\/wp-content\/uploads\/2020\/01\/Manifestaci\u00f3n-OPD-Salud-Isaura-L\u00f3pez-Villalobos-696x392.jpg 696w, https:\/\/www.grieta.org.mx\/wp-content\/uploads\/2020\/01\/Manifestaci\u00f3n-OPD-Salud-Isaura-L\u00f3pez-Villalobos-696x392-300x169.jpg 300w\" sizes=\"auto, (max-width: 799px) 100vw, 799px\" \/><\/p>\n<p>Fotograf\u00eda: Isalura L\u00f3pez Villalobos<\/p>\n<p><em>Los trabajadores realizaron paros escalonados en oficinas centrales, hospitales, institutos y centros de salud este lunes ante la segunda dispersi\u00f3n de aguinaldo 2019<\/em><\/p>\n<p>Isaura L\u00f3pez Villaobos \/ UDGTV<\/p>\n<p>Guadalajara, Jalisco.\u00a0Sin afectar el \u00e1rea de urgencias, trabajadores del Organismo P\u00fablico Descentralizado, Servicios de Salud Jalisco\u00a0<strong>realizaron paros escalonados en oficinas centrales, hospitales, institutos y centros de salud<\/strong>\u00a0este lunes ante la falta de pagos y la segunda dispersi\u00f3n de aguinaldo 2019.<\/p>\n<p>Otras de las inconformidades es la falta de insumos, de personal de limpieza en las unidades de trabajo e ineficiente desempe\u00f1o resolutivo en las situaciones de seguridad e higiene.<\/p>\n<p><strong>Este lunes de 9 a 12 horas se realizaron las acciones de inconformidad como parte de las instrucciones del Sindicato Nacional de Trabajadores<\/strong>\u00a0de la Secretar\u00eda de Salud, secci\u00f3n 28.<\/p>\n<p>A trav\u00e9s de una circular se indica que las acciones fueron en contra de la titular del OPD Servicios de Salud, Consuelo Robles Sierra,\u00a0<strong>quien ha contravenido los acuerdos establecidos entre el Sindicato y el Gobernador Enrique Alfaro Ram\u00edrez<\/strong>.<\/p>\n<p>Asimismo, se le pide al trabajador sindicalizado\u00a0<strong>no dejarse amedrentar por falsas amenazas de directivos. <\/strong><\/p>\n<p><a href=\"http:\/\/udgtv.com\/noticias\/trabajadores-opd-servicios-salud-jalisco-realizaron-paros-falta-pagos\/\">http:\/\/udgtv.com\/noticias\/trabajadores-opd-servicios-salud-jalisco-realizaron-paros-falta-pagos\/<\/a><\/p>\n","protected":false},"excerpt":{"rendered":"<p>Fotograf\u00eda: Isalura L\u00f3pez Villalobos Los trabajadores realizaron paros escalonados en oficinas centrales, hospitales, institutos y centros de salud este lunes ante la segunda dispersi\u00f3n de aguinaldo 2019 Isaura L\u00f3pez Villaobos &hellip; <a href=\"https:\/\/www.grieta.org.mx\/index.php\/2020\/01\/14\/trabajadores-del-opd-servicios-de-salud-jalisco-realizaron-paros-ante-falta-de-pagos-jalisco\/\" class=\"more-link\">Leer m\u00e1s<\/a><\/p>\n","protected":false},"author":2,"featured_media":43179,"comment_status":"closed","ping_status":"closed","sticky":false,"template":"","format":"standard","meta":{"ngg_post_thumbnail":0,"_jetpack_newsletter_access":"","_jetpack_dont_email_post_to_subs":false,"_jetpack_newsletter_tier_id":0,"_jetpack_memberships_contains_paywalled_content":false,"_jetpack_memberships_contains_paid_content":false,"footnotes":""},"categories":[80,918,2535,20,2,83],"tags":[2367,1082],"class_list":["post-43178","post","type-post","status-publish","format-standard","has-post-thumbnail","hentry","category-cintillo","category-privatizacion-del-sector-salud","category-crisis-del-sector-salud-en-jalisco","category-jalisco","category-noticias-nacionales","category-temas-nacionales","tag-crisis-en-el-sector-salud","tag-falta-de-pagos","entry"],"jetpack_featured_media_url":"https:\/\/www.grieta.org.mx\/wp-content\/uploads\/2020\/01\/Manifestaci\u00f3n-OPD-Salud-Isaura-L\u00f3pez-Villalobos-696x392.jpg","jetpack_sharing_enabled":true,"jetpack_shortlink":"https:\/\/wp.me\/p7ZJR4-beq","jetpack_likes_enabled":false,"jetpack-related-posts":[{"id":33086,"url":"https:\/\/www.grieta.org.mx\/index.php\/2019\/05\/01\/trabajadores-marchan-en-demandas-de-mejoras-de-hospitales-del-imss-nayarit\/","url_meta":{"origin":43178,"position":0},"title":"Trabajadores marchan en demandas de mejoras de hospitales del IMSS (Jalisco)","author":"grieta","date":"1 mayo, 2019","format":false,"excerpt":"Oseas Lorenzo Bravo \/ Noticias DLB.COM En el marco de la celebraci\u00f3n del d\u00eda del trabajo, m\u00e1s de 350 trabajadores del IMSS, marcharon desde el crucero de El Pitillal hasta la cl\u00ednica 42, en demanda de insumos e infraestructura hospitalaria que permita brindar un servicio de calidad. Norma Isela L\u00f3pez\u2026","rel":"","context":"En &quot;CINTILLO&quot;","block_context":{"text":"CINTILLO","link":"https:\/\/www.grieta.org.mx\/index.php\/category\/cintillo\/"},"img":{"alt_text":"","src":"https:\/\/i0.wp.com\/www.grieta.org.mx\/wp-content\/uploads\/2019\/05\/imss-seguri.jpg?resize=350%2C200&ssl=1","width":350,"height":200},"classes":[]},{"id":40637,"url":"https:\/\/www.grieta.org.mx\/index.php\/2019\/10\/20\/crisis-interna-en-salud-jalisco-ocasiono-epidemia-de-dengue-sin-control-guadalupe-martinez-jalisco\/","url_meta":{"origin":43178,"position":1},"title":"Crisis interna en Salud Jalisco ocasion\u00f3 epidemia de dengue sin control: Guadalupe Mart\u00ednez (Jalisco)","author":"grieta","date":"20 octubre, 2019","format":false,"excerpt":"Foto: Isaura L\u00f3pez Villalobos La crisis interna en el sistema de salud del Gobierno de Jalisco ocasion\u00f3 una epidemia sin control en la Zona Metropolitana de Guadalajara Isaura L\u00f3pez Villalobos \/ UDGTV Guadalajara, Jalisco. La crisis interna en el sistema de salud del Gobierno de Jalisco ocasion\u00f3 una epidemia sin\u2026","rel":"","context":"En &quot;CINTILLO&quot;","block_context":{"text":"CINTILLO","link":"https:\/\/www.grieta.org.mx\/index.php\/category\/cintillo\/"},"img":{"alt_text":"","src":"https:\/\/i0.wp.com\/www.grieta.org.mx\/wp-content\/uploads\/2018\/03\/14524434_1106112876131411_958039263622046936_o.jpg?resize=350%2C200&ssl=1","width":350,"height":200,"srcset":"https:\/\/i0.wp.com\/www.grieta.org.mx\/wp-content\/uploads\/2018\/03\/14524434_1106112876131411_958039263622046936_o.jpg?resize=350%2C200&ssl=1 1x, https:\/\/i0.wp.com\/www.grieta.org.mx\/wp-content\/uploads\/2018\/03\/14524434_1106112876131411_958039263622046936_o.jpg?resize=525%2C300&ssl=1 1.5x, https:\/\/i0.wp.com\/www.grieta.org.mx\/wp-content\/uploads\/2018\/03\/14524434_1106112876131411_958039263622046936_o.jpg?resize=700%2C400&ssl=1 2x"},"classes":[]},{"id":56793,"url":"https:\/\/www.grieta.org.mx\/index.php\/2021\/02\/01\/habitantes-de-el-colorado-denuncian-falta-de-servicios-medicos\/","url_meta":{"origin":43178,"position":2},"title":"Habitantes de El Colorado denuncian falta de servicios m\u00e9dicos (Jalisco)","author":"grieta","date":"1 febrero, 2021","format":false,"excerpt":"Foto: Tribuna de la Bah\u00eda Alberto Garc\u00eda \/ Tribuna de la Bah\u00eda La semana pasada, las autoridades municipales y de salud estatal realizaron un evento en el rancho el Colorado, Jalisco para nombrarlo comunidad saludable, casi de inmediato los vecinos de la comunidad renegaron de ese hecho considerando que se\u2026","rel":"","context":"En &quot;CINTILLO&quot;","block_context":{"text":"CINTILLO","link":"https:\/\/www.grieta.org.mx\/index.php\/category\/cintillo\/"},"img":{"alt_text":"","src":"https:\/\/i0.wp.com\/www.grieta.org.mx\/wp-content\/uploads\/2021\/02\/2Semka3XQfM1Pw3xEGZNpr5RbyJgCHMRC7o0gCqt-portada.jpg?resize=350%2C200&ssl=1","width":350,"height":200,"srcset":"https:\/\/i0.wp.com\/www.grieta.org.mx\/wp-content\/uploads\/2021\/02\/2Semka3XQfM1Pw3xEGZNpr5RbyJgCHMRC7o0gCqt-portada.jpg?resize=350%2C200&ssl=1 1x, https:\/\/i0.wp.com\/www.grieta.org.mx\/wp-content\/uploads\/2021\/02\/2Semka3XQfM1Pw3xEGZNpr5RbyJgCHMRC7o0gCqt-portada.jpg?resize=525%2C300&ssl=1 1.5x, https:\/\/i0.wp.com\/www.grieta.org.mx\/wp-content\/uploads\/2021\/02\/2Semka3XQfM1Pw3xEGZNpr5RbyJgCHMRC7o0gCqt-portada.jpg?resize=700%2C400&ssl=1 2x"},"classes":[]},{"id":56384,"url":"https:\/\/www.grieta.org.mx\/index.php\/2021\/01\/21\/trabajadores-de-hospitales-inconformes-por-no-recibir-base-como-empleados-jalisco\/","url_meta":{"origin":43178,"position":3},"title":"Trabajadores de hospitales inconformes por no recibir base como empleados (Jalisco)","author":"grieta","date":"21 enero, 2021","format":false,"excerpt":"Foto: Ignacio P\u00e9rez Vega Ignacio P\u00e9rez Vega \/UDGTV Guadalajara, Jalisco.\u00a0Un grupo de diez trabajadoras y empleados de la Maternidad \u201cEsperanza L\u00f3pez Mateos\u201d y del Hospital de Zoquipan, se manifestaron en la sede central de la Secretar\u00eda de Salud y en forma posterior en Casa Jalisco, para expresar su inconformidad al\u2026","rel":"","context":"En &quot;CINTILLO&quot;","block_context":{"text":"CINTILLO","link":"https:\/\/www.grieta.org.mx\/index.php\/category\/cintillo\/"},"img":{"alt_text":"","src":"https:\/\/i0.wp.com\/www.grieta.org.mx\/wp-content\/uploads\/2021\/01\/WhatsApp-Image-2021-01-21-at-14.25.19-696x392-1.jpeg?resize=350%2C200&ssl=1","width":350,"height":200,"srcset":"https:\/\/i0.wp.com\/www.grieta.org.mx\/wp-content\/uploads\/2021\/01\/WhatsApp-Image-2021-01-21-at-14.25.19-696x392-1.jpeg?resize=350%2C200&ssl=1 1x, https:\/\/i0.wp.com\/www.grieta.org.mx\/wp-content\/uploads\/2021\/01\/WhatsApp-Image-2021-01-21-at-14.25.19-696x392-1.jpeg?resize=525%2C300&ssl=1 1.5x"},"classes":[]},{"id":50442,"url":"https:\/\/www.grieta.org.mx\/index.php\/2020\/06\/01\/dan-positivo-a-covid-19-veinte-trabajadores-del-hospital-materno-infantil-esperanza-lopez-mateos-jalisco\/","url_meta":{"origin":43178,"position":4},"title":"Dan positivo a Covid-19 veinte trabajadores del Hospital Materno Infantil Esperanza L\u00f3pez Mateos (Jalisco)","author":"grieta","date":"1 junio, 2020","format":false,"excerpt":"Foto: Archivo Adem\u00e1s podr\u00eda estarse registrando el primer brote de en reci\u00e9n nacidos Isaura L\u00f3pez \/ El Occidental A una semana de la detecci\u00f3n de casos por Covid-19 en personal de salud del Hospital Materno Infantil \u201cEsperanza L\u00f3pez Mateos\u201d al parecer existe un brote nosocomial, 20 trabajadores dieron positivo, entre\u2026","rel":"","context":"En &quot;CINTILLO&quot;","block_context":{"text":"CINTILLO","link":"https:\/\/www.grieta.org.mx\/index.php\/category\/cintillo\/"},"img":{"alt_text":"","src":"https:\/\/i0.wp.com\/www.grieta.org.mx\/wp-content\/uploads\/2020\/06\/hospital-materno-infantil.jpg?resize=350%2C200&ssl=1","width":350,"height":200,"srcset":"https:\/\/i0.wp.com\/www.grieta.org.mx\/wp-content\/uploads\/2020\/06\/hospital-materno-infantil.jpg?resize=350%2C200&ssl=1 1x, https:\/\/i0.wp.com\/www.grieta.org.mx\/wp-content\/uploads\/2020\/06\/hospital-materno-infantil.jpg?resize=525%2C300&ssl=1 1.5x, https:\/\/i0.wp.com\/www.grieta.org.mx\/wp-content\/uploads\/2020\/06\/hospital-materno-infantil.jpg?resize=700%2C400&ssl=1 2x"},"classes":[]},{"id":58988,"url":"https:\/\/www.grieta.org.mx\/index.php\/2021\/04\/20\/trabajadores-del-imss-piden-se-vacune-a-todo-el-personal-de-salud-jalisco\/","url_meta":{"origin":43178,"position":5},"title":"Trabajadores del IMSS piden se vacune a todo el personal de salud (Jalisco)","author":"grieta","date":"20 abril, 2021","format":false,"excerpt":"Foto: Rub\u00e9n Fraire Roc\u00edo L\u00f3pez Fonseca \/ UDGTV Luego del caos en algunas cl\u00ednicas del IMSS donde se aplicaron algunas vacunas al personal de salud, casi un centenar de trabajadores del instituto se manifestaron en las inmediaciones del Centro M\u00e9dico cerrando la circulaci\u00f3n de la calle Belisario Dom\u00ednguez. Un miembro\u2026","rel":"","context":"En &quot;CINTILLO&quot;","block_context":{"text":"CINTILLO","link":"https:\/\/www.grieta.org.mx\/index.php\/category\/cintillo\/"},"img":{"alt_text":"","src":"https:\/\/i0.wp.com\/www.grieta.org.mx\/wp-content\/uploads\/2021\/04\/MAnifestacion-IMSS-Ruben-Fraire-696x522-1.jpeg?resize=350%2C200&ssl=1","width":350,"height":200,"srcset":"https:\/\/i0.wp.com\/www.grieta.org.mx\/wp-content\/uploads\/2021\/04\/MAnifestacion-IMSS-Ruben-Fraire-696x522-1.jpeg?resize=350%2C200&ssl=1 1x, https:\/\/i0.wp.com\/www.grieta.org.mx\/wp-content\/uploads\/2021\/04\/MAnifestacion-IMSS-Ruben-Fraire-696x522-1.jpeg?resize=525%2C300&ssl=1 1.5x"},"classes":[]}],"_links":{"self":[{"href":"https:\/\/www.grieta.org.mx\/index.php\/wp-json\/wp\/v2\/posts\/43178","targetHints":{"allow":["GET"]}}],"collection":[{"href":"https:\/\/www.grieta.org.mx\/index.php\/wp-json\/wp\/v2\/posts"}],"about":[{"href":"https:\/\/www.grieta.org.mx\/index.php\/wp-json\/wp\/v2\/types\/post"}],"author":[{"embeddable":true,"href":"https:\/\/www.grieta.org.mx\/index.php\/wp-json\/wp\/v2\/users\/2"}],"replies":[{"embeddable":true,"href":"https:\/\/www.grieta.org.mx\/index.php\/wp-json\/wp\/v2\/comments?post=43178"}],"version-history":[{"count":1,"href":"https:\/\/www.grieta.org.mx\/index.php\/wp-json\/wp\/v2\/posts\/43178\/revisions"}],"predecessor-version":[{"id":43180,"href":"https:\/\/www.grieta.org.mx\/index.php\/wp-json\/wp\/v2\/posts\/43178\/revisions\/43180"}],"wp:featuredmedia":[{"embeddable":true,"href":"https:\/\/www.grieta.org.mx\/index.php\/wp-json\/wp\/v2\/media\/43179"}],"wp:attachment":[{"href":"https:\/\/www.grieta.org.mx\/index.php\/wp-json\/wp\/v2\/media?parent=43178"}],"wp:term":[{"taxonomy":"category","embeddable":true,"href":"https:\/\/www.grieta.org.mx\/index.php\/wp-json\/wp\/v2\/categories?post=43178"},{"taxonomy":"post_tag","embeddable":true,"href":"https:\/\/www.grieta.org.mx\/index.php\/wp-json\/wp\/v2\/tags?post=43178"}],"curies":[{"name":"wp","href":"https:\/\/api.w.org\/{rel}","templated":true}]}}