{"id":43162,"date":"2020-01-16T21:30:45","date_gmt":"2020-01-17T03:30:45","guid":{"rendered":"http:\/\/www.grieta.org.mx\/?p=43162"},"modified":"2020-01-18T21:47:14","modified_gmt":"2020-01-19T03:47:14","slug":"derechohabientes-de-la-unidad-medicina-familiar-2-del-imss-denuncian-falta-de-medicamentos-jalisco","status":"publish","type":"post","link":"https:\/\/www.grieta.org.mx\/index.php\/2020\/01\/16\/derechohabientes-de-la-unidad-medicina-familiar-2-del-imss-denuncian-falta-de-medicamentos-jalisco\/","title":{"rendered":"Derechohabientes de la Unidad Medicina Familiar 2 del IMSS denuncian falta de medicamentos (Jalisco)"},"content":{"rendered":"<p><img loading=\"lazy\" decoding=\"async\" data-attachment-id=\"43163\" data-permalink=\"https:\/\/www.grieta.org.mx\/index.php\/2020\/01\/16\/derechohabientes-de-la-unidad-medicina-familiar-2-del-imss-denuncian-falta-de-medicamentos-jalisco\/imss-falta-medicamentos-isaura-lopez-villalobos-2-696x522\/\" data-orig-file=\"https:\/\/www.grieta.org.mx\/wp-content\/uploads\/2020\/01\/IMSS-falta-medicamentos-Isaura-L\u00f3pez-Villalobos-2-696x522.jpeg\" data-orig-size=\"696,522\" data-comments-opened=\"0\" data-image-meta=\"{&quot;aperture&quot;:&quot;0&quot;,&quot;credit&quot;:&quot;&quot;,&quot;camera&quot;:&quot;&quot;,&quot;caption&quot;:&quot;&quot;,&quot;created_timestamp&quot;:&quot;0&quot;,&quot;copyright&quot;:&quot;&quot;,&quot;focal_length&quot;:&quot;0&quot;,&quot;iso&quot;:&quot;0&quot;,&quot;shutter_speed&quot;:&quot;0&quot;,&quot;title&quot;:&quot;&quot;,&quot;orientation&quot;:&quot;0&quot;}\" data-image-title=\"IMSS-falta-medicamentos-Isaura-L\u00f3pez-Villalobos-2-696&amp;#215;522\" data-image-description=\"\" data-image-caption=\"\" data-medium-file=\"https:\/\/www.grieta.org.mx\/wp-content\/uploads\/2020\/01\/IMSS-falta-medicamentos-Isaura-L\u00f3pez-Villalobos-2-696x522-300x225.jpeg\" data-large-file=\"https:\/\/www.grieta.org.mx\/wp-content\/uploads\/2020\/01\/IMSS-falta-medicamentos-Isaura-L\u00f3pez-Villalobos-2-696x522.jpeg\" class=\"aligncenter wp-image-43163\" src=\"http:\/\/www.grieta.org.mx\/wp-content\/uploads\/2020\/01\/IMSS-falta-medicamentos-Isaura-L\u00f3pez-Villalobos-2-696x522.jpeg\" alt=\"\" width=\"799\" height=\"601\" \/><\/p>\n<p>Imagen: Isaura L\u00f3pez Villalobos<\/p>\n<p><em>Algunos hac\u00edan fila en el m\u00f3dulo de atenci\u00f3n y orientaci\u00f3n de la Unidad M\u00e9dica para pedir informaci\u00f3n sobre su tratamiento<\/em><\/p>\n<p>Isaura L\u00f3pez Villalobos \/ UDGTV<\/p>\n<p>Guadalajara, Jalisco. En la Unidad Medicina Familiar n\u00famero 2 del IMSS Jalisco derechohabientes denuncian la falta de medicamentos.<\/p>\n<p>Algunos hac\u00edan fila en el m\u00f3dulo de atenci\u00f3n y orientaci\u00f3n de la Unidad M\u00e9dica para pedir informaci\u00f3n sobre su tratamiento o bien, les entreguen un vale para el surtimiento completo.<\/p>\n<p>La mayor\u00eda de las personas que hac\u00edan fila en el m\u00f3dulo de atenci\u00f3n de la Unidad M\u00e9dica n\u00famero dos del IMSS, ubicada en tradicional barrio de Santa Teresa eran en edad productiva y de la tercera edad.<\/p>\n<p><a href=\"http:\/\/udgtv.com\/noticias\/derechohabientes-unidad-medicina-familia-2-imss-denuncian-falta-medicamentos\/\">http:\/\/udgtv.com\/noticias\/derechohabientes-unidad-medicina-familia-2-imss-denuncian-falta-medicamentos\/<\/a><\/p>\n","protected":false},"excerpt":{"rendered":"<p>Imagen: Isaura L\u00f3pez Villalobos Algunos hac\u00edan fila en el m\u00f3dulo de atenci\u00f3n y orientaci\u00f3n de la Unidad M\u00e9dica para pedir informaci\u00f3n sobre su tratamiento Isaura L\u00f3pez Villalobos \/ UDGTV Guadalajara, &hellip; <a href=\"https:\/\/www.grieta.org.mx\/index.php\/2020\/01\/16\/derechohabientes-de-la-unidad-medicina-familiar-2-del-imss-denuncian-falta-de-medicamentos-jalisco\/\" class=\"more-link\">Leer m\u00e1s<\/a><\/p>\n","protected":false},"author":2,"featured_media":43163,"comment_status":"closed","ping_status":"closed","sticky":false,"template":"","format":"standard","meta":{"ngg_post_thumbnail":0,"_jetpack_newsletter_access":"","_jetpack_dont_email_post_to_subs":false,"_jetpack_newsletter_tier_id":0,"_jetpack_memberships_contains_paywalled_content":false,"_jetpack_memberships_contains_paid_content":false,"footnotes":""},"categories":[80,918,2535,20,2,83],"tags":[2367,2551,166],"class_list":["post-43162","post","type-post","status-publish","format-standard","has-post-thumbnail","hentry","category-cintillo","category-privatizacion-del-sector-salud","category-crisis-del-sector-salud-en-jalisco","category-jalisco","category-noticias-nacionales","category-temas-nacionales","tag-crisis-en-el-sector-salud","tag-falta-de-medicinas","tag-imss","entry"],"jetpack_featured_media_url":"https:\/\/www.grieta.org.mx\/wp-content\/uploads\/2020\/01\/IMSS-falta-medicamentos-Isaura-L\u00f3pez-Villalobos-2-696x522.jpeg","jetpack_sharing_enabled":true,"jetpack_shortlink":"https:\/\/wp.me\/p7ZJR4-bea","jetpack_likes_enabled":false,"jetpack-related-posts":[{"id":43807,"url":"https:\/\/www.grieta.org.mx\/index.php\/2020\/01\/24\/hay-desabasto-de-medicamentos-para-la-atencion-de-cancer-infantil-jalisco\/","url_meta":{"origin":43162,"position":0},"title":"Hay desabasto de medicamentos para la atenci\u00f3n de c\u00e1ncer infantil  (Jalisco)","author":"grieta","date":"24 enero, 2020","format":false,"excerpt":"Foto: Francisco Rodr\u00edguez \/ El Occidental Isaura L\u00f3pez \/ El Occidental Se lleg\u00f3 el d\u00eda que organizaciones civiles en Jalisco que velan por la salud de ni\u00f1as, ni\u00f1os y adolescentes con c\u00e1ncer tem\u00edan. En el Hospital General de Occidente (HGO) conocido como Zoquipan y en el Nuevo Hospital Civil de\u2026","rel":"","context":"En &quot;CINTILLO&quot;","block_context":{"text":"CINTILLO","link":"https:\/\/www.grieta.org.mx\/index.php\/category\/cintillo\/"},"img":{"alt_text":"","src":"https:\/\/i0.wp.com\/www.grieta.org.mx\/wp-content\/uploads\/2020\/02\/sin-seguro-popular-2.jpeg?resize=350%2C200&ssl=1","width":350,"height":200,"srcset":"https:\/\/i0.wp.com\/www.grieta.org.mx\/wp-content\/uploads\/2020\/02\/sin-seguro-popular-2.jpeg?resize=350%2C200&ssl=1 1x, https:\/\/i0.wp.com\/www.grieta.org.mx\/wp-content\/uploads\/2020\/02\/sin-seguro-popular-2.jpeg?resize=525%2C300&ssl=1 1.5x, https:\/\/i0.wp.com\/www.grieta.org.mx\/wp-content\/uploads\/2020\/02\/sin-seguro-popular-2.jpeg?resize=700%2C400&ssl=1 2x"},"classes":[]},{"id":44282,"url":"https:\/\/www.grieta.org.mx\/index.php\/2020\/02\/14\/actos-de-discriminacion-hostigamiento-y-falta-de-insumos-denuncian-trabajadores-del-imss-jalisco\/","url_meta":{"origin":43162,"position":1},"title":"Actos de discriminaci\u00f3n, hostigamiento y falta de insumos denuncian trabajadores del IMSS Jalisco","author":"grieta","date":"14 febrero, 2020","format":false,"excerpt":"Foto: Isaura L\u00f3pez Isaura L\u00f3pez \/ El Occidental Por d\u00e9cadas, integrantes del Sindicato Nacional Libre de los Trabajadores del Seguro Social (SNLTSS), cap\u00edtulo Jalisco denuncian que han ido perdiendo sus derechos, jornadas laborales, el r\u00e9gimen de jubilaci\u00f3n y pensiones en riesgo. Adem\u00e1s, reprueban que han padecido discriminaci\u00f3n, hostigamiento y falta\u2026","rel":"","context":"En &quot;CINTILLO&quot;","block_context":{"text":"CINTILLO","link":"https:\/\/www.grieta.org.mx\/index.php\/category\/cintillo\/"},"img":{"alt_text":"","src":"https:\/\/i0.wp.com\/www.grieta.org.mx\/wp-content\/uploads\/2020\/02\/WhatsApp-Image-2020-02-14-at-10.28.19.jpeg?resize=350%2C200","width":350,"height":200,"srcset":"https:\/\/i0.wp.com\/www.grieta.org.mx\/wp-content\/uploads\/2020\/02\/WhatsApp-Image-2020-02-14-at-10.28.19.jpeg?resize=350%2C200 1x, https:\/\/i0.wp.com\/www.grieta.org.mx\/wp-content\/uploads\/2020\/02\/WhatsApp-Image-2020-02-14-at-10.28.19.jpeg?resize=525%2C300 1.5x, https:\/\/i0.wp.com\/www.grieta.org.mx\/wp-content\/uploads\/2020\/02\/WhatsApp-Image-2020-02-14-at-10.28.19.jpeg?resize=700%2C400 2x"},"classes":[]},{"id":43082,"url":"https:\/\/www.grieta.org.mx\/index.php\/2020\/01\/13\/denuncian-escasez-de-medicamentos-y-materiales-en-imss-de-san-juan-del-rio-queretaro\/","url_meta":{"origin":43162,"position":2},"title":"Denuncian escasez de medicamentos y materiales en IMSS de San Juan del R\u00edo (Quer\u00e9taro)","author":"grieta","date":"13 enero, 2020","format":false,"excerpt":"Derechohabientes de la Unidad de Medicina Familiar N\u00ba 7 del IMSS en San Juan del R\u00edo, denunciaron la falta de medicamentos y materiales para ser atendidos. Cris Mesa Ram\u00edrez \/ Rotativo San Juan del R\u00edo, 13 Enero 2019.- Derechohabientes de la Unidad de Medicina Familiar (UMF), N\u00ba 7 del Instituto\u2026","rel":"","context":"En &quot;CINTILLO&quot;","block_context":{"text":"CINTILLO","link":"https:\/\/www.grieta.org.mx\/index.php\/category\/cintillo\/"},"img":{"alt_text":"","src":"https:\/\/i0.wp.com\/www.grieta.org.mx\/wp-content\/uploads\/2020\/01\/Denuncian-escasez-de-medicamentos-y-materiales-en-IMSS-de-San-Juan-del-R%C3%ADo-qro-ene.jpg?resize=350%2C200&ssl=1","width":350,"height":200,"srcset":"https:\/\/i0.wp.com\/www.grieta.org.mx\/wp-content\/uploads\/2020\/01\/Denuncian-escasez-de-medicamentos-y-materiales-en-IMSS-de-San-Juan-del-R%C3%ADo-qro-ene.jpg?resize=350%2C200&ssl=1 1x, https:\/\/i0.wp.com\/www.grieta.org.mx\/wp-content\/uploads\/2020\/01\/Denuncian-escasez-de-medicamentos-y-materiales-en-IMSS-de-San-Juan-del-R%C3%ADo-qro-ene.jpg?resize=525%2C300&ssl=1 1.5x"},"classes":[]},{"id":57703,"url":"https:\/\/www.grieta.org.mx\/index.php\/2021\/03\/10\/trabajadores-del-imss-se-manifiestan-y-piden-vacunas-jalisco\/","url_meta":{"origin":43162,"position":3},"title":"Trabajadores del IMSS se manifiestan y piden vacunas (Jalisco)","author":"grieta","date":"10 marzo, 2021","format":false,"excerpt":"Foto: Cortes\u00eda V\u00edctor Ch\u00e1vez \/ El Occidental Al grito de \u201cqueremos vacunas, queremos vacunas\u201d, personal m\u00e9dico de la cl\u00ednica 53 del IMSS situada por avenidas Juan Pablo II, Centro, 45100 Zapopan, Jalisco, se manifest\u00f3 la ma\u00f1ana de este mi\u00e9rcoles. Ellos siguen arriesg\u00e1ndose, dicen, y solo ven pasar las vacunas para\u2026","rel":"","context":"En &quot;CINTILLO&quot;","block_context":{"text":"CINTILLO","link":"https:\/\/www.grieta.org.mx\/index.php\/category\/cintillo\/"},"img":{"alt_text":"","src":"https:\/\/i0.wp.com\/www.grieta.org.mx\/wp-content\/uploads\/2021\/03\/Personal-me%CC%81dico1.jpg?resize=350%2C200&ssl=1","width":350,"height":200,"srcset":"https:\/\/i0.wp.com\/www.grieta.org.mx\/wp-content\/uploads\/2021\/03\/Personal-me%CC%81dico1.jpg?resize=350%2C200&ssl=1 1x, https:\/\/i0.wp.com\/www.grieta.org.mx\/wp-content\/uploads\/2021\/03\/Personal-me%CC%81dico1.jpg?resize=525%2C300&ssl=1 1.5x, https:\/\/i0.wp.com\/www.grieta.org.mx\/wp-content\/uploads\/2021\/03\/Personal-me%CC%81dico1.jpg?resize=700%2C400&ssl=1 2x"},"classes":[]},{"id":56100,"url":"https:\/\/www.grieta.org.mx\/index.php\/2021\/01\/02\/terminacion-de-contratos-del-imss-deja-sin-hemodialisis-a-pacientes-de-insuficiencia-renal-jalisco\/","url_meta":{"origin":43162,"position":4},"title":"Terminaci\u00f3n de contratos del IMSS deja sin hemodi\u00e1lisis a pacientes de insuficiencia renal (Jalisco)","author":"grieta","date":"2 enero, 2021","format":false,"excerpt":"Foto: Georgina Garc\u00eda Sol\u00eds Los afectados son derechohabientes del Hospital General Regional n\u00famero 45, quienes se manifestaron el viernes 1 de enero a las afueras del nosocomio Georgina Garc\u00eda Sol\u00eds \/ UDGTV Pacientes de insuficiencia renal no han podido recibir su tratamiento de hemodi\u00e1lisis\u00a0por la terminaci\u00f3n de los contratos que\u2026","rel":"","context":"En &quot;CINTILLO&quot;","block_context":{"text":"CINTILLO","link":"https:\/\/www.grieta.org.mx\/index.php\/category\/cintillo\/"},"img":{"alt_text":"","src":"https:\/\/i0.wp.com\/www.grieta.org.mx\/wp-content\/uploads\/2021\/01\/WhatsApp-Image-2021-01-02-at-15.07.01-696x522-1.jpeg?resize=350%2C200&ssl=1","width":350,"height":200,"srcset":"https:\/\/i0.wp.com\/www.grieta.org.mx\/wp-content\/uploads\/2021\/01\/WhatsApp-Image-2021-01-02-at-15.07.01-696x522-1.jpeg?resize=350%2C200&ssl=1 1x, https:\/\/i0.wp.com\/www.grieta.org.mx\/wp-content\/uploads\/2021\/01\/WhatsApp-Image-2021-01-02-at-15.07.01-696x522-1.jpeg?resize=525%2C300&ssl=1 1.5x"},"classes":[]},{"id":49688,"url":"https:\/\/www.grieta.org.mx\/index.php\/2020\/05\/19\/personal-del-imss-es-amenazado-por-la-institucion-y-crimen-organizado-la-guardia-nacional-no-protege-jalisco\/","url_meta":{"origin":43162,"position":5},"title":"Personal del IMSS es amenazado por la instituci\u00f3n y crimen organizado, la Guardia Nacional no protege (Jalisco)","author":"grieta","date":"19 mayo, 2020","format":false,"excerpt":"Foto: Cortes\u00eda Para atender pacientes con Covid-19, denuncian una serie de atropellos institucionales e incluso han sido intimidados por un grupo delictivo, l Isaura L\u00f3pez \/ El Occidental Por exigir equipo de protecci\u00f3n para atender pacientes con Covid-19, personal del Instituto Mexicano del Seguro Social (IMSS) es amenazado con anular\u2026","rel":"","context":"En &quot;CINTILLO&quot;","block_context":{"text":"CINTILLO","link":"https:\/\/www.grieta.org.mx\/index.php\/category\/cintillo\/"},"img":{"alt_text":"","src":"https:\/\/i0.wp.com\/www.grieta.org.mx\/wp-content\/uploads\/2020\/05\/Enfermeros.jpg?resize=350%2C200&ssl=1","width":350,"height":200,"srcset":"https:\/\/i0.wp.com\/www.grieta.org.mx\/wp-content\/uploads\/2020\/05\/Enfermeros.jpg?resize=350%2C200&ssl=1 1x, https:\/\/i0.wp.com\/www.grieta.org.mx\/wp-content\/uploads\/2020\/05\/Enfermeros.jpg?resize=525%2C300&ssl=1 1.5x, https:\/\/i0.wp.com\/www.grieta.org.mx\/wp-content\/uploads\/2020\/05\/Enfermeros.jpg?resize=700%2C400&ssl=1 2x"},"classes":[]}],"_links":{"self":[{"href":"https:\/\/www.grieta.org.mx\/index.php\/wp-json\/wp\/v2\/posts\/43162","targetHints":{"allow":["GET"]}}],"collection":[{"href":"https:\/\/www.grieta.org.mx\/index.php\/wp-json\/wp\/v2\/posts"}],"about":[{"href":"https:\/\/www.grieta.org.mx\/index.php\/wp-json\/wp\/v2\/types\/post"}],"author":[{"embeddable":true,"href":"https:\/\/www.grieta.org.mx\/index.php\/wp-json\/wp\/v2\/users\/2"}],"replies":[{"embeddable":true,"href":"https:\/\/www.grieta.org.mx\/index.php\/wp-json\/wp\/v2\/comments?post=43162"}],"version-history":[{"count":1,"href":"https:\/\/www.grieta.org.mx\/index.php\/wp-json\/wp\/v2\/posts\/43162\/revisions"}],"predecessor-version":[{"id":43166,"href":"https:\/\/www.grieta.org.mx\/index.php\/wp-json\/wp\/v2\/posts\/43162\/revisions\/43166"}],"wp:featuredmedia":[{"embeddable":true,"href":"https:\/\/www.grieta.org.mx\/index.php\/wp-json\/wp\/v2\/media\/43163"}],"wp:attachment":[{"href":"https:\/\/www.grieta.org.mx\/index.php\/wp-json\/wp\/v2\/media?parent=43162"}],"wp:term":[{"taxonomy":"category","embeddable":true,"href":"https:\/\/www.grieta.org.mx\/index.php\/wp-json\/wp\/v2\/categories?post=43162"},{"taxonomy":"post_tag","embeddable":true,"href":"https:\/\/www.grieta.org.mx\/index.php\/wp-json\/wp\/v2\/tags?post=43162"}],"curies":[{"name":"wp","href":"https:\/\/api.w.org\/{rel}","templated":true}]}}