{"id":4315,"date":"2015-07-26T18:59:55","date_gmt":"2015-07-26T18:59:55","guid":{"rendered":"http:\/\/50.22.11.12\/~grietaor\/?p=4315"},"modified":"2016-04-25T00:37:38","modified_gmt":"2016-04-25T00:37:38","slug":"piden-ver-los-desaparecidos-como-personas-no-como-expedientes-protestan-familiares-en-guadalajara","status":"publish","type":"post","link":"https:\/\/www.grieta.org.mx\/index.php\/2015\/07\/26\/piden-ver-los-desaparecidos-como-personas-no-como-expedientes-protestan-familiares-en-guadalajara\/","title":{"rendered":"Piden ver los desaparecidos como personas, no como expedientes. Protestan familiares en Guadalajara"},"content":{"rendered":"<p>Por: Darwin Franco Migues <\/p>\n<p>26 de julio de 2015.- No hubo necesidad de utilizar la voz cuando la verdad es visible en la decenas de retratos que sostienen los integrantes de Familias Unidas por Nuestros Desaparecidos Jalisco (FUNDEJ), que se manifestaron en silencio en el Parque Revoluci\u00f3n.<\/p>\n<p>Sucedi\u00f3 esto un d\u00eda despu\u00e9s de que la Fiscal\u00eda General de Jalisco anunciara en voz de su Fiscal General, Eduardo Almaguer, que emprender\u00edan la b\u00fasqueda m\u00e1s grande para localizar a los desaparecidos del estado, la cual b\u00e1sicamente consiste en ir a las casas de sus familiares para preguntarles: \u201cSi ya apareci\u00f3 su desaparecido y\/o si ellos saben cu\u00e1l podr\u00eda ser su paradero\u201d.<\/p>\n<p>A trav\u00e9s de esta \u201cacci\u00f3n de confirmaci\u00f3n\u201d, la Fiscal\u00eda pretende depurar su propia base de datos porque, al parecer, no saben cu\u00e1ntas de las denuncias que se han presentado en sus diversas direcciones regionales o en su Agencia del Ministerio P\u00fablico 12\/C, especializada en desapariciones, est\u00e1n o no vigentes.<\/p>\n<p>Con datos de la Unidad de Transparencia de la Fiscal\u00eda General de Jalisco se puede saber que hay 2 mil 803 desaparecidos en el periodo que abarca entre el 1 de enero de 2006 y el 31 de mayo de 2015. La hip\u00f3tesis de la Fiscal\u00eda es que muchos de \u00e9stos ya aparecieron y las familias simplemente no les avisan; por ello es que deben confirmar esta informaci\u00f3n.<\/p>\n<p>De acuerdo con la Fiscal\u00eda hay 14 mil 863 expedientes por desapariciones, que suman 15 mil 908 desaparecidos, de los cuales han logrado localizar con vida a 12 mil 590 personas y sin ella a 516; por eso resulta la cifra de 2 mil 803.<\/p>\n<p>El Fiscal General, Eduardo Almaguer, nombr\u00f3 como responsable de la b\u00fasqueda de los desaparecidos de Jalisco a Violeta Cristina Meza Jim\u00e9nez, quien desde inicios del a\u00f1o ha fungido como la coordinadora de las acciones periciales de la Agencia del Ministerio P\u00fablico 12\/C.<\/p>\n<p>Sin embargo, su papel en esta Agencia ha sido muy cuestionado, pues Meza Jim\u00e9nez ha negado, a las familias de FUNDEJ, el acceso a sus expedientes por considerar que en ellos \u201chay informaci\u00f3n que es mejor que las familias no sepan\u201d.<\/p>\n<p>En esta coyuntura, las y los integrantes de FUNDEJ iniciaron una campa\u00f1a permanente que se realizar\u00e1 los \u00faltimos domingos de cada mes y que consiste en salir a marchar de manera silenciosa portando las fotos de sus desaparecidos como una se\u00f1al evidente de que \u00e9stos siguen sin aparecer, m\u00e1s all\u00e1 de que las autoridades digan lo contrario. Esta acci\u00f3n, semejante a la que realizan las abuelas de la Plaza de Mayo en Argentina, busca visibilizar no s\u00f3lo a los desaparecidos sino tambi\u00e9n el trabajo que ellas realizan para encontrarlos.<\/p>\n<p>\u201cYo ya no creo en los nuevos planes de b\u00fasqueda de las autoridades\u201d, dice con firmeza Yolanda, quien busca desde el 27 de noviembre del 2012 a su esposo Agapito Castillo D\u00edaz.<\/p>\n<p>Yolanda no tiene ning\u00fan avance sobre la desaparici\u00f3n de su esposo pues en los casi tres a\u00f1os de b\u00fasqueda no ha recibido ni una llamada ni ninguna visita de los agentes investigadores.<\/p>\n<p>\u201cQue vengan ahora a mi casa a preguntarme si sigue desaparecido mi esposo me parece absurdo, porque la \u00faltima vez que fui a ver mi expediente no hab\u00eda ning\u00fan avance. Los \u00fanicos avances que hay son los que nosotros hemos llevado. De ellos (la Fiscal\u00eda) no hay nada en mi expediente\u201d, precis\u00f3 Yolanda.<\/p>\n<p>Lo mismo pasa con Alfredo, padre de Edgar Rangel Mart\u00ednez desaparecido desde el 13 de octubre del 2012: \u201cVas a la Fiscal\u00eda o la comandancia y nunca hay avances de nada. Ellos se esperan a que uno lleve informaci\u00f3n y aunque uno lleve datos no pasa nada. Yo s\u00e9 qui\u00e9n amenaz\u00f3 a mi hijo personalmente y a trav\u00e9s de Facebook pero esto no sirve de nada porque no los investigan\u201d<\/p>\n<p>\u201cYo les he dado muchos datos pero siempre es un volver a empezar pues desde que desapareci\u00f3 mi hijo hemos tenido cinco agentes investigadores. A mi hijo, incluso, lo han criminalizado involucr\u00e1ndolo con balaceras y con la detonaci\u00f3n de bombas de los bares de Javier Mina siendo que esto ocurri\u00f3 cuando mi hijo ya estaba desaparecido\u201d.<\/p>\n<p>Esta criminalizaci\u00f3n molesta y hace enojar al padre de Edgar Rangel Mart\u00ednez, pues no se puede decir esto sin presentar pruebas; por ello, para \u00e9l que pasen a su casa a preguntar por su hijo es in\u00fatil siendo que hace m\u00e1s de un a\u00f1o que no hay avances en su investigaci\u00f3n.<\/p>\n<p>Desde la autoridad parece haber desconfianza en las familias que aseguran que su ser querido no ha regresado.<\/p>\n<p>Quiz\u00e1 esta sea la raz\u00f3n por la cual, los agentes que est\u00e1n preguntando \u201ccasa por casa\u201d el estatus de los desaparecidos. Tienen que tomar fotograf\u00edas de su visita y se\u00f1alar \u201cel privilegio\u201d que es formar parte de estas acciones de confirmaci\u00f3n.<\/p>\n<p>As\u00ed pas\u00f3 con Guadalupe, madre de David Alejandro \u00c1valos Rodr\u00edguez, quien desapareci\u00f3 el 25 de octubre del 2014.<\/p>\n<p>\u201cA mi casa fueron a visitarme el 22 de julio y me preguntaron que si ya hab\u00eda aparecido mi hijo pero yo les dije que no. Yo les ped\u00ed que me dijeran que sab\u00edan de \u00e9l, pero no me dieron ninguna informaci\u00f3n. Lo \u00fanico que me dijeron es que yo era una de las afortunadas que recib\u00eda las primeras visitas de la Fiscal\u00eda\u2026 yo les dije que eso no me llenada nada porque lo que yo quiero que me digan es d\u00f3nde est\u00e1 mi hijo\u201d, expres\u00f3 Guadalupe.<\/p>\n<p>En la marcha por los desaparecidos de FUNDEJ, de hoy domingo, estuvo presente lo que tanto busca la Fiscal\u00eda General.<\/p>\n<p>Para confirmar si quienes aparecen en las denuncias que tiene la Fiscal\u00eda General de Jalisco siguen desaparecidos bastaba, hoy domingo, con mirar las fotograf\u00edas y los nombres de los rostros que aparecieron en las pancartas que los integrantes de FUNDEJ mostraron sobre las calles de Ju\u00e1rez, L\u00f3pez Cotilla y Federalismo, todo esto en pleno centro de la ciudad de Guadalajara.<\/p>\n<p>Bastaba con detenerse a mirar la fecha y lugar de desaparici\u00f3n para dar constancia de que, en efecto, est\u00e1n desaparecidos y de que, desde luego, sus familias los buscan.<\/p>\n<p>Contabilizando el n\u00famero de personas desaparecidas localizadas con vida o sin ella, la Fiscal\u00eda y Agencia del Ministerio P\u00fablico 12\/C poseen 13 mil 025 expedientes que tendr\u00edan que estar archivados al no tener delito que perseguir.<\/p>\n<p>Sin embargo, la acci\u00f3n que se est\u00e1 emprendiendo podr\u00eda arrojar que muchos de \u00e9stos pudieron ser archivados sin tener la certeza de que las personas en verdad hubiesen aparecido.<\/p>\n<p>No obstante, no es sobre estos expedientes que se est\u00e1 dando la acci\u00f3n de confirmaci\u00f3n sino sobre los 2 mil 803 que mantiene a\u00fan abiertos la Fiscal\u00eda; por ello, para FUNDEJ resulta obsoleta la tarea que est\u00e1n realizando pues s\u00ed de verdad investigaran las desapariciones no tendr\u00edan que andar preguntando algo que deber\u00eda ser parte del resultado de sus acciones de b\u00fasqueda.<\/p>\n<p>En la convocatoria que realiz\u00f3 el Fiscal General, Eduardo Almaguer, para presentar su plan de b\u00fasqueda de los desaparecidos tambi\u00e9n acudi\u00f3 FUNDEJ y desde que conoci\u00f3 su idea, la organizaci\u00f3n dio a conocer su postura.<\/p>\n<p>\u201cNo hay ninguna diferencia entre que vayan a sus casas o que les llamen por tel\u00e9fono (como anteriormente lo hac\u00edan), ya que el resultado ser\u00e1 el mismo: No habr\u00e1 b\u00fasqueda porque al pedirnos ellos informaci\u00f3n significa que no tienen nada que ofrecernos\u201d.<\/p>\n<p>Para FUNDEJ se trata de una b\u00fasqueda pol\u00edtica (no pericial) pues s\u00f3lo se busca evidenciar que s\u00ed est\u00e1n trabajando aunque no den informaci\u00f3n sobre el paradero de cada uno de los 2 mil 803 desaparecidos que hoy tiene Jalisco.<\/p>\n<p>Tocar casa por casa a los familiares de los desaparecidos y preguntar si \u00e9stos ya aparecieron no resuelve el por qu\u00e9 las personas desaparecen en el estado, no abona a la detenci\u00f3n de los implicados en las desapariciones ni genera el ambiente para evitar que en Jalisco sigan desapareciendo personas.<\/p>\n<p>Lo \u00fanico que resuelve es la simulaci\u00f3n de una b\u00fasqueda y la depuraci\u00f3n de una base de datos donde la Fiscal\u00eda asegura haber resuelto 13 mil 025 desapariciones de las 15 mil 908 denuncias que se presentaron entre el 1 de enero del 2006 y el 31 de mayo del 2015.<\/p>\n<p>Estos n\u00fameros pueden f\u00e1cilmente ponerse en duda al escuchar cada uno de los testimonios de quienes acudieron a la manifestaci\u00f3n que FUNDEJ realiz\u00f3 este 26 de julio en el Parque Revoluci\u00f3n. Ah\u00ed, las familias de Agapito, Edgar y David Alejandro son claro testimonio de que no hay b\u00fasqueda de desaparecidos en Jalisco; por ello, para FUNDEJ queda claro que la Fiscal\u00eda General de Jalisco no quiere buscar a sus desaparecidos sino cerrar\/archivar sus expedientes.<\/p>\n<p><a href=\"http:\/\/www.proyectodiez.mx\/piden-ver-a-los-desaparecidos-como-personas-no-como-expedientes-protestan-familiares-en-silencio\/\" target=\"_blank\">http:\/\/www.proyectodiez.mx\/piden-ver-a-los-desaparecidos-como-personas-no-como-expedientes-protestan-familiares-en-silencio\/<\/a><\/p>\n","protected":false},"excerpt":{"rendered":"<p>Por: Darwin Franco Migues 26 de julio de 2015.- No hubo necesidad de utilizar la voz cuando la verdad es visible en la decenas de retratos que sostienen los integrantes &hellip; <a href=\"https:\/\/www.grieta.org.mx\/index.php\/2015\/07\/26\/piden-ver-los-desaparecidos-como-personas-no-como-expedientes-protestan-familiares-en-guadalajara\/\" class=\"more-link\">Leer m\u00e1s<\/a><\/p>\n","protected":false},"author":2,"featured_media":21928,"comment_status":"closed","ping_status":"open","sticky":false,"template":"","format":"standard","meta":{"ngg_post_thumbnail":0,"_jetpack_newsletter_access":"","_jetpack_dont_email_post_to_subs":false,"_jetpack_newsletter_tier_id":0,"_jetpack_memberships_contains_paywalled_content":false,"_jetpack_memberships_contains_paid_content":false,"footnotes":""},"categories":[80,230],"tags":[121],"class_list":["post-4315","post","type-post","status-publish","format-standard","has-post-thumbnail","hentry","category-cintillo","category-jalisco","tag-desaparecidos","entry"],"jetpack_featured_media_url":"https:\/\/www.grieta.org.mx\/wp-content\/uploads\/2018\/03\/14524434_1106112876131411_958039263622046936_o.jpg","jetpack_sharing_enabled":true,"jetpack_shortlink":"https:\/\/wp.me\/p7ZJR4-17B","jetpack_likes_enabled":false,"jetpack-related-posts":[{"id":20589,"url":"https:\/\/www.grieta.org.mx\/index.php\/2016\/08\/30\/gobierno-de-jalisco-oculta-la-tragedia-de-los-desaparecidos\/","url_meta":{"origin":4315,"position":0},"title":"Gobierno de Jalisco oculta la tragedia de los desaparecidos","author":"grieta","date":"30 agosto, 2016","format":false,"excerpt":"Mario Marlo Jalisco el segundo estado con mayor n\u00famero de desaparecidos en M\u00e9xico Guadalajara, Jalisco, 30 de agosto 2016.- En el marco del D\u00eda Internacional de las V\u00edctimas de Desaparici\u00f3n Forzada, familiares de desaparecidos en el estado de Jalisco realizaron una protesta y un acto en memoria por sus desaparecidos\u2026","rel":"","context":"En &quot;CINTILLO&quot;","block_context":{"text":"CINTILLO","link":"https:\/\/www.grieta.org.mx\/index.php\/category\/cintillo\/"},"img":{"alt_text":"","src":"https:\/\/i0.wp.com\/www.grieta.org.mx\/wp-content\/uploads\/2018\/03\/14524434_1106112876131411_958039263622046936_o.jpg?resize=350%2C200&ssl=1","width":350,"height":200,"srcset":"https:\/\/i0.wp.com\/www.grieta.org.mx\/wp-content\/uploads\/2018\/03\/14524434_1106112876131411_958039263622046936_o.jpg?resize=350%2C200&ssl=1 1x, https:\/\/i0.wp.com\/www.grieta.org.mx\/wp-content\/uploads\/2018\/03\/14524434_1106112876131411_958039263622046936_o.jpg?resize=525%2C300&ssl=1 1.5x, https:\/\/i0.wp.com\/www.grieta.org.mx\/wp-content\/uploads\/2018\/03\/14524434_1106112876131411_958039263622046936_o.jpg?resize=700%2C400&ssl=1 2x"},"classes":[]},{"id":56008,"url":"https:\/\/www.grieta.org.mx\/index.php\/2020\/12\/22\/colectivos-piden-una-fiscalia-autonoma-para-desaparecidos-jalisco\/","url_meta":{"origin":4315,"position":1},"title":"Colectivos piden una fiscal\u00eda aut\u00f3noma para desaparecidos (Jalisco)","author":"grieta","date":"22 diciembre, 2020","format":false,"excerpt":"Foto: Archivo el Diario NTR Jessica Pilar P\u00e9rez\/ El Diario NTR Colectivos de familiares de personas desaparecidas y acad\u00e9micos pidieron al Congreso del Estado que desde la ley se defina que la fiscal\u00eda de\u00a0desaparecidos local\u00a0debe ser especializada y aut\u00f3noma. Hace dos a\u00f1os, cuando se realizaron reformas a la Ley Org\u00e1nica\u2026","rel":"","context":"En &quot;CINTILLO&quot;","block_context":{"text":"CINTILLO","link":"https:\/\/www.grieta.org.mx\/index.php\/category\/cintillo\/"},"img":{"alt_text":"","src":"https:\/\/i0.wp.com\/www.grieta.org.mx\/wp-content\/uploads\/2020\/12\/2020-12-21_10-12-41___8246.jpg?resize=350%2C200&ssl=1","width":350,"height":200,"srcset":"https:\/\/i0.wp.com\/www.grieta.org.mx\/wp-content\/uploads\/2020\/12\/2020-12-21_10-12-41___8246.jpg?resize=350%2C200&ssl=1 1x, https:\/\/i0.wp.com\/www.grieta.org.mx\/wp-content\/uploads\/2020\/12\/2020-12-21_10-12-41___8246.jpg?resize=525%2C300&ssl=1 1.5x, https:\/\/i0.wp.com\/www.grieta.org.mx\/wp-content\/uploads\/2020\/12\/2020-12-21_10-12-41___8246.jpg?resize=700%2C400&ssl=1 2x"},"classes":[]},{"id":61642,"url":"https:\/\/www.grieta.org.mx\/index.php\/2021\/09\/11\/familiares-exigen-que-se-de-con-el-paradero-de-los-jovenes-potosinos-desaparecidos-en-jalisco\/","url_meta":{"origin":4315,"position":2},"title":"Familiares exigen que se d\u00e9 con el paradero de los j\u00f3venes potosinos desaparecidos en Jalisco","author":"grieta","date":"11 septiembre, 2021","format":false,"excerpt":"La Jornada San Luis Fotos: C\u00e9sar Rivera 11 septiembre 2021 Familiares de los cuatro j\u00f3venes potosinos desaparecidos en Jalisco se manifestaron para exigir resultados en las investigaciones de la fiscal\u00eda jalisciense y para demandar que la Fiscal\u00eda potosina presione en ese sentido. Los manifestantes portaron fotograf\u00edas con el mensaje \u201c\u00bfD\u00f3nde\u2026","rel":"","context":"En &quot;CINTILLO&quot;","block_context":{"text":"CINTILLO","link":"https:\/\/www.grieta.org.mx\/index.php\/category\/cintillo\/"},"img":{"alt_text":"","src":"https:\/\/i0.wp.com\/www.grieta.org.mx\/wp-content\/uploads\/2021\/09\/donde-estan.jpeg?resize=350%2C200&ssl=1","width":350,"height":200,"srcset":"https:\/\/i0.wp.com\/www.grieta.org.mx\/wp-content\/uploads\/2021\/09\/donde-estan.jpeg?resize=350%2C200&ssl=1 1x, https:\/\/i0.wp.com\/www.grieta.org.mx\/wp-content\/uploads\/2021\/09\/donde-estan.jpeg?resize=525%2C300&ssl=1 1.5x"},"classes":[]},{"id":64600,"url":"https:\/\/www.grieta.org.mx\/index.php\/2022\/07\/20\/condiciona-fiscalia-busqueda-de-desaparecidos-no-quieren-la-participacion-de-colectivos-denuncian-madres-buscadoras-jalisco\/","url_meta":{"origin":4315,"position":3},"title":"Condiciona Fiscal\u00eda b\u00fasqueda de desaparecidos; no quieren la participaci\u00f3n de colectivos denuncian madres buscadoras (Jalisco, Sonora)","author":"grieta","date":"20 julio, 2022","format":false,"excerpt":"Imagen: Especial Lauro Rodr\u00edguez \/ El Diario NTR Las Madres Buscadoras de Sonora acusaron que la Fiscal\u00eda del Estado condicion\u00f3 la b\u00fasqueda en campo. Mencion\u00f3 que se niegan a acompa\u00f1ar acciones colectivas. Ceci Patricia Flores Armenta, lideresa del colectivo Madres Buscadoras de Sonora, mencion\u00f3 que extendieron su estancia en Jalisco\u2026","rel":"","context":"En &quot;CINTILLO&quot;","block_context":{"text":"CINTILLO","link":"https:\/\/www.grieta.org.mx\/index.php\/category\/cintillo\/"},"img":{"alt_text":"","src":"https:\/\/i0.wp.com\/www.grieta.org.mx\/wp-content\/uploads\/2022\/07\/2022-07-20_10-07-27___612.png?resize=350%2C200&ssl=1","width":350,"height":200,"srcset":"https:\/\/i0.wp.com\/www.grieta.org.mx\/wp-content\/uploads\/2022\/07\/2022-07-20_10-07-27___612.png?resize=350%2C200&ssl=1 1x, https:\/\/i0.wp.com\/www.grieta.org.mx\/wp-content\/uploads\/2022\/07\/2022-07-20_10-07-27___612.png?resize=525%2C300&ssl=1 1.5x, https:\/\/i0.wp.com\/www.grieta.org.mx\/wp-content\/uploads\/2022\/07\/2022-07-20_10-07-27___612.png?resize=700%2C400&ssl=1 2x"},"classes":[]},{"id":62106,"url":"https:\/\/www.grieta.org.mx\/index.php\/2021\/09\/26\/la-fiscalia-no-busco-nosotros-la-encontramos-jalisco\/","url_meta":{"origin":4315,"position":4},"title":"\u201cLa Fiscal\u00eda no busc\u00f3, nosotros la encontramos\u201d (Jalisco)","author":"grieta","date":"26 septiembre, 2021","format":false,"excerpt":"Foto: Zona Docs Tras permanecer siete d\u00edas como desaparecida, Wendoline G\u00f3mez Mendoza fue localizada con vida, el 25 de septiembre. Su familia en un acto simb\u00f3lico retir\u00f3 de la Glorieta de las y los Desaparecidos, la lona de b\u00fasqueda que colocaron tras su desaparici\u00f3n ocurrida, el 18 de septiembre. En\u2026","rel":"","context":"En &quot;CINTILLO&quot;","block_context":{"text":"CINTILLO","link":"https:\/\/www.grieta.org.mx\/index.php\/category\/cintillo\/"},"img":{"alt_text":"","src":"https:\/\/i0.wp.com\/www.grieta.org.mx\/wp-content\/uploads\/2021\/10\/wendoline-768x432-1.jpeg?resize=350%2C200&ssl=1","width":350,"height":200,"srcset":"https:\/\/i0.wp.com\/www.grieta.org.mx\/wp-content\/uploads\/2021\/10\/wendoline-768x432-1.jpeg?resize=350%2C200&ssl=1 1x, https:\/\/i0.wp.com\/www.grieta.org.mx\/wp-content\/uploads\/2021\/10\/wendoline-768x432-1.jpeg?resize=525%2C300&ssl=1 1.5x, https:\/\/i0.wp.com\/www.grieta.org.mx\/wp-content\/uploads\/2021\/10\/wendoline-768x432-1.jpeg?resize=700%2C400&ssl=1 2x"},"classes":[]},{"id":64654,"url":"https:\/\/www.grieta.org.mx\/index.php\/2022\/07\/28\/fiscalia-dejo-de-investigar-y-nos-revictimizan-colectivos-de-desaparecidos-jalisco\/","url_meta":{"origin":4315,"position":5},"title":"Fiscal\u00eda dej\u00f3 de investigar y nos revictimizan: colectivos de desaparecidos (Jalisco)","author":"grieta","date":"28 julio, 2022","format":false,"excerpt":"Imagen: Edgar Flores Edgar Flores \/ El Diario NTR \"Esto ya lleg\u00f3 al l\u00edmite. Ya no s\u00f3lo dejaron de buscar e investigar, tambi\u00e9n nos gritan y revictimizan\", \u00e9sos son los reclamos coincidentes de al menos una veintena de familiares de desaparecidos e integrantes de colectivos de b\u00fasqueda que esta ma\u00f1ana\u2026","rel":"","context":"En &quot;CINTILLO&quot;","block_context":{"text":"CINTILLO","link":"https:\/\/www.grieta.org.mx\/index.php\/category\/cintillo\/"},"img":{"alt_text":"","src":"https:\/\/i0.wp.com\/www.grieta.org.mx\/wp-content\/uploads\/2022\/07\/2022-07-28_10-07-35___4501.jpg?resize=350%2C200&ssl=1","width":350,"height":200,"srcset":"https:\/\/i0.wp.com\/www.grieta.org.mx\/wp-content\/uploads\/2022\/07\/2022-07-28_10-07-35___4501.jpg?resize=350%2C200&ssl=1 1x, https:\/\/i0.wp.com\/www.grieta.org.mx\/wp-content\/uploads\/2022\/07\/2022-07-28_10-07-35___4501.jpg?resize=525%2C300&ssl=1 1.5x, https:\/\/i0.wp.com\/www.grieta.org.mx\/wp-content\/uploads\/2022\/07\/2022-07-28_10-07-35___4501.jpg?resize=700%2C400&ssl=1 2x"},"classes":[]}],"_links":{"self":[{"href":"https:\/\/www.grieta.org.mx\/index.php\/wp-json\/wp\/v2\/posts\/4315","targetHints":{"allow":["GET"]}}],"collection":[{"href":"https:\/\/www.grieta.org.mx\/index.php\/wp-json\/wp\/v2\/posts"}],"about":[{"href":"https:\/\/www.grieta.org.mx\/index.php\/wp-json\/wp\/v2\/types\/post"}],"author":[{"embeddable":true,"href":"https:\/\/www.grieta.org.mx\/index.php\/wp-json\/wp\/v2\/users\/2"}],"replies":[{"embeddable":true,"href":"https:\/\/www.grieta.org.mx\/index.php\/wp-json\/wp\/v2\/comments?post=4315"}],"version-history":[{"count":1,"href":"https:\/\/www.grieta.org.mx\/index.php\/wp-json\/wp\/v2\/posts\/4315\/revisions"}],"predecessor-version":[{"id":10853,"href":"https:\/\/www.grieta.org.mx\/index.php\/wp-json\/wp\/v2\/posts\/4315\/revisions\/10853"}],"wp:featuredmedia":[{"embeddable":true,"href":"https:\/\/www.grieta.org.mx\/index.php\/wp-json\/wp\/v2\/media\/21928"}],"wp:attachment":[{"href":"https:\/\/www.grieta.org.mx\/index.php\/wp-json\/wp\/v2\/media?parent=4315"}],"wp:term":[{"taxonomy":"category","embeddable":true,"href":"https:\/\/www.grieta.org.mx\/index.php\/wp-json\/wp\/v2\/categories?post=4315"},{"taxonomy":"post_tag","embeddable":true,"href":"https:\/\/www.grieta.org.mx\/index.php\/wp-json\/wp\/v2\/tags?post=4315"}],"curies":[{"name":"wp","href":"https:\/\/api.w.org\/{rel}","templated":true}]}}