{"id":43134,"date":"2020-01-15T20:53:57","date_gmt":"2020-01-16T02:53:57","guid":{"rendered":"http:\/\/www.grieta.org.mx\/?p=43134"},"modified":"2020-01-17T21:02:34","modified_gmt":"2020-01-18T03:02:34","slug":"anuncia-consejo-supremo-indigena-toma-generalizada-de-carreteras-en-michoacan","status":"publish","type":"post","link":"https:\/\/www.grieta.org.mx\/index.php\/2020\/01\/15\/anuncia-consejo-supremo-indigena-toma-generalizada-de-carreteras-en-michoacan\/","title":{"rendered":"Anuncia Consejo Supremo Ind\u00edgena toma generalizada de carreteras en Michoac\u00e1n"},"content":{"rendered":"<p>Sandra Soraya Castro \/ Cambio de Michoac\u00e1n, Mi\u00e9rcoles 15 de Enero de 2020<\/p>\n<p>Este texto ha sido publicado en el sitio Cambio de Michoac\u00e1n, en la direcci\u00f3n http:\/\/www.cambiodemichoacan.com.mx\/nota-n59580<br \/>\nSi lo cita por favor cite la fuente, manteniendo un enlace a la informaci\u00f3n original. Derechos Reservados, Sociedad Editora de Michoac\u00e1n S.A. de C.V.<br \/>\nMorelia, Michoac\u00e1n.- El Consejo Supremo Ind\u00edgena de Michoac\u00e1n anunci\u00f3 la toma y cierre de carreteras general en todo el estado y declararon persona no grata a la presidenta municipal de Nahuatzen, Mayra Lucia Morales, quien aseguraron, ser\u00e1 expulsada de las comunidades originarias. Lo anterior tras denunciar la represi\u00f3n de comuneros, mujeres y adultos mayores de las comunidades de Sevina, Coamachuen y Nahuatzen. En un comunicado se\u00f1ala que los hechos ocurrieron cuando las v\u00edctimas se manifestaban en el Ayuntamiento de Nahuatzen para exigir su derecho a la autonom\u00eda, el presupuesto directo y el reconocimiento de los consejos de gobierno comunal.<\/p>\n<figure id=\"attachment_43135\" aria-describedby=\"caption-attachment-43135\" style=\"width: 800px\" class=\"wp-caption aligncenter\"><img loading=\"lazy\" decoding=\"async\" data-attachment-id=\"43135\" data-permalink=\"https:\/\/www.grieta.org.mx\/index.php\/2020\/01\/15\/anuncia-consejo-supremo-indigena-toma-generalizada-de-carreteras-en-michoacan\/_a63fedc4fe9cd3ce686ee649f80d4c65consejo\/\" data-orig-file=\"https:\/\/www.grieta.org.mx\/wp-content\/uploads\/2020\/01\/a63fedc4fe9cd3ce686ee649f80d4c65consejo.jpg\" data-orig-size=\"1600,1067\" data-comments-opened=\"0\" data-image-meta=\"{&quot;aperture&quot;:&quot;0&quot;,&quot;credit&quot;:&quot;&quot;,&quot;camera&quot;:&quot;&quot;,&quot;caption&quot;:&quot;&quot;,&quot;created_timestamp&quot;:&quot;0&quot;,&quot;copyright&quot;:&quot;&quot;,&quot;focal_length&quot;:&quot;0&quot;,&quot;iso&quot;:&quot;0&quot;,&quot;shutter_speed&quot;:&quot;0&quot;,&quot;title&quot;:&quot;&quot;,&quot;orientation&quot;:&quot;1&quot;}\" data-image-title=\"_a63fedc4fe9cd3ce686ee649f80d4c65,consejo\" data-image-description=\"\" data-image-caption=\"&lt;p&gt;El Consejo Supremo Ind\u00edgena de Michoac\u00e1n anunci\u00f3 la toma y cierre de carreteras general en todo el estado (Foto: Especial)&lt;\/p&gt;\n\" data-medium-file=\"https:\/\/www.grieta.org.mx\/wp-content\/uploads\/2020\/01\/a63fedc4fe9cd3ce686ee649f80d4c65consejo-300x200.jpg\" data-large-file=\"https:\/\/www.grieta.org.mx\/wp-content\/uploads\/2020\/01\/a63fedc4fe9cd3ce686ee649f80d4c65consejo-1024x683.jpg\" class=\"wp-image-43135\" src=\"http:\/\/www.grieta.org.mx\/wp-content\/uploads\/2020\/01\/a63fedc4fe9cd3ce686ee649f80d4c65consejo.jpg\" alt=\"\" width=\"800\" height=\"534\" srcset=\"https:\/\/www.grieta.org.mx\/wp-content\/uploads\/2020\/01\/a63fedc4fe9cd3ce686ee649f80d4c65consejo.jpg 1600w, https:\/\/www.grieta.org.mx\/wp-content\/uploads\/2020\/01\/a63fedc4fe9cd3ce686ee649f80d4c65consejo-300x200.jpg 300w, https:\/\/www.grieta.org.mx\/wp-content\/uploads\/2020\/01\/a63fedc4fe9cd3ce686ee649f80d4c65consejo-768x512.jpg 768w, https:\/\/www.grieta.org.mx\/wp-content\/uploads\/2020\/01\/a63fedc4fe9cd3ce686ee649f80d4c65consejo-1024x683.jpg 1024w, https:\/\/www.grieta.org.mx\/wp-content\/uploads\/2020\/01\/a63fedc4fe9cd3ce686ee649f80d4c65consejo-750x500.jpg 750w\" sizes=\"auto, (max-width: 800px) 100vw, 800px\" \/><figcaption id=\"caption-attachment-43135\" class=\"wp-caption-text\">El Consejo Supremo Ind\u00edgena de Michoac\u00e1n anunci\u00f3 la toma y cierre de carreteras general en todo el estado (Foto: Especial)<\/figcaption><\/figure>\n<p>\u201cLos actos de represi\u00f3n fueron encabezados por la Guardia Nacional, la Polic\u00eda Michoac\u00e1n, y la Polic\u00eda Municipal, quienes \u201cintimidaron, insultaron, golpearon, robaron celulares y reprimieron a cientos de manifestantes, realizando incluso m\u00faltiples disparos, resultando de estos hechos, herido por un proyectil de arma de fuego Roberto J Lucas Huerta de 52 a\u00f1os de la comunidad de Nahuatzen\u201d, se se\u00f1ala. En tanto, el Ayuntamiento de Nahuatzen rechaz\u00f3 que haya habido represi\u00f3n contra los ind\u00edgenas y dijo que los comuneros intentaron linchar a dos elementos policiacos, uno de los cuales recibi\u00f3 un impacto de bala en la pierna. Lamenta que los ind\u00edgenas sigan siendo utilizados como \u201ccarne de ca\u00f1\u00f3n\u201d y asegura que las autoridades municipales han acatado los mandatos impuestos por el Tribunal Electoral del Estado de Michoac\u00e1n y se han realizado dep\u00f3sitos bancarios (9 y 14 de enero) a favor de la comunidad de Comachu\u00e9n y Sevina, para que sus autoridades ejerzan recursos de manera directa. \u201cLa intromisi\u00f3n del Concejo Supremo no se justifica, apelamos al estado de derecho y solicitamos a las Autoridades Estatales y Federales procedan en apego a las leyes que nos rigen para que tomen cartas en el asunto y no se permita que nuestro municipio siga viviendo en vac\u00edos legales\u201d, concluye el Ayuntamiento.<\/p>\n<p><a href=\"http:\/\/www.cambiodemichoacan.com.mx\/nota-n59580\">http:\/\/www.cambiodemichoacan.com.mx\/nota-n59580<\/a><\/p>\n","protected":false},"excerpt":{"rendered":"<p>Sandra Soraya Castro \/ Cambio de Michoac\u00e1n, Mi\u00e9rcoles 15 de Enero de 2020 Este texto ha sido publicado en el sitio Cambio de Michoac\u00e1n, en la direcci\u00f3n http:\/\/www.cambiodemichoacan.com.mx\/nota-n59580 Si lo &hellip; <a href=\"https:\/\/www.grieta.org.mx\/index.php\/2020\/01\/15\/anuncia-consejo-supremo-indigena-toma-generalizada-de-carreteras-en-michoacan\/\" class=\"more-link\">Leer m\u00e1s<\/a><\/p>\n","protected":false},"author":2,"featured_media":43135,"comment_status":"closed","ping_status":"closed","sticky":false,"template":"","format":"standard","meta":{"ngg_post_thumbnail":0,"_jetpack_newsletter_access":"","_jetpack_dont_email_post_to_subs":false,"_jetpack_newsletter_tier_id":0,"_jetpack_memberships_contains_paywalled_content":false,"_jetpack_memberships_contains_paid_content":false,"footnotes":""},"categories":[80,21,1169,995,2690,2934],"tags":[2466,130],"class_list":["post-43134","post","type-post","status-publish","format-standard","has-post-thumbnail","hentry","category-cintillo","category-michoacan","category-organizacion-autonoma-del-consejo-supremos-indigena-de-michoacan","category-resistencia-y-construccion-de-autonomia-de-las-comunidades-rurales-en-michoacan","category-resistencias","category-resistencias-en-michoacan","tag-luchas-y-resistencias-de-pueblos-originarios","tag-represion","entry"],"jetpack_featured_media_url":"https:\/\/www.grieta.org.mx\/wp-content\/uploads\/2020\/01\/a63fedc4fe9cd3ce686ee649f80d4c65consejo.jpg","jetpack_sharing_enabled":true,"jetpack_shortlink":"https:\/\/wp.me\/p7ZJR4-bdI","jetpack_likes_enabled":false,"jetpack-related-posts":[{"id":51826,"url":"https:\/\/www.grieta.org.mx\/index.php\/2020\/06\/26\/consejo-supremo-indigena-bloquea-carreteras-ante-visita-al-estado-de-amlo-michoacan\/","url_meta":{"origin":43134,"position":0},"title":"Consejo Supremo Ind\u00edgena bloquea carreteras ante visita al estado de AMLO (Michoac\u00e1n)","author":"grieta","date":"26 junio, 2020","format":false,"excerpt":"Ren\u00e9 Serrano Garc\u00eda \/Informativo La Regi\u00f3n, viernes de 26 junio de 2020 Durante la visita del Presidente de la Rep\u00fablica a Michoac\u00e1n, mediante lo que denominaron S\u00e9ptima Jornada de Lucha: Respeto a los Derechos de los Pueblos Originarios, el Consejo Supremo Ind\u00edgena de Michoac\u00e1n, consejo conformado por autoridades ind\u00edgenas de\u2026","rel":"","context":"En &quot;CINTILLO&quot;","block_context":{"text":"CINTILLO","link":"https:\/\/www.grieta.org.mx\/index.php\/category\/cintillo\/"},"img":{"alt_text":"","src":"https:\/\/i0.wp.com\/www.grieta.org.mx\/wp-content\/uploads\/2020\/07\/ConsejoSupremoIndigena779x450.jpg?resize=350%2C200&ssl=1","width":350,"height":200,"srcset":"https:\/\/i0.wp.com\/www.grieta.org.mx\/wp-content\/uploads\/2020\/07\/ConsejoSupremoIndigena779x450.jpg?resize=350%2C200&ssl=1 1x, https:\/\/i0.wp.com\/www.grieta.org.mx\/wp-content\/uploads\/2020\/07\/ConsejoSupremoIndigena779x450.jpg?resize=525%2C300&ssl=1 1.5x, https:\/\/i0.wp.com\/www.grieta.org.mx\/wp-content\/uploads\/2020\/07\/ConsejoSupremoIndigena779x450.jpg?resize=700%2C400&ssl=1 2x"},"classes":[]},{"id":43140,"url":"https:\/\/www.grieta.org.mx\/index.php\/2019\/12\/19\/consejo-supremo-indigena-se-une-al-congreso-nacional-indigena-michoacan\/","url_meta":{"origin":43134,"position":1},"title":"Consejo Supremo Ind\u00edgena se une al Congreso Nacional Ind\u00edgena (Michoac\u00e1n)","author":"grieta","date":"19 diciembre, 2019","format":false,"excerpt":"Por: Redacci\u00f3n Monitor Expreso. 19 de diciembre de 2019 M\u00e9xico.- El Consejo Supremo Ind\u00edgena de Michoac\u00e1n (CSIM), solicit\u00f3 su incorporaci\u00f3n formal al Congreso Nacional Ind\u00edgena (CNI). Manifestando en su misiva que fue una decisi\u00f3n de la Asamblea General de Autoridades de comunidades originarias entre las que se encuentran, Jefes de\u2026","rel":"","context":"En &quot;CINTILLO&quot;","block_context":{"text":"CINTILLO","link":"https:\/\/www.grieta.org.mx\/index.php\/category\/cintillo\/"},"img":{"alt_text":"","src":"https:\/\/i0.wp.com\/www.grieta.org.mx\/wp-content\/uploads\/2020\/01\/consejo-supremo-indigena.png?resize=350%2C200&ssl=1","width":350,"height":200,"srcset":"https:\/\/i0.wp.com\/www.grieta.org.mx\/wp-content\/uploads\/2020\/01\/consejo-supremo-indigena.png?resize=350%2C200&ssl=1 1x, https:\/\/i0.wp.com\/www.grieta.org.mx\/wp-content\/uploads\/2020\/01\/consejo-supremo-indigena.png?resize=525%2C300&ssl=1 1.5x, https:\/\/i0.wp.com\/www.grieta.org.mx\/wp-content\/uploads\/2020\/01\/consejo-supremo-indigena.png?resize=700%2C400&ssl=1 2x"},"classes":[]},{"id":54857,"url":"https:\/\/www.grieta.org.mx\/index.php\/2020\/10\/12\/consejo-supremo-indigena-bloquea-4-puntos-carreteros-michoacan\/","url_meta":{"origin":43134,"position":2},"title":"Consejo Supremo Ind\u00edgena bloquea 4 puntos carreteros (Michoac\u00e1n)","author":"grieta","date":"12 octubre, 2020","format":false,"excerpt":"Redacci\u00f3n Quadratin \/ 12 de octubre de 2020 MORELIA, Mich., 12 de octubre de 2020.- K\u00b4eri Kunkorhekua Iretecheri, el Consejo Supremo Ind\u00edgena de Michoac\u00e1n #CSIM, consejo aut\u00f3nomo e independiente, constituido por autoridades civiles, comunales y tradicionales de 60 comunidades originarias, manifestaron conjuntamente lo siguiente: El 12 de octubre de 2020\u2026","rel":"","context":"En &quot;CINTILLO&quot;","block_context":{"text":"CINTILLO","link":"https:\/\/www.grieta.org.mx\/index.php\/category\/cintillo\/"},"img":{"alt_text":"","src":"https:\/\/i0.wp.com\/www.grieta.org.mx\/wp-content\/uploads\/2020\/11\/IMG-20201012-WA0009-1160x700-1.jpg?resize=350%2C200&ssl=1","width":350,"height":200,"srcset":"https:\/\/i0.wp.com\/www.grieta.org.mx\/wp-content\/uploads\/2020\/11\/IMG-20201012-WA0009-1160x700-1.jpg?resize=350%2C200&ssl=1 1x, https:\/\/i0.wp.com\/www.grieta.org.mx\/wp-content\/uploads\/2020\/11\/IMG-20201012-WA0009-1160x700-1.jpg?resize=525%2C300&ssl=1 1.5x, https:\/\/i0.wp.com\/www.grieta.org.mx\/wp-content\/uploads\/2020\/11\/IMG-20201012-WA0009-1160x700-1.jpg?resize=700%2C400&ssl=1 2x, https:\/\/i0.wp.com\/www.grieta.org.mx\/wp-content\/uploads\/2020\/11\/IMG-20201012-WA0009-1160x700-1.jpg?resize=1050%2C600&ssl=1 3x"},"classes":[]},{"id":64504,"url":"https:\/\/www.grieta.org.mx\/index.php\/2022\/07\/06\/consejo-supremo-indigena-de-michoacan-mantiene-bloqueos-en-al-menos-4-carreteras\/","url_meta":{"origin":43134,"position":3},"title":"Consejo Supremo Ind\u00edgena de Michoac\u00e1n mantiene bloqueos en al menos 4 carreteras","author":"grieta","date":"6 julio, 2022","format":false,"excerpt":"Por Redacci\u00f3n 90 grados, 6 de julio de 2022 Michoac\u00e1n, 6 de julio de 2022.- El Consejo Supremo Ind\u00edgena de Michoac\u00e1n (CSIM) junto con el Consejo Libre y Aut\u00f3nomo de los Pueblos Originarios de Michoac\u00e1n, la Asamblea General Autoridades Ind\u00edgenas de 65 comunidades originarias, mantienen bloqueos esta ma\u00f1ana de mi\u00e9rcoles\u2026","rel":"","context":"En &quot;CINTILLO&quot;","block_context":{"text":"CINTILLO","link":"https:\/\/www.grieta.org.mx\/index.php\/category\/cintillo\/"},"img":{"alt_text":"","src":"https:\/\/i0.wp.com\/www.grieta.org.mx\/wp-content\/uploads\/2022\/07\/0-grande.jpg?resize=350%2C200&ssl=1","width":350,"height":200,"srcset":"https:\/\/i0.wp.com\/www.grieta.org.mx\/wp-content\/uploads\/2022\/07\/0-grande.jpg?resize=350%2C200&ssl=1 1x, https:\/\/i0.wp.com\/www.grieta.org.mx\/wp-content\/uploads\/2022\/07\/0-grande.jpg?resize=525%2C300&ssl=1 1.5x, https:\/\/i0.wp.com\/www.grieta.org.mx\/wp-content\/uploads\/2022\/07\/0-grande.jpg?resize=700%2C400&ssl=1 2x"},"classes":[]},{"id":64291,"url":"https:\/\/www.grieta.org.mx\/index.php\/2022\/05\/19\/consejo-supremo-indigena-de-michoacan-recibe-a-caravana-wixarika\/","url_meta":{"origin":43134,"position":4},"title":"Consejo Supremo Ind\u00edgena de Michoac\u00e1n recibe a caravana Wix\u00e1rika","author":"grieta","date":"19 mayo, 2022","format":false,"excerpt":"Informativo La Regi\u00f3n, jueves, 19 mayo 2022 Estaci\u00f3n Quer\u00e9ndaro a 19 de mayo del 2022.- El Consejo Supremo Ind\u00edgena de Michoac\u00e1n #CSIM consejo aut\u00f3nomo conformado por autoridades tradiciones de 65 comunidades originarias recibi\u00f3 a la Caravana de la Dignidad y la Conciencia Wix\u00e1rika en el poblado de Estaci\u00f3n de Quer\u00e9ndaro\u2026","rel":"","context":"En &quot;CINTILLO&quot;","block_context":{"text":"CINTILLO","link":"https:\/\/www.grieta.org.mx\/index.php\/category\/cintillo\/"},"img":{"alt_text":"","src":"https:\/\/i0.wp.com\/www.grieta.org.mx\/wp-content\/uploads\/2022\/05\/282247347_2671207033013660_6376625324115801356_n.jpg?resize=350%2C200&ssl=1","width":350,"height":200,"srcset":"https:\/\/i0.wp.com\/www.grieta.org.mx\/wp-content\/uploads\/2022\/05\/282247347_2671207033013660_6376625324115801356_n.jpg?resize=350%2C200&ssl=1 1x, https:\/\/i0.wp.com\/www.grieta.org.mx\/wp-content\/uploads\/2022\/05\/282247347_2671207033013660_6376625324115801356_n.jpg?resize=525%2C300&ssl=1 1.5x, https:\/\/i0.wp.com\/www.grieta.org.mx\/wp-content\/uploads\/2022\/05\/282247347_2671207033013660_6376625324115801356_n.jpg?resize=700%2C400&ssl=1 2x, https:\/\/i0.wp.com\/www.grieta.org.mx\/wp-content\/uploads\/2022\/05\/282247347_2671207033013660_6376625324115801356_n.jpg?resize=1050%2C600&ssl=1 3x, https:\/\/i0.wp.com\/www.grieta.org.mx\/wp-content\/uploads\/2022\/05\/282247347_2671207033013660_6376625324115801356_n.jpg?resize=1400%2C800&ssl=1 4x"},"classes":[]},{"id":43137,"url":"https:\/\/www.grieta.org.mx\/index.php\/2020\/01\/15\/consejo-supremo-indigena-de-michoacan-denuncia-represion-y-amenazas-de-muerte-en-contra-de-concejos-comunales-de-comachuen-sevina-y-nahuatzen\/","url_meta":{"origin":43134,"position":5},"title":"Consejo Supremo Ind\u00edgena de Michoac\u00e1n denuncia represi\u00f3n y amenazas de muerte en contra de Concejos Comunales de Comachu\u00e9n, Sevina y Nahuatzen","author":"grieta","date":"15 enero, 2020","format":false,"excerpt":"Por:Patricia Torres \/ Noventa Grados, 15 de Enero de 2020 Comunidades P`urh\u00e9pecha a 15 de enero del 2020. A trav\u00e9s de un comunicado, el Consejo Supremo Ind\u00edgena de Michoac\u00e1n (CSIM), consejo de autoridades civiles, comunales y tradicionales que agrupa alrededor de 60 comunidades, denunci\u00f3 la represi\u00f3n de comuneros, mujeres y\u2026","rel":"","context":"En &quot;CINTILLO&quot;","block_context":{"text":"CINTILLO","link":"https:\/\/www.grieta.org.mx\/index.php\/category\/cintillo\/"},"img":{"alt_text":"","src":"https:\/\/i0.wp.com\/www.grieta.org.mx\/wp-content\/uploads\/2020\/01\/0-grande.jpg?resize=350%2C200&ssl=1","width":350,"height":200,"srcset":"https:\/\/i0.wp.com\/www.grieta.org.mx\/wp-content\/uploads\/2020\/01\/0-grande.jpg?resize=350%2C200&ssl=1 1x, https:\/\/i0.wp.com\/www.grieta.org.mx\/wp-content\/uploads\/2020\/01\/0-grande.jpg?resize=525%2C300&ssl=1 1.5x, https:\/\/i0.wp.com\/www.grieta.org.mx\/wp-content\/uploads\/2020\/01\/0-grande.jpg?resize=700%2C400&ssl=1 2x"},"classes":[]}],"_links":{"self":[{"href":"https:\/\/www.grieta.org.mx\/index.php\/wp-json\/wp\/v2\/posts\/43134","targetHints":{"allow":["GET"]}}],"collection":[{"href":"https:\/\/www.grieta.org.mx\/index.php\/wp-json\/wp\/v2\/posts"}],"about":[{"href":"https:\/\/www.grieta.org.mx\/index.php\/wp-json\/wp\/v2\/types\/post"}],"author":[{"embeddable":true,"href":"https:\/\/www.grieta.org.mx\/index.php\/wp-json\/wp\/v2\/users\/2"}],"replies":[{"embeddable":true,"href":"https:\/\/www.grieta.org.mx\/index.php\/wp-json\/wp\/v2\/comments?post=43134"}],"version-history":[{"count":1,"href":"https:\/\/www.grieta.org.mx\/index.php\/wp-json\/wp\/v2\/posts\/43134\/revisions"}],"predecessor-version":[{"id":43136,"href":"https:\/\/www.grieta.org.mx\/index.php\/wp-json\/wp\/v2\/posts\/43134\/revisions\/43136"}],"wp:featuredmedia":[{"embeddable":true,"href":"https:\/\/www.grieta.org.mx\/index.php\/wp-json\/wp\/v2\/media\/43135"}],"wp:attachment":[{"href":"https:\/\/www.grieta.org.mx\/index.php\/wp-json\/wp\/v2\/media?parent=43134"}],"wp:term":[{"taxonomy":"category","embeddable":true,"href":"https:\/\/www.grieta.org.mx\/index.php\/wp-json\/wp\/v2\/categories?post=43134"},{"taxonomy":"post_tag","embeddable":true,"href":"https:\/\/www.grieta.org.mx\/index.php\/wp-json\/wp\/v2\/tags?post=43134"}],"curies":[{"name":"wp","href":"https:\/\/api.w.org\/{rel}","templated":true}]}}