{"id":43113,"date":"2019-12-17T09:24:20","date_gmt":"2019-12-17T15:24:20","guid":{"rendered":"http:\/\/www.grieta.org.mx\/?p=43113"},"modified":"2020-02-17T11:36:17","modified_gmt":"2020-02-17T17:36:17","slug":"josue-queria-revolucionar-el-son-jarocho-pero-fue-asesinado-en-san-juan-evangelista-veracruz","status":"publish","type":"post","link":"https:\/\/www.grieta.org.mx\/index.php\/2019\/12\/17\/josue-queria-revolucionar-el-son-jarocho-pero-fue-asesinado-en-san-juan-evangelista-veracruz\/","title":{"rendered":"Josu\u00e9 quer\u00eda revolucionar el son jarocho, pero fue asesinado en San Juan Evangelista (Veracruz)"},"content":{"rendered":"<p><img loading=\"lazy\" decoding=\"async\" data-attachment-id=\"43114\" data-permalink=\"https:\/\/www.grieta.org.mx\/index.php\/2019\/12\/17\/josue-queria-revolucionar-el-son-jarocho-pero-fue-asesinado-en-san-juan-evangelista-veracruz\/492348211177f77e6a16fb_1\/\" data-orig-file=\"https:\/\/www.grieta.org.mx\/wp-content\/uploads\/2020\/01\/492348211177f77e6a16fb_1.jpg\" data-orig-size=\"600,350\" data-comments-opened=\"0\" data-image-meta=\"{&quot;aperture&quot;:&quot;0&quot;,&quot;credit&quot;:&quot;&quot;,&quot;camera&quot;:&quot;&quot;,&quot;caption&quot;:&quot;&quot;,&quot;created_timestamp&quot;:&quot;0&quot;,&quot;copyright&quot;:&quot;&quot;,&quot;focal_length&quot;:&quot;0&quot;,&quot;iso&quot;:&quot;0&quot;,&quot;shutter_speed&quot;:&quot;0&quot;,&quot;title&quot;:&quot;&quot;,&quot;orientation&quot;:&quot;0&quot;}\" data-image-title=\"492348211177f77e6a16fb_1\" data-image-description=\"\" data-image-caption=\"\" data-medium-file=\"https:\/\/www.grieta.org.mx\/wp-content\/uploads\/2020\/01\/492348211177f77e6a16fb_1-300x175.jpg\" data-large-file=\"https:\/\/www.grieta.org.mx\/wp-content\/uploads\/2020\/01\/492348211177f77e6a16fb_1.jpg\" class=\"aligncenter wp-image-43114\" src=\"http:\/\/www.grieta.org.mx\/wp-content\/uploads\/2020\/01\/492348211177f77e6a16fb_1.jpg\" alt=\"\" width=\"800\" height=\"467\" srcset=\"https:\/\/www.grieta.org.mx\/wp-content\/uploads\/2020\/01\/492348211177f77e6a16fb_1.jpg 600w, https:\/\/www.grieta.org.mx\/wp-content\/uploads\/2020\/01\/492348211177f77e6a16fb_1-300x175.jpg 300w\" sizes=\"auto, (max-width: 800px) 100vw, 800px\" \/><\/p>\n<p>Rodrigo Barranco D\u00e9ctor \/ La Silla Rota<\/p>\n<p><strong><br \/>\nDesde hace 10 a\u00f1os, Josu\u00e9 Bernardo Marcial Santos, y sus amigos buscaban la funci\u00f3n del son jarocho con ritmos modernos como el hip-hop y el rap. Su experimento musical qued\u00f3 truncado el lunes cuando el joven jaranero fue encontrado sin vida, desmembrado, dentro de bolsas de pl\u00e1stico, en un auto abandonado en la carretera federal 145 Sayula de Alem\u00e1n-Ciudad Alem\u00e1n, en el sur del estado de Veracruz.<\/strong><\/p>\n<p>&#8220;T\u00edobad&#8221;, como era conocido por sus m\u00e1s cercanos, estaba reportado como desaparecido desde el fin de semana. Su familia preguntaba por su paradero sin imaginar su destino.<\/p>\n<p>Conocidos de Josu\u00e9, que pidieron anonimato, relataron que el muchacho no ten\u00eda problemas, era sano y formaba parte de la comunidad art\u00edstica de esa regi\u00f3n que desde hace tiempo busca recuperar el Son Jarocho y los Fandangos.<\/p>\n<p>Su destreza en la jarana lo llev\u00f3 a participar con otros m\u00fasicos del pa\u00eds, present\u00e1ndose en escenarios de Puebla, Chiapas y una vez en el Festival Cervantino de Guanajuato.<\/p>\n<p>En YouTube dej\u00f3 constancia de su talento, v\u00eddeos que datan del 2014 muestran su incursi\u00f3n al hip-hop, siempre tratando se resaltar sus ra\u00edces y su comunidad compuesta no s\u00f3lo por Sayula, tambi\u00e9n por municipios como Acayucan y Ciudad Alem\u00e1n.<\/p>\n<p>El lunes, cerca de las 20:00 horas, el jaranero fue dejado en bolsas de basura dentro de la cajuela de un auto. Los reportes iniciales indican que sus restos ten\u00edan cartulinas con mensajes dedicados a la delincuencia organizada.<\/p>\n<p>El crimen [en contra] de &#8220;T\u00edo Bad&#8221; caus\u00f3 indignaci\u00f3n entre la comunidad jaranera y musical de Veracruz<\/p>\n<p><img loading=\"lazy\" decoding=\"async\" data-attachment-id=\"43116\" data-permalink=\"https:\/\/www.grieta.org.mx\/index.php\/2019\/12\/17\/josue-queria-revolucionar-el-son-jarocho-pero-fue-asesinado-en-san-juan-evangelista-veracruz\/tiobadjaranero-focus-0-0-480-345\/\" data-orig-file=\"https:\/\/www.grieta.org.mx\/wp-content\/uploads\/2020\/01\/tiobadjaranero-focus-0-0-480-345.jpg\" data-orig-size=\"480,345\" data-comments-opened=\"0\" data-image-meta=\"{&quot;aperture&quot;:&quot;0&quot;,&quot;credit&quot;:&quot;&quot;,&quot;camera&quot;:&quot;&quot;,&quot;caption&quot;:&quot;&quot;,&quot;created_timestamp&quot;:&quot;0&quot;,&quot;copyright&quot;:&quot;&quot;,&quot;focal_length&quot;:&quot;0&quot;,&quot;iso&quot;:&quot;0&quot;,&quot;shutter_speed&quot;:&quot;0&quot;,&quot;title&quot;:&quot;&quot;,&quot;orientation&quot;:&quot;0&quot;}\" data-image-title=\"tiobadjaranero-focus-0-0-480-345\" data-image-description=\"\" data-image-caption=\"\" data-medium-file=\"https:\/\/www.grieta.org.mx\/wp-content\/uploads\/2020\/01\/tiobadjaranero-focus-0-0-480-345-300x216.jpg\" data-large-file=\"https:\/\/www.grieta.org.mx\/wp-content\/uploads\/2020\/01\/tiobadjaranero-focus-0-0-480-345.jpg\" class=\"aligncenter wp-image-43116\" src=\"http:\/\/www.grieta.org.mx\/wp-content\/uploads\/2020\/01\/tiobadjaranero-focus-0-0-480-345.jpg\" alt=\"\" width=\"800\" height=\"575\" srcset=\"https:\/\/www.grieta.org.mx\/wp-content\/uploads\/2020\/01\/tiobadjaranero-focus-0-0-480-345.jpg 480w, https:\/\/www.grieta.org.mx\/wp-content\/uploads\/2020\/01\/tiobadjaranero-focus-0-0-480-345-300x216.jpg 300w\" sizes=\"auto, (max-width: 800px) 100vw, 800px\" \/><\/p>\n<p>&#8220;No hablan de la trayectoria de \u00e9ste talentoso joven, promesa de la m\u00fasica, de la difusi\u00f3n que hizo de la cultura y de la situaci\u00f3n nacional y problemas sociol\u00f3gicos que tenemos y en los cual basaba muchas de sus letras&#8221;, escribi\u00f3 una de sus amigas, en reclamo a un medio de comunicaci\u00f3n de Coatzacoalcos.<\/p>\n<p>Y agrega: &#8220;Hombre trabajador sost\u00e9n de su familia, m\u00fasico, versador y decimista que llev\u00f3 a otros pa\u00edses muestras de su talento&#8230;ah y lo m\u00e1s importante: ACTIVISTA SOCIAL lo cual, en este pa\u00eds, el nuestro, es extremadamente peligroso e imperdonable&#8221;.<\/p>\n<p><a href=\"https:\/\/veracruz-lasillarota-com.cdn.ampproject.org\/v\/s\/veracruz.lasillarota.com\/amp\/estados\/josue-queria-revolucionar-el-son-jarocho-pero-fue-asesinado-en-san-juan-evangelista-activista-jaranero-tiobad-josue-bernardo\/345879?usqp=mq331AQCKAE%3D&amp;amp_js_v=0.1#aoh=15769483341050&amp;referrer=https%3A%2F%2Fwww.google.com&amp;amp_tf=De%20%251%24s\">https:\/\/veracruz-lasillarota-com.cdn.ampproject.org\/v\/s\/veracruz.lasillarota.com\/amp\/estados\/josue-queria-revolucionar-el-son-jarocho-pero-fue-asesinado-en-san-juan-evangelista-activista-jaranero-tiobad-josue-bernardo\/345879?usqp=mq331AQCKAE%3D&amp;amp_js_v=0.1#aoh=15769483341050&amp;referrer=https%3A%2F%2Fwww.google.com&amp;amp_tf=De%20%251%24s<\/a><\/p>\n","protected":false},"excerpt":{"rendered":"<p>Rodrigo Barranco D\u00e9ctor \/ La Silla Rota Desde hace 10 a\u00f1os, Josu\u00e9 Bernardo Marcial Santos, y sus amigos buscaban la funci\u00f3n del son jarocho con ritmos modernos como el hip-hop &hellip; <a href=\"https:\/\/www.grieta.org.mx\/index.php\/2019\/12\/17\/josue-queria-revolucionar-el-son-jarocho-pero-fue-asesinado-en-san-juan-evangelista-veracruz\/\" class=\"more-link\">Leer m\u00e1s<\/a><\/p>\n","protected":false},"author":2,"featured_media":43114,"comment_status":"closed","ping_status":"closed","sticky":false,"template":"","format":"standard","meta":{"ngg_post_thumbnail":0,"_jetpack_newsletter_access":"","_jetpack_dont_email_post_to_subs":false,"_jetpack_newsletter_tier_id":0,"_jetpack_memberships_contains_paywalled_content":false,"_jetpack_memberships_contains_paid_content":false,"footnotes":""},"categories":[2502,80,3054,1948,2,35],"tags":[2140,1733,2185],"class_list":["post-43113","post","type-post","status-publish","format-standard","has-post-thumbnail","hentry","category-asesinato-de-activistas-en-veracruz","category-cintillo","category-corredeor-transistmico-en-veracruz","category-corredor-transistmico","category-noticias-nacionales","category-veracruz","tag-asesinato-de-activistas","tag-centro-cultural","tag-prohibicion-de-musicos","entry"],"jetpack_featured_media_url":"https:\/\/www.grieta.org.mx\/wp-content\/uploads\/2020\/01\/492348211177f77e6a16fb_1.jpg","jetpack_sharing_enabled":true,"jetpack_shortlink":"https:\/\/wp.me\/p7ZJR4-bdn","jetpack_likes_enabled":false,"jetpack-related-posts":[{"id":42879,"url":"https:\/\/www.grieta.org.mx\/index.php\/2019\/12\/17\/indignacion-causa-homicidio-del-musico-josue-bernardo-tio-bad-veracruz\/","url_meta":{"origin":43113,"position":0},"title":"Indignaci\u00f3n causa homicidio del m\u00fasico Josu\u00e9 Bernardo, T\u00edo Bad (Veracruz)","author":"grieta","date":"17 diciembre, 2019","format":false,"excerpt":"Redacci\u00f3n \/ Formato 7 San Juan Evangelista, Ver.- Indignaci\u00f3n entre la comunidad jaranera del sur de Veracruz provoc\u00f3 el hallazgo sin vida de Josu\u00e9 Bernardo Marcial Santos, \u201cT\u00edo Bad\u201d, un reconocido m\u00fasico de Sayula de Alem\u00e1n. El hallazgo tuvo lugar la noche de este lunes, cuando el cuerpo fue localizado\u2026","rel":"","context":"En &quot;Asesinato de activistas en Veracruz&quot;","block_context":{"text":"Asesinato de activistas en Veracruz","link":"https:\/\/www.grieta.org.mx\/index.php\/category\/noticias-nacionales\/veracruz\/asesinato-de-activistas-en-veracruz\/"},"img":{"alt_text":"","src":"https:\/\/i0.wp.com\/www.grieta.org.mx\/wp-content\/uploads\/2020\/01\/2019-12-17_1327.png?resize=350%2C200&ssl=1","width":350,"height":200,"srcset":"https:\/\/i0.wp.com\/www.grieta.org.mx\/wp-content\/uploads\/2020\/01\/2019-12-17_1327.png?resize=350%2C200&ssl=1 1x, https:\/\/i0.wp.com\/www.grieta.org.mx\/wp-content\/uploads\/2020\/01\/2019-12-17_1327.png?resize=525%2C300&ssl=1 1.5x, https:\/\/i0.wp.com\/www.grieta.org.mx\/wp-content\/uploads\/2020\/01\/2019-12-17_1327.png?resize=700%2C400&ssl=1 2x"},"classes":[]},{"id":32524,"url":"https:\/\/www.grieta.org.mx\/index.php\/2019\/03\/30\/asesinan-en-veracruz-a-activista-abiram-hernandez-activista-por-los-desaparecidos\/","url_meta":{"origin":43113,"position":1},"title":"Asesinan en Veracruz a activista Abir\u00e1m Hern\u00e1ndez, activista por los desaparecidos","author":"grieta","date":"30 marzo, 2019","format":false,"excerpt":"Abir\u00e1m Hern\u00e1ndez, ex integrante del colectivo Por la Paz de Xalapa, fue asesinado el d\u00eda de ayer de manera artera: su cuerpo fue encontrado en la sala de su casa con un golpe en la cabeza que le quit\u00f3 la vida, luego de que fueran forzadas las entradas a su\u2026","rel":"","context":"En &quot;Asesinato de activistas en Veracruz&quot;","block_context":{"text":"Asesinato de activistas en Veracruz","link":"https:\/\/www.grieta.org.mx\/index.php\/category\/noticias-nacionales\/veracruz\/asesinato-de-activistas-en-veracruz\/"},"img":{"alt_text":"","src":"https:\/\/i0.wp.com\/www.grieta.org.mx\/wp-content\/uploads\/2019\/04\/36539725_10160675006530442_3325318810486964224_n.jpg?resize=350%2C200&ssl=1","width":350,"height":200,"srcset":"https:\/\/i0.wp.com\/www.grieta.org.mx\/wp-content\/uploads\/2019\/04\/36539725_10160675006530442_3325318810486964224_n.jpg?resize=350%2C200&ssl=1 1x, https:\/\/i0.wp.com\/www.grieta.org.mx\/wp-content\/uploads\/2019\/04\/36539725_10160675006530442_3325318810486964224_n.jpg?resize=525%2C300&ssl=1 1.5x, https:\/\/i0.wp.com\/www.grieta.org.mx\/wp-content\/uploads\/2019\/04\/36539725_10160675006530442_3325318810486964224_n.jpg?resize=700%2C400&ssl=1 2x"},"classes":[]},{"id":32481,"url":"https:\/\/www.grieta.org.mx\/index.php\/2019\/04\/03\/temen-activistas-que-crimen-de-abiram-quede-impune-veracruz\/","url_meta":{"origin":43113,"position":2},"title":"Temen activistas que crimen de Abir\u00e1m quede impune (Veracruz)","author":"grieta","date":"3 abril, 2019","format":false,"excerpt":"Juan David Castilla \/ El Dem\u00f3crata Un grupo de activistas protest\u00f3 frente a Palacio de Gobierno para exigir a las autoridades que el crimen de Abir\u00e1m Hern\u00e1ndez no quede en la impunidad. Ana\u00eds Palacios P\u00e9rez, quien ha formado parte de colectivos de familiares de desaparecidos, denunci\u00f3 que a cinco d\u00edas\u2026","rel":"","context":"En &quot;CINTILLO&quot;","block_context":{"text":"CINTILLO","link":"https:\/\/www.grieta.org.mx\/index.php\/category\/cintillo\/"},"img":{"alt_text":"","src":"https:\/\/i0.wp.com\/www.grieta.org.mx\/wp-content\/uploads\/2019\/04\/Screenshot_2019-04-25-Temen-activistas-que-crimen-de-Abir%C3%A1m-quede-impune-El-Dem%C3%B3crata.jpg?resize=350%2C200&ssl=1","width":350,"height":200,"srcset":"https:\/\/i0.wp.com\/www.grieta.org.mx\/wp-content\/uploads\/2019\/04\/Screenshot_2019-04-25-Temen-activistas-que-crimen-de-Abir%C3%A1m-quede-impune-El-Dem%C3%B3crata.jpg?resize=350%2C200&ssl=1 1x, https:\/\/i0.wp.com\/www.grieta.org.mx\/wp-content\/uploads\/2019\/04\/Screenshot_2019-04-25-Temen-activistas-que-crimen-de-Abir%C3%A1m-quede-impune-El-Dem%C3%B3crata.jpg?resize=525%2C300&ssl=1 1.5x, https:\/\/i0.wp.com\/www.grieta.org.mx\/wp-content\/uploads\/2019\/04\/Screenshot_2019-04-25-Temen-activistas-que-crimen-de-Abir%C3%A1m-quede-impune-El-Dem%C3%B3crata.jpg?resize=700%2C400&ssl=1 2x, https:\/\/i0.wp.com\/www.grieta.org.mx\/wp-content\/uploads\/2019\/04\/Screenshot_2019-04-25-Temen-activistas-que-crimen-de-Abir%C3%A1m-quede-impune-El-Dem%C3%B3crata.jpg?resize=1050%2C600&ssl=1 3x, https:\/\/i0.wp.com\/www.grieta.org.mx\/wp-content\/uploads\/2019\/04\/Screenshot_2019-04-25-Temen-activistas-que-crimen-de-Abir%C3%A1m-quede-impune-El-Dem%C3%B3crata.jpg?resize=1400%2C800&ssl=1 4x"},"classes":[]},{"id":53473,"url":"https:\/\/www.grieta.org.mx\/index.php\/2020\/08\/28\/integrantes-de-la-comunidad-lgbt-protestan-por-asesinato-de-transgenero-en-veracruz\/","url_meta":{"origin":43113,"position":3},"title":"Integrantes de la comunidad LGBT protestan por asesinato de transg\u00e9nero en Veracruz","author":"grieta","date":"28 agosto, 2020","format":false,"excerpt":"No\u00e9 Zavaleta \/ Proceso XALAPA, Ver. (apro).- Activistas LGTB y amigos de Brandy Carolina Melchor protestaron este viernes en la explanada de la Fiscal\u00eda General del estado (FGE) para exigir justicia por el asesinato de la mujer transg\u00e9nero y su madre, Mar\u00eda Luisa Huerta, el pasado mi\u00e9rcoles 26. Brandy, de\u2026","rel":"","context":"En &quot;CINTILLO&quot;","block_context":{"text":"CINTILLO","link":"https:\/\/www.grieta.org.mx\/index.php\/category\/cintillo\/"},"img":{"alt_text":"","src":"https:\/\/i0.wp.com\/www.grieta.org.mx\/wp-content\/uploads\/2020\/09\/asesinato-transexual-protesta-870x522-1.jpg?resize=350%2C200&ssl=1","width":350,"height":200,"srcset":"https:\/\/i0.wp.com\/www.grieta.org.mx\/wp-content\/uploads\/2020\/09\/asesinato-transexual-protesta-870x522-1.jpg?resize=350%2C200&ssl=1 1x, https:\/\/i0.wp.com\/www.grieta.org.mx\/wp-content\/uploads\/2020\/09\/asesinato-transexual-protesta-870x522-1.jpg?resize=525%2C300&ssl=1 1.5x, https:\/\/i0.wp.com\/www.grieta.org.mx\/wp-content\/uploads\/2020\/09\/asesinato-transexual-protesta-870x522-1.jpg?resize=700%2C400&ssl=1 2x"},"classes":[]},{"id":51050,"url":"https:\/\/www.grieta.org.mx\/index.php\/2020\/04\/09\/ambientalistas-claman-justicia-por-asesinato-de-activista-veracruz\/","url_meta":{"origin":43113,"position":4},"title":"Ambientalistas claman justicia por asesinato de activista (Veracruz)","author":"grieta","date":"9 abril, 2020","format":false,"excerpt":"Cinthya Trinidad \/ Vanguardia Xalapa, Ver.- Organizaciones ambientalistas y personas dedicadas al cuidado del medio ambiente exigen a las autoridades el esclarecimiento del asesinato del activista Ad\u00e1n Vez Lira, ocurrido este mi\u00e9rcoles 8 de abril, cerca de La Mancha, en el municipio de Actopan. En una carta firmada por diferentes\u2026","rel":"","context":"En &quot;Asesinato de activistas en Veracruz&quot;","block_context":{"text":"Asesinato de activistas en Veracruz","link":"https:\/\/www.grieta.org.mx\/index.php\/category\/noticias-nacionales\/veracruz\/asesinato-de-activistas-en-veracruz\/"},"img":{"alt_text":"","src":"https:\/\/i0.wp.com\/www.grieta.org.mx\/wp-content\/uploads\/2020\/06\/Screenshot_2020-06-19-adan-vez-lira-B%C3%BAsqueda-de-Google.png?resize=350%2C200&ssl=1","width":350,"height":200,"srcset":"https:\/\/i0.wp.com\/www.grieta.org.mx\/wp-content\/uploads\/2020\/06\/Screenshot_2020-06-19-adan-vez-lira-B%C3%BAsqueda-de-Google.png?resize=350%2C200&ssl=1 1x, https:\/\/i0.wp.com\/www.grieta.org.mx\/wp-content\/uploads\/2020\/06\/Screenshot_2020-06-19-adan-vez-lira-B%C3%BAsqueda-de-Google.png?resize=525%2C300&ssl=1 1.5x, https:\/\/i0.wp.com\/www.grieta.org.mx\/wp-content\/uploads\/2020\/06\/Screenshot_2020-06-19-adan-vez-lira-B%C3%BAsqueda-de-Google.png?resize=700%2C400&ssl=1 2x"},"classes":[]},{"id":66504,"url":"https:\/\/www.grieta.org.mx\/index.php\/2023\/03\/05\/en-veracruz-lavida-exige-alto-a-agresiones-a-defensores-territoriales\/","url_meta":{"origin":43113,"position":5},"title":"En Veracruz, LAVIDA exige alto a agresiones a defensores territoriales","author":"grieta","date":"5 marzo, 2023","format":false,"excerpt":"Alba Alem\u00e1n \/ e consulta Veracruz Integrantes de esta organizaci\u00f3n piden alto a las desapariciones de activistas que luchan por la tierra Xalapa, Veracruz.- Integrantes de la Asamblea Veracruzana de Iniciativas y Defensa Ambiental (LAVIDA) se manifestaron en Plaza Lerdo de Xalapa para sumarse a la exigencia nacional de activistas\u2026","rel":"","context":"En &quot;CINTILLO&quot;","block_context":{"text":"CINTILLO","link":"https:\/\/www.grieta.org.mx\/index.php\/category\/cintillo\/"},"img":{"alt_text":"","src":"https:\/\/i0.wp.com\/www.grieta.org.mx\/wp-content\/uploads\/2023\/03\/luchadoer.webp?resize=350%2C200&ssl=1","width":350,"height":200,"srcset":"https:\/\/i0.wp.com\/www.grieta.org.mx\/wp-content\/uploads\/2023\/03\/luchadoer.webp?resize=350%2C200&ssl=1 1x, https:\/\/i0.wp.com\/www.grieta.org.mx\/wp-content\/uploads\/2023\/03\/luchadoer.webp?resize=525%2C300&ssl=1 1.5x, https:\/\/i0.wp.com\/www.grieta.org.mx\/wp-content\/uploads\/2023\/03\/luchadoer.webp?resize=700%2C400&ssl=1 2x, https:\/\/i0.wp.com\/www.grieta.org.mx\/wp-content\/uploads\/2023\/03\/luchadoer.webp?resize=1050%2C600&ssl=1 3x"},"classes":[]}],"_links":{"self":[{"href":"https:\/\/www.grieta.org.mx\/index.php\/wp-json\/wp\/v2\/posts\/43113","targetHints":{"allow":["GET"]}}],"collection":[{"href":"https:\/\/www.grieta.org.mx\/index.php\/wp-json\/wp\/v2\/posts"}],"about":[{"href":"https:\/\/www.grieta.org.mx\/index.php\/wp-json\/wp\/v2\/types\/post"}],"author":[{"embeddable":true,"href":"https:\/\/www.grieta.org.mx\/index.php\/wp-json\/wp\/v2\/users\/2"}],"replies":[{"embeddable":true,"href":"https:\/\/www.grieta.org.mx\/index.php\/wp-json\/wp\/v2\/comments?post=43113"}],"version-history":[{"count":1,"href":"https:\/\/www.grieta.org.mx\/index.php\/wp-json\/wp\/v2\/posts\/43113\/revisions"}],"predecessor-version":[{"id":44420,"href":"https:\/\/www.grieta.org.mx\/index.php\/wp-json\/wp\/v2\/posts\/43113\/revisions\/44420"}],"wp:featuredmedia":[{"embeddable":true,"href":"https:\/\/www.grieta.org.mx\/index.php\/wp-json\/wp\/v2\/media\/43114"}],"wp:attachment":[{"href":"https:\/\/www.grieta.org.mx\/index.php\/wp-json\/wp\/v2\/media?parent=43113"}],"wp:term":[{"taxonomy":"category","embeddable":true,"href":"https:\/\/www.grieta.org.mx\/index.php\/wp-json\/wp\/v2\/categories?post=43113"},{"taxonomy":"post_tag","embeddable":true,"href":"https:\/\/www.grieta.org.mx\/index.php\/wp-json\/wp\/v2\/tags?post=43113"}],"curies":[{"name":"wp","href":"https:\/\/api.w.org\/{rel}","templated":true}]}}