{"id":43087,"date":"2020-01-13T00:32:42","date_gmt":"2020-01-13T06:32:42","guid":{"rendered":"http:\/\/www.grieta.org.mx\/?p=43087"},"modified":"2020-01-16T00:37:27","modified_gmt":"2020-01-16T06:37:27","slug":"exigen-atencion-de-usebeq-en-preescolar-de-san-juan-del-rio-queretaro","status":"publish","type":"post","link":"https:\/\/www.grieta.org.mx\/index.php\/2020\/01\/13\/exigen-atencion-de-usebeq-en-preescolar-de-san-juan-del-rio-queretaro\/","title":{"rendered":"Exigen atenci\u00f3n de USEBEQ en preescolar de San Juan del R\u00edo (Quer\u00e9taro)"},"content":{"rendered":"<p><img loading=\"lazy\" decoding=\"async\" data-attachment-id=\"43088\" data-permalink=\"https:\/\/www.grieta.org.mx\/index.php\/2020\/01\/13\/exigen-atencion-de-usebeq-en-preescolar-de-san-juan-del-rio-queretaro\/exigen-atencion-de-usebeq-en-preescolar-de-san-juan-del-rio-qro-ene\/\" data-orig-file=\"https:\/\/www.grieta.org.mx\/wp-content\/uploads\/2020\/01\/Exigen-atenci\u00f3n-de-USEBEQ-en-preescolar-de-San-Juan-del-R\u00edo-qro-ene.jpeg\" data-orig-size=\"696,480\" data-comments-opened=\"0\" data-image-meta=\"{&quot;aperture&quot;:&quot;0&quot;,&quot;credit&quot;:&quot;&quot;,&quot;camera&quot;:&quot;&quot;,&quot;caption&quot;:&quot;&quot;,&quot;created_timestamp&quot;:&quot;0&quot;,&quot;copyright&quot;:&quot;&quot;,&quot;focal_length&quot;:&quot;0&quot;,&quot;iso&quot;:&quot;0&quot;,&quot;shutter_speed&quot;:&quot;0&quot;,&quot;title&quot;:&quot;&quot;,&quot;orientation&quot;:&quot;0&quot;}\" data-image-title=\"Exigen atenci\u00f3n de USEBEQ en preescolar de San Juan del R\u00edo qro ene\" data-image-description=\"\" data-image-caption=\"\" data-medium-file=\"https:\/\/www.grieta.org.mx\/wp-content\/uploads\/2020\/01\/Exigen-atenci\u00f3n-de-USEBEQ-en-preescolar-de-San-Juan-del-R\u00edo-qro-ene-300x207.jpeg\" data-large-file=\"https:\/\/www.grieta.org.mx\/wp-content\/uploads\/2020\/01\/Exigen-atenci\u00f3n-de-USEBEQ-en-preescolar-de-San-Juan-del-R\u00edo-qro-ene.jpeg\" class=\"aligncenter  wp-image-43088\" src=\"http:\/\/www.grieta.org.mx\/wp-content\/uploads\/2020\/01\/Exigen-atenci\u00f3n-de-USEBEQ-en-preescolar-de-San-Juan-del-R\u00edo-qro-ene.jpeg\" alt=\"\" width=\"651\" height=\"449\" srcset=\"https:\/\/www.grieta.org.mx\/wp-content\/uploads\/2020\/01\/Exigen-atenci\u00f3n-de-USEBEQ-en-preescolar-de-San-Juan-del-R\u00edo-qro-ene.jpeg 696w, https:\/\/www.grieta.org.mx\/wp-content\/uploads\/2020\/01\/Exigen-atenci\u00f3n-de-USEBEQ-en-preescolar-de-San-Juan-del-R\u00edo-qro-ene-300x207.jpeg 300w\" sizes=\"auto, (max-width: 651px) 100vw, 651px\" \/><\/p>\n<p>Cris Mesa Ram\u00edrez \/ Rotativo<\/p>\n<blockquote><p>Padres de familia exigieron a la Unidad de Servicios para la Educaci\u00f3n B\u00e1sica en el Estado de Quer\u00e9taro (USEBEQ), atienda sus peticiones de seguridad.<\/p><\/blockquote>\n<p>San Juan del R\u00edo, 13 Enero 2019.- Debido a los constantes robos ocurridos en el jard\u00edn de ni\u00f1os, Jos\u00e9 Nieto Dorantes, padres de familia exigieron a la Unidad de Servicios para la Educaci\u00f3n B\u00e1sica en el Estado de Quer\u00e9taro (USEBEQ), atienda sus peticiones.<\/p>\n<p>Y es que aseguran, en lo que va del ciclo escolar, 2019-2020, se han registrado por lo menos 8 robos, en los cu\u00e1les, ha sido sustra\u00eddo el material did\u00e1ctico de los alumnos y por lo menos 8 c\u00e1maras de seguridad.<\/p>\n<p>De acuerdo con el presidente del comit\u00e9 de padres de familia, Joel Gonzaga, su principal petici\u00f3n es que se atiendan los oficios que han sido presentados en la USEBEQ, al referir que esta situaci\u00f3n cada vez es m\u00e1s frecuente.<\/p>\n<blockquote><p>\u201cHEMOS ENTREGADO OFICIOS COMPLETOS, DENUNCIAS COMPLETAS, PAPELEO COMPLETO Y SIEMPRE NOS REGRESAN QU\u00c9 PORQUE NO LES COMPETE A ELLOS Y SE VAN ECHANDO LA BOLITA\u201d, DENUNCI\u00d3.<\/p><\/blockquote>\n<p>Indic\u00f3 que han solicitado que se aumente la altura de las bardas perimetrales, debido a que estas no cuentan con una altura adecuada para impedir el ingreso de delincuentes.<\/p>\n<p><img loading=\"lazy\" decoding=\"async\" data-attachment-id=\"43089\" data-permalink=\"https:\/\/www.grieta.org.mx\/index.php\/2020\/01\/13\/exigen-atencion-de-usebeq-en-preescolar-de-san-juan-del-rio-queretaro\/demandan-seguridad-preescolar-1\/\" data-orig-file=\"https:\/\/www.grieta.org.mx\/wp-content\/uploads\/2020\/01\/demandan-seguridad-preescolar-1.jpeg\" data-orig-size=\"795,556\" data-comments-opened=\"0\" data-image-meta=\"{&quot;aperture&quot;:&quot;0&quot;,&quot;credit&quot;:&quot;&quot;,&quot;camera&quot;:&quot;&quot;,&quot;caption&quot;:&quot;&quot;,&quot;created_timestamp&quot;:&quot;0&quot;,&quot;copyright&quot;:&quot;&quot;,&quot;focal_length&quot;:&quot;0&quot;,&quot;iso&quot;:&quot;0&quot;,&quot;shutter_speed&quot;:&quot;0&quot;,&quot;title&quot;:&quot;&quot;,&quot;orientation&quot;:&quot;0&quot;}\" data-image-title=\"demandan-seguridad-preescolar-1\" data-image-description=\"\" data-image-caption=\"\" data-medium-file=\"https:\/\/www.grieta.org.mx\/wp-content\/uploads\/2020\/01\/demandan-seguridad-preescolar-1-300x210.jpeg\" data-large-file=\"https:\/\/www.grieta.org.mx\/wp-content\/uploads\/2020\/01\/demandan-seguridad-preescolar-1.jpeg\" class=\"aligncenter  wp-image-43089\" src=\"http:\/\/www.grieta.org.mx\/wp-content\/uploads\/2020\/01\/demandan-seguridad-preescolar-1.jpeg\" alt=\"\" width=\"649\" height=\"454\" srcset=\"https:\/\/www.grieta.org.mx\/wp-content\/uploads\/2020\/01\/demandan-seguridad-preescolar-1.jpeg 795w, https:\/\/www.grieta.org.mx\/wp-content\/uploads\/2020\/01\/demandan-seguridad-preescolar-1-300x210.jpeg 300w, https:\/\/www.grieta.org.mx\/wp-content\/uploads\/2020\/01\/demandan-seguridad-preescolar-1-768x537.jpeg 768w, https:\/\/www.grieta.org.mx\/wp-content\/uploads\/2020\/01\/demandan-seguridad-preescolar-1-715x500.jpeg 715w\" sizes=\"auto, (max-width: 649px) 100vw, 649px\" \/><\/p>\n<p>Sin embargo, la propia supervisora de USEBEQ, asegur\u00f3 que \u201cni poniendo una barda de 20 mil pisos, vamos a impedir que los rateros entren\u201d, lo cual desat\u00f3 a\u00fan m\u00e1s la molestia de los padres quienes tambi\u00e9n cerraron la circulaci\u00f3n de la calle Galeana en el centro de la ciudad.<\/p>\n<p>\u201cDurante los robos que hemos tenido solamente nos han dicho que nos van a reponer un vidrio que rompieron para poder entrar, eso no nos ayuda en nada\u201d, se\u00f1al\u00f3.<\/p>\n<p>Explicaron que las cuotas anuales son de 800 pesos, recursos con los que se adquirieron las c\u00e1maras de seguridad y se ha dado mantenimiento a algunas aulas, acciones que asegura, deber\u00eda realizar la USEBEQ.<\/p>\n<p>\u201cSomos nosotros los que hemos puesto piso, y aunque se supone que la escuela tiene un seguro y deber\u00eda responder por los materiales y lo que se han robado no hacen nada\u201d, apunt\u00f3.<\/p>\n<p>De ah\u00ed que los padres de familia advirtieron que no dejar\u00e1n de insistir hasta que la USEBEQ atienda sus peticiones, esto, al subrayar que en a\u00f1o pasado un sujeto intent\u00f3 ingresar al jard\u00edn de ni\u00f1os cuando los menores estaban en clases.<\/p>\n<p>\u201c\u00bfQu\u00e9 est\u00e1n esperando? \u00bfQu\u00e9 pase algo con los ni\u00f1os para que nos escuchen?, nos vamos a seguir manifestando hasta que nos hagan caso, ya sea afuera de la escuela, en sus oficinas, en las calles, donde sea pero que nos hagan caso\u201d, indicaron.<\/p>\n<p><a href=\"https:\/\/rotativo.com.mx\/2020\/01\/13\/noticias\/locales\/san-juan-del-rio\/exigen-atencion-de-usebeq-en-preescolar-de-san-juan-del-rio-819580\/\" target=\"_blank\" rel=\"noopener noreferrer\">https:\/\/rotativo.com.mx\/2020\/01\/13\/noticias\/locales\/san-juan-del-rio\/exigen-atencion-de-usebeq-en-preescolar-de-san-juan-del-rio-819580\/<\/a><\/p>\n","protected":false},"excerpt":{"rendered":"<p>Cris Mesa Ram\u00edrez \/ Rotativo Padres de familia exigieron a la Unidad de Servicios para la Educaci\u00f3n B\u00e1sica en el Estado de Quer\u00e9taro (USEBEQ), atienda sus peticiones de seguridad. San &hellip; <a href=\"https:\/\/www.grieta.org.mx\/index.php\/2020\/01\/13\/exigen-atencion-de-usebeq-en-preescolar-de-san-juan-del-rio-queretaro\/\" class=\"more-link\">Leer m\u00e1s<\/a><\/p>\n","protected":false},"author":2,"featured_media":43088,"comment_status":"closed","ping_status":"closed","sticky":false,"template":"","format":"standard","meta":{"ngg_post_thumbnail":0,"_jetpack_newsletter_access":"","_jetpack_dont_email_post_to_subs":false,"_jetpack_newsletter_tier_id":0,"_jetpack_memberships_contains_paywalled_content":false,"_jetpack_memberships_contains_paid_content":false,"footnotes":""},"categories":[80,916,2903,1827,1657,2,27,83],"tags":[2566,99],"class_list":["post-43087","post","type-post","status-publish","format-standard","has-post-thumbnail","hentry","category-cintillo","category-privatizacion-del-la-educacion-publica","category-crisis-de-la-educacion-publica-en-queretaro","category-la-ninez-en-la-tormenta-capitalista","category-abusos-y-violencia-infantil-en-queretaro","category-noticias-nacionales","category-queretaro","category-temas-nacionales","tag-crisis-en-el-sistema-educativo","tag-inseguridad","entry"],"jetpack_featured_media_url":"https:\/\/www.grieta.org.mx\/wp-content\/uploads\/2020\/01\/Exigen-atenci\u00f3n-de-USEBEQ-en-preescolar-de-San-Juan-del-R\u00edo-qro-ene.jpeg","jetpack_sharing_enabled":true,"jetpack_shortlink":"https:\/\/wp.me\/p7ZJR4-bcX","jetpack_likes_enabled":false,"jetpack-related-posts":[{"id":39853,"url":"https:\/\/www.grieta.org.mx\/index.php\/2019\/09\/23\/padres-de-familia-cierran-telesecundaria-en-puerta-de-palmillas\/","url_meta":{"origin":43087,"position":0},"title":"Padres de familia cierran Telesecundaria en Puerta de Palmillas","author":"grieta","date":"23 septiembre, 2019","format":false,"excerpt":"Cris Mesa Ram\u00edrez\/Rotativo Quer\u00e9taro \u201cLa supervisora all\u00e1 est\u00e1, m\u00edrela est\u00e1 sentada en la banqueta pero dice que ella no puede resolver nada, entonces a qu\u00e9 viene\u201d. San Juan del R\u00edo, 23 Septiembre 2019.- La falta de maestros en la Telesecundaria \u201cAndr\u00e9s Quintana Roo\u201d, en la comunidad de Puerta de Palmillas,\u2026","rel":"","context":"En &quot;CINTILLO&quot;","block_context":{"text":"CINTILLO","link":"https:\/\/www.grieta.org.mx\/index.php\/category\/cintillo\/"},"img":{"alt_text":"","src":"https:\/\/i0.wp.com\/www.grieta.org.mx\/wp-content\/uploads\/2019\/10\/telesecundaria-Andres-Quintana-Roo-2-696x522.jpg?resize=350%2C200&ssl=1","width":350,"height":200,"srcset":"https:\/\/i0.wp.com\/www.grieta.org.mx\/wp-content\/uploads\/2019\/10\/telesecundaria-Andres-Quintana-Roo-2-696x522.jpg?resize=350%2C200&ssl=1 1x, https:\/\/i0.wp.com\/www.grieta.org.mx\/wp-content\/uploads\/2019\/10\/telesecundaria-Andres-Quintana-Roo-2-696x522.jpg?resize=525%2C300&ssl=1 1.5x"},"classes":[]},{"id":5219,"url":"https:\/\/www.grieta.org.mx\/index.php\/2015\/08\/25\/usebeq-miente-sobre-paros-asegura-vocera-de-docentes-fueron-cerca-de-500-escuelas-codice-informativo\/","url_meta":{"origin":43087,"position":1},"title":"Usebeq miente sobre paros, asegura vocera de docentes; fueron cerca de 500 escuelas (Quer\u00e9taro)","author":"grieta","date":"25 agosto, 2015","format":false,"excerpt":"Karen Mungu\u00eda\/C\u00f3dice Informativo Rosa Mar\u00eda C\u00f3rdoba, maestra vocera de los docentes, asegur\u00f3 que no fueron solo 17 escuelas en Quer\u00e9taro las que hicieron paro el lunes pasado. La Unidad de Servicios para la Educaci\u00f3n B\u00e1sica del Estado de Quer\u00e9taro (Usebeq) miente cuando afirma que s\u00f3lo fueron 17 escuelas en paro\u2026","rel":"","context":"En &quot;CINTILLO&quot;","block_context":{"text":"CINTILLO","link":"https:\/\/www.grieta.org.mx\/index.php\/category\/cintillo\/"},"img":{"alt_text":"","src":"https:\/\/i0.wp.com\/www.grieta.org.mx\/wp-content\/uploads\/2018\/03\/14524434_1106112876131411_958039263622046936_o.jpg?resize=350%2C200&ssl=1","width":350,"height":200,"srcset":"https:\/\/i0.wp.com\/www.grieta.org.mx\/wp-content\/uploads\/2018\/03\/14524434_1106112876131411_958039263622046936_o.jpg?resize=350%2C200&ssl=1 1x, https:\/\/i0.wp.com\/www.grieta.org.mx\/wp-content\/uploads\/2018\/03\/14524434_1106112876131411_958039263622046936_o.jpg?resize=525%2C300&ssl=1 1.5x, https:\/\/i0.wp.com\/www.grieta.org.mx\/wp-content\/uploads\/2018\/03\/14524434_1106112876131411_958039263622046936_o.jpg?resize=700%2C400&ssl=1 2x"},"classes":[]},{"id":21217,"url":"https:\/\/www.grieta.org.mx\/index.php\/2016\/08\/23\/sancionan-a-100-maestros-de-queretaro-por-unirse-a-paro-nacional\/","url_meta":{"origin":43087,"position":2},"title":"Sancionan a 100 maestros de Quer\u00e9taro por unirse a paro nacional","author":"grieta","date":"23 agosto, 2016","format":false,"excerpt":"\u00c1ngel Zohar Ram\u00edrez\/UnoTv Los profesores que no acudieron a impartir clase en el inicio del ciclo escolar 2016-2017 ser\u00e1n sancionados con el descuento de un d\u00eda de trabajo, inform\u00f3 la Unidad de Servicios para la Educaci\u00f3n B\u00e1sica en el Estado de Quer\u00e9taro (USEBEQ). En total son 100 docentes que en\u2026","rel":"","context":"En &quot;CINTILLO&quot;","block_context":{"text":"CINTILLO","link":"https:\/\/www.grieta.org.mx\/index.php\/category\/cintillo\/"},"img":{"alt_text":"","src":"https:\/\/i0.wp.com\/www.grieta.org.mx\/wp-content\/uploads\/2018\/03\/14524434_1106112876131411_958039263622046936_o.jpg?resize=350%2C200&ssl=1","width":350,"height":200,"srcset":"https:\/\/i0.wp.com\/www.grieta.org.mx\/wp-content\/uploads\/2018\/03\/14524434_1106112876131411_958039263622046936_o.jpg?resize=350%2C200&ssl=1 1x, https:\/\/i0.wp.com\/www.grieta.org.mx\/wp-content\/uploads\/2018\/03\/14524434_1106112876131411_958039263622046936_o.jpg?resize=525%2C300&ssl=1 1.5x, https:\/\/i0.wp.com\/www.grieta.org.mx\/wp-content\/uploads\/2018\/03\/14524434_1106112876131411_958039263622046936_o.jpg?resize=700%2C400&ssl=1 2x"},"classes":[]},{"id":19602,"url":"https:\/\/www.grieta.org.mx\/index.php\/2016\/08\/13\/usebeq-sin-justificar-cese-de-maestros\/","url_meta":{"origin":43087,"position":3},"title":"USEBEQ, sin justificar cese de maestros","author":"grieta","date":"13 agosto, 2016","format":false,"excerpt":"M\u00f3nica Gordillo\/AM Quer\u00e9taro Denunciaron que en el estado ha continuado la represi\u00f3n, por parte de las autoridades educativas, en contra de los maestros que participan en el movimiento Integrantes de la Coordinadora Nacional de Trabajadores de la Educaci\u00f3n (CNTE) en el estado, en compa\u00f1\u00eda de la Uni\u00f3n C\u00edvica Felipe Carrillo\u2026","rel":"","context":"En &quot;CINTILLO&quot;","block_context":{"text":"CINTILLO","link":"https:\/\/www.grieta.org.mx\/index.php\/category\/cintillo\/"},"img":{"alt_text":"","src":"https:\/\/i0.wp.com\/www.grieta.org.mx\/wp-content\/uploads\/2018\/03\/14524434_1106112876131411_958039263622046936_o.jpg?resize=350%2C200&ssl=1","width":350,"height":200,"srcset":"https:\/\/i0.wp.com\/www.grieta.org.mx\/wp-content\/uploads\/2018\/03\/14524434_1106112876131411_958039263622046936_o.jpg?resize=350%2C200&ssl=1 1x, https:\/\/i0.wp.com\/www.grieta.org.mx\/wp-content\/uploads\/2018\/03\/14524434_1106112876131411_958039263622046936_o.jpg?resize=525%2C300&ssl=1 1.5x, https:\/\/i0.wp.com\/www.grieta.org.mx\/wp-content\/uploads\/2018\/03\/14524434_1106112876131411_958039263622046936_o.jpg?resize=700%2C400&ssl=1 2x"},"classes":[]},{"id":5221,"url":"https:\/\/www.grieta.org.mx\/index.php\/2016\/08\/23\/reforma-educativa-y-evaluacion-al-desempeno-en-queretaro\/","url_meta":{"origin":43087,"position":4},"title":"Reforma educativa y evaluaci\u00f3n al desempe\u00f1o en Quer\u00e9taro","author":"grieta","date":"23 agosto, 2016","format":false,"excerpt":"23\/08\/16. Sancionan a 100 maestros de Quer\u00e9taro por unirse a paro nacional UnoTv 13\/08\/16. USEBEQ, sin justificar cese de maestros AM Quer\u00e9taro 03\/08\/16. Maestros se manifiestan pac\u00edficamente en la caseta de Palmillas AM Quer\u00e9taro 02\/06\/16. Quer\u00e9taro: Profesores exigen respeto a sus derechos afuera de la oficina del gobernador Libertad de\u2026","rel":"","context":"En &quot;NOTICIAS NACIONALES&quot;","block_context":{"text":"NOTICIAS NACIONALES","link":"https:\/\/www.grieta.org.mx\/index.php\/category\/noticias-nacionales\/"},"img":{"alt_text":"","src":"https:\/\/i0.wp.com\/www.grieta.org.mx\/wp-content\/uploads\/2018\/03\/14524434_1106112876131411_958039263622046936_o.jpg?resize=350%2C200&ssl=1","width":350,"height":200,"srcset":"https:\/\/i0.wp.com\/www.grieta.org.mx\/wp-content\/uploads\/2018\/03\/14524434_1106112876131411_958039263622046936_o.jpg?resize=350%2C200&ssl=1 1x, https:\/\/i0.wp.com\/www.grieta.org.mx\/wp-content\/uploads\/2018\/03\/14524434_1106112876131411_958039263622046936_o.jpg?resize=525%2C300&ssl=1 1.5x, https:\/\/i0.wp.com\/www.grieta.org.mx\/wp-content\/uploads\/2018\/03\/14524434_1106112876131411_958039263622046936_o.jpg?resize=700%2C400&ssl=1 2x"},"classes":[]},{"id":48998,"url":"https:\/\/www.grieta.org.mx\/index.php\/2020\/05\/09\/real-de-santiago-el-colegio-que-no-responde-en-tiempos-de-covid-19-queretaro\/","url_meta":{"origin":43087,"position":5},"title":"Real de Santiago, el colegio que no responde en tiempos de Covid-19 (Quer\u00e9taro)","author":"grieta","date":"9 mayo, 2020","format":false,"excerpt":"Libertad de Palabra Madres y padres de familia colocaron pancartas y cartulinas en las que manifiestan sus peticiones. Quer\u00e9taro, Qro.- Madres y padres de familia de la escuela privada Real de Santiago, ubicada al nororiente de la ciudad capital, solicitan descuentos en el pago de colegiaturas y reinscripciones, pero acusan\u2026","rel":"","context":"En &quot;CINTILLO&quot;","block_context":{"text":"CINTILLO","link":"https:\/\/www.grieta.org.mx\/index.php\/category\/cintillo\/"},"img":{"alt_text":"","src":"https:\/\/i0.wp.com\/www.grieta.org.mx\/wp-content\/uploads\/2018\/03\/14524434_1106112876131411_958039263622046936_o.jpg?resize=350%2C200&ssl=1","width":350,"height":200,"srcset":"https:\/\/i0.wp.com\/www.grieta.org.mx\/wp-content\/uploads\/2018\/03\/14524434_1106112876131411_958039263622046936_o.jpg?resize=350%2C200&ssl=1 1x, https:\/\/i0.wp.com\/www.grieta.org.mx\/wp-content\/uploads\/2018\/03\/14524434_1106112876131411_958039263622046936_o.jpg?resize=525%2C300&ssl=1 1.5x, https:\/\/i0.wp.com\/www.grieta.org.mx\/wp-content\/uploads\/2018\/03\/14524434_1106112876131411_958039263622046936_o.jpg?resize=700%2C400&ssl=1 2x"},"classes":[]}],"_links":{"self":[{"href":"https:\/\/www.grieta.org.mx\/index.php\/wp-json\/wp\/v2\/posts\/43087","targetHints":{"allow":["GET"]}}],"collection":[{"href":"https:\/\/www.grieta.org.mx\/index.php\/wp-json\/wp\/v2\/posts"}],"about":[{"href":"https:\/\/www.grieta.org.mx\/index.php\/wp-json\/wp\/v2\/types\/post"}],"author":[{"embeddable":true,"href":"https:\/\/www.grieta.org.mx\/index.php\/wp-json\/wp\/v2\/users\/2"}],"replies":[{"embeddable":true,"href":"https:\/\/www.grieta.org.mx\/index.php\/wp-json\/wp\/v2\/comments?post=43087"}],"version-history":[{"count":1,"href":"https:\/\/www.grieta.org.mx\/index.php\/wp-json\/wp\/v2\/posts\/43087\/revisions"}],"predecessor-version":[{"id":43090,"href":"https:\/\/www.grieta.org.mx\/index.php\/wp-json\/wp\/v2\/posts\/43087\/revisions\/43090"}],"wp:featuredmedia":[{"embeddable":true,"href":"https:\/\/www.grieta.org.mx\/index.php\/wp-json\/wp\/v2\/media\/43088"}],"wp:attachment":[{"href":"https:\/\/www.grieta.org.mx\/index.php\/wp-json\/wp\/v2\/media?parent=43087"}],"wp:term":[{"taxonomy":"category","embeddable":true,"href":"https:\/\/www.grieta.org.mx\/index.php\/wp-json\/wp\/v2\/categories?post=43087"},{"taxonomy":"post_tag","embeddable":true,"href":"https:\/\/www.grieta.org.mx\/index.php\/wp-json\/wp\/v2\/tags?post=43087"}],"curies":[{"name":"wp","href":"https:\/\/api.w.org\/{rel}","templated":true}]}}