{"id":4308,"date":"2015-08-19T18:56:01","date_gmt":"2015-08-19T18:56:01","guid":{"rendered":"http:\/\/50.22.11.12\/~grietaor\/?p=4308"},"modified":"2016-04-25T00:37:16","modified_gmt":"2016-04-25T00:37:16","slug":"los-no-localizados-de-la-fiscalia-general-de-jalisco","status":"publish","type":"post","link":"https:\/\/www.grieta.org.mx\/index.php\/2015\/08\/19\/los-no-localizados-de-la-fiscalia-general-de-jalisco\/","title":{"rendered":"Los \u201cno localizados\u201d de la Fiscal\u00eda General de Jalisco"},"content":{"rendered":"<p>Por: Darwin Franco Migues <\/p>\n<p>19 de agosto 2015.- La \u201coperaci\u00f3n confirmaci\u00f3n\u201d que emprendi\u00f3 la Fiscal\u00eda General de Jalisco el 25 de julio para encontrar a las personas no localizadas (t\u00e9rmino que usa en lugar de desaparecidas) concluy\u00f3 con la baja de 73 expedientes de personas que fueron localizadas cuando se visit\u00f3 su domicilio para preguntarles a sus familiares si acaso su desaparecido ya hab\u00eda regresado. No se trat\u00f3 de una visita pericial sino de una de confirmaci\u00f3n pues en la Fiscal\u00eda General y en la Agencia del Ministerio P\u00fablico 12\/C se ignoraba el estatus de las investigaciones que aparentemente realizaban.<\/p>\n<p>Poco o nada se supo sobre los motivos que propiciaron tanto la desaparici\u00f3n como el regreso de estas 73 personas, pues la Fiscal\u00eda se concret\u00f3 a decir que los hab\u00eda localizado cuando acudi\u00f3 a sus domicilios. El Fiscal General, Eduardo Almaguer Ram\u00edrez, \u00fanicamente inform\u00f3 que diversos elementos de la Fiscal\u00eda visitaron 158 domicilios y localizaron a 73 personas.<\/p>\n<p>A trav\u00e9s de la solicitud de informaci\u00f3n (LTAIPJ\/FG\/832\/2015) realizada a la Unidad de Transparencia de la Fiscal\u00eda General de Jalisco se pregunt\u00f3 cu\u00e1les fueron los motivos de la desaparici\u00f3n y el regreso de estas 73 personas, as\u00ed como el g\u00e9nero y el a\u00f1o en que sus familias interpusieron la denuncia por desaparici\u00f3n. En relaci\u00f3n al primer punto se contest\u00f3 que la Fiscal\u00eda no contaba con una base de datos donde indicaran los motivos o m\u00f3viles por los cuales desaparecen las personas en Jalisco.<\/p>\n<p>En lo referente al g\u00e9nero de las personas que ya hab\u00edan regresado a casa con sus familiares se sabe que fueron 40 hombres y 33 mujeres, los cuales fueron denunciados por sus familiares como desaparecidos entre los a\u00f1os 2007 y 2015.<\/p>\n<p>Es decir, la Fiscal\u00eda ten\u00eda en esos casos un rezago que incluso rond\u00f3 los 8 a\u00f1os, ya que en todo este tiempo su personal fue incapaz de corroborar que muchas de estas personas ya hab\u00edan regresado a casa. Desde la Fiscal\u00eda se responsabiliz\u00f3 de esto a las familias que simplemente \u201cno avisaron\u201d que su ser querido hab\u00eda aparecido siendo que su labor pericial deb\u00eda obligarlos a saber cu\u00e1ntas personas (no expedientes) siguen desaparecidas.<\/p>\n<p>Dentro de la \u201coperaci\u00f3n confirmaci\u00f3n\u201d se localizaron a un total de 73 personas, el 25 de ellas hab\u00eda sido reportadas como desaparecidas en el a\u00f1o 2014; 13 en 2001; 12 en 2013; 6 en 2010, 4 en los a\u00f1os 2007, 2008 y 2012; 3 en 2015 y 2 en 2009. De ninguna de ellas se sabe cu\u00e1les fueron los motivos por los que desaparecieron y, menos, las razones que las trajeron de nuevo a casa.<\/p>\n<p>Desaparecidos en Jalisco<\/p>\n<p>El dar de baja estos 73 casos de desaparici\u00f3n no significa que el delito haya desaparecido, pues la Fiscal\u00eda General debiera de dar con los responsables (si as\u00ed los hubiera) de cada una de estas desapariciones.<\/p>\n<p>En la reuni\u00f3n consultiva que tuvo Familias Unidas por Nuestros Desaparecidos Jalisco (FUNDEJ) con familiares de desaparecidos de Michoac\u00e1n y organizaciones civiles nacionales que trabajan una propuesta para la Ley General de Desaparici\u00f3n Forzada apost\u00f3 porque un delito como la desaparici\u00f3n fuera imprescriptible, pues la desaparici\u00f3n no debiera terminar con la aparici\u00f3n o localizaci\u00f3n del desaparecido sino hasta que se d\u00e9 la consignaci\u00f3n de los responsables (intelectuales y materiales) de la desaparici\u00f3n.<\/p>\n<p>En el caso de Jalisco al no estar tipificada la desaparici\u00f3n de personas como un delito, la Fiscal\u00eda General simplemente puede dar de baja estos 73 expedientes sin que alrededor de ellos exista consignaci\u00f3n alguna, ya que basta con tocar 158 puertas y encontrar que 73 personas han regresado a casa por sus propios medios. La Fiscal\u00eda archiva expedientes que ser\u00e1n considerados como parte de sus acciones periciales para la b\u00fasqueda de personas no localizadas aunque en realidad no las buscaron s\u00f3lo fueron a sus casas a confirmar si a\u00fan estaban desaparecidos.<\/p>\n<p>En Jalisco desde el a\u00f1o 2006 hasta el 30 de junio del 2015, 2 mil 269 personas no han regresado a casa.<\/p>\n<p><a href=\"http:\/\/www.proyectodiez.mx\/los-no-localizados-de-la-fiscalia-general-de-jalisco4\/\" target=\"_blank\">http:\/\/www.proyectodiez.mx\/los-no-localizados-de-la-fiscalia-general-de-jalisco4\/<\/a><\/p>\n","protected":false},"excerpt":{"rendered":"<p>Por: Darwin Franco Migues 19 de agosto 2015.- La \u201coperaci\u00f3n confirmaci\u00f3n\u201d que emprendi\u00f3 la Fiscal\u00eda General de Jalisco el 25 de julio para encontrar a las personas no localizadas (t\u00e9rmino &hellip; <a href=\"https:\/\/www.grieta.org.mx\/index.php\/2015\/08\/19\/los-no-localizados-de-la-fiscalia-general-de-jalisco\/\" class=\"more-link\">Leer m\u00e1s<\/a><\/p>\n","protected":false},"author":2,"featured_media":21928,"comment_status":"closed","ping_status":"open","sticky":false,"template":"","format":"standard","meta":{"ngg_post_thumbnail":0,"_jetpack_newsletter_access":"","_jetpack_dont_email_post_to_subs":false,"_jetpack_newsletter_tier_id":0,"_jetpack_memberships_contains_paywalled_content":false,"_jetpack_memberships_contains_paid_content":false,"footnotes":""},"categories":[80,230],"tags":[121],"class_list":["post-4308","post","type-post","status-publish","format-standard","has-post-thumbnail","hentry","category-cintillo","category-jalisco","tag-desaparecidos","entry"],"jetpack_featured_media_url":"https:\/\/www.grieta.org.mx\/wp-content\/uploads\/2018\/03\/14524434_1106112876131411_958039263622046936_o.jpg","jetpack_sharing_enabled":true,"jetpack_shortlink":"https:\/\/wp.me\/p7ZJR4-17u","jetpack_likes_enabled":false,"jetpack-related-posts":[{"id":36120,"url":"https:\/\/www.grieta.org.mx\/index.php\/2019\/07\/05\/gobierno-de-jalisco-desaparece-de-sus-registros-a-5-mil-752-personas-que-estaban-reportadas-como-desaparecidas\/","url_meta":{"origin":4308,"position":0},"title":"Gobierno de Jalisco \u201cdesaparece\u201d de sus registros a 5 mil 752 personas que estaban reportadas como desaparecidas","author":"grieta","date":"5 julio, 2019","format":false,"excerpt":"\u00a0 El Gobierno de Jalisco actualiz\u00f3 el Sistema de Informaci\u00f3n de V\u00edctimas de Desaparici\u00f3n (SISOVID) donde pas\u00f3 de 7 mil 504 personas desaparecidas a s\u00f3lo mil 752, esto lo hizo sin presentar mayores evidencias que expliquen c\u00f3mo y por qu\u00e9 de la noche a la ma\u00f1ana, 5 mil 752 desaparecidos\u2026","rel":"","context":"En &quot;CINTILLO&quot;","block_context":{"text":"CINTILLO","link":"https:\/\/www.grieta.org.mx\/index.php\/category\/cintillo\/"},"img":{"alt_text":"","src":"https:\/\/i0.wp.com\/www.grieta.org.mx\/wp-content\/uploads\/2019\/07\/Alfaro-696x348.jpg?resize=350%2C200&ssl=1","width":350,"height":200,"srcset":"https:\/\/i0.wp.com\/www.grieta.org.mx\/wp-content\/uploads\/2019\/07\/Alfaro-696x348.jpg?resize=350%2C200&ssl=1 1x, https:\/\/i0.wp.com\/www.grieta.org.mx\/wp-content\/uploads\/2019\/07\/Alfaro-696x348.jpg?resize=525%2C300&ssl=1 1.5x"},"classes":[]},{"id":4325,"url":"https:\/\/www.grieta.org.mx\/index.php\/2015\/06\/20\/la-impunidad-detras-del-registro-de-desaparecidos-en-jalisco\/","url_meta":{"origin":4308,"position":1},"title":"La impunidad detr\u00e1s del \u201cregistro\u201d de desaparecidos en Jalisco","author":"grieta","date":"20 junio, 2015","format":false,"excerpt":"Por: Darwin Franco Migues 20 de junio 2015.- Son 914 desapariciones las que la Fiscal\u00eda General de Jalisco no ha reportado al Registro Nacional de Personas Extraviadas y Desaparecidas (RNPED), pues en la \u00faltima actualizaci\u00f3n de este registro, realizado por el Sistema Nacional de Seguridad P\u00fablica, s\u00f3lo aparecen 2 mil\u2026","rel":"","context":"En &quot;CINTILLO&quot;","block_context":{"text":"CINTILLO","link":"https:\/\/www.grieta.org.mx\/index.php\/category\/cintillo\/"},"img":{"alt_text":"","src":"https:\/\/i0.wp.com\/www.grieta.org.mx\/wp-content\/uploads\/2018\/03\/14524434_1106112876131411_958039263622046936_o.jpg?resize=350%2C200&ssl=1","width":350,"height":200,"srcset":"https:\/\/i0.wp.com\/www.grieta.org.mx\/wp-content\/uploads\/2018\/03\/14524434_1106112876131411_958039263622046936_o.jpg?resize=350%2C200&ssl=1 1x, https:\/\/i0.wp.com\/www.grieta.org.mx\/wp-content\/uploads\/2018\/03\/14524434_1106112876131411_958039263622046936_o.jpg?resize=525%2C300&ssl=1 1.5x, https:\/\/i0.wp.com\/www.grieta.org.mx\/wp-content\/uploads\/2018\/03\/14524434_1106112876131411_958039263622046936_o.jpg?resize=700%2C400&ssl=1 2x"},"classes":[]},{"id":4315,"url":"https:\/\/www.grieta.org.mx\/index.php\/2015\/07\/26\/piden-ver-los-desaparecidos-como-personas-no-como-expedientes-protestan-familiares-en-guadalajara\/","url_meta":{"origin":4308,"position":2},"title":"Piden ver los desaparecidos como personas, no como expedientes. Protestan familiares en Guadalajara","author":"grieta","date":"26 julio, 2015","format":false,"excerpt":"Por: Darwin Franco Migues 26 de julio de 2015.- No hubo necesidad de utilizar la voz cuando la verdad es visible en la decenas de retratos que sostienen los integrantes de Familias Unidas por Nuestros Desaparecidos Jalisco (FUNDEJ), que se manifestaron en silencio en el Parque Revoluci\u00f3n. Sucedi\u00f3 esto un\u2026","rel":"","context":"En &quot;CINTILLO&quot;","block_context":{"text":"CINTILLO","link":"https:\/\/www.grieta.org.mx\/index.php\/category\/cintillo\/"},"img":{"alt_text":"","src":"https:\/\/i0.wp.com\/www.grieta.org.mx\/wp-content\/uploads\/2018\/03\/14524434_1106112876131411_958039263622046936_o.jpg?resize=350%2C200&ssl=1","width":350,"height":200,"srcset":"https:\/\/i0.wp.com\/www.grieta.org.mx\/wp-content\/uploads\/2018\/03\/14524434_1106112876131411_958039263622046936_o.jpg?resize=350%2C200&ssl=1 1x, https:\/\/i0.wp.com\/www.grieta.org.mx\/wp-content\/uploads\/2018\/03\/14524434_1106112876131411_958039263622046936_o.jpg?resize=525%2C300&ssl=1 1.5x, https:\/\/i0.wp.com\/www.grieta.org.mx\/wp-content\/uploads\/2018\/03\/14524434_1106112876131411_958039263622046936_o.jpg?resize=700%2C400&ssl=1 2x"},"classes":[]},{"id":62225,"url":"https:\/\/www.grieta.org.mx\/index.php\/2021\/10\/07\/sin-consultar-a-familiares-de-personas-desaparecidas-fiscalia-de-jalisco-aprueba-reglamento-de-ley-de-desaparicion\/","url_meta":{"origin":4308,"position":3},"title":"Sin consultar a familiares de personas desaparecidas, Fiscal\u00eda de Jalisco aprueba reglamento de Ley de Desaparici\u00f3n","author":"grieta","date":"7 octubre, 2021","format":false,"excerpt":"Foto: Zona Docs Pese a que la Ley de Personas Desaparecidas de Jalisco establec\u00eda que todo reglamento o protocolo debe realizarse de manera conjunta, gobierno-familiares de personas desaparecidas, la Fiscal\u00eda del Estado de Jalisco decidi\u00f3 publicar sin consultar a nadie el reglamento que har\u00e1 operativa la legislaci\u00f3n para buscar a\u2026","rel":"","context":"En &quot;CINTILLO&quot;","block_context":{"text":"CINTILLO","link":"https:\/\/www.grieta.org.mx\/index.php\/category\/cintillo\/"},"img":{"alt_text":"","src":"https:\/\/i0.wp.com\/www.grieta.org.mx\/wp-content\/uploads\/2021\/10\/photo5001271279554243046-1068x712-1.jpg?resize=350%2C200&ssl=1","width":350,"height":200,"srcset":"https:\/\/i0.wp.com\/www.grieta.org.mx\/wp-content\/uploads\/2021\/10\/photo5001271279554243046-1068x712-1.jpg?resize=350%2C200&ssl=1 1x, https:\/\/i0.wp.com\/www.grieta.org.mx\/wp-content\/uploads\/2021\/10\/photo5001271279554243046-1068x712-1.jpg?resize=525%2C300&ssl=1 1.5x, https:\/\/i0.wp.com\/www.grieta.org.mx\/wp-content\/uploads\/2021\/10\/photo5001271279554243046-1068x712-1.jpg?resize=700%2C400&ssl=1 2x, https:\/\/i0.wp.com\/www.grieta.org.mx\/wp-content\/uploads\/2021\/10\/photo5001271279554243046-1068x712-1.jpg?resize=1050%2C600&ssl=1 3x"},"classes":[]},{"id":29367,"url":"https:\/\/www.grieta.org.mx\/index.php\/2019\/02\/06\/en-seis-anos-van-seis-mil-desaparecidos-en-jalisco\/","url_meta":{"origin":4308,"position":4},"title":"En seis a\u00f1os van seis mil desaparecidos en Jalisco","author":"grieta","date":"6 febrero, 2019","format":false,"excerpt":"Por Marisela Mu\u00f1oz \/ Vallarta opina Permanecen sin ser localizadas m\u00e1s de seis mil personas reportadas como desaparecidas en Jalisco en el \u00faltimo sexenio. Seg\u00fan un informe oficial de la Fiscal\u00eda General del Estado, entre 2012 y 2018 fueron reportadas como desaparecidas m\u00e1s de 20 mil personas, de las cuales\u2026","rel":"","context":"En &quot;CINTILLO&quot;","block_context":{"text":"CINTILLO","link":"https:\/\/www.grieta.org.mx\/index.php\/category\/cintillo\/"},"img":{"alt_text":"","src":"https:\/\/i0.wp.com\/www.grieta.org.mx\/wp-content\/uploads\/2019\/02\/DESAPARECIDOSjal.jpg?resize=350%2C200&ssl=1","width":350,"height":200,"srcset":"https:\/\/i0.wp.com\/www.grieta.org.mx\/wp-content\/uploads\/2019\/02\/DESAPARECIDOSjal.jpg?resize=350%2C200&ssl=1 1x, https:\/\/i0.wp.com\/www.grieta.org.mx\/wp-content\/uploads\/2019\/02\/DESAPARECIDOSjal.jpg?resize=525%2C300&ssl=1 1.5x"},"classes":[]},{"id":4261,"url":"https:\/\/www.grieta.org.mx\/index.php\/2015\/11\/18\/fiscalia-entrega-cenizas-a-familias-de-probables-desaparecidos\/","url_meta":{"origin":4308,"position":5},"title":"Fiscal\u00eda entrega cenizas a familias de probables desaparecidos","author":"grieta","date":"18 noviembre, 2015","format":false,"excerpt":"Redacci\u00f3n El Informador Integrantes de la Fundej se\u00f1alan que hay motivos para dudar si corresponden a los cuerpos de sus parientes En ambos casos, los cuerpos fueron encontrados hace a\u00f1os y apenas en noviembre notificaron a los familiares GUADALAJARA, JALISCO (18\/NOV\/2015).- Durante los primeros d\u00edas de noviembre, la Fiscal\u00eda General\u2026","rel":"","context":"En &quot;CINTILLO&quot;","block_context":{"text":"CINTILLO","link":"https:\/\/www.grieta.org.mx\/index.php\/category\/cintillo\/"},"img":{"alt_text":"","src":"https:\/\/i0.wp.com\/www.grieta.org.mx\/wp-content\/uploads\/2018\/03\/14524434_1106112876131411_958039263622046936_o.jpg?resize=350%2C200&ssl=1","width":350,"height":200,"srcset":"https:\/\/i0.wp.com\/www.grieta.org.mx\/wp-content\/uploads\/2018\/03\/14524434_1106112876131411_958039263622046936_o.jpg?resize=350%2C200&ssl=1 1x, https:\/\/i0.wp.com\/www.grieta.org.mx\/wp-content\/uploads\/2018\/03\/14524434_1106112876131411_958039263622046936_o.jpg?resize=525%2C300&ssl=1 1.5x, https:\/\/i0.wp.com\/www.grieta.org.mx\/wp-content\/uploads\/2018\/03\/14524434_1106112876131411_958039263622046936_o.jpg?resize=700%2C400&ssl=1 2x"},"classes":[]}],"_links":{"self":[{"href":"https:\/\/www.grieta.org.mx\/index.php\/wp-json\/wp\/v2\/posts\/4308","targetHints":{"allow":["GET"]}}],"collection":[{"href":"https:\/\/www.grieta.org.mx\/index.php\/wp-json\/wp\/v2\/posts"}],"about":[{"href":"https:\/\/www.grieta.org.mx\/index.php\/wp-json\/wp\/v2\/types\/post"}],"author":[{"embeddable":true,"href":"https:\/\/www.grieta.org.mx\/index.php\/wp-json\/wp\/v2\/users\/2"}],"replies":[{"embeddable":true,"href":"https:\/\/www.grieta.org.mx\/index.php\/wp-json\/wp\/v2\/comments?post=4308"}],"version-history":[{"count":1,"href":"https:\/\/www.grieta.org.mx\/index.php\/wp-json\/wp\/v2\/posts\/4308\/revisions"}],"predecessor-version":[{"id":10852,"href":"https:\/\/www.grieta.org.mx\/index.php\/wp-json\/wp\/v2\/posts\/4308\/revisions\/10852"}],"wp:featuredmedia":[{"embeddable":true,"href":"https:\/\/www.grieta.org.mx\/index.php\/wp-json\/wp\/v2\/media\/21928"}],"wp:attachment":[{"href":"https:\/\/www.grieta.org.mx\/index.php\/wp-json\/wp\/v2\/media?parent=4308"}],"wp:term":[{"taxonomy":"category","embeddable":true,"href":"https:\/\/www.grieta.org.mx\/index.php\/wp-json\/wp\/v2\/categories?post=4308"},{"taxonomy":"post_tag","embeddable":true,"href":"https:\/\/www.grieta.org.mx\/index.php\/wp-json\/wp\/v2\/tags?post=4308"}],"curies":[{"name":"wp","href":"https:\/\/api.w.org\/{rel}","templated":true}]}}