{"id":43073,"date":"2020-01-10T23:00:46","date_gmt":"2020-01-11T05:00:46","guid":{"rendered":"http:\/\/www.grieta.org.mx\/?p=43073"},"modified":"2020-01-15T23:06:22","modified_gmt":"2020-01-16T05:06:22","slug":"vecinos-protestan-en-avenida-cuauhtemoc-por-ampliacion-de-linea-3-del-metrobus-ciudad-de-mexico","status":"publish","type":"post","link":"https:\/\/www.grieta.org.mx\/index.php\/2020\/01\/10\/vecinos-protestan-en-avenida-cuauhtemoc-por-ampliacion-de-linea-3-del-metrobus-ciudad-de-mexico\/","title":{"rendered":"Vecinos protestan en avenida Cuauht\u00e9moc por ampliaci\u00f3n de L\u00ednea 3 del Metrob\u00fas (Ciudad de M\u00e9xico)"},"content":{"rendered":"<p><img loading=\"lazy\" decoding=\"async\" data-attachment-id=\"43074\" data-permalink=\"https:\/\/www.grieta.org.mx\/index.php\/2020\/01\/10\/vecinos-protestan-en-avenida-cuauhtemoc-por-ampliacion-de-linea-3-del-metrobus-ciudad-de-mexico\/vecinos-protestan-en-avenida-cuauhtemoc-por-ampliacion-de-linea-3-del-metrobus-cdmx-ene\/\" data-orig-file=\"https:\/\/www.grieta.org.mx\/wp-content\/uploads\/2020\/01\/Vecinos-protestan-en-avenida-Cuauht\u00e9moc-por-ampliaci\u00f3n-de-L\u00ednea-3-del-Metrob\u00fas-cdmx-ene.jpeg\" data-orig-size=\"958,596\" data-comments-opened=\"0\" data-image-meta=\"{&quot;aperture&quot;:&quot;0&quot;,&quot;credit&quot;:&quot;&quot;,&quot;camera&quot;:&quot;&quot;,&quot;caption&quot;:&quot;&quot;,&quot;created_timestamp&quot;:&quot;0&quot;,&quot;copyright&quot;:&quot;&quot;,&quot;focal_length&quot;:&quot;0&quot;,&quot;iso&quot;:&quot;0&quot;,&quot;shutter_speed&quot;:&quot;0&quot;,&quot;title&quot;:&quot;&quot;,&quot;orientation&quot;:&quot;0&quot;}\" data-image-title=\"Vecinos protestan en avenida Cuauht\u00e9moc por ampliaci\u00f3n de L\u00ednea 3 del Metrob\u00fas cdmx ene\" data-image-description=\"\" data-image-caption=\"\" data-medium-file=\"https:\/\/www.grieta.org.mx\/wp-content\/uploads\/2020\/01\/Vecinos-protestan-en-avenida-Cuauht\u00e9moc-por-ampliaci\u00f3n-de-L\u00ednea-3-del-Metrob\u00fas-cdmx-ene-300x187.jpeg\" data-large-file=\"https:\/\/www.grieta.org.mx\/wp-content\/uploads\/2020\/01\/Vecinos-protestan-en-avenida-Cuauht\u00e9moc-por-ampliaci\u00f3n-de-L\u00ednea-3-del-Metrob\u00fas-cdmx-ene.jpeg\" class=\"aligncenter  wp-image-43074\" src=\"http:\/\/www.grieta.org.mx\/wp-content\/uploads\/2020\/01\/Vecinos-protestan-en-avenida-Cuauht\u00e9moc-por-ampliaci\u00f3n-de-L\u00ednea-3-del-Metrob\u00fas-cdmx-ene.jpeg\" alt=\"\" width=\"649\" height=\"404\" srcset=\"https:\/\/www.grieta.org.mx\/wp-content\/uploads\/2020\/01\/Vecinos-protestan-en-avenida-Cuauht\u00e9moc-por-ampliaci\u00f3n-de-L\u00ednea-3-del-Metrob\u00fas-cdmx-ene.jpeg 958w, https:\/\/www.grieta.org.mx\/wp-content\/uploads\/2020\/01\/Vecinos-protestan-en-avenida-Cuauht\u00e9moc-por-ampliaci\u00f3n-de-L\u00ednea-3-del-Metrob\u00fas-cdmx-ene-300x187.jpeg 300w, https:\/\/www.grieta.org.mx\/wp-content\/uploads\/2020\/01\/Vecinos-protestan-en-avenida-Cuauht\u00e9moc-por-ampliaci\u00f3n-de-L\u00ednea-3-del-Metrob\u00fas-cdmx-ene-768x478.jpeg 768w, https:\/\/www.grieta.org.mx\/wp-content\/uploads\/2020\/01\/Vecinos-protestan-en-avenida-Cuauht\u00e9moc-por-ampliaci\u00f3n-de-L\u00ednea-3-del-Metrob\u00fas-cdmx-ene-804x500.jpeg 804w\" sizes=\"auto, (max-width: 649px) 100vw, 649px\" \/><br \/>\n<em>Vecinos protestan en avenida Cuauht\u00e9moc, contra ampliaci\u00f3n de L\u00ednea 3 del Metrob\u00fas. | Jorge Becerril<\/em><\/p>\n<p>Jorge Becerril \/ Milenio<\/p>\n<blockquote><p>Los manifestantes muestran pancartas en los sem\u00e1foros de la avenida, a la altura de Eugenia, sin bloquear la circulaci\u00f3n.<\/p><\/blockquote>\n<p>Habitantes de la colonia Narvarte protestan en el cruce de la avenida Cuauht\u00e9moc y Eugenia, en contra de la ampliaci\u00f3n de la L\u00ednea 3 del Metrob\u00fas.<\/p>\n<p>Los manifestantes muestran pancartas en los sem\u00e1foros, sin bloquear la circulaci\u00f3n vehicular, y prev\u00e9n realizar una clausura simb\u00f3lica a las obras de ampliaci\u00f3n.<\/p>\n<p>La polic\u00eda capitalina recomend\u00f3 como alternativas viales las avenidas Universidad y Divisi\u00f3n del Norte.<\/p>\n<p>Desde hace varios d\u00edas habitantes de la colonia Narvarte han manifestado su inconformidad para la extensi\u00f3n de este transporte p\u00fablico a trav\u00e9s de bloqueos y manifestaciones.<\/p>\n<p><a href=\"https:\/\/www.milenio.com\/politica\/comunidad\/cuauhtemoc-vecinos-protestan-ampliacion-linea-3-metrobus\" target=\"_blank\" rel=\"noopener noreferrer\">https:\/\/www.milenio.com\/politica\/comunidad\/cuauhtemoc-vecinos-protestan-ampliacion-linea-3-metrobus<\/a><\/p>\n","protected":false},"excerpt":{"rendered":"<p>Vecinos protestan en avenida Cuauht\u00e9moc, contra ampliaci\u00f3n de L\u00ednea 3 del Metrob\u00fas. | Jorge Becerril Jorge Becerril \/ Milenio Los manifestantes muestran pancartas en los sem\u00e1foros de la avenida, a &hellip; <a href=\"https:\/\/www.grieta.org.mx\/index.php\/2020\/01\/10\/vecinos-protestan-en-avenida-cuauhtemoc-por-ampliacion-de-linea-3-del-metrobus-ciudad-de-mexico\/\" class=\"more-link\">Leer m\u00e1s<\/a><\/p>\n","protected":false},"author":2,"featured_media":43074,"comment_status":"closed","ping_status":"closed","sticky":false,"template":"","format":"standard","meta":{"ngg_post_thumbnail":0,"_jetpack_newsletter_access":"","_jetpack_dont_email_post_to_subs":false,"_jetpack_newsletter_tier_id":0,"_jetpack_memberships_contains_paywalled_content":false,"_jetpack_memberships_contains_paid_content":false,"footnotes":""},"categories":[80,14,2065,2],"tags":[1587],"class_list":["post-43073","post","type-post","status-publish","format-standard","has-post-thumbnail","hentry","category-cintillo","category-ciudad-de-mexico","category-movilizaciones-y-protestas-de-habitantes-de-la-ciudad-de-mexico","category-noticias-nacionales","tag-protestas-vecinales","entry"],"jetpack_featured_media_url":"https:\/\/www.grieta.org.mx\/wp-content\/uploads\/2020\/01\/Vecinos-protestan-en-avenida-Cuauht\u00e9moc-por-ampliaci\u00f3n-de-L\u00ednea-3-del-Metrob\u00fas-cdmx-ene.jpeg","jetpack_sharing_enabled":true,"jetpack_shortlink":"https:\/\/wp.me\/p7ZJR4-bcJ","jetpack_likes_enabled":false,"jetpack-related-posts":[{"id":50270,"url":"https:\/\/www.grieta.org.mx\/index.php\/2020\/03\/21\/protestan-en-colonia-guerrero-por-muerte-de-vendedor-ciudad-de-mexico\/","url_meta":{"origin":43073,"position":0},"title":"Protestan en colonia Guerrero por muerte de vendedor (Ciudad de M\u00e9xico)","author":"grieta","date":"21 marzo, 2020","format":false,"excerpt":"Comerciantes protestaron por la muerte de un vendedor en el Metro | Jorge Becerril Jorge Becerril \/ Milenio Los comerciantes aseguran que la v\u00edctima era parte de ellos y se dedicaba al comercio y no era delincuente como las autoridades lo informaron. M\u00e1s de 80 comerciantes realizaron un bloqueo en\u2026","rel":"","context":"En &quot;Abuso policiaco y tortura en la Ciudad de M\u00e9xico&quot;","block_context":{"text":"Abuso policiaco y tortura en la Ciudad de M\u00e9xico","link":"https:\/\/www.grieta.org.mx\/index.php\/category\/noticias-nacionales\/ciudad-de-mexico\/abuso-policiaco-y-tortura-en-la-ciudad-de-mexico\/"},"img":{"alt_text":"","src":"https:\/\/i0.wp.com\/www.grieta.org.mx\/wp-content\/uploads\/2020\/06\/Protestan-en-colonia-Guerrero-por-muerte-de-vendedor-cdmx-jun.jpeg?resize=350%2C200&ssl=1","width":350,"height":200,"srcset":"https:\/\/i0.wp.com\/www.grieta.org.mx\/wp-content\/uploads\/2020\/06\/Protestan-en-colonia-Guerrero-por-muerte-de-vendedor-cdmx-jun.jpeg?resize=350%2C200&ssl=1 1x, https:\/\/i0.wp.com\/www.grieta.org.mx\/wp-content\/uploads\/2020\/06\/Protestan-en-colonia-Guerrero-por-muerte-de-vendedor-cdmx-jun.jpeg?resize=525%2C300&ssl=1 1.5x, https:\/\/i0.wp.com\/www.grieta.org.mx\/wp-content\/uploads\/2020\/06\/Protestan-en-colonia-Guerrero-por-muerte-de-vendedor-cdmx-jun.jpeg?resize=700%2C400&ssl=1 2x"},"classes":[]},{"id":9741,"url":"https:\/\/www.grieta.org.mx\/index.php\/2016\/04\/26\/oposicion-a-ampliacion-de-linea-12-del-metro\/","url_meta":{"origin":43073,"position":1},"title":"Organizaci\u00f3n contra megaproyectos en el Poniente de la Ciudad de M\u00e9xico","author":"grieta","date":"26 abril, 2016","format":false,"excerpt":"25\/04\/16. Comuneros en Cuajimalpa son golpeados por oponerse a Tren InterurbanoSomos el medio 25\/04\/16. Golpeadores revientan protesta de comuneros por la construcci\u00f3n del tren interurbano M\u00e9xico-TolucaLa Jornada 05\/04\/16. Vecinos de poniente denuncian m\u00e1s proyectos en Poniente de CDMX que se suman al tren interurbano Apia Virtual 04\/04\/16. Se oponen vecinos\u2026","rel":"","context":"En &quot;Ciudad de M\u00e9xico&quot;","block_context":{"text":"Ciudad de M\u00e9xico","link":"https:\/\/www.grieta.org.mx\/index.php\/category\/noticias-nacionales\/ciudad-de-mexico\/"},"img":{"alt_text":"","src":"https:\/\/i0.wp.com\/www.grieta.org.mx\/wp-content\/uploads\/2018\/03\/14524434_1106112876131411_958039263622046936_o.jpg?resize=350%2C200&ssl=1","width":350,"height":200,"srcset":"https:\/\/i0.wp.com\/www.grieta.org.mx\/wp-content\/uploads\/2018\/03\/14524434_1106112876131411_958039263622046936_o.jpg?resize=350%2C200&ssl=1 1x, https:\/\/i0.wp.com\/www.grieta.org.mx\/wp-content\/uploads\/2018\/03\/14524434_1106112876131411_958039263622046936_o.jpg?resize=525%2C300&ssl=1 1.5x, https:\/\/i0.wp.com\/www.grieta.org.mx\/wp-content\/uploads\/2018\/03\/14524434_1106112876131411_958039263622046936_o.jpg?resize=700%2C400&ssl=1 2x"},"classes":[]},{"id":37975,"url":"https:\/\/www.grieta.org.mx\/index.php\/2019\/08\/16\/bloquean-trabajadores-avenidas-principales-de-cdmx\/","url_meta":{"origin":43073,"position":2},"title":"Bloquean trabajadores avenidas principales de CDMX","author":"grieta","date":"16 agosto, 2019","format":false,"excerpt":"Redacci\u00f3n\/Exc\u00e9lsior CIUDAD DE M\u00c9XICO Por segundo d\u00eda consecutivo trabajadoras de diversas dependencias de la Ciudad de M\u00e9xico y alcald\u00edas realizan simult\u00e1neamente protestas por falta de pagos. Trabajadores de la alcald\u00eda Miguel Hidalgo se concentran en General S\u00f3stenes Rocha a la altura de Gobernador Agust\u00edn Vicente Egu\u00eda hac\u00eda Parque Lira, donde\u2026","rel":"","context":"En &quot;CINTILLO&quot;","block_context":{"text":"CINTILLO","link":"https:\/\/www.grieta.org.mx\/index.php\/category\/cintillo\/"},"img":{"alt_text":"","src":"https:\/\/i0.wp.com\/www.grieta.org.mx\/wp-content\/uploads\/2019\/08\/2202162.jpg?resize=350%2C200&ssl=1","width":350,"height":200,"srcset":"https:\/\/i0.wp.com\/www.grieta.org.mx\/wp-content\/uploads\/2019\/08\/2202162.jpg?resize=350%2C200&ssl=1 1x, https:\/\/i0.wp.com\/www.grieta.org.mx\/wp-content\/uploads\/2019\/08\/2202162.jpg?resize=525%2C300&ssl=1 1.5x"},"classes":[]},{"id":37669,"url":"https:\/\/www.grieta.org.mx\/index.php\/2019\/08\/07\/estudiantes-excluidos-protestan-en-zocalo-de-cdmx\/","url_meta":{"origin":43073,"position":3},"title":"Estudiantes excluidos protestan en Z\u00f3calo de CdMx","author":"grieta","date":"7 agosto, 2019","format":false,"excerpt":"Redacci\u00f3n\/Milenio Digital Integrantes del Movimiento de Aspirantes Excluidos de Educaci\u00f3n Superior (MAES) protestan en el Z\u00f3calo de la Ciudad de M\u00e9xico, para exigir la ampliaci\u00f3n de la matr\u00edcula y el aumento al presupuesto para las universidades de todo el pa\u00eds. Los estudiantes llegaron a la Plaza de la Constituci\u00f3n tras\u2026","rel":"","context":"En &quot;CINTILLO&quot;","block_context":{"text":"CINTILLO","link":"https:\/\/www.grieta.org.mx\/index.php\/category\/cintillo\/"},"img":{"alt_text":"","src":"https:\/\/i0.wp.com\/www.grieta.org.mx\/wp-content\/uploads\/2018\/03\/14524434_1106112876131411_958039263622046936_o.jpg?resize=350%2C200&ssl=1","width":350,"height":200,"srcset":"https:\/\/i0.wp.com\/www.grieta.org.mx\/wp-content\/uploads\/2018\/03\/14524434_1106112876131411_958039263622046936_o.jpg?resize=350%2C200&ssl=1 1x, https:\/\/i0.wp.com\/www.grieta.org.mx\/wp-content\/uploads\/2018\/03\/14524434_1106112876131411_958039263622046936_o.jpg?resize=525%2C300&ssl=1 1.5x, https:\/\/i0.wp.com\/www.grieta.org.mx\/wp-content\/uploads\/2018\/03\/14524434_1106112876131411_958039263622046936_o.jpg?resize=700%2C400&ssl=1 2x"},"classes":[]},{"id":15586,"url":"https:\/\/www.grieta.org.mx\/index.php\/2016\/06\/21\/encapuchados-bloquean-insurgentes-sur-por-caso-nochixtlan\/","url_meta":{"origin":43073,"position":4},"title":"Encapuchados bloquean Insurgentes Sur por caso Nochixtl\u00e1n","author":"grieta","date":"21 junio, 2016","format":false,"excerpt":"Mirna Serv\u00edn Ciudad de M\u00e9xico. Alrededor de 30 personas con el rostro de cubierto bloquearon avenida Insurgentes, a la altura de Ciudad Universitaria, en ambos sentidos a la circulaci\u00f3n, en protesta por los hechos ocurridos recientemente en Oaxaca. Poco despu\u00e9s de las 17 horas, los inconformes utilizaron cajas de madera,\u2026","rel":"","context":"En &quot;cdmx&quot;","block_context":{"text":"cdmx","link":"https:\/\/www.grieta.org.mx\/index.php\/category\/cdmx\/"},"img":{"alt_text":"","src":"https:\/\/i0.wp.com\/www.grieta.org.mx\/wp-content\/uploads\/2018\/03\/14524434_1106112876131411_958039263622046936_o.jpg?resize=350%2C200&ssl=1","width":350,"height":200,"srcset":"https:\/\/i0.wp.com\/www.grieta.org.mx\/wp-content\/uploads\/2018\/03\/14524434_1106112876131411_958039263622046936_o.jpg?resize=350%2C200&ssl=1 1x, https:\/\/i0.wp.com\/www.grieta.org.mx\/wp-content\/uploads\/2018\/03\/14524434_1106112876131411_958039263622046936_o.jpg?resize=525%2C300&ssl=1 1.5x, https:\/\/i0.wp.com\/www.grieta.org.mx\/wp-content\/uploads\/2018\/03\/14524434_1106112876131411_958039263622046936_o.jpg?resize=700%2C400&ssl=1 2x"},"classes":[]},{"id":10020,"url":"https:\/\/www.grieta.org.mx\/index.php\/2015\/10\/06\/ino-quieren-el-tren\/","url_meta":{"origin":43073,"position":5},"title":"iNO QUIEREN EL TREN!","author":"grieta","date":"6 octubre, 2015","format":false,"excerpt":"La Prensa Noel F. Al\u00adva\u00adra\u00addo, Ve\u00adci\u00adnos de la Co\u00adlo\u00adnia Mo\u00adli\u00adno de San\u00adto Do\u00admin\u00adgo en \u00c1l\u00adva\u00adro Obre\u00adg\u00f3n, des\u00adqui\u00adcia\u00adron ayer la cir\u00adcu\u00adla\u00adci\u00f3n ve\u00adhi\u00adcu\u00adlar por m\u00e1s de cin\u00adco ho\u00adras, al blo\u00adquear la cir\u00adcu\u00adla\u00adci\u00f3n de las ave\u00adni\u00addas de Las To\u00adrres y Ob\u00adser\u00adva\u00adto\u00adrio, as\u00ed co\u00admo Cons\u00adti\u00adtu\u00adyen\u00adtes. Ello en pro\u00adtes\u00adta por la cons\u00adtruc\u00adci\u00f3n del tren M\u00e9\u00adxi\u00adco-To\u00adlu\u00adca.\u2026","rel":"","context":"En &quot;CINTILLO&quot;","block_context":{"text":"CINTILLO","link":"https:\/\/www.grieta.org.mx\/index.php\/category\/cintillo\/"},"img":{"alt_text":"","src":"https:\/\/i0.wp.com\/www.grieta.org.mx\/wp-content\/uploads\/2018\/03\/14524434_1106112876131411_958039263622046936_o.jpg?resize=350%2C200&ssl=1","width":350,"height":200,"srcset":"https:\/\/i0.wp.com\/www.grieta.org.mx\/wp-content\/uploads\/2018\/03\/14524434_1106112876131411_958039263622046936_o.jpg?resize=350%2C200&ssl=1 1x, https:\/\/i0.wp.com\/www.grieta.org.mx\/wp-content\/uploads\/2018\/03\/14524434_1106112876131411_958039263622046936_o.jpg?resize=525%2C300&ssl=1 1.5x, https:\/\/i0.wp.com\/www.grieta.org.mx\/wp-content\/uploads\/2018\/03\/14524434_1106112876131411_958039263622046936_o.jpg?resize=700%2C400&ssl=1 2x"},"classes":[]}],"_links":{"self":[{"href":"https:\/\/www.grieta.org.mx\/index.php\/wp-json\/wp\/v2\/posts\/43073","targetHints":{"allow":["GET"]}}],"collection":[{"href":"https:\/\/www.grieta.org.mx\/index.php\/wp-json\/wp\/v2\/posts"}],"about":[{"href":"https:\/\/www.grieta.org.mx\/index.php\/wp-json\/wp\/v2\/types\/post"}],"author":[{"embeddable":true,"href":"https:\/\/www.grieta.org.mx\/index.php\/wp-json\/wp\/v2\/users\/2"}],"replies":[{"embeddable":true,"href":"https:\/\/www.grieta.org.mx\/index.php\/wp-json\/wp\/v2\/comments?post=43073"}],"version-history":[{"count":1,"href":"https:\/\/www.grieta.org.mx\/index.php\/wp-json\/wp\/v2\/posts\/43073\/revisions"}],"predecessor-version":[{"id":43075,"href":"https:\/\/www.grieta.org.mx\/index.php\/wp-json\/wp\/v2\/posts\/43073\/revisions\/43075"}],"wp:featuredmedia":[{"embeddable":true,"href":"https:\/\/www.grieta.org.mx\/index.php\/wp-json\/wp\/v2\/media\/43074"}],"wp:attachment":[{"href":"https:\/\/www.grieta.org.mx\/index.php\/wp-json\/wp\/v2\/media?parent=43073"}],"wp:term":[{"taxonomy":"category","embeddable":true,"href":"https:\/\/www.grieta.org.mx\/index.php\/wp-json\/wp\/v2\/categories?post=43073"},{"taxonomy":"post_tag","embeddable":true,"href":"https:\/\/www.grieta.org.mx\/index.php\/wp-json\/wp\/v2\/tags?post=43073"}],"curies":[{"name":"wp","href":"https:\/\/api.w.org\/{rel}","templated":true}]}}