{"id":43071,"date":"2020-01-10T22:54:06","date_gmt":"2020-01-11T04:54:06","guid":{"rendered":"http:\/\/www.grieta.org.mx\/?p=43071"},"modified":"2020-01-15T23:00:07","modified_gmt":"2020-01-16T05:00:07","slug":"se-asfixia-celaya-por-altos-niveles-de-contaminacion-guanajuato","status":"publish","type":"post","link":"https:\/\/www.grieta.org.mx\/index.php\/2020\/01\/10\/se-asfixia-celaya-por-altos-niveles-de-contaminacion-guanajuato\/","title":{"rendered":"Se &#8216;asfixia&#8217; Celaya por altos niveles de contaminaci\u00f3n (Guanajuato)"},"content":{"rendered":"<blockquote><p>Amanece Celaya en sem\u00e1foro rojo, podr\u00edan declarar precontingencia ambiental en el transcurso del d\u00eda.<\/p><\/blockquote>\n<p>Por: Jos\u00e9 Trinidad M\u00e9ndez Valadez \/ AM Le\u00f3n Guanajuato, 10 de enero de 2020<br \/>\nLe\u00f3n, Guanajuato.- El Sistema Estatal de Informaci\u00f3n de Calidad del Aire (Seica) informa que Celaya amanece en sem\u00e1foro en rojo, por altos niveles de contaminaci\u00f3n, por lo que se podr\u00eda declarar en el curso del d\u00eda una Precontingencia.<\/p>\n<p>Los municipios de Silao, Irapuato y Salamanca, tambi\u00e9n presentan altos niveles de contaminaci\u00f3n, pero en sem\u00e1foro amarillo de &#8220;no satisfactoria&#8221;.<\/p>\n<p>Le\u00f3n es el \u00fanico municipio del Corredor Industrial que presenta una calidad de aire como &#8220;buena&#8221;, sem\u00e1foro azul, con niveles menores a los 54 PM10, part\u00edculas en suspensi\u00f3n.<\/p>\n<p><strong><br \/>\nQuema principal causa de contaminaci\u00f3n<\/strong><\/p>\n<p>En Celaya la estaci\u00f3n de San Juanico registr\u00f3 niveles de 188 PM10, lo que gener\u00f3 la alerta de sem\u00e1foro en rojo.<\/p>\n<p>Se inform\u00f3 que una de las principales causas de la contaminaci\u00f3n sigue siendo la quema indiscriminada esquilmos, pata de sorgo, en el campo, y pastizales, lo que generan grandes columnas de humo, perceptible a varios kil\u00f3metros.<\/p>\n<p><a href=\"https:\/\/www.am.com.mx\/guanajuato\/noticias\/Se-asfixia-Celaya-por-altos-niveles-de-contaminacion-20200110-0013.html\">https:\/\/www.am.com.mx\/guanajuato\/noticias\/Se-asfixia-Celaya-por-altos-niveles-de-contaminacion-20200110-0013.html<\/a><\/p>\n","protected":false},"excerpt":{"rendered":"<p>Amanece Celaya en sem\u00e1foro rojo, podr\u00edan declarar precontingencia ambiental en el transcurso del d\u00eda. Por: Jos\u00e9 Trinidad M\u00e9ndez Valadez \/ AM Le\u00f3n Guanajuato, 10 de enero de 2020 Le\u00f3n, Guanajuato.- &hellip; <a href=\"https:\/\/www.grieta.org.mx\/index.php\/2020\/01\/10\/se-asfixia-celaya-por-altos-niveles-de-contaminacion-guanajuato\/\" class=\"more-link\">Leer m\u00e1s<\/a><\/p>\n","protected":false},"author":2,"featured_media":21928,"comment_status":"closed","ping_status":"closed","sticky":false,"template":"","format":"standard","meta":{"ngg_post_thumbnail":0,"_jetpack_newsletter_access":"","_jetpack_dont_email_post_to_subs":false,"_jetpack_newsletter_tier_id":0,"_jetpack_memberships_contains_paywalled_content":false,"_jetpack_memberships_contains_paid_content":false,"footnotes":""},"categories":[80,1066,17],"tags":[91],"class_list":["post-43071","post","type-post","status-publish","format-standard","has-post-thumbnail","hentry","category-cintillo","category-contaminacion-ambiental-en-guanajuato","category-guanajuato","tag-contaminacion-ambiental","entry"],"jetpack_featured_media_url":"https:\/\/www.grieta.org.mx\/wp-content\/uploads\/2018\/03\/14524434_1106112876131411_958039263622046936_o.jpg","jetpack_sharing_enabled":true,"jetpack_shortlink":"https:\/\/wp.me\/p7ZJR4-bcH","jetpack_likes_enabled":false,"jetpack-related-posts":[{"id":33947,"url":"https:\/\/www.grieta.org.mx\/index.php\/2019\/04\/04\/el-40-del-ano-el-corredor-industrial-rebasa-limites-de-contaminantes-atmosfericos-guanajuato\/","url_meta":{"origin":43071,"position":0},"title":"El 40% del a\u00f1o el corredor industrial rebasa l\u00edmites de contaminantes atmosf\u00e9ricos (Guanajuato)","author":"grieta","date":"4 abril, 2019","format":false,"excerpt":"En las ciudades del corredor industrial se muestra un alza en los contaminantes Fernando Vel\u00e1zquez, Noticieros en L\u00ednea, 04 de abril de 2019 Todos los municipios del corredor industrial de Guanajuato rebasaron los l\u00edmites de part\u00edculas contaminantes establecidos por normas oficiales mexicanas, y el problema no marca una tendencia a\u2026","rel":"","context":"En &quot;CINTILLO&quot;","block_context":{"text":"CINTILLO","link":"https:\/\/www.grieta.org.mx\/index.php\/category\/cintillo\/"},"img":{"alt_text":"","src":"https:\/\/i0.wp.com\/www.grieta.org.mx\/wp-content\/uploads\/2019\/05\/contaminacion-leon-dic-2018.jpg?resize=350%2C200&ssl=1","width":350,"height":200,"srcset":"https:\/\/i0.wp.com\/www.grieta.org.mx\/wp-content\/uploads\/2019\/05\/contaminacion-leon-dic-2018.jpg?resize=350%2C200&ssl=1 1x, https:\/\/i0.wp.com\/www.grieta.org.mx\/wp-content\/uploads\/2019\/05\/contaminacion-leon-dic-2018.jpg?resize=525%2C300&ssl=1 1.5x, https:\/\/i0.wp.com\/www.grieta.org.mx\/wp-content\/uploads\/2019\/05\/contaminacion-leon-dic-2018.jpg?resize=700%2C400&ssl=1 2x"},"classes":[]},{"id":22231,"url":"https:\/\/www.grieta.org.mx\/index.php\/2018\/03\/11\/relleno-sanitario-de-celaya-recibira-desechos-de-opresa\/","url_meta":{"origin":43071,"position":1},"title":"Relleno sanitario de Celaya recibir\u00e1 desechos de OPRESA","author":"grieta","date":"11 marzo, 2018","format":false,"excerpt":"Zona Franca Celaya, Gto. Ante la contingencia ambiental generada por el incendio en la empresa OPRESA, el Centro de Manejo Integral de Residuos S\u00f3lidos (CEMIRS) del Gobierno Municipal recibir\u00e1 temporalmente sus residuos. Para contener la afectaci\u00f3n ocurrida en el centro de disposici\u00f3n privado, el Municipio est\u00e1 en posibilidad de ingresar\u2026","rel":"","context":"En &quot;CINTILLO&quot;","block_context":{"text":"CINTILLO","link":"https:\/\/www.grieta.org.mx\/index.php\/category\/cintillo\/"},"img":{"alt_text":"","src":"https:\/\/i0.wp.com\/www.grieta.org.mx\/wp-content\/uploads\/2018\/03\/relleno.jpg?resize=350%2C200&ssl=1","width":350,"height":200,"srcset":"https:\/\/i0.wp.com\/www.grieta.org.mx\/wp-content\/uploads\/2018\/03\/relleno.jpg?resize=350%2C200&ssl=1 1x, https:\/\/i0.wp.com\/www.grieta.org.mx\/wp-content\/uploads\/2018\/03\/relleno.jpg?resize=525%2C300&ssl=1 1.5x, https:\/\/i0.wp.com\/www.grieta.org.mx\/wp-content\/uploads\/2018\/03\/relleno.jpg?resize=700%2C400&ssl=1 2x"},"classes":[]},{"id":20814,"url":"https:\/\/www.grieta.org.mx\/index.php\/2016\/09\/03\/contaminacion-ambiental-en-guanajuato\/","url_meta":{"origin":43071,"position":2},"title":"Contaminaci\u00f3n ambiental en Guanajuato","author":"grieta","date":"3 septiembre, 2016","format":false,"excerpt":"03\/09\/16. Envenenan Salamanca Peri\u00f3dico am","rel":"","context":"En &quot;CINTILLO&quot;","block_context":{"text":"CINTILLO","link":"https:\/\/www.grieta.org.mx\/index.php\/category\/cintillo\/"},"img":{"alt_text":"","src":"https:\/\/i0.wp.com\/www.grieta.org.mx\/wp-content\/uploads\/2018\/03\/14524434_1106112876131411_958039263622046936_o.jpg?resize=350%2C200&ssl=1","width":350,"height":200,"srcset":"https:\/\/i0.wp.com\/www.grieta.org.mx\/wp-content\/uploads\/2018\/03\/14524434_1106112876131411_958039263622046936_o.jpg?resize=350%2C200&ssl=1 1x, https:\/\/i0.wp.com\/www.grieta.org.mx\/wp-content\/uploads\/2018\/03\/14524434_1106112876131411_958039263622046936_o.jpg?resize=525%2C300&ssl=1 1.5x, https:\/\/i0.wp.com\/www.grieta.org.mx\/wp-content\/uploads\/2018\/03\/14524434_1106112876131411_958039263622046936_o.jpg?resize=700%2C400&ssl=1 2x"},"classes":[]},{"id":17781,"url":"https:\/\/www.grieta.org.mx\/index.php\/2016\/03\/14\/conflictos-y-protestas-por-transporte-publico-en-guanajuato\/","url_meta":{"origin":43071,"position":3},"title":"Conflictos y protestas por transporte p\u00fablico en Guanajuato","author":"grieta","date":"14 marzo, 2016","format":false,"excerpt":"14\/03\/2016. Contin\u00faan las protestas contra aumento al pasaje en el transporte p\u00fablico en Le\u00f3n Peri\u00f3dico Correo 03\/03\/2016. Protestan contra aumento al pasaje en el transporte p\u00fablico en Le\u00f3n AM 20\/11\/2015. Agreden a manifestantes que exigen mantener gratuidad del transporte para ancianos en Le\u00f3nZona Franca 26\/10\/2015. Siguen las manifestaciones para exigir\u2026","rel":"","context":"En &quot;Guanajuato&quot;","block_context":{"text":"Guanajuato","link":"https:\/\/www.grieta.org.mx\/index.php\/category\/noticias-nacionales\/guanajuato\/"},"img":{"alt_text":"","src":"https:\/\/i0.wp.com\/www.grieta.org.mx\/wp-content\/uploads\/2018\/03\/14524434_1106112876131411_958039263622046936_o.jpg?resize=350%2C200&ssl=1","width":350,"height":200,"srcset":"https:\/\/i0.wp.com\/www.grieta.org.mx\/wp-content\/uploads\/2018\/03\/14524434_1106112876131411_958039263622046936_o.jpg?resize=350%2C200&ssl=1 1x, https:\/\/i0.wp.com\/www.grieta.org.mx\/wp-content\/uploads\/2018\/03\/14524434_1106112876131411_958039263622046936_o.jpg?resize=525%2C300&ssl=1 1.5x, https:\/\/i0.wp.com\/www.grieta.org.mx\/wp-content\/uploads\/2018\/03\/14524434_1106112876131411_958039263622046936_o.jpg?resize=700%2C400&ssl=1 2x"},"classes":[]},{"id":55186,"url":"https:\/\/www.grieta.org.mx\/index.php\/2020\/11\/16\/galeria-de-fotos-de-acciones-en-leon-y-celaya-guanajuato-en-repudio-a-los-ataques-paramilitares-a-comunidades-zapatistas\/","url_meta":{"origin":43071,"position":4},"title":"Galer\u00eda de fotos de acciones en Le\u00f3n y Celaya, Guanajuato en repudio a los ataques paramilitares a comunidades zapatistas","author":"grieta","date":"16 noviembre, 2020","format":false,"excerpt":"Colectivo Grieta Galer\u00eda de fotos","rel":"","context":"En &quot;Alto a la Guerra contra los pueblos zapatistas&quot;","block_context":{"text":"Alto a la Guerra contra los pueblos zapatistas","link":"https:\/\/www.grieta.org.mx\/index.php\/category\/redes-de-resistencia-y-rebeldia\/contra-la-guerra-al-ezln\/"},"img":{"alt_text":"","src":"https:\/\/i0.wp.com\/www.grieta.org.mx\/wp-content\/uploads\/2020\/11\/Screenshot_2020-11-16-Foto.png?resize=350%2C200&ssl=1","width":350,"height":200},"classes":[]},{"id":59234,"url":"https:\/\/www.grieta.org.mx\/index.php\/2021\/05\/03\/a-4-anos-de-sancion-quimica-central-sigue-contaminado-guanajuato\/","url_meta":{"origin":43071,"position":5},"title":"A 4 a\u00f1os de sanci\u00f3n, Qu\u00edmica Central sigue contaminado (Guanajuato)","author":"grieta","date":"3 mayo, 2021","format":false,"excerpt":"La empresa Qu\u00edmica Central de M\u00e9xico S.A de C.V fue sancionada hace 4 a\u00f1os por la Profepa por generar contaminaci\u00f3n con residuos peligrosos Wendoline Adame, Milenio Le\u00f3n \/ 03.05.2021 06:00:02 A cuatro a\u00f1os de que la Procuradur\u00eda Federal de Protecci\u00f3n al Ambiente (PROFEPA), impuso una sanci\u00f3n y orden\u00f3 el retiro\u2026","rel":"","context":"En &quot;CINTILLO&quot;","block_context":{"text":"CINTILLO","link":"https:\/\/www.grieta.org.mx\/index.php\/category\/cintillo\/"},"img":{"alt_text":"","src":"https:\/\/i0.wp.com\/www.grieta.org.mx\/wp-content\/uploads\/2021\/05\/san-francisco-rincon-mil-toneladas.jpeg?resize=350%2C200&ssl=1","width":350,"height":200,"srcset":"https:\/\/i0.wp.com\/www.grieta.org.mx\/wp-content\/uploads\/2021\/05\/san-francisco-rincon-mil-toneladas.jpeg?resize=350%2C200&ssl=1 1x, https:\/\/i0.wp.com\/www.grieta.org.mx\/wp-content\/uploads\/2021\/05\/san-francisco-rincon-mil-toneladas.jpeg?resize=525%2C300&ssl=1 1.5x, https:\/\/i0.wp.com\/www.grieta.org.mx\/wp-content\/uploads\/2021\/05\/san-francisco-rincon-mil-toneladas.jpeg?resize=700%2C400&ssl=1 2x"},"classes":[]}],"_links":{"self":[{"href":"https:\/\/www.grieta.org.mx\/index.php\/wp-json\/wp\/v2\/posts\/43071","targetHints":{"allow":["GET"]}}],"collection":[{"href":"https:\/\/www.grieta.org.mx\/index.php\/wp-json\/wp\/v2\/posts"}],"about":[{"href":"https:\/\/www.grieta.org.mx\/index.php\/wp-json\/wp\/v2\/types\/post"}],"author":[{"embeddable":true,"href":"https:\/\/www.grieta.org.mx\/index.php\/wp-json\/wp\/v2\/users\/2"}],"replies":[{"embeddable":true,"href":"https:\/\/www.grieta.org.mx\/index.php\/wp-json\/wp\/v2\/comments?post=43071"}],"version-history":[{"count":1,"href":"https:\/\/www.grieta.org.mx\/index.php\/wp-json\/wp\/v2\/posts\/43071\/revisions"}],"predecessor-version":[{"id":43072,"href":"https:\/\/www.grieta.org.mx\/index.php\/wp-json\/wp\/v2\/posts\/43071\/revisions\/43072"}],"wp:featuredmedia":[{"embeddable":true,"href":"https:\/\/www.grieta.org.mx\/index.php\/wp-json\/wp\/v2\/media\/21928"}],"wp:attachment":[{"href":"https:\/\/www.grieta.org.mx\/index.php\/wp-json\/wp\/v2\/media?parent=43071"}],"wp:term":[{"taxonomy":"category","embeddable":true,"href":"https:\/\/www.grieta.org.mx\/index.php\/wp-json\/wp\/v2\/categories?post=43071"},{"taxonomy":"post_tag","embeddable":true,"href":"https:\/\/www.grieta.org.mx\/index.php\/wp-json\/wp\/v2\/tags?post=43071"}],"curies":[{"name":"wp","href":"https:\/\/api.w.org\/{rel}","templated":true}]}}