{"id":4297,"date":"2015-09-17T18:45:00","date_gmt":"2015-09-17T18:45:00","guid":{"rendered":"http:\/\/50.22.11.12\/~grietaor\/?p=4297"},"modified":"2016-04-25T00:36:39","modified_gmt":"2016-04-25T00:36:39","slug":"region-altos-norte-desaparecer-en-la-region-de-los-milagros","status":"publish","type":"post","link":"https:\/\/www.grieta.org.mx\/index.php\/2015\/09\/17\/region-altos-norte-desaparecer-en-la-region-de-los-milagros\/","title":{"rendered":"Regi\u00f3n Altos Norte: Desaparecer en la regi\u00f3n de los milagros"},"content":{"rendered":"<p>Por: Darwin Franco Migues <\/p>\n<p>Parte III<\/p>\n<p>17 de septiembre 2015.- Cuando desaparecieron la madrugada del 7 julio del 2013 en Lagos de Moreno, Eduardo Isa\u00edas Ram\u00edrez Hern\u00e1ndez (21 a\u00f1os); \u00c1ngel de Jes\u00fas Rodr\u00edguez Hern\u00e1ndez (19 a\u00f1os); Daniel Armando Espinoza Hern\u00e1ndez (22 a\u00f1os); Jos\u00e9 Gerardo Aguilar Mart\u00ednez (18 a\u00f1os); Marco Antonio Ram\u00edrez C\u00e1rdenas (19 a\u00f1os), Cristian Fabi\u00e1n \u00c1vila Cardona (18 a\u00f1os) y Rodrigo Espinoza Aguayo (38 a\u00f1os), todas las miradas se posaron en la Regi\u00f3n Altos Norte de Jalisco.<\/p>\n<p>La exigencia de b\u00fasqueda realizada por sus familias moviliz\u00f3 como nunca a las autoridades; sin embargo, descubrimos de manera terrible que ese mismo 7 de julio, les fue arrebatada la vida por integrantes del crimen organizado. Lo cruento de la tragedia, la criminalizaci\u00f3n de sus v\u00edctimas, la indolencia de las autoridades estatales que entregaron sus restos en cajas de madera con el logotipo del Gobierno de Jalisco y la victoria de las familias que consiguieron que el alcalde y futuro diputado local, Hugo Ren\u00e9 Ruiz Esparza, ofreciera disculpas p\u00fablicas por relacionar a sus seres queridos con el crimen organizado, son hechos que conforman uno de los peores episodios de la historia de Jalisco.<\/p>\n<p>No obstante, las desapariciones en esta regi\u00f3n de Jalisco no han cesado como tampoco ha menguado la inoperancia de las autoridades de los ocho municipios que integran la Regi\u00f3n Altos Norte, ya que aseguran que en sus demarcaciones \u201cno hay desaparecidos\u201d.<\/p>\n<p>La Direcci\u00f3n Regional de la Fiscal\u00eda en la Regi\u00f3n Altos Norte asegura que desde 2013 hasta el 31 de julio s\u00f3lo han recibido 43 denuncias por desaparici\u00f3n, el Registro Nacional de Personas Extraviadas y Desaparecidas (RNPED) registra dos desapariciones menos, 41. Sin embargo, en lo que va del 2015 se han reportado 11 desapariciones en Lagos de Moreno, estas desapariciones concuerdan en tiempo y forma con las que ocurrieron en el a\u00f1o 2013.<br \/>\nDesaparecidos en la Regi\u00f3n Altos Norte. Infograf\u00eda: Darwin Franco<\/p>\n<p>Las desapariciones en la Regi\u00f3n Altos Norte<\/p>\n<p>La Regi\u00f3n Altos Norte est\u00e1 conformada por 8 municipios: Encarnaci\u00f3n de D\u00edaz, Ojuelos de Jalisco, San Juan de los Lagos, Uni\u00f3n de San Antonio, Lagos de Moreno, San Diego de Alejandr\u00eda, Teocaltiche y Villa Hidalgo. En cinco de ellos se tienen reportes oficiales de desaparici\u00f3n siendo Encarnaci\u00f3n de D\u00edaz y Lagos de Moreno donde se concentra el 68% de las desapariciones, ambos municipios tambi\u00e9n encabezan la estad\u00edstica de homicidios.<\/p>\n<p>Los municipios que no cuentan con denuncia de desaparici\u00f3n son Villa Hidalgo, Teocaltiche, y Uni\u00f3n de San Antonio; sin embargo, en estos dos \u00faltimo municipios se han localizado tres fosas clandestinas y se tienen reportes de diversos \u201clevantones\u201d cometidos por el crimen organizado; sin embargo, la Direcci\u00f3n Regional Altos Norte de la Fiscal\u00eda General de Jalisco asegura que no tiene ninguna denuncia de desaparici\u00f3n sucedida en estos municipios.<\/p>\n<p>Los otros municipios que s\u00ed tienen denuncias son San Juan de los Lagos (4), San Diego de Alejandr\u00eda (2) y Ojuelos de Jalisco (1), es para destacar que en este municipio azotado por la violencia que gener\u00f3 el grupo delictivo Los Zetas, s\u00f3lo exista una denuncia por desaparici\u00f3n siendo que en la detenci\u00f3n de 14 elementos de la Polic\u00eda Municipal de Ojuelos, el 21 de mayo del 2010, \u00e9stos confesaron que una de las labores que realizaban para ese grupo delictivo consist\u00eda en \u201clevantar\u201d personas que luego entregaban en San Luis Potos\u00ed.<\/p>\n<p>Pese a estos antecedentes y con los diversos brotes de violencia que persisten en la Regi\u00f3n Altos Norte, las cifras oficiales s\u00f3lo reconocen 43 desaparecidos en sus ocho municipios.<\/p>\n<p>\u00c1ngel de Jes\u00fas Rodr\u00edguez Hern\u00e1ndez, Eduardo Isa\u00edas Ram\u00edrez Hern\u00e1ndez, Daniel Armando Espinoza Hern\u00e1ndez y Jos\u00e9 Gerardo Aguilar Mart\u00ednez, desaparecieron el 6 de julio pasado en Lagos de Moreno, Jalisco.<br \/>\nLos ciclos alrededor de las desapariciones en Lagos de Moreno<\/p>\n<p>El santo patrono de Lagos de Moreno es \u201cNuestro Padre Jes\u00fas del Calvario\u201d, el cual habita en un templo ubicado en lo alto de una colina de este municipio. En este lugar fueron velados los restos de Eduardo Isa\u00edas Ram\u00edrez Hern\u00e1ndez; \u00c1ngel de Jes\u00fas Rodr\u00edguez Hern\u00e1ndez; Daniel Armando Espinoza Hern\u00e1ndez; Jos\u00e9 Gerardo Aguilar Mart\u00ednez; Marco Antonio Ram\u00edrez C\u00e1rdenas, Cristian Fabi\u00e1n \u00c1vila Cardona y Rodrigo Espinoza Aguayo, quienes fueron desaparecidos y asesinados en Lagos de Moreno, el 7 de junio del 2013.<\/p>\n<p>Dos meses atr\u00e1s tambi\u00e9n desaparecieron sin dejar huella Jos\u00e9 Wilfredo Mej\u00eda V\u00e1zquez (18 a\u00f1os); Jos\u00e9 Mej\u00eda D\u00edaz (44 a\u00f1os) y Humberto Rinc\u00f3n Garc\u00eda (se desconoce la edad), los tres desaparecieron cuando salieron de un domicilio particular la noche del 24 de mayo de 2013. Un mes despu\u00e9s tambi\u00e9n se dej\u00f3 de tener noticias de Luis Fernando Ramos Mendoza, el cual ya no regres\u00f3 a casa con sus familiares desde el 20 de junio de ese mismo a\u00f1o.<\/p>\n<p>Entre abril y julio del 2013, se denunciaron en Lagos de Moreno 11 desapariciones. Estas coinciden con el incremento de la violencia producto por el cambio de mando en el grupo delictivo que opera desde entonces en este municipio. Dos a\u00f1os despu\u00e9s y en el mismo periodo de tiempo se tiene tambi\u00e9n el registro 11 desapariciones que ocurrieron, en su mayor\u00eda, bajo el mismo modus operandis: la acci\u00f3n de un grupo de hombres armados que bajan de una camioneta para llevarse a las personas del interior de sus casas y\/o negocios.<\/p>\n<p>As\u00ed pas\u00f3 el pasado 5 de julio cuando un grupo de hombres armados irrumpieron en una casa del fraccionamiento San Antonio en Lagos de Moreno para llevarse a tres hombres a bordo de una camioneta. La camioneta s\u00ed fue localizada; sin embargo, no se sabe nada de estos tres hombres que fueron desaparecidos a plena luz del d\u00eda.<\/p>\n<p>De los desaparecidos que s\u00ed podemos saber sus nombres e historias es porque sus familias han logrado romper el miedo y el silencio que existe alrededor de las desapariciones que suceden en Lagos de Moreno.<\/p>\n<p>Los nombres de los desaparecidos de este a\u00f1o 2015 son:<br \/>\nDesaparecidos en Lagos de Moreno en 2015<\/p>\n<p>\u00d3scar Rivas Moreno, 3 de abril<\/p>\n<p>Miguel \u00c1ngel C\u00e1rdenas Ornelas, 15 de abril<\/p>\n<p>Ana Elvira Castillo Mireles, 28 de abril<\/p>\n<p>Carlos Adri\u00e1n Romo L\u00f3pez, desapareci\u00f3 los primeros d\u00edas de mayo<\/p>\n<p>Daniel Eduardo Carpio Bocanegra, 10 de junio<\/p>\n<p>C\u00e9sar Federico Gonz\u00e1lez Reynoso, 19 de junio<\/p>\n<p>Francisco Garc\u00eda Delgado, desaparecido en Lagos de Moreno.<\/p>\n<p>Benito P\u00e9rez Guti\u00e9rrez, uno de los desaparecidos en Lagos de Moreno durante 2015.<\/p>\n<p>En sus todas sus investigaciones los avances son nulos y la Fiscal\u00eda General de Jalisco, a trav\u00e9s de su direcci\u00f3n regional con sede en Lagos de Moreno, no ha aportado elementos periciales qu\u00e9 indiquen los motivos o circunstancias en torno a su desaparici\u00f3n. Lo que hay es silencio, incluso, en el caso de Benito P\u00e9rez Guti\u00e9rrez quien es funcionario municipal, ya que al desaparecer fung\u00eda como delegado en la comunidad de Comanja de Corona, poblaci\u00f3n que el municipio de Lagos de Moreno quiere incluir como elemento tur\u00edstico dentro de las actividades que realizan como \u201cpueblo m\u00e1gico\u201d, tal es el inter\u00e9s que se tiene por Comanja que prefirieron callar la desaparici\u00f3n de su delegado antes que suspender la actividad tur\u00edstica denominada \u201cComanjear\u201d, la cual se realiz\u00f3 un par de d\u00edas despu\u00e9s de la desaparici\u00f3n de Benito P\u00e9rez Guti\u00e9rrez, como inform\u00f3 la periodista Dalia Souza para Radio Universidad de Guadalajara en Lagos de Moreno.<\/p>\n<p>Si as\u00ed es la atenci\u00f3n a los desaparecidos que integran el gobierno municipal del pr\u00f3ximo diputado local, Hugo Ren\u00e9 Ruiz Esparza, que puede esperar la se\u00f1ora Catalina que vio con sus propios ojos como un par de hombres se llevaron el 28 de abril de este a\u00f1o a su hija, Ana Elvira Castillo Mireles (23 a\u00f1os): \u201cYo he pedido que me ayuden a buscar a mi hija, he solicitado ayuda para sus dos peque\u00f1os hijos que me dej\u00f3 pero nadie escucha y nadie me da ninguna informaci\u00f3n de lo que est\u00e1n haciendo para buscarla\u201d, narr\u00f3 Catalina.<\/p>\n<p>La lucha de Catalina es completamente igual a la que d\u00eda a d\u00eda sostiene la Familia Veloz, la cual con sus propios medios buscan a la peque\u00f1a Isabel de 12 a\u00f1os desde que \u00e9sta desapareci\u00f3 en la colonia Cristeros, el 21 de mayo del 2014.<\/p>\n<p>Ya son dos a\u00f1os de la desaparici\u00f3n de Isabel y de la Fiscal\u00eda General de Jalisco s\u00f3lo han obtenido criminalizaci\u00f3n y falsos se\u00f1alamientos: \u201cNos marcan para que nosotros les digamos qu\u00e9 sabemos de Isabel, nos visitan y en lugar de decirnos d\u00f3nde est\u00e1 nos hostigan para que les digamos qu\u00e9 les hicimos a la ni\u00f1a\u2026 a m\u00ed varios investigadores me han insinuado que yo soy el responsable de su desaparici\u00f3n\u201d, narr\u00f3 Mart\u00edn Veloz, padre de Isabel, a quien incluso la Direcci\u00f3n Estatal de la Alerta Amber le neg\u00f3 la activaci\u00f3n de dicho sistema.<\/p>\n<p>De acuerdo a la Fiscal\u00eda General de Jalisco, en la Regi\u00f3n Altos Norte, existen 43 denuncias por desaparici\u00f3n de personas, de \u00e9stas 16 corresponden a Lagos de Moreno.<\/p>\n<p>Eran ocho. Mart\u00edn de 28 a\u00f1os, Emmanuel, Salvador y Jos\u00e9 con 20, Mario de 19, dos j\u00f3venes sin identificar con tan s\u00f3lo 17 y 16 a\u00f1os, adem\u00e1s de una ni\u00f1a de 14. Todos fueron encontrados el 7 de junio del 2014 en una fosa clandestina, luego de ser desaparecidos y asesinados entre el 6 de mayo y el 4 de junio de ese a\u00f1o en Encarnaci\u00f3n de D\u00edaz.<\/p>\n<p>Este municipio al que sus habitantes prefieren llamar \u201cLa Chona\u201d, es una poblaci\u00f3n donde viven alrededor de 48 mil personas. Sin embargo, desde hace meses sus habitantes han reportado a las autoridades diversas desapariciones, pero nunca tantas como las que sucedieron entre los meses de mayo y junio de 2014. Esto alert\u00f3 a las autoridades de Encarnaci\u00f3n de D\u00edaz, pero no tanto como para agilizar las b\u00fasquedas.<\/p>\n<p>Despu\u00e9s de la presi\u00f3n de las familias de los desaparecidos, las autoridades lograron la captura de Gilberto Mendoza P\u00e9rez, de 32 a\u00f1os; Jos\u00e9 Antonio Reyes Soto, de 37 a\u00f1os y Jos\u00e9 Mar\u00eda P\u00e9rez Caldera, de 18 a\u00f1os. Estos condujeron a las autoridades hasta la fosa donde hab\u00edan abandonado los cuerpos de los ocho j\u00f3venes. Indicaron, adem\u00e1s, que todo fue producto de una venganza porque una de las v\u00edctimas rob\u00f3 las pertenencias de Antonio G\u00f3mez, al\u00edas El Japon\u00e9s, presunto cabecilla de una c\u00e9lula delictiva que opera en la regi\u00f3n.<\/p>\n<p>De acuerdo con informes de la Secretar\u00eda de la Defensa Nacional y de la Procuradur\u00eda General de la Rep\u00fablica, Encarnaci\u00f3n de D\u00edaz, as\u00ed como toda la regi\u00f3n de los Altos de Jalisco, es una plaza que est\u00e1 siendo disputada por Los Zetas y peque\u00f1as fracciones del C\u00e1rtel Jalisco Nueva Generaci\u00f3n. Sin embargo, tras la detenci\u00f3n de los tres implicados ninguna informaci\u00f3n dada por la Fiscal\u00eda ayud\u00f3 a entender a qu\u00e9 grupo pertenec\u00edan los consignados o por qu\u00e9 se asegura que las v\u00edctimas estar\u00edan vinculadas al narcotr\u00e1fico.<\/p>\n<p>En \u201cLa Chona\u201d, como pas\u00f3 un a\u00f1o antes en Lagos de Moreno, sin pruebas se criminaliz\u00f3 a las v\u00edctimas y se busc\u00f3 ocultar la verdad de lo que ocurri\u00f3 con la desaparici\u00f3n y asesinato de estos ocho j\u00f3venes. En \u201cLa Chona\u201d, los registros oficiales aseguran que s\u00f3lo existen 12 denuncias por desaparici\u00f3n; sin embargo, ninguno de los familiares de estos ocho j\u00f3venes present\u00f3 la denuncia por desaparici\u00f3n por el miedo que implicaba el hacerlo ante la inseguridad que a\u00fan se vive en Encarnaci\u00f3n de D\u00edaz. Las desapariciones ah\u00ed contin\u00faan.<br \/>\nCatedral de San Juan de los Lagos. Foto: Enrique L\u00f3pez Tamayo\/Flickr<\/p>\n<p>\u00bfD\u00f3nde quedaron los milagros?<\/p>\n<p>La patrona de la Regi\u00f3n Altos Norte es sin duda, la Virgen de San Juan de los Lagos. A ella arriban a\u00f1o con a\u00f1o miles de \u201csanjuaneros\u201d en la b\u00fasqueda de su milagrosa misericordia. A esta fe tambi\u00e9n se aferran los habitantes de esta regi\u00f3n, ya que a su virgen le piden no s\u00f3lo que sus desaparecidos regresen a casa sino que tambi\u00e9n obtengan justicia, tal y como la podr\u00edan tener las v\u00edctimas de Lagos de Moreno luego de que se hiciera p\u00fablica la detenci\u00f3n y consignaci\u00f3n de Enrique Alejandro Pizano Jim\u00e9nez (secretario particular de Nemesio Oseguera Cervantes, \u201cEl Mencho\u201d, l\u00edder del C\u00e1rtel Jalisco Nueva Generaci\u00f3n) y quien es se\u00f1alado como uno de los principales responsables de la tragedia sucedida en ese municipio el 7 de julio del 2013.<\/p>\n<p>En la Regi\u00f3n Altos Norte de Jalisco, los registros oficiales s\u00f3lo contabilizan 43 desapariciones; sin embargo, la verdad de lo que ah\u00ed sucede desborda toda estad\u00edstica pero tambi\u00e9n da paso a la esperanza porque la lucha de siete familias de Lagos de Moreno ocasion\u00f3 que vez primera en el pa\u00eds, una autoridad se disculpara p\u00fablicamente por la criminalizaci\u00f3n cometida en contra de sus seres queridos. El amor por sus familiares result\u00f3 m\u00e1s poderoso que la indolencia gubernamental y el miedo ocasionado por la violencia.<\/p>\n<p>*Esta es la tercera entrega de la investigaci\u00f3n titulada \u201cEl tortuoso camino de quienes buscan a los desaparecidos en Jalisco\u201d, una radiograf\u00eda de c\u00f3mo est\u00e1 el segundo estado con m\u00e1s desaparecidos de M\u00e9xico.<\/p>\n<p><a href=\"http:\/\/www.proyectodiez.mx\/region-altos-norte-desaparecer-en-la-region-de-los-milagros\/\" target=\"_blank\">http:\/\/www.proyectodiez.mx\/region-altos-norte-desaparecer-en-la-region-de-los-milagros\/<\/a><\/p>\n","protected":false},"excerpt":{"rendered":"<p>Por: Darwin Franco Migues Parte III 17 de septiembre 2015.- Cuando desaparecieron la madrugada del 7 julio del 2013 en Lagos de Moreno, Eduardo Isa\u00edas Ram\u00edrez Hern\u00e1ndez (21 a\u00f1os); \u00c1ngel &hellip; <a href=\"https:\/\/www.grieta.org.mx\/index.php\/2015\/09\/17\/region-altos-norte-desaparecer-en-la-region-de-los-milagros\/\" class=\"more-link\">Leer m\u00e1s<\/a><\/p>\n","protected":false},"author":2,"featured_media":21928,"comment_status":"closed","ping_status":"open","sticky":false,"template":"","format":"standard","meta":{"ngg_post_thumbnail":0,"_jetpack_newsletter_access":"","_jetpack_dont_email_post_to_subs":false,"_jetpack_newsletter_tier_id":0,"_jetpack_memberships_contains_paywalled_content":false,"_jetpack_memberships_contains_paid_content":false,"footnotes":""},"categories":[80,230],"tags":[121],"class_list":["post-4297","post","type-post","status-publish","format-standard","has-post-thumbnail","hentry","category-cintillo","category-jalisco","tag-desaparecidos","entry"],"jetpack_featured_media_url":"https:\/\/www.grieta.org.mx\/wp-content\/uploads\/2018\/03\/14524434_1106112876131411_958039263622046936_o.jpg","jetpack_sharing_enabled":true,"jetpack_shortlink":"https:\/\/wp.me\/p7ZJR4-17j","jetpack_likes_enabled":false,"jetpack-related-posts":[{"id":64516,"url":"https:\/\/www.grieta.org.mx\/index.php\/2022\/07\/08\/7-de-julio-no-se-olvida-9-anos-sin-justicia-jalisco\/","url_meta":{"origin":4297,"position":0},"title":"\u201c7 de julio no se olvida\u201d: 9 a\u00f1os sin justicia (Jalisco)","author":"grieta","date":"8 julio, 2022","format":false,"excerpt":"Imagen: Zona Docs Han pasado 9 a\u00f1os desde que \u00c1ngel, Daniel, Eduardo, Jos\u00e9 Gerardo, Rodrigo, Marco y Cristian fueron desaparecidos y localizados sin vida el 7 de julio de 2013 en Lagos de Moreno, Jalisco. Como cada aniversario, sus familiares y personas solidarias participaron en una marcha pac\u00edfica y un\u2026","rel":"","context":"En &quot;CINTILLO&quot;","block_context":{"text":"CINTILLO","link":"https:\/\/www.grieta.org.mx\/index.php\/category\/cintillo\/"},"img":{"alt_text":"","src":"https:\/\/i0.wp.com\/www.grieta.org.mx\/wp-content\/uploads\/2022\/07\/photo1657259451-1068x710-1.jpeg?resize=350%2C200&ssl=1","width":350,"height":200,"srcset":"https:\/\/i0.wp.com\/www.grieta.org.mx\/wp-content\/uploads\/2022\/07\/photo1657259451-1068x710-1.jpeg?resize=350%2C200&ssl=1 1x, https:\/\/i0.wp.com\/www.grieta.org.mx\/wp-content\/uploads\/2022\/07\/photo1657259451-1068x710-1.jpeg?resize=525%2C300&ssl=1 1.5x, https:\/\/i0.wp.com\/www.grieta.org.mx\/wp-content\/uploads\/2022\/07\/photo1657259451-1068x710-1.jpeg?resize=700%2C400&ssl=1 2x, https:\/\/i0.wp.com\/www.grieta.org.mx\/wp-content\/uploads\/2022\/07\/photo1657259451-1068x710-1.jpeg?resize=1050%2C600&ssl=1 3x"},"classes":[]},{"id":67584,"url":"https:\/\/www.grieta.org.mx\/index.php\/2023\/08\/20\/sin-garantias-de-no-repeticion-la-crisis-de-desapariciones-y-violencia-en-lagos-de-moreno-se-repite-diez-anos-despues-jalisco\/","url_meta":{"origin":4297,"position":1},"title":"Sin garant\u00edas de no repetici\u00f3n: la crisis de desapariciones y violencia en Lagos de Moreno se repite diez a\u00f1os despu\u00e9s (Jalisco)","author":"grieta","date":"20 agosto, 2023","format":false,"excerpt":"Imagen:Zona Docs Las desapariciones de Roberto Olmeda Cuellar, Diego Lara Santoyo, Uriel Galv\u00e1n Gonz\u00e1lez, Jaime Miranda y Dante Hern\u00e1ndez en Lagos de Moreno, Jalisco a diez a\u00f1os de la tragedia del 7 de julio de 2013 dentro del mismo municipio, dejan en evidencia que estos patrones de violencia criminal, desprotecci\u00f3n,\u2026","rel":"","context":"En &quot;CINTILLO&quot;","block_context":{"text":"CINTILLO","link":"https:\/\/www.grieta.org.mx\/index.php\/category\/cintillo\/"},"img":{"alt_text":"","src":"https:\/\/i0.wp.com\/www.grieta.org.mx\/wp-content\/uploads\/2023\/08\/367416907_6668323353229846_5177907310810059424_n-1.jpg?resize=350%2C200&ssl=1","width":350,"height":200,"srcset":"https:\/\/i0.wp.com\/www.grieta.org.mx\/wp-content\/uploads\/2023\/08\/367416907_6668323353229846_5177907310810059424_n-1.jpg?resize=350%2C200&ssl=1 1x, https:\/\/i0.wp.com\/www.grieta.org.mx\/wp-content\/uploads\/2023\/08\/367416907_6668323353229846_5177907310810059424_n-1.jpg?resize=525%2C300&ssl=1 1.5x, https:\/\/i0.wp.com\/www.grieta.org.mx\/wp-content\/uploads\/2023\/08\/367416907_6668323353229846_5177907310810059424_n-1.jpg?resize=700%2C400&ssl=1 2x, https:\/\/i0.wp.com\/www.grieta.org.mx\/wp-content\/uploads\/2023\/08\/367416907_6668323353229846_5177907310810059424_n-1.jpg?resize=1050%2C600&ssl=1 3x"},"classes":[]},{"id":2069,"url":"https:\/\/www.grieta.org.mx\/index.php\/2015\/12\/17\/piden-libertad-para-ex-guerrillero-tras-18-anos\/","url_meta":{"origin":4297,"position":2},"title":"Piden libertad para \u201cex guerrillero\u201d tras 18 a\u00f1os","author":"grieta","date":"17 diciembre, 2015","format":false,"excerpt":"Yuri Sosa, Oaxaca Oaxaca de Ju\u00e1rez.- Despu\u00e9s de 18 a\u00f1os de permanecer encarcelado y con nueve a\u00f1os por delante para cumplir su sentencia, familiares del ind\u00edgena zapoteca de San Agust\u00edn Loxicha, \u00c1lvaro Sebasti\u00e1n Ram\u00edrez, buscan las alternativas jur\u00eddicas para liberar a quien fuera detenido, supuestamente, por pertenecer al Ej\u00e9rcito Popular\u2026","rel":"","context":"En &quot;CINTILLO&quot;","block_context":{"text":"CINTILLO","link":"https:\/\/www.grieta.org.mx\/index.php\/category\/cintillo\/"},"img":{"alt_text":"","src":"https:\/\/i0.wp.com\/www.grieta.org.mx\/wp-content\/uploads\/2018\/03\/14524434_1106112876131411_958039263622046936_o.jpg?resize=350%2C200&ssl=1","width":350,"height":200,"srcset":"https:\/\/i0.wp.com\/www.grieta.org.mx\/wp-content\/uploads\/2018\/03\/14524434_1106112876131411_958039263622046936_o.jpg?resize=350%2C200&ssl=1 1x, https:\/\/i0.wp.com\/www.grieta.org.mx\/wp-content\/uploads\/2018\/03\/14524434_1106112876131411_958039263622046936_o.jpg?resize=525%2C300&ssl=1 1.5x, https:\/\/i0.wp.com\/www.grieta.org.mx\/wp-content\/uploads\/2018\/03\/14524434_1106112876131411_958039263622046936_o.jpg?resize=700%2C400&ssl=1 2x"},"classes":[]},{"id":58844,"url":"https:\/\/www.grieta.org.mx\/index.php\/2021\/04\/13\/desapariciones-no-cesan-en-jalisco-exigen-la-aparicion-con-vida-de-cristian-joven-musico-y-comerciante-desaparecido-en-lagos-de-moreno-jalisco\/","url_meta":{"origin":4297,"position":3},"title":"Desapariciones no cesan en Jalisco: exigen la aparici\u00f3n con vida de Cristian, joven m\u00fasico y comerciante desaparecido en Lagos de Moreno","author":"grieta","date":"13 abril, 2021","format":false,"excerpt":"Foto: Bajo La Lupa Lagos Dalia Souza \/ Zona Docs Cristian In\u00e9s Hern\u00e1ndez Aldana\u00a0fue desaparecido el jueves\u00a08 de abril de 2021 en Lagos de Moreno, Jalisco. Su familia y amigos llevaron a cabo una marcha pac\u00edfica a las afueras de la Presidencia Municipal el pasado 12 de abril y es\u2026","rel":"","context":"En &quot;CINTILLO&quot;","block_context":{"text":"CINTILLO","link":"https:\/\/www.grieta.org.mx\/index.php\/category\/cintillo\/"},"img":{"alt_text":"","src":"https:\/\/i0.wp.com\/www.grieta.org.mx\/wp-content\/uploads\/2021\/04\/Unknown-7.jpeg?resize=350%2C200&ssl=1","width":350,"height":200,"srcset":"https:\/\/i0.wp.com\/www.grieta.org.mx\/wp-content\/uploads\/2021\/04\/Unknown-7.jpeg?resize=350%2C200&ssl=1 1x, https:\/\/i0.wp.com\/www.grieta.org.mx\/wp-content\/uploads\/2021\/04\/Unknown-7.jpeg?resize=525%2C300&ssl=1 1.5x, https:\/\/i0.wp.com\/www.grieta.org.mx\/wp-content\/uploads\/2021\/04\/Unknown-7.jpeg?resize=700%2C400&ssl=1 2x, https:\/\/i0.wp.com\/www.grieta.org.mx\/wp-content\/uploads\/2021\/04\/Unknown-7.jpeg?resize=1050%2C600&ssl=1 3x"},"classes":[]},{"id":31232,"url":"https:\/\/www.grieta.org.mx\/index.php\/2019\/03\/26\/en-2019-han-desaparecido-ya-53-mujeres-37-de-ellas-entre-10-y-20-anos-de-edad-jalisco\/","url_meta":{"origin":4297,"position":4},"title":"En 2019 han desaparecido ya 53 mujeres, 37 de ellas entre 10 y 20 a\u00f1os de edad (Jalisco)","author":"grieta","date":"26 marzo, 2019","format":false,"excerpt":"En este a\u00f1o ya se tienen 10 carpetas de investigaci\u00f3n por desaparici\u00f3n de ni\u00f1as de 10 a 15 a\u00f1os, 27 de 15 a 20 a\u00f1os de edad y siete m\u00e1s entre los 20 y 25 a\u00f1os. V\u00edctor Ch\u00e1vez \/ El Occidental En las siete mil 117 personas reportadas como desaparecidas\u2026","rel":"","context":"En &quot;CINTILLO&quot;","block_context":{"text":"CINTILLO","link":"https:\/\/www.grieta.org.mx\/index.php\/category\/cintillo\/"},"img":{"alt_text":"","src":"https:\/\/i0.wp.com\/www.grieta.org.mx\/wp-content\/uploads\/2019\/03\/3d914bf2-2289-4101-8572-b2a9df6efc4a.jpg?resize=350%2C200&ssl=1","width":350,"height":200,"srcset":"https:\/\/i0.wp.com\/www.grieta.org.mx\/wp-content\/uploads\/2019\/03\/3d914bf2-2289-4101-8572-b2a9df6efc4a.jpg?resize=350%2C200&ssl=1 1x, https:\/\/i0.wp.com\/www.grieta.org.mx\/wp-content\/uploads\/2019\/03\/3d914bf2-2289-4101-8572-b2a9df6efc4a.jpg?resize=525%2C300&ssl=1 1.5x, https:\/\/i0.wp.com\/www.grieta.org.mx\/wp-content\/uploads\/2019\/03\/3d914bf2-2289-4101-8572-b2a9df6efc4a.jpg?resize=700%2C400&ssl=1 2x"},"classes":[]},{"id":60232,"url":"https:\/\/www.grieta.org.mx\/index.php\/2021\/06\/27\/colocan-familias-de-los-altos-de-jalisco-las-losetas-de-busqueda-de-sus-seres-queridos-en-glorieta-de-las-y-los-desaparecidos-jalisco\/","url_meta":{"origin":4297,"position":5},"title":"Colocan familias de los Altos de Jalisco las losetas de b\u00fasqueda de sus seres queridos en Glorieta de las y los Desaparecidos (Jalisco)","author":"grieta","date":"27 junio, 2021","format":false,"excerpt":"Foto: Darwin Franco Familias provenientes, principalmente, de Tepatitl\u00e1n, Lagos de Moreno, San Juan de los Lagos y Encarnaci\u00f3n de D\u00edaz viajaron hasta Guadalajara para colocar las losetas de b\u00fasqueda de sus familiares en la Glorieta de las y los desaparecidos de Jalisco. Acompa\u00f1adas por el\u00a0Colectivo + 1 = A todos\u2026","rel":"","context":"En &quot;CINTILLO&quot;","block_context":{"text":"CINTILLO","link":"https:\/\/www.grieta.org.mx\/index.php\/category\/cintillo\/"},"img":{"alt_text":"","src":"https:\/\/i0.wp.com\/www.grieta.org.mx\/wp-content\/uploads\/2021\/07\/E46IJq0WUAcme9x-1080x810-1.jpeg?resize=350%2C200&ssl=1","width":350,"height":200,"srcset":"https:\/\/i0.wp.com\/www.grieta.org.mx\/wp-content\/uploads\/2021\/07\/E46IJq0WUAcme9x-1080x810-1.jpeg?resize=350%2C200&ssl=1 1x, https:\/\/i0.wp.com\/www.grieta.org.mx\/wp-content\/uploads\/2021\/07\/E46IJq0WUAcme9x-1080x810-1.jpeg?resize=525%2C300&ssl=1 1.5x, https:\/\/i0.wp.com\/www.grieta.org.mx\/wp-content\/uploads\/2021\/07\/E46IJq0WUAcme9x-1080x810-1.jpeg?resize=700%2C400&ssl=1 2x, https:\/\/i0.wp.com\/www.grieta.org.mx\/wp-content\/uploads\/2021\/07\/E46IJq0WUAcme9x-1080x810-1.jpeg?resize=1050%2C600&ssl=1 3x"},"classes":[]}],"_links":{"self":[{"href":"https:\/\/www.grieta.org.mx\/index.php\/wp-json\/wp\/v2\/posts\/4297","targetHints":{"allow":["GET"]}}],"collection":[{"href":"https:\/\/www.grieta.org.mx\/index.php\/wp-json\/wp\/v2\/posts"}],"about":[{"href":"https:\/\/www.grieta.org.mx\/index.php\/wp-json\/wp\/v2\/types\/post"}],"author":[{"embeddable":true,"href":"https:\/\/www.grieta.org.mx\/index.php\/wp-json\/wp\/v2\/users\/2"}],"replies":[{"embeddable":true,"href":"https:\/\/www.grieta.org.mx\/index.php\/wp-json\/wp\/v2\/comments?post=4297"}],"version-history":[{"count":1,"href":"https:\/\/www.grieta.org.mx\/index.php\/wp-json\/wp\/v2\/posts\/4297\/revisions"}],"predecessor-version":[{"id":10849,"href":"https:\/\/www.grieta.org.mx\/index.php\/wp-json\/wp\/v2\/posts\/4297\/revisions\/10849"}],"wp:featuredmedia":[{"embeddable":true,"href":"https:\/\/www.grieta.org.mx\/index.php\/wp-json\/wp\/v2\/media\/21928"}],"wp:attachment":[{"href":"https:\/\/www.grieta.org.mx\/index.php\/wp-json\/wp\/v2\/media?parent=4297"}],"wp:term":[{"taxonomy":"category","embeddable":true,"href":"https:\/\/www.grieta.org.mx\/index.php\/wp-json\/wp\/v2\/categories?post=4297"},{"taxonomy":"post_tag","embeddable":true,"href":"https:\/\/www.grieta.org.mx\/index.php\/wp-json\/wp\/v2\/tags?post=4297"}],"curies":[{"name":"wp","href":"https:\/\/api.w.org\/{rel}","templated":true}]}}