{"id":42919,"date":"2020-01-08T02:10:07","date_gmt":"2020-01-08T08:10:07","guid":{"rendered":"http:\/\/www.grieta.org.mx\/?p=42919"},"modified":"2020-01-11T02:15:34","modified_gmt":"2020-01-11T08:15:34","slug":"alumno-del-cch-azcapotzalco-muere-de-falla-respiratoria-companeros-acusan-negligencia-ciudad-de-mexico","status":"publish","type":"post","link":"https:\/\/www.grieta.org.mx\/index.php\/2020\/01\/08\/alumno-del-cch-azcapotzalco-muere-de-falla-respiratoria-companeros-acusan-negligencia-ciudad-de-mexico\/","title":{"rendered":"Alumno del CCH Azcapotzalco muere de falla respiratoria; compa\u00f1eros acusan negligencia (Ciudad de M\u00e9xico)"},"content":{"rendered":"<p><img loading=\"lazy\" decoding=\"async\" data-attachment-id=\"42920\" data-permalink=\"https:\/\/www.grieta.org.mx\/index.php\/2020\/01\/08\/alumno-del-cch-azcapotzalco-muere-de-falla-respiratoria-companeros-acusan-negligencia-ciudad-de-mexico\/alumno-del-cch-azcapotzalco-muere-de-falla-respiratoria-companeros-acusan-negligencia-cdmx-ene\/\" data-orig-file=\"https:\/\/www.grieta.org.mx\/wp-content\/uploads\/2020\/01\/Alumno-del-CCH-Azcapotzalco-muere-de-falla-respiratoria-compa\u00f1eros-acusan-negligencia-cdmx-ene.jpg\" data-orig-size=\"1024,690\" data-comments-opened=\"0\" data-image-meta=\"{&quot;aperture&quot;:&quot;0&quot;,&quot;credit&quot;:&quot;&quot;,&quot;camera&quot;:&quot;&quot;,&quot;caption&quot;:&quot;&quot;,&quot;created_timestamp&quot;:&quot;0&quot;,&quot;copyright&quot;:&quot;&quot;,&quot;focal_length&quot;:&quot;0&quot;,&quot;iso&quot;:&quot;0&quot;,&quot;shutter_speed&quot;:&quot;0&quot;,&quot;title&quot;:&quot;&quot;,&quot;orientation&quot;:&quot;0&quot;}\" data-image-title=\"Alumno del CCH Azcapotzalco muere de falla respiratoria; compa\u00f1eros acusan negligencia cdmx ene\" data-image-description=\"\" data-image-caption=\"\" data-medium-file=\"https:\/\/www.grieta.org.mx\/wp-content\/uploads\/2020\/01\/Alumno-del-CCH-Azcapotzalco-muere-de-falla-respiratoria-compa\u00f1eros-acusan-negligencia-cdmx-ene-300x202.jpg\" data-large-file=\"https:\/\/www.grieta.org.mx\/wp-content\/uploads\/2020\/01\/Alumno-del-CCH-Azcapotzalco-muere-de-falla-respiratoria-compa\u00f1eros-acusan-negligencia-cdmx-ene-1024x690.jpg\" class=\"aligncenter  wp-image-42920\" src=\"http:\/\/www.grieta.org.mx\/wp-content\/uploads\/2020\/01\/Alumno-del-CCH-Azcapotzalco-muere-de-falla-respiratoria-compa\u00f1eros-acusan-negligencia-cdmx-ene-1024x690.jpg\" alt=\"\" width=\"594\" height=\"400\" srcset=\"https:\/\/www.grieta.org.mx\/wp-content\/uploads\/2020\/01\/Alumno-del-CCH-Azcapotzalco-muere-de-falla-respiratoria-compa\u00f1eros-acusan-negligencia-cdmx-ene.jpg 1024w, https:\/\/www.grieta.org.mx\/wp-content\/uploads\/2020\/01\/Alumno-del-CCH-Azcapotzalco-muere-de-falla-respiratoria-compa\u00f1eros-acusan-negligencia-cdmx-ene-300x202.jpg 300w, https:\/\/www.grieta.org.mx\/wp-content\/uploads\/2020\/01\/Alumno-del-CCH-Azcapotzalco-muere-de-falla-respiratoria-compa\u00f1eros-acusan-negligencia-cdmx-ene-768x518.jpg 768w, https:\/\/www.grieta.org.mx\/wp-content\/uploads\/2020\/01\/Alumno-del-CCH-Azcapotzalco-muere-de-falla-respiratoria-compa\u00f1eros-acusan-negligencia-cdmx-ene-742x500.jpg 742w\" sizes=\"auto, (max-width: 594px) 100vw, 594px\" \/><br \/>\n<em>Instalaciones del CCH Azcapotzalco. Foto: J. Ra\u00fal P\u00e9rez<\/em><\/p>\n<p>Ixtlix\u00f3chitl L\u00f3pez \/ Proceso<\/p>\n<blockquote><p>CIUDAD DE M\u00c9XICO (apro).- Un estudiante perdi\u00f3 la vida al interior del Colegio de Ciencias y Humanidades (CCH) Azcapotzalco a causa de una presumible falla respiratoria, aunque compa\u00f1eros de la v\u00edctima denunciaron en las redes sociales que el fallecimiento fue producto de una negligencia m\u00e9dica por parte del personal del plantel.<\/p><\/blockquote>\n<p>En un comunicado, la Direcci\u00f3n General de CCH y directivos del plantel informaron a la comunidad estudiantil que la muerte del joven identificado con el nombre de Jes\u00fas ocurri\u00f3 la tarde del pasado martes 7 de enero.<\/p>\n<p>No obstante, estudiantes se\u00f1alaron que el deceso de su compa\u00f1ero fue producto de la negligencia m\u00e9dica por parte del personal de enfermer\u00eda del plantel, que no acudi\u00f3 a tiempo para brindarle los primeros auxilios.<\/p>\n<p>A trav\u00e9s de Facebook, una joven que presenci\u00f3 los hechos relat\u00f3 que estaban tomando clase cuando Jes\u00fas empez\u00f3 a convulsionar, por lo que varios de sus compa\u00f1eros corrieron a la enfermer\u00eda a solicitar una camilla, mientras el profesor le brindaba atenci\u00f3n, pero s\u00f3lo les enviaron una silla de ruedas.<\/p>\n<p>Al ver que nadie acud\u00eda y Jes\u00fas no recobraba el conocimiento, indic\u00f3, dos j\u00f3venes fueron a reclamar a la enfermer\u00eda, pero el personal argument\u00f3 que no pod\u00edan dejar su puesto por si hab\u00eda una \u201cemergencia mayor\u201d.<\/p>\n<p>En su publicaci\u00f3n, la joven insisti\u00f3 en que la de su compa\u00f1ero era una emergencia y reproch\u00f3 que los servicios de emergencia hubieran llegado a tiempo se hubiera evitado la muerte del estudiante. \u201cEl servicio m\u00e9dico fue negligente al prohibirle el acceso a una ayuda profesional\u201d, asegur\u00f3.<\/p>\n<p>Adem\u00e1s, agreg\u00f3 que al momento de la convulsi\u00f3n el joven sufri\u00f3 el descontrol de sus esf\u00ednteres, por lo que se requiri\u00f3 al personal de limpieza, que incluso \u201clleg\u00f3 antes que la atenci\u00f3n m\u00e9dica\u201d.<\/p>\n<p>Aunque los servicios de emergencia externos lograron arribar al sitio, Jes\u00fas ya no presentaba signos vitales.<\/p>\n<p>A este reclamo se sum\u00f3 el de Paula Valenzuela, t\u00eda del muchacho, quien acus\u00f3 a la UNAM de lavarse las manos.<\/p>\n<p>\u201cEsto no fue un accidente, fue una decisi\u00f3n #queremosserviciosmedicosdecalidad #niunom\u00e1s\u201d, escribi\u00f3 en la red social.<\/p>\n<p>\u00bfBajo el lema \u00a1Fue negligencia de servicio salud y autoridades!, los estudiantes convocaron esta tarde a una asamblea para exigir a los directivos del plantel que garanticen los servicios de emergencia para la comunidad universitaria.<\/p>\n<p>Tras la muerte de su compa\u00f1ero, los alumnos realizaron pintas en la enfermer\u00eda con la palabra \u201cnegligencia\u201d, mismas que fueron borradas esta ma\u00f1ana por los trabajadores de limpieza.<\/p>\n<p>\u201cPersonal de intendencia, m\u00e1s r\u00e1pido que cualquier servicio del plantel\u201d, espetaron los estudiantes al respecto.<\/p>\n<p><a href=\"https:\/\/www.proceso.com.mx\/613398\/muere-alumno-cch-azcapotzalco\" target=\"_blank\" rel=\"noopener noreferrer\">https:\/\/www.proceso.com.mx\/613398\/muere-alumno-cch-azcapotzalco<\/a><\/p>\n","protected":false},"excerpt":{"rendered":"<p>Instalaciones del CCH Azcapotzalco. Foto: J. Ra\u00fal P\u00e9rez Ixtlix\u00f3chitl L\u00f3pez \/ Proceso CIUDAD DE M\u00c9XICO (apro).- Un estudiante perdi\u00f3 la vida al interior del Colegio de Ciencias y Humanidades (CCH) &hellip; <a href=\"https:\/\/www.grieta.org.mx\/index.php\/2020\/01\/08\/alumno-del-cch-azcapotzalco-muere-de-falla-respiratoria-companeros-acusan-negligencia-ciudad-de-mexico\/\" class=\"more-link\">Leer m\u00e1s<\/a><\/p>\n","protected":false},"author":2,"featured_media":42920,"comment_status":"closed","ping_status":"closed","sticky":false,"template":"","format":"standard","meta":{"ngg_post_thumbnail":0,"_jetpack_newsletter_access":"","_jetpack_dont_email_post_to_subs":false,"_jetpack_newsletter_tier_id":0,"_jetpack_memberships_contains_paywalled_content":false,"_jetpack_memberships_contains_paid_content":false,"footnotes":""},"categories":[80,14,916,2958,918,1670,2,83],"tags":[2367,2566,421,1697],"class_list":["post-42919","post","type-post","status-publish","format-standard","has-post-thumbnail","hentry","category-cintillo","category-ciudad-de-mexico","category-privatizacion-del-la-educacion-publica","category-crisis-de-la-educacion-publica-en-la-ciudad-de-mexico","category-privatizacion-del-sector-salud","category-movilizaciones-y-protestas-de-estudiantes-de-la-ciudad-de-mexico","category-noticias-nacionales","category-temas-nacionales","tag-crisis-en-el-sector-salud","tag-crisis-en-el-sistema-educativo","tag-negligencia-medica","tag-protesta-estudiantes-cchs","entry"],"jetpack_featured_media_url":"https:\/\/www.grieta.org.mx\/wp-content\/uploads\/2020\/01\/Alumno-del-CCH-Azcapotzalco-muere-de-falla-respiratoria-compa\u00f1eros-acusan-negligencia-cdmx-ene.jpg","jetpack_sharing_enabled":true,"jetpack_shortlink":"https:\/\/wp.me\/p7ZJR4-baf","jetpack_likes_enabled":false,"jetpack-related-posts":[{"id":43272,"url":"https:\/\/www.grieta.org.mx\/index.php\/2020\/01\/21\/estudiantes-marchan-a-rectoria-por-muerte-de-alumno-de-cch-azcapotzalco-ciudad-de-mexico\/","url_meta":{"origin":42919,"position":0},"title":"ESTUDIANTES MARCHAN A RECTOR\u00cdA POR MUERTE DE ALUMNO DE CCH AZCAPOTZALCO (Ciudad de M\u00e9xico)","author":"grieta","date":"21 enero, 2020","format":false,"excerpt":"Reporte \u00cdndigo Los estudiantes, conformados tambi\u00e9n por alumnos de la Preparatoria 7, entregar\u00e1n un pliego petitorio en el que exigen que haya atenci\u00f3n m\u00e9dica para todos Estudiantes se reunieron en el Parque La Bombilla para emprender una marcha que llegar\u00e1 hasta la Torre de Rector\u00eda como parte de las protestas\u2026","rel":"","context":"En &quot;CINTILLO&quot;","block_context":{"text":"CINTILLO","link":"https:\/\/www.grieta.org.mx\/index.php\/category\/cintillo\/"},"img":{"alt_text":"","src":"https:\/\/i0.wp.com\/www.grieta.org.mx\/wp-content\/uploads\/2020\/01\/ESTUDIANTES-MARCHAN-A-RECTOR%C3%8DA-POR-MUERTE-DE-ALUMNO-DE-CCH-AZCAPOTZALCO-cdmx-ene.jpg?resize=350%2C200","width":350,"height":200},"classes":[]},{"id":45221,"url":"https:\/\/www.grieta.org.mx\/index.php\/2020\/02\/25\/toman-direccion-y-paran-por-28-horas-en-cch-azcapo-ciudad-de-mexico\/","url_meta":{"origin":42919,"position":1},"title":"Toman direcci\u00f3n y paran por 28 horas en CCH Azcapo (Ciudad de M\u00e9xico)","author":"grieta","date":"25 febrero, 2020","format":false,"excerpt":"Por: Vania Pigeonutt Foto: Especial Pie de P\u00e1gina Estos hechos ocurren luego de que el viernes 21, dos sujetos entraron al campus y atacaron a una estudiante con un cutter; las clases se retomar\u00e1n el mi\u00e9rcoles 26 a las 7 de la ma\u00f1ana Estudiantes del Colegio de Ciencias y Humanidades\u2026","rel":"","context":"En &quot;CINTILLO&quot;","block_context":{"text":"CINTILLO","link":"https:\/\/www.grieta.org.mx\/index.php\/category\/cintillo\/"},"img":{"alt_text":"","src":"https:\/\/i0.wp.com\/www.grieta.org.mx\/wp-content\/uploads\/2020\/02\/Toman-direcci%C3%B3n-y-paran-por-28-horas-en-CCH-Azcapo-cdmx-feb.jpg?resize=350%2C200&ssl=1","width":350,"height":200,"srcset":"https:\/\/i0.wp.com\/www.grieta.org.mx\/wp-content\/uploads\/2020\/02\/Toman-direcci%C3%B3n-y-paran-por-28-horas-en-CCH-Azcapo-cdmx-feb.jpg?resize=350%2C200&ssl=1 1x, https:\/\/i0.wp.com\/www.grieta.org.mx\/wp-content\/uploads\/2020\/02\/Toman-direcci%C3%B3n-y-paran-por-28-horas-en-CCH-Azcapo-cdmx-feb.jpg?resize=525%2C300&ssl=1 1.5x, https:\/\/i0.wp.com\/www.grieta.org.mx\/wp-content\/uploads\/2020\/02\/Toman-direcci%C3%B3n-y-paran-por-28-horas-en-CCH-Azcapo-cdmx-feb.jpg?resize=700%2C400&ssl=1 2x"},"classes":[]},{"id":41420,"url":"https:\/\/www.grieta.org.mx\/index.php\/2019\/11\/19\/por-denuncias-de-acoso-cch-azcapotzalco-suspende-clases-este-miercoles-ciudad-de-mexico\/","url_meta":{"origin":42919,"position":2},"title":"Por denuncias de acoso, CCH Azcapotzalco suspende clases este mi\u00e9rcoles (Ciudad de M\u00e9xico)","author":"grieta","date":"19 noviembre, 2019","format":false,"excerpt":"Milenio Estudiantes realizaron una asamblea donde denunciaron casos de violencia de g\u00e9nero, por lo que autoridades informaron que el jueves y viernes la Unidad para la Atenci\u00f3n y Seguimiento de Denuncias estar\u00e1 en el plantel. La direcci\u00f3n del Colegio de Ciencias y Humanidades (CCH) Azcapotzalco inform\u00f3 que suspender\u00e1 las clases\u2026","rel":"","context":"En &quot;CINTILLO&quot;","block_context":{"text":"CINTILLO","link":"https:\/\/www.grieta.org.mx\/index.php\/category\/cintillo\/"},"img":{"alt_text":"","src":"https:\/\/i0.wp.com\/www.grieta.org.mx\/wp-content\/uploads\/2019\/11\/Por-denuncias-de-acoso-CCH-Azcapotzalco-suspende-clases-este-mi%C3%A9rcoles-cdmx-nov.jpg?resize=350%2C200&ssl=1","width":350,"height":200,"srcset":"https:\/\/i0.wp.com\/www.grieta.org.mx\/wp-content\/uploads\/2019\/11\/Por-denuncias-de-acoso-CCH-Azcapotzalco-suspende-clases-este-mi%C3%A9rcoles-cdmx-nov.jpg?resize=350%2C200&ssl=1 1x, https:\/\/i0.wp.com\/www.grieta.org.mx\/wp-content\/uploads\/2019\/11\/Por-denuncias-de-acoso-CCH-Azcapotzalco-suspende-clases-este-mi%C3%A9rcoles-cdmx-nov.jpg?resize=525%2C300&ssl=1 1.5x, https:\/\/i0.wp.com\/www.grieta.org.mx\/wp-content\/uploads\/2019\/11\/Por-denuncias-de-acoso-CCH-Azcapotzalco-suspende-clases-este-mi%C3%A9rcoles-cdmx-nov.jpg?resize=700%2C400&ssl=1 2x"},"classes":[]},{"id":44852,"url":"https:\/\/www.grieta.org.mx\/index.php\/2020\/02\/21\/atacan-a-alumna-del-cch-azcapotzalco-en-un-bano-de-la-escuela-ciudad-de-mexico\/","url_meta":{"origin":42919,"position":3},"title":"Atacan a alumna del CCH Azcapotzalco en un ba\u00f1o de la escuela (Ciudad de M\u00e9xico)","author":"grieta","date":"21 febrero, 2020","format":false,"excerpt":"Dos hombres con el rostro cubierto entraron al ba\u00f1o y atacaron a la estudiante, quien se reporta fuera de peligro. ANIMAL POL\u00cdTICO Una alumna del Colegio de Ciencias y Humanidades (CCH) Azcapotzalco fue atacada en uno de los ba\u00f1os del plantel por dos sujetos con el rostro cubierto. En un\u2026","rel":"","context":"En &quot;CINTILLO&quot;","block_context":{"text":"CINTILLO","link":"https:\/\/www.grieta.org.mx\/index.php\/category\/cintillo\/"},"img":{"alt_text":"","src":"https:\/\/i0.wp.com\/www.grieta.org.mx\/wp-content\/uploads\/2020\/02\/azcapo.png?resize=350%2C200&ssl=1","width":350,"height":200,"srcset":"https:\/\/i0.wp.com\/www.grieta.org.mx\/wp-content\/uploads\/2020\/02\/azcapo.png?resize=350%2C200&ssl=1 1x, https:\/\/i0.wp.com\/www.grieta.org.mx\/wp-content\/uploads\/2020\/02\/azcapo.png?resize=525%2C300&ssl=1 1.5x, https:\/\/i0.wp.com\/www.grieta.org.mx\/wp-content\/uploads\/2020\/02\/azcapo.png?resize=700%2C400&ssl=1 2x, https:\/\/i0.wp.com\/www.grieta.org.mx\/wp-content\/uploads\/2020\/02\/azcapo.png?resize=1050%2C600&ssl=1 3x"},"classes":[]},{"id":43996,"url":"https:\/\/www.grieta.org.mx\/index.php\/2020\/02\/06\/entregan-cch-vallejo-tras-dos-dias-de-paro-ciudad-de-mexico\/","url_meta":{"origin":42919,"position":4},"title":"Entregan CCH Vallejo tras dos d\u00edas de paro (Ciudad de M\u00e9xico)","author":"grieta","date":"6 febrero, 2020","format":false,"excerpt":"El martes pasado, un grupo de alumnos decidi\u00f3 realizar un paro de labores. Foto: Cuartoscuro\/Archivo Notimex Las actividades acad\u00e9micas y administrativas se reanudar\u00e1n ma\u00f1ana viernes 7 en los horarios acostumbrados CIUDAD DE M\u00c9XICO. La Universidad Nacional Aut\u00f3noma de M\u00e9xico inform\u00f3 que esta tarde fueron entregadas a las autoridades las instalaciones\u2026","rel":"","context":"En &quot;CINTILLO&quot;","block_context":{"text":"CINTILLO","link":"https:\/\/www.grieta.org.mx\/index.php\/category\/cintillo\/"},"img":{"alt_text":"","src":"https:\/\/i0.wp.com\/www.grieta.org.mx\/wp-content\/uploads\/2020\/02\/Entregan-CCH-Vallejo-tras-dos-d%C3%ADas-de-paro-cdmx-feb.jpg?resize=350%2C200&ssl=1","width":350,"height":200,"srcset":"https:\/\/i0.wp.com\/www.grieta.org.mx\/wp-content\/uploads\/2020\/02\/Entregan-CCH-Vallejo-tras-dos-d%C3%ADas-de-paro-cdmx-feb.jpg?resize=350%2C200&ssl=1 1x, https:\/\/i0.wp.com\/www.grieta.org.mx\/wp-content\/uploads\/2020\/02\/Entregan-CCH-Vallejo-tras-dos-d%C3%ADas-de-paro-cdmx-feb.jpg?resize=525%2C300&ssl=1 1.5x"},"classes":[]},{"id":43884,"url":"https:\/\/www.grieta.org.mx\/index.php\/2020\/01\/30\/suman-8-escuelas-de-la-unam-en-paro-ciudad-de-mexico\/","url_meta":{"origin":42919,"position":5},"title":"Suman 8 escuelas de la UNAM en paro (Ciudad de M\u00e9xico)","author":"grieta","date":"30 enero, 2020","format":false,"excerpt":"Foto: Hugo Garc\u00eda Teresa Moreno \/ El Universal Hasta el momento las preparatorias y facultades que han cerrado son: CCH Azcapotzalco, Prepas 1, 2, 3, 6, y 9, as\u00ed como Filosof\u00eda y Ciencias Pol\u00edticas Hoy se fueron a paro cuatro planteles m\u00e1s de la Universidad Nacional Aut\u00f3noma de M\u00e9xico (UNAM).\u2026","rel":"","context":"En &quot;CINTILLO&quot;","block_context":{"text":"CINTILLO","link":"https:\/\/www.grieta.org.mx\/index.php\/category\/cintillo\/"},"img":{"alt_text":"","src":"https:\/\/i0.wp.com\/www.grieta.org.mx\/wp-content\/uploads\/2020\/02\/Suman-8-escuelas-de-la-UNAM-en-paro-cdmx-feb.jpg?resize=350%2C200","width":350,"height":200},"classes":[]}],"_links":{"self":[{"href":"https:\/\/www.grieta.org.mx\/index.php\/wp-json\/wp\/v2\/posts\/42919","targetHints":{"allow":["GET"]}}],"collection":[{"href":"https:\/\/www.grieta.org.mx\/index.php\/wp-json\/wp\/v2\/posts"}],"about":[{"href":"https:\/\/www.grieta.org.mx\/index.php\/wp-json\/wp\/v2\/types\/post"}],"author":[{"embeddable":true,"href":"https:\/\/www.grieta.org.mx\/index.php\/wp-json\/wp\/v2\/users\/2"}],"replies":[{"embeddable":true,"href":"https:\/\/www.grieta.org.mx\/index.php\/wp-json\/wp\/v2\/comments?post=42919"}],"version-history":[{"count":1,"href":"https:\/\/www.grieta.org.mx\/index.php\/wp-json\/wp\/v2\/posts\/42919\/revisions"}],"predecessor-version":[{"id":42921,"href":"https:\/\/www.grieta.org.mx\/index.php\/wp-json\/wp\/v2\/posts\/42919\/revisions\/42921"}],"wp:featuredmedia":[{"embeddable":true,"href":"https:\/\/www.grieta.org.mx\/index.php\/wp-json\/wp\/v2\/media\/42920"}],"wp:attachment":[{"href":"https:\/\/www.grieta.org.mx\/index.php\/wp-json\/wp\/v2\/media?parent=42919"}],"wp:term":[{"taxonomy":"category","embeddable":true,"href":"https:\/\/www.grieta.org.mx\/index.php\/wp-json\/wp\/v2\/categories?post=42919"},{"taxonomy":"post_tag","embeddable":true,"href":"https:\/\/www.grieta.org.mx\/index.php\/wp-json\/wp\/v2\/tags?post=42919"}],"curies":[{"name":"wp","href":"https:\/\/api.w.org\/{rel}","templated":true}]}}