{"id":42908,"date":"2020-01-09T01:01:55","date_gmt":"2020-01-09T07:01:55","guid":{"rendered":"http:\/\/www.grieta.org.mx\/?p=42908"},"modified":"2020-01-11T01:09:15","modified_gmt":"2020-01-11T07:09:15","slug":"policias-del-estado-de-mexico-golpean-a-dos-reporteros","status":"publish","type":"post","link":"https:\/\/www.grieta.org.mx\/index.php\/2020\/01\/09\/policias-del-estado-de-mexico-golpean-a-dos-reporteros\/","title":{"rendered":"POLIC\u00cdAS DEL ESTADO DE M\u00c9XICO GOLPEAN A DOS REPORTEROS"},"content":{"rendered":"<p><img loading=\"lazy\" decoding=\"async\" data-attachment-id=\"42910\" data-permalink=\"https:\/\/www.grieta.org.mx\/index.php\/2020\/01\/09\/policias-del-estado-de-mexico-golpean-a-dos-reporteros\/policias-del-estado-de-mexico-golpean-a-dos-reporteros-edomex-ene\/\" data-orig-file=\"https:\/\/www.grieta.org.mx\/wp-content\/uploads\/2020\/01\/POLIC\u00cdAS-DEL-ESTADO-DE-M\u00c9XICO-GOLPEAN-A-DOS-REPORTEROS-edomex-ene.jpg\" data-orig-size=\"331,152\" data-comments-opened=\"0\" data-image-meta=\"{&quot;aperture&quot;:&quot;0&quot;,&quot;credit&quot;:&quot;&quot;,&quot;camera&quot;:&quot;&quot;,&quot;caption&quot;:&quot;&quot;,&quot;created_timestamp&quot;:&quot;0&quot;,&quot;copyright&quot;:&quot;&quot;,&quot;focal_length&quot;:&quot;0&quot;,&quot;iso&quot;:&quot;0&quot;,&quot;shutter_speed&quot;:&quot;0&quot;,&quot;title&quot;:&quot;&quot;,&quot;orientation&quot;:&quot;0&quot;}\" data-image-title=\"POLIC\u00cdAS DEL ESTADO DE M\u00c9XICO GOLPEAN A DOS REPORTEROS edomex ene\" data-image-description=\"\" data-image-caption=\"\" data-medium-file=\"https:\/\/www.grieta.org.mx\/wp-content\/uploads\/2020\/01\/POLIC\u00cdAS-DEL-ESTADO-DE-M\u00c9XICO-GOLPEAN-A-DOS-REPORTEROS-edomex-ene-300x138.jpg\" data-large-file=\"https:\/\/www.grieta.org.mx\/wp-content\/uploads\/2020\/01\/POLIC\u00cdAS-DEL-ESTADO-DE-M\u00c9XICO-GOLPEAN-A-DOS-REPORTEROS-edomex-ene.jpg\" class=\"aligncenter size-large wp-image-42910\" src=\"http:\/\/www.grieta.org.mx\/wp-content\/uploads\/2020\/01\/POLIC\u00cdAS-DEL-ESTADO-DE-M\u00c9XICO-GOLPEAN-A-DOS-REPORTEROS-edomex-ene.jpg\" alt=\"\" width=\"331\" height=\"152\" srcset=\"https:\/\/www.grieta.org.mx\/wp-content\/uploads\/2020\/01\/POLIC\u00cdAS-DEL-ESTADO-DE-M\u00c9XICO-GOLPEAN-A-DOS-REPORTEROS-edomex-ene.jpg 331w, https:\/\/www.grieta.org.mx\/wp-content\/uploads\/2020\/01\/POLIC\u00cdAS-DEL-ESTADO-DE-M\u00c9XICO-GOLPEAN-A-DOS-REPORTEROS-edomex-ene-300x138.jpg 300w\" sizes=\"auto, (max-width: 331px) 100vw, 331px\" \/><br \/>\nReporte \u00cdndigo<\/p>\n<blockquote><p>Los hechos ocurrieron la ma\u00f1ana de este jueves, mientras los reporteros se encontraban cubriendo la muerte de un motociclista<\/p><\/blockquote>\n<p>La ma\u00f1ana de este jueves, los reporteros David Deolarte de La Prensa y Leonardo S\u00e1nchez, de Reforma, fueron agredidos por polic\u00edas en Chimalhuac\u00e1n, Estado de M\u00e9xico.<\/p>\n<p>Los hechos ocurrieron la ma\u00f1ana de este jueves, mientras ambos se encontraban cubriendo la muerte de un motociclista en dicho municipio.<\/p>\n<p>De acuerdo con informaci\u00f3n de La Prensa, el fotorreportero David Deolarte fue golpeado y tirado al suelo, sin ninguna justificaci\u00f3n, por polic\u00edas.<\/p>\n<p>David Deolarte se hallaba tomando fotograf\u00edas cuando al menos cinco personas, varios de ellos uniformados, comenzaron a golpearlo.<\/p>\n<p>Seg\u00fan el testimonio del fot\u00f3grafo, los uniformados le exigieron su credencial de prensa hasta despu\u00e9s de agredirlo.<\/p>\n<p>En tanto, Leonardo S\u00e1nchez, de Reforma, fue detenido en la comandancia municipal de Chimalhuac\u00e1n.<\/p>\n<p>Por su parte, el gobierno de Chimalhuac\u00e1n neg\u00f3 las agresiones a los reporteros.<\/p>\n<p>En un comunicado, autoridades mexiquenses se\u00f1alaron que \u201cpersonal sin autorizaci\u00f3n y sin identificarse intent\u00f3 ingresar por la fuerza al \u00e1rea de resguardo, impidiendo el trabajo que realizaba personal de la fiscal\u00eda estatal\u201d.<\/p>\n<p>\u201cElementos de la corporaci\u00f3n local procedieron a la detenci\u00f3n de un sujeto, que portaba identificaciones vencidas de los diarios La Prensa y Reforma y que con insistencia intentaba tomar fotos de los lesionados\u201d, se\u00f1alan.<\/p>\n<p>Autoridades de Chimalhuac\u00e1n informaron que Leonardo S\u00e1nchez ya fue liberado y en todo momento fue supervisado por personal de Derechos Humanos del Estado de M\u00e9xico.<\/p>\n<p><a href=\"https:\/\/www.reporteindigo.com\/reporte\/policias-del-estado-de-mexico-golpean-a-dos-reporteros\/\" target=\"_blank\" rel=\"noopener noreferrer\">https:\/\/www.reporteindigo.com\/reporte\/policias-del-estado-de-mexico-golpean-a-dos-reporteros\/<\/a><\/p>\n","protected":false},"excerpt":{"rendered":"<p>Reporte \u00cdndigo Los hechos ocurrieron la ma\u00f1ana de este jueves, mientras los reporteros se encontraban cubriendo la muerte de un motociclista La ma\u00f1ana de este jueves, los reporteros David Deolarte &hellip; <a href=\"https:\/\/www.grieta.org.mx\/index.php\/2020\/01\/09\/policias-del-estado-de-mexico-golpean-a-dos-reporteros\/\" class=\"more-link\">Leer m\u00e1s<\/a><\/p>\n","protected":false},"author":2,"featured_media":42910,"comment_status":"closed","ping_status":"closed","sticky":false,"template":"","format":"standard","meta":{"ngg_post_thumbnail":0,"_jetpack_newsletter_access":"","_jetpack_dont_email_post_to_subs":false,"_jetpack_newsletter_tier_id":0,"_jetpack_memberships_contains_paywalled_content":false,"_jetpack_memberships_contains_paid_content":false,"footnotes":""},"categories":[2798,80,16,2,83,88,1218],"tags":[2001,120,1377],"class_list":["post-42908","post","type-post","status-publish","format-standard","has-post-thumbnail","hentry","category-abuso-policiaco-y-tortura-en-el-estado-de-mexico","category-cintillo","category-estado-de-mexico","category-noticias-nacionales","category-temas-nacionales","category-violencia-contra-periodistas","category-violencia-contra-periodistas-en-el-estado-de-mexico","tag-abuso-autoridad","tag-violencia-contra-periodistas","tag-violencia-de-fuerzas-represivas","entry"],"jetpack_featured_media_url":"https:\/\/www.grieta.org.mx\/wp-content\/uploads\/2020\/01\/POLIC\u00cdAS-DEL-ESTADO-DE-M\u00c9XICO-GOLPEAN-A-DOS-REPORTEROS-edomex-ene.jpg","jetpack_sharing_enabled":true,"jetpack_shortlink":"https:\/\/wp.me\/p7ZJR4-ba4","jetpack_likes_enabled":false,"jetpack-related-posts":[{"id":47950,"url":"https:\/\/www.grieta.org.mx\/index.php\/2020\/04\/16\/policias-agreden-a-periodistas-que-documentaban-afuera-del-hospital-la-raza-ciudad-de-mexico\/","url_meta":{"origin":42908,"position":0},"title":"POLIC\u00cdAS AGREDEN A PERIODISTAS QUE DOCUMENTABAN AFUERA DEL HOSPITAL LA RAZA (Ciudad de M\u00e9xico)","author":"grieta","date":"16 abril, 2020","format":false,"excerpt":"Imagen tomada de: periodistasunidos.com.mx Rita Alarc\u00f3n \/ Periodistas Unidos Periodistas Unidos. Ciudad de M\u00e9xico. 16 de abril de 2020.- Esta tarde, polic\u00edas del hospital La Raza agredieron a los periodistas Pablo Salazar y Mois\u00e9s Rosas, del peri\u00f3dico El Heraldo de M\u00e9xico, mientras tomaban im\u00e1genes desde fuera del nosocomio. Ambos periodistas\u2026","rel":"","context":"En &quot;Abuso policiaco y tortura en la Ciudad de M\u00e9xico&quot;","block_context":{"text":"Abuso policiaco y tortura en la Ciudad de M\u00e9xico","link":"https:\/\/www.grieta.org.mx\/index.php\/category\/noticias-nacionales\/ciudad-de-mexico\/abuso-policiaco-y-tortura-en-la-ciudad-de-mexico\/"},"img":{"alt_text":"","src":"https:\/\/i0.wp.com\/www.grieta.org.mx\/wp-content\/uploads\/2020\/04\/POLIC%C3%8DAS-AGREDEN-A-PERIODISTAS-QUE-DOCUMENTABAN-AFUERA-DEL-HOSPITAL-LA-RAZA-cdmx-abr.jpg?resize=350%2C200&ssl=1","width":350,"height":200,"srcset":"https:\/\/i0.wp.com\/www.grieta.org.mx\/wp-content\/uploads\/2020\/04\/POLIC%C3%8DAS-AGREDEN-A-PERIODISTAS-QUE-DOCUMENTABAN-AFUERA-DEL-HOSPITAL-LA-RAZA-cdmx-abr.jpg?resize=350%2C200&ssl=1 1x, https:\/\/i0.wp.com\/www.grieta.org.mx\/wp-content\/uploads\/2020\/04\/POLIC%C3%8DAS-AGREDEN-A-PERIODISTAS-QUE-DOCUMENTABAN-AFUERA-DEL-HOSPITAL-LA-RAZA-cdmx-abr.jpg?resize=525%2C300&ssl=1 1.5x, https:\/\/i0.wp.com\/www.grieta.org.mx\/wp-content\/uploads\/2020\/04\/POLIC%C3%8DAS-AGREDEN-A-PERIODISTAS-QUE-DOCUMENTABAN-AFUERA-DEL-HOSPITAL-LA-RAZA-cdmx-abr.jpg?resize=700%2C400&ssl=1 2x"},"classes":[]},{"id":37155,"url":"https:\/\/www.grieta.org.mx\/index.php\/2019\/06\/12\/asesinada-la-periodista-norma-sarabia-en-el-estado-mexicano-de-tabasco\/","url_meta":{"origin":42908,"position":1},"title":"Asesinada la periodista Norma Sarabia en el Estado mexicano de Tabasco","author":"grieta","date":"12 junio, 2019","format":false,"excerpt":"V. U.\/El Pa\u00eds Sarabia, corresponsal del diario 'Tabasco hoy' en Huimanguillo, ha recibido varios disparos en la puerta de su casa M\u00e9xico suma ya seis periodistas asesinados en lo que va de 2019. La reportera Norma Sarabia ha fallecido este martes tras ser tiroteada en la puerta de su casa\u2026","rel":"","context":"En &quot;CINTILLO&quot;","block_context":{"text":"CINTILLO","link":"https:\/\/www.grieta.org.mx\/index.php\/category\/cintillo\/"},"img":{"alt_text":"","src":"https:\/\/i0.wp.com\/www.grieta.org.mx\/wp-content\/uploads\/2019\/07\/1560314858_853856_1560315974_noticia_normal_recorte1-e1564453213666.jpg?resize=350%2C200&ssl=1","width":350,"height":200,"srcset":"https:\/\/i0.wp.com\/www.grieta.org.mx\/wp-content\/uploads\/2019\/07\/1560314858_853856_1560315974_noticia_normal_recorte1-e1564453213666.jpg?resize=350%2C200&ssl=1 1x, https:\/\/i0.wp.com\/www.grieta.org.mx\/wp-content\/uploads\/2019\/07\/1560314858_853856_1560315974_noticia_normal_recorte1-e1564453213666.jpg?resize=525%2C300&ssl=1 1.5x, https:\/\/i0.wp.com\/www.grieta.org.mx\/wp-content\/uploads\/2019\/07\/1560314858_853856_1560315974_noticia_normal_recorte1-e1564453213666.jpg?resize=700%2C400&ssl=1 2x"},"classes":[]},{"id":1715,"url":"https:\/\/www.grieta.org.mx\/index.php\/2016\/02\/11\/exigen-en-oaxaca-cesen-asesinatos-de-comunicadores\/","url_meta":{"origin":42908,"position":2},"title":"Exigen en Oaxaca cesen asesinatos de comunicadores","author":"grieta","date":"11 febrero, 2016","format":false,"excerpt":"Noticias Net. Yuri Sosa, Oaxaca de Ju\u00e1rez.- Periodistas de Oaxaca y corresponsales de medios nacionales protestaron frente al antiguo Templo de Santo Domingo de Guzm\u00e1n en el centro de esta ciudad la noche de este jueves, para exigir a las autoridades federal y estatal el esclarecimiento de los diversos cr\u00edmenes\u2026","rel":"","context":"En &quot;CINTILLO&quot;","block_context":{"text":"CINTILLO","link":"https:\/\/www.grieta.org.mx\/index.php\/category\/cintillo\/"},"img":{"alt_text":"","src":"https:\/\/i0.wp.com\/www.grieta.org.mx\/wp-content\/uploads\/2018\/03\/14524434_1106112876131411_958039263622046936_o.jpg?resize=350%2C200&ssl=1","width":350,"height":200,"srcset":"https:\/\/i0.wp.com\/www.grieta.org.mx\/wp-content\/uploads\/2018\/03\/14524434_1106112876131411_958039263622046936_o.jpg?resize=350%2C200&ssl=1 1x, https:\/\/i0.wp.com\/www.grieta.org.mx\/wp-content\/uploads\/2018\/03\/14524434_1106112876131411_958039263622046936_o.jpg?resize=525%2C300&ssl=1 1.5x, https:\/\/i0.wp.com\/www.grieta.org.mx\/wp-content\/uploads\/2018\/03\/14524434_1106112876131411_958039263622046936_o.jpg?resize=700%2C400&ssl=1 2x"},"classes":[]},{"id":23176,"url":"https:\/\/www.grieta.org.mx\/index.php\/2018\/05\/15\/periodistas-del-edomex-exigen-justicia-a-un-ano-de-la-muerte-de-javier-valdez\/","url_meta":{"origin":42908,"position":3},"title":"Periodistas del Edomex exigen justicia a un a\u00f1o de la muerte de Javier Valdez","author":"grieta","date":"15 mayo, 2018","format":false,"excerpt":"Emilio Fern\u00e1ndez Reporteros de la zona oriente del Valle de M\u00e9xico acudieron a Teotihuac\u00e1n para exigir justicia por la muerte del periodista de La Jornada y por los cr\u00edmenes a otros comunicadores en los \u00faltimos meses Al cumplirse un a\u00f1o del asesinato del periodista Javier Valdez, ocurrido en Culiac\u00e1n, Sinaloa,\u2026","rel":"","context":"En &quot;CINTILLO&quot;","block_context":{"text":"CINTILLO","link":"https:\/\/www.grieta.org.mx\/index.php\/category\/cintillo\/"},"img":{"alt_text":"","src":"https:\/\/i0.wp.com\/www.grieta.org.mx\/wp-content\/uploads\/2018\/03\/14524434_1106112876131411_958039263622046936_o.jpg?resize=350%2C200&ssl=1","width":350,"height":200,"srcset":"https:\/\/i0.wp.com\/www.grieta.org.mx\/wp-content\/uploads\/2018\/03\/14524434_1106112876131411_958039263622046936_o.jpg?resize=350%2C200&ssl=1 1x, https:\/\/i0.wp.com\/www.grieta.org.mx\/wp-content\/uploads\/2018\/03\/14524434_1106112876131411_958039263622046936_o.jpg?resize=525%2C300&ssl=1 1.5x, https:\/\/i0.wp.com\/www.grieta.org.mx\/wp-content\/uploads\/2018\/03\/14524434_1106112876131411_958039263622046936_o.jpg?resize=700%2C400&ssl=1 2x"},"classes":[]},{"id":53727,"url":"https:\/\/www.grieta.org.mx\/index.php\/2020\/09\/11\/incendian-sede-de-codhem-en-ecatepec-tras-detencion-de-feministas-estado-de-mexico\/","url_meta":{"origin":42908,"position":4},"title":"Incendian sede de CODHEM en Ecatepec tras detenci\u00f3n de feministas (Estado de M\u00e9xico)","author":"grieta","date":"11 septiembre, 2020","format":false,"excerpt":"Foto: Twiter \/ @Andalalucha Carlos Guevara \/ El Sol de M\u00e9xico Un grupo de aproximadamente 50 mujeres llegaron al recinto ubicado en o en la Avenida Morelos para manifestarse en contra de la violencia policial y feminicidios Mujeres feministas incendiaron este viernes las instalaciones de la visitadur\u00eda general de la\u2026","rel":"","context":"En &quot;Abuso policiaco y tortura en el Estado de M\u00e9xico&quot;","block_context":{"text":"Abuso policiaco y tortura en el Estado de M\u00e9xico","link":"https:\/\/www.grieta.org.mx\/index.php\/category\/noticias-nacionales\/estado-de-mexico\/abuso-policiaco-y-tortura-en-el-estado-de-mexico\/"},"img":{"alt_text":"","src":"https:\/\/i0.wp.com\/www.grieta.org.mx\/wp-content\/uploads\/2020\/09\/Incendian-sede-de-CODHEM-en-Ecatepec-tras-detencion-de-feministas-edomex-sept.jpg?resize=350%2C200&ssl=1","width":350,"height":200,"srcset":"https:\/\/i0.wp.com\/www.grieta.org.mx\/wp-content\/uploads\/2020\/09\/Incendian-sede-de-CODHEM-en-Ecatepec-tras-detencion-de-feministas-edomex-sept.jpg?resize=350%2C200&ssl=1 1x, https:\/\/i0.wp.com\/www.grieta.org.mx\/wp-content\/uploads\/2020\/09\/Incendian-sede-de-CODHEM-en-Ecatepec-tras-detencion-de-feministas-edomex-sept.jpg?resize=525%2C300&ssl=1 1.5x, https:\/\/i0.wp.com\/www.grieta.org.mx\/wp-content\/uploads\/2020\/09\/Incendian-sede-de-CODHEM-en-Ecatepec-tras-detencion-de-feministas-edomex-sept.jpg?resize=700%2C400&ssl=1 2x"},"classes":[]},{"id":422,"url":"https:\/\/www.grieta.org.mx\/index.php\/2016\/06\/15\/agresiones-a-periodistas-en-el-edomex\/","url_meta":{"origin":42908,"position":5},"title":"Violencia contra periodistas en el Edomex","author":"grieta","date":"15 junio, 2016","format":false,"excerpt":"15\/06\/16. Funcionario del PRI golpea a reportero que lo increpa sobre las huelgas en el EdomexActivista MX 20\/08\/15. Inici\u00f3 la CODHEM 30 denuncias por agresiones a periodistas en Edomex Quadrat\u00edn 31\/07\/15. Muerte y amenazas acechan al periodismo en el Estado de M\u00e9xico Elecciones y agresiones 09\/06\/15. Reporteras encarceladas en Ixtapaluca\u2026","rel":"","context":"En &quot;Estado de M\u00e9xico&quot;","block_context":{"text":"Estado de M\u00e9xico","link":"https:\/\/www.grieta.org.mx\/index.php\/category\/noticias-nacionales\/estado-de-mexico\/"},"img":{"alt_text":"","src":"https:\/\/i0.wp.com\/www.grieta.org.mx\/wp-content\/uploads\/2018\/03\/14524434_1106112876131411_958039263622046936_o.jpg?resize=350%2C200&ssl=1","width":350,"height":200,"srcset":"https:\/\/i0.wp.com\/www.grieta.org.mx\/wp-content\/uploads\/2018\/03\/14524434_1106112876131411_958039263622046936_o.jpg?resize=350%2C200&ssl=1 1x, https:\/\/i0.wp.com\/www.grieta.org.mx\/wp-content\/uploads\/2018\/03\/14524434_1106112876131411_958039263622046936_o.jpg?resize=525%2C300&ssl=1 1.5x, https:\/\/i0.wp.com\/www.grieta.org.mx\/wp-content\/uploads\/2018\/03\/14524434_1106112876131411_958039263622046936_o.jpg?resize=700%2C400&ssl=1 2x"},"classes":[]}],"_links":{"self":[{"href":"https:\/\/www.grieta.org.mx\/index.php\/wp-json\/wp\/v2\/posts\/42908","targetHints":{"allow":["GET"]}}],"collection":[{"href":"https:\/\/www.grieta.org.mx\/index.php\/wp-json\/wp\/v2\/posts"}],"about":[{"href":"https:\/\/www.grieta.org.mx\/index.php\/wp-json\/wp\/v2\/types\/post"}],"author":[{"embeddable":true,"href":"https:\/\/www.grieta.org.mx\/index.php\/wp-json\/wp\/v2\/users\/2"}],"replies":[{"embeddable":true,"href":"https:\/\/www.grieta.org.mx\/index.php\/wp-json\/wp\/v2\/comments?post=42908"}],"version-history":[{"count":1,"href":"https:\/\/www.grieta.org.mx\/index.php\/wp-json\/wp\/v2\/posts\/42908\/revisions"}],"predecessor-version":[{"id":42911,"href":"https:\/\/www.grieta.org.mx\/index.php\/wp-json\/wp\/v2\/posts\/42908\/revisions\/42911"}],"wp:featuredmedia":[{"embeddable":true,"href":"https:\/\/www.grieta.org.mx\/index.php\/wp-json\/wp\/v2\/media\/42910"}],"wp:attachment":[{"href":"https:\/\/www.grieta.org.mx\/index.php\/wp-json\/wp\/v2\/media?parent=42908"}],"wp:term":[{"taxonomy":"category","embeddable":true,"href":"https:\/\/www.grieta.org.mx\/index.php\/wp-json\/wp\/v2\/categories?post=42908"},{"taxonomy":"post_tag","embeddable":true,"href":"https:\/\/www.grieta.org.mx\/index.php\/wp-json\/wp\/v2\/tags?post=42908"}],"curies":[{"name":"wp","href":"https:\/\/api.w.org\/{rel}","templated":true}]}}