{"id":42879,"date":"2019-12-17T13:33:13","date_gmt":"2019-12-17T19:33:13","guid":{"rendered":"http:\/\/www.grieta.org.mx\/?p=42879"},"modified":"2020-01-10T13:37:48","modified_gmt":"2020-01-10T19:37:48","slug":"indignacion-causa-homicidio-del-musico-josue-bernardo-tio-bad-veracruz","status":"publish","type":"post","link":"https:\/\/www.grieta.org.mx\/index.php\/2019\/12\/17\/indignacion-causa-homicidio-del-musico-josue-bernardo-tio-bad-veracruz\/","title":{"rendered":"Indignaci\u00f3n causa homicidio del m\u00fasico Josu\u00e9 Bernardo, T\u00edo Bad (Veracruz)"},"content":{"rendered":"<p><img loading=\"lazy\" decoding=\"async\" data-attachment-id=\"42880\" data-permalink=\"https:\/\/www.grieta.org.mx\/index.php\/2019\/12\/17\/indignacion-causa-homicidio-del-musico-josue-bernardo-tio-bad-veracruz\/2019-12-17_1327\/\" data-orig-file=\"https:\/\/www.grieta.org.mx\/wp-content\/uploads\/2020\/01\/2019-12-17_1327.png\" data-orig-size=\"700,447\" data-comments-opened=\"0\" data-image-meta=\"{&quot;aperture&quot;:&quot;0&quot;,&quot;credit&quot;:&quot;&quot;,&quot;camera&quot;:&quot;&quot;,&quot;caption&quot;:&quot;&quot;,&quot;created_timestamp&quot;:&quot;0&quot;,&quot;copyright&quot;:&quot;&quot;,&quot;focal_length&quot;:&quot;0&quot;,&quot;iso&quot;:&quot;0&quot;,&quot;shutter_speed&quot;:&quot;0&quot;,&quot;title&quot;:&quot;&quot;,&quot;orientation&quot;:&quot;0&quot;}\" data-image-title=\"2019-12-17_1327\" data-image-description=\"\" data-image-caption=\"\" data-medium-file=\"https:\/\/www.grieta.org.mx\/wp-content\/uploads\/2020\/01\/2019-12-17_1327-300x192.png\" data-large-file=\"https:\/\/www.grieta.org.mx\/wp-content\/uploads\/2020\/01\/2019-12-17_1327.png\" src=\"http:\/\/www.grieta.org.mx\/wp-content\/uploads\/2020\/01\/2019-12-17_1327.png\" alt=\"\" width=\"700\" height=\"447\" class=\"aligncenter size-full wp-image-42880\" srcset=\"https:\/\/www.grieta.org.mx\/wp-content\/uploads\/2020\/01\/2019-12-17_1327.png 700w, https:\/\/www.grieta.org.mx\/wp-content\/uploads\/2020\/01\/2019-12-17_1327-300x192.png 300w\" sizes=\"auto, (max-width: 700px) 100vw, 700px\" \/><\/p>\n<p>Redacci\u00f3n \/ Formato 7<\/p>\n<p>San Juan Evangelista, Ver.- Indignaci\u00f3n entre la comunidad jaranera del sur de Veracruz provoc\u00f3 el hallazgo sin vida de Josu\u00e9 Bernardo Marcial Santos, \u201cT\u00edo Bad\u201d, un reconocido m\u00fasico de Sayula de Alem\u00e1n.<\/p>\n<p>El hallazgo tuvo lugar la noche de este lunes, cuando el cuerpo fue localizado desmembrado, en la cajuela de un veh\u00edculo abandonado en el acceso a San Juan Evangelista.<\/p>\n<p>Josu\u00e9 Bernardo ten\u00eda 24 a\u00f1os de edad y era un virtuoso de la jarana. Presuntamente fue privado de su libertad este mismo lunes.<\/p>\n<p>Reportes period\u00edsticos se\u00f1alan que su cuerpo fue cercenado y envuelto en bolsas depositadas en la cajuela de un autom\u00f3vil tipo Aveo.<\/p>\n<p>La Fiscal\u00eda General del Estado (FGE) abri\u00f3 una carpeta de investigaci\u00f3n por estos hechos.<\/p>\n<p>A trav\u00e9s de las redes sociales, la comunidad jaranera ha expresado su indignaci\u00f3n pues a Josu\u00e9 se le conoc\u00eda por su participaci\u00f3n en eventos culturales y de rap.<\/p>\n<p><a href=\"https:\/\/formato7.com\/2019\/12\/17\/indignacion-causa-homicidio-del-musico-josue-bernardo-tio-bad\/\">https:\/\/formato7.com\/2019\/12\/17\/indignacion-causa-homicidio-del-musico-josue-bernardo-tio-bad\/<\/a><\/p>\n","protected":false},"excerpt":{"rendered":"<p>Redacci\u00f3n \/ Formato 7 San Juan Evangelista, Ver.- Indignaci\u00f3n entre la comunidad jaranera del sur de Veracruz provoc\u00f3 el hallazgo sin vida de Josu\u00e9 Bernardo Marcial Santos, \u201cT\u00edo Bad\u201d, un &hellip; <a href=\"https:\/\/www.grieta.org.mx\/index.php\/2019\/12\/17\/indignacion-causa-homicidio-del-musico-josue-bernardo-tio-bad-veracruz\/\" class=\"more-link\">Leer m\u00e1s<\/a><\/p>\n","protected":false},"author":2,"featured_media":42880,"comment_status":"closed","ping_status":"closed","sticky":false,"template":"","format":"standard","meta":{"ngg_post_thumbnail":0,"_jetpack_newsletter_access":"","_jetpack_dont_email_post_to_subs":false,"_jetpack_newsletter_tier_id":0,"_jetpack_memberships_contains_paywalled_content":false,"_jetpack_memberships_contains_paid_content":false,"footnotes":""},"categories":[2502,2,35],"tags":[2140,1733,2185],"class_list":["post-42879","post","type-post","status-publish","format-standard","has-post-thumbnail","hentry","category-asesinato-de-activistas-en-veracruz","category-noticias-nacionales","category-veracruz","tag-asesinato-de-activistas","tag-centro-cultural","tag-prohibicion-de-musicos","entry"],"jetpack_featured_media_url":"https:\/\/www.grieta.org.mx\/wp-content\/uploads\/2020\/01\/2019-12-17_1327.png","jetpack_sharing_enabled":true,"jetpack_shortlink":"https:\/\/wp.me\/p7ZJR4-b9B","jetpack_likes_enabled":false,"jetpack-related-posts":[{"id":43113,"url":"https:\/\/www.grieta.org.mx\/index.php\/2019\/12\/17\/josue-queria-revolucionar-el-son-jarocho-pero-fue-asesinado-en-san-juan-evangelista-veracruz\/","url_meta":{"origin":42879,"position":0},"title":"Josu\u00e9 quer\u00eda revolucionar el son jarocho, pero fue asesinado en San Juan Evangelista (Veracruz)","author":"grieta","date":"17 diciembre, 2019","format":false,"excerpt":"Rodrigo Barranco D\u00e9ctor \/ La Silla Rota Desde hace 10 a\u00f1os, Josu\u00e9 Bernardo Marcial Santos, y sus amigos buscaban la funci\u00f3n del son jarocho con ritmos modernos como el hip-hop y el rap. Su experimento musical qued\u00f3 truncado el lunes cuando el joven jaranero fue encontrado sin vida, desmembrado, dentro\u2026","rel":"","context":"En &quot;Asesinato de activistas en Veracruz&quot;","block_context":{"text":"Asesinato de activistas en Veracruz","link":"https:\/\/www.grieta.org.mx\/index.php\/category\/noticias-nacionales\/veracruz\/asesinato-de-activistas-en-veracruz\/"},"img":{"alt_text":"","src":"https:\/\/i0.wp.com\/www.grieta.org.mx\/wp-content\/uploads\/2020\/01\/492348211177f77e6a16fb_1.jpg?resize=350%2C200&ssl=1","width":350,"height":200,"srcset":"https:\/\/i0.wp.com\/www.grieta.org.mx\/wp-content\/uploads\/2020\/01\/492348211177f77e6a16fb_1.jpg?resize=350%2C200&ssl=1 1x, https:\/\/i0.wp.com\/www.grieta.org.mx\/wp-content\/uploads\/2020\/01\/492348211177f77e6a16fb_1.jpg?resize=525%2C300&ssl=1 1.5x"},"classes":[]},{"id":32524,"url":"https:\/\/www.grieta.org.mx\/index.php\/2019\/03\/30\/asesinan-en-veracruz-a-activista-abiram-hernandez-activista-por-los-desaparecidos\/","url_meta":{"origin":42879,"position":1},"title":"Asesinan en Veracruz a activista Abir\u00e1m Hern\u00e1ndez, activista por los desaparecidos","author":"grieta","date":"30 marzo, 2019","format":false,"excerpt":"Abir\u00e1m Hern\u00e1ndez, ex integrante del colectivo Por la Paz de Xalapa, fue asesinado el d\u00eda de ayer de manera artera: su cuerpo fue encontrado en la sala de su casa con un golpe en la cabeza que le quit\u00f3 la vida, luego de que fueran forzadas las entradas a su\u2026","rel":"","context":"En &quot;Asesinato de activistas en Veracruz&quot;","block_context":{"text":"Asesinato de activistas en Veracruz","link":"https:\/\/www.grieta.org.mx\/index.php\/category\/noticias-nacionales\/veracruz\/asesinato-de-activistas-en-veracruz\/"},"img":{"alt_text":"","src":"https:\/\/i0.wp.com\/www.grieta.org.mx\/wp-content\/uploads\/2019\/04\/36539725_10160675006530442_3325318810486964224_n.jpg?resize=350%2C200&ssl=1","width":350,"height":200,"srcset":"https:\/\/i0.wp.com\/www.grieta.org.mx\/wp-content\/uploads\/2019\/04\/36539725_10160675006530442_3325318810486964224_n.jpg?resize=350%2C200&ssl=1 1x, https:\/\/i0.wp.com\/www.grieta.org.mx\/wp-content\/uploads\/2019\/04\/36539725_10160675006530442_3325318810486964224_n.jpg?resize=525%2C300&ssl=1 1.5x, https:\/\/i0.wp.com\/www.grieta.org.mx\/wp-content\/uploads\/2019\/04\/36539725_10160675006530442_3325318810486964224_n.jpg?resize=700%2C400&ssl=1 2x"},"classes":[]},{"id":51040,"url":"https:\/\/www.grieta.org.mx\/index.php\/2020\/06\/18\/justiciaparajoseantonio-matan-a-nino-de-10-anos-en-acayucan-veracruz\/","url_meta":{"origin":42879,"position":2},"title":"#JusticiaParaJos\u00e9Antonio: Matan a ni\u00f1o de 10 a\u00f1os en Acayucan, Veracruz","author":"grieta","date":"18 junio, 2020","format":false,"excerpt":"Redacci\u00f3n \/ Animal Pol\u00edtico Jos\u00e9 Antonio, un ni\u00f1o de 10 a\u00f1os que trabajaba para apoyar a su madre, fue asesinado en el municipio de Acayucan, Veracruz. La Fiscal\u00eda General de Veracruz se\u00f1al\u00f3 que su cuerpo fue localizado la tarde del martes en un terreno bald\u00edo del barrio La Palma, en\u2026","rel":"","context":"En &quot;CINTILLO&quot;","block_context":{"text":"CINTILLO","link":"https:\/\/www.grieta.org.mx\/index.php\/category\/cintillo\/"},"img":{"alt_text":"","src":"https:\/\/i0.wp.com\/www.grieta.org.mx\/wp-content\/uploads\/2020\/06\/Screenshot_2020-06-19-JusticiaParaJos%C3%A9Antonio-Matan-a-ni%C3%B1o-de-10-a%C3%B1os-en-Acayucan-Veracruz.png?resize=350%2C200&ssl=1","width":350,"height":200,"srcset":"https:\/\/i0.wp.com\/www.grieta.org.mx\/wp-content\/uploads\/2020\/06\/Screenshot_2020-06-19-JusticiaParaJos%C3%A9Antonio-Matan-a-ni%C3%B1o-de-10-a%C3%B1os-en-Acayucan-Veracruz.png?resize=350%2C200&ssl=1 1x, https:\/\/i0.wp.com\/www.grieta.org.mx\/wp-content\/uploads\/2020\/06\/Screenshot_2020-06-19-JusticiaParaJos%C3%A9Antonio-Matan-a-ni%C3%B1o-de-10-a%C3%B1os-en-Acayucan-Veracruz.png?resize=525%2C300&ssl=1 1.5x, https:\/\/i0.wp.com\/www.grieta.org.mx\/wp-content\/uploads\/2020\/06\/Screenshot_2020-06-19-JusticiaParaJos%C3%A9Antonio-Matan-a-ni%C3%B1o-de-10-a%C3%B1os-en-Acayucan-Veracruz.png?resize=700%2C400&ssl=1 2x, https:\/\/i0.wp.com\/www.grieta.org.mx\/wp-content\/uploads\/2020\/06\/Screenshot_2020-06-19-JusticiaParaJos%C3%A9Antonio-Matan-a-ni%C3%B1o-de-10-a%C3%B1os-en-Acayucan-Veracruz.png?resize=1050%2C600&ssl=1 3x"},"classes":[]},{"id":6457,"url":"https:\/\/www.grieta.org.mx\/index.php\/2015\/07\/02\/juan-mendoza-periodista-de-medellin-veracruz-es-hallado-muerto-se-habla-de-asesinato\/","url_meta":{"origin":42879,"position":3},"title":"Juan Mendoza, periodista de Medell\u00edn, Veracruz, es hallado muerto; se habla de asesinato","author":"Admin","date":"2 julio, 2015","format":false,"excerpt":"Juan Mendoza, como Mois\u00e9s S\u00e1nchez, viv\u00eda en Medell\u00edn, un municipio pobre de Veracruz. Y tambi\u00e9n como Mois\u00e9s financiaba su vida manejando un taxi. Foto: Facebook Ciudad de M\u00e9xico, 2 de julio (SinEmbargo).- El periodista veracruzano Juan Mendoza Delgado, director general del portal de noticias Escribiendo la Verdad, fue asesinado y\u2026","rel":"","context":"En &quot;CINTILLO&quot;","block_context":{"text":"CINTILLO","link":"https:\/\/www.grieta.org.mx\/index.php\/category\/cintillo\/"},"img":{"alt_text":"","src":"https:\/\/i0.wp.com\/www.grieta.org.mx\/wp-content\/uploads\/2018\/03\/14524434_1106112876131411_958039263622046936_o.jpg?resize=350%2C200&ssl=1","width":350,"height":200,"srcset":"https:\/\/i0.wp.com\/www.grieta.org.mx\/wp-content\/uploads\/2018\/03\/14524434_1106112876131411_958039263622046936_o.jpg?resize=350%2C200&ssl=1 1x, https:\/\/i0.wp.com\/www.grieta.org.mx\/wp-content\/uploads\/2018\/03\/14524434_1106112876131411_958039263622046936_o.jpg?resize=525%2C300&ssl=1 1.5x, https:\/\/i0.wp.com\/www.grieta.org.mx\/wp-content\/uploads\/2018\/03\/14524434_1106112876131411_958039263622046936_o.jpg?resize=700%2C400&ssl=1 2x"},"classes":[]},{"id":32481,"url":"https:\/\/www.grieta.org.mx\/index.php\/2019\/04\/03\/temen-activistas-que-crimen-de-abiram-quede-impune-veracruz\/","url_meta":{"origin":42879,"position":4},"title":"Temen activistas que crimen de Abir\u00e1m quede impune (Veracruz)","author":"grieta","date":"3 abril, 2019","format":false,"excerpt":"Juan David Castilla \/ El Dem\u00f3crata Un grupo de activistas protest\u00f3 frente a Palacio de Gobierno para exigir a las autoridades que el crimen de Abir\u00e1m Hern\u00e1ndez no quede en la impunidad. Ana\u00eds Palacios P\u00e9rez, quien ha formado parte de colectivos de familiares de desaparecidos, denunci\u00f3 que a cinco d\u00edas\u2026","rel":"","context":"En &quot;CINTILLO&quot;","block_context":{"text":"CINTILLO","link":"https:\/\/www.grieta.org.mx\/index.php\/category\/cintillo\/"},"img":{"alt_text":"","src":"https:\/\/i0.wp.com\/www.grieta.org.mx\/wp-content\/uploads\/2019\/04\/Screenshot_2019-04-25-Temen-activistas-que-crimen-de-Abir%C3%A1m-quede-impune-El-Dem%C3%B3crata.jpg?resize=350%2C200&ssl=1","width":350,"height":200,"srcset":"https:\/\/i0.wp.com\/www.grieta.org.mx\/wp-content\/uploads\/2019\/04\/Screenshot_2019-04-25-Temen-activistas-que-crimen-de-Abir%C3%A1m-quede-impune-El-Dem%C3%B3crata.jpg?resize=350%2C200&ssl=1 1x, https:\/\/i0.wp.com\/www.grieta.org.mx\/wp-content\/uploads\/2019\/04\/Screenshot_2019-04-25-Temen-activistas-que-crimen-de-Abir%C3%A1m-quede-impune-El-Dem%C3%B3crata.jpg?resize=525%2C300&ssl=1 1.5x, https:\/\/i0.wp.com\/www.grieta.org.mx\/wp-content\/uploads\/2019\/04\/Screenshot_2019-04-25-Temen-activistas-que-crimen-de-Abir%C3%A1m-quede-impune-El-Dem%C3%B3crata.jpg?resize=700%2C400&ssl=1 2x, https:\/\/i0.wp.com\/www.grieta.org.mx\/wp-content\/uploads\/2019\/04\/Screenshot_2019-04-25-Temen-activistas-que-crimen-de-Abir%C3%A1m-quede-impune-El-Dem%C3%B3crata.jpg?resize=1050%2C600&ssl=1 3x, https:\/\/i0.wp.com\/www.grieta.org.mx\/wp-content\/uploads\/2019\/04\/Screenshot_2019-04-25-Temen-activistas-que-crimen-de-Abir%C3%A1m-quede-impune-El-Dem%C3%B3crata.jpg?resize=1400%2C800&ssl=1 4x"},"classes":[]},{"id":53473,"url":"https:\/\/www.grieta.org.mx\/index.php\/2020\/08\/28\/integrantes-de-la-comunidad-lgbt-protestan-por-asesinato-de-transgenero-en-veracruz\/","url_meta":{"origin":42879,"position":5},"title":"Integrantes de la comunidad LGBT protestan por asesinato de transg\u00e9nero en Veracruz","author":"grieta","date":"28 agosto, 2020","format":false,"excerpt":"No\u00e9 Zavaleta \/ Proceso XALAPA, Ver. (apro).- Activistas LGTB y amigos de Brandy Carolina Melchor protestaron este viernes en la explanada de la Fiscal\u00eda General del estado (FGE) para exigir justicia por el asesinato de la mujer transg\u00e9nero y su madre, Mar\u00eda Luisa Huerta, el pasado mi\u00e9rcoles 26. Brandy, de\u2026","rel":"","context":"En &quot;CINTILLO&quot;","block_context":{"text":"CINTILLO","link":"https:\/\/www.grieta.org.mx\/index.php\/category\/cintillo\/"},"img":{"alt_text":"","src":"https:\/\/i0.wp.com\/www.grieta.org.mx\/wp-content\/uploads\/2020\/09\/asesinato-transexual-protesta-870x522-1.jpg?resize=350%2C200&ssl=1","width":350,"height":200,"srcset":"https:\/\/i0.wp.com\/www.grieta.org.mx\/wp-content\/uploads\/2020\/09\/asesinato-transexual-protesta-870x522-1.jpg?resize=350%2C200&ssl=1 1x, https:\/\/i0.wp.com\/www.grieta.org.mx\/wp-content\/uploads\/2020\/09\/asesinato-transexual-protesta-870x522-1.jpg?resize=525%2C300&ssl=1 1.5x, https:\/\/i0.wp.com\/www.grieta.org.mx\/wp-content\/uploads\/2020\/09\/asesinato-transexual-protesta-870x522-1.jpg?resize=700%2C400&ssl=1 2x"},"classes":[]}],"_links":{"self":[{"href":"https:\/\/www.grieta.org.mx\/index.php\/wp-json\/wp\/v2\/posts\/42879","targetHints":{"allow":["GET"]}}],"collection":[{"href":"https:\/\/www.grieta.org.mx\/index.php\/wp-json\/wp\/v2\/posts"}],"about":[{"href":"https:\/\/www.grieta.org.mx\/index.php\/wp-json\/wp\/v2\/types\/post"}],"author":[{"embeddable":true,"href":"https:\/\/www.grieta.org.mx\/index.php\/wp-json\/wp\/v2\/users\/2"}],"replies":[{"embeddable":true,"href":"https:\/\/www.grieta.org.mx\/index.php\/wp-json\/wp\/v2\/comments?post=42879"}],"version-history":[{"count":1,"href":"https:\/\/www.grieta.org.mx\/index.php\/wp-json\/wp\/v2\/posts\/42879\/revisions"}],"predecessor-version":[{"id":42881,"href":"https:\/\/www.grieta.org.mx\/index.php\/wp-json\/wp\/v2\/posts\/42879\/revisions\/42881"}],"wp:featuredmedia":[{"embeddable":true,"href":"https:\/\/www.grieta.org.mx\/index.php\/wp-json\/wp\/v2\/media\/42880"}],"wp:attachment":[{"href":"https:\/\/www.grieta.org.mx\/index.php\/wp-json\/wp\/v2\/media?parent=42879"}],"wp:term":[{"taxonomy":"category","embeddable":true,"href":"https:\/\/www.grieta.org.mx\/index.php\/wp-json\/wp\/v2\/categories?post=42879"},{"taxonomy":"post_tag","embeddable":true,"href":"https:\/\/www.grieta.org.mx\/index.php\/wp-json\/wp\/v2\/tags?post=42879"}],"curies":[{"name":"wp","href":"https:\/\/api.w.org\/{rel}","templated":true}]}}