{"id":42851,"date":"2019-11-29T18:17:28","date_gmt":"2019-11-30T00:17:28","guid":{"rendered":"http:\/\/www.grieta.org.mx\/?p=42851"},"modified":"2020-01-09T18:22:34","modified_gmt":"2020-01-10T00:22:34","slug":"mas-de-la-mitad-de-los-michoacanos-gana-menos-de-6-mil-pesos-al-mes","status":"publish","type":"post","link":"https:\/\/www.grieta.org.mx\/index.php\/2019\/11\/29\/mas-de-la-mitad-de-los-michoacanos-gana-menos-de-6-mil-pesos-al-mes\/","title":{"rendered":"M\u00e1s de la mitad de los michoacanos gana menos de 6 mil pesos al mes"},"content":{"rendered":"<blockquote><p>A pesar que se mantiene la generaci\u00f3n de nuevas plazas laborales, buena parte de ellas no responden las necesidades de los michoacanos<\/p><\/blockquote>\n<figure id=\"attachment_42855\" aria-describedby=\"caption-attachment-42855\" style=\"width: 800px\" class=\"wp-caption aligncenter\"><img loading=\"lazy\" decoding=\"async\" data-attachment-id=\"42855\" data-permalink=\"https:\/\/www.grieta.org.mx\/index.php\/2019\/11\/29\/mas-de-la-mitad-de-los-michoacanos-gana-menos-de-6-mil-pesos-al-mes\/pobreza-2\/\" data-orig-file=\"https:\/\/www.grieta.org.mx\/wp-content\/uploads\/2020\/01\/pobreza.jpg\" data-orig-size=\"700,466\" data-comments-opened=\"0\" data-image-meta=\"{&quot;aperture&quot;:&quot;0&quot;,&quot;credit&quot;:&quot;&quot;,&quot;camera&quot;:&quot;&quot;,&quot;caption&quot;:&quot;&quot;,&quot;created_timestamp&quot;:&quot;0&quot;,&quot;copyright&quot;:&quot;&quot;,&quot;focal_length&quot;:&quot;0&quot;,&quot;iso&quot;:&quot;0&quot;,&quot;shutter_speed&quot;:&quot;0&quot;,&quot;title&quot;:&quot;&quot;,&quot;orientation&quot;:&quot;1&quot;}\" data-image-title=\"pobreza\" data-image-description=\"\" data-image-caption=\"&lt;p&gt;Foto: Pixabay. La cantidad de trabajadores que ganan poco dinero aumenta mientras la cifra de trabajadores que ganan mucho dinero disminuye.&lt;\/p&gt;\n\" data-medium-file=\"https:\/\/www.grieta.org.mx\/wp-content\/uploads\/2020\/01\/pobreza-300x200.jpg\" data-large-file=\"https:\/\/www.grieta.org.mx\/wp-content\/uploads\/2020\/01\/pobreza.jpg\" class=\"wp-image-42855\" src=\"http:\/\/www.grieta.org.mx\/wp-content\/uploads\/2020\/01\/pobreza.jpg\" alt=\"\" width=\"800\" height=\"533\" srcset=\"https:\/\/www.grieta.org.mx\/wp-content\/uploads\/2020\/01\/pobreza.jpg 700w, https:\/\/www.grieta.org.mx\/wp-content\/uploads\/2020\/01\/pobreza-300x200.jpg 300w\" sizes=\"auto, (max-width: 800px) 100vw, 800px\" \/><figcaption id=\"caption-attachment-42855\" class=\"wp-caption-text\">Foto: Pixabay. La cantidad de trabajadores que ganan poco dinero aumenta mientras la cifra de trabajadores que ganan mucho dinero disminuye.<\/figcaption><\/figure>\n<p>Maricruz Rios \/ La Voz de Michoac\u00e1n, 29 de noviembre de 2019<\/p>\n<p>Morelia, Michoac\u00e1n. \u201cTanto los salarios como los trabajos formales e informales en el estado son excesivamente precarios\u201d, asever\u00f3 el coordinador de Proyectos Estrat\u00e9gicos del Colegio de Economistas en el Estado de Michoac\u00e1n (CEEM), Heliodoro Gil Corona, situaci\u00f3n que se mantiene desde hace casi una d\u00e9cada. El salario promedio en la entidad no rebasa los 6 mil pesos, por lo que el 56 por ciento de los michoacanos no percibe m\u00e1s de eso y la quinta parte recibe diariamente un salario m\u00ednimo o menos por su labor.<\/p>\n<p>El economista se\u00f1ala que la precarizaci\u00f3n laboral se vio reflejada en la m\u00e1s reciente Encuesta Nacional de Ocupaci\u00f3n y Empleo (ENOE) del Instituto Nacional de Estad\u00edstica y Geograf\u00eda (INEGI), ya que mientras el mercado laboral en Michoac\u00e1n pas\u00f3 de 1 mill\u00f3n 990 mil 571 a 2 millones 036 mil 431 personas ocupadas en el \u00faltimo a\u00f1o, los bajos salarios contin\u00faan junto con la informalidad laboral. El porcentaje que gana un salario m\u00ednimo o mes se elev\u00f3 entre 1.3 y 1.5 por ciento en los sectores formal en informal entre 2018 y 2019.<\/p>\n<p>eliodoro Gil record\u00f3, adem\u00e1s, que el 69.5 por ciento de la Poblaci\u00f3n Econ\u00f3micamente Activa (PEA) est\u00e1 en el radar de la informalidad, y s\u00f3lo el 30.5 por ciento restante en la formalidad, siendo \u00e9stos los que pueden acceder a sus derechos de seguridad social, fondo para el retiro y aguinaldo, entre otros.<\/p>\n<p>Es decir, a pesar que se mantenga la generaci\u00f3n de nuevas plazas laborales, buena parte de ellas no responden las necesidades de los michoacanos, ya sea porque la oferta de trabajo es con sueldo bajo, porque los salarios se han mantenido pr\u00e1cticamente est\u00e1ticos los \u00faltimos cinco a\u00f1os en un buen n\u00famero de empresas e incluso porque muchas de las plazas creadas son informales y no tienen acceso siquiera a la seguridad social.<\/p>\n<p>Heliodoro Gil se\u00f1al\u00f3 que el deterioro del mercado laboral en Michoac\u00e1n estructuralmente persiste desde el 2012, al recordar que desde ese entonces siete de cada 10 trabajadores son informales, adem\u00e1s de que \u201cla cantidad de trabajadores que ganan poco dinero aumenta mientras la cifra de trabajadores que ganan mucho dinero disminuye\u201d.<br \/>\nPersiste precariedad laboral<\/p>\n<p>Respecto a la precarizaci\u00f3n de las condiciones laborales en Michoac\u00e1n, el coordinador de Proyectos Estrat\u00e9gicos del CEEM coment\u00f3 que de 2018 a 2019, el porcentaje de trabajadores formales con un nivel de ingreso de hasta un salario m\u00ednimo mensual (3 mil 081 pesos) aument\u00f3 de 4.1 por ciento a 4.4 por ciento del total estatal. La cantidad de personas ocupadas con una remuneraci\u00f3n m\u00e1xima mensual un salario m\u00ednimo creci\u00f3 en t\u00e9rminos reales 11.1 por ciento, al pasar de un padr\u00f3n de 24 mil 562 a 27 mil 298.<\/p>\n<p>De manera paralela, la tasa de informales con este rango de ingresos creci\u00f3 de 24.1 a 25.6 por ciento, al pasar de 336 mil 367 a 362 mil 773 plazas laborales.En ambos sectores vemos tasas de crecimiento de precarizaci\u00f3n del salario que rondan entre el 1.3 y el 1.5 por ciento.<\/p>\n<figure id=\"attachment_42856\" aria-describedby=\"caption-attachment-42856\" style=\"width: 800px\" class=\"wp-caption aligncenter\"><img loading=\"lazy\" decoding=\"async\" data-attachment-id=\"42856\" data-permalink=\"https:\/\/www.grieta.org.mx\/index.php\/2019\/11\/29\/mas-de-la-mitad-de-los-michoacanos-gana-menos-de-6-mil-pesos-al-mes\/chicuarotes\/\" data-orig-file=\"https:\/\/www.grieta.org.mx\/wp-content\/uploads\/2020\/01\/chicuarotes.jpg\" data-orig-size=\"700,466\" data-comments-opened=\"0\" data-image-meta=\"{&quot;aperture&quot;:&quot;0&quot;,&quot;credit&quot;:&quot;&quot;,&quot;camera&quot;:&quot;&quot;,&quot;caption&quot;:&quot;&quot;,&quot;created_timestamp&quot;:&quot;0&quot;,&quot;copyright&quot;:&quot;&quot;,&quot;focal_length&quot;:&quot;0&quot;,&quot;iso&quot;:&quot;0&quot;,&quot;shutter_speed&quot;:&quot;0&quot;,&quot;title&quot;:&quot;&quot;,&quot;orientation&quot;:&quot;1&quot;}\" data-image-title=\"chicuarotes\" data-image-description=\"\" data-image-caption=\"&lt;p&gt;Foto: Twitter. M\u00e1s que la falta de recursos econ\u00f3micos, la pobreza m\u00e1s dolorosa es la que tiene que ver con no encontrar posibilidades para salir adelante&lt;\/p&gt;\n\" data-medium-file=\"https:\/\/www.grieta.org.mx\/wp-content\/uploads\/2020\/01\/chicuarotes-300x200.jpg\" data-large-file=\"https:\/\/www.grieta.org.mx\/wp-content\/uploads\/2020\/01\/chicuarotes.jpg\" class=\"wp-image-42856\" src=\"http:\/\/www.grieta.org.mx\/wp-content\/uploads\/2020\/01\/chicuarotes.jpg\" alt=\"\" width=\"800\" height=\"533\" srcset=\"https:\/\/www.grieta.org.mx\/wp-content\/uploads\/2020\/01\/chicuarotes.jpg 700w, https:\/\/www.grieta.org.mx\/wp-content\/uploads\/2020\/01\/chicuarotes-300x200.jpg 300w\" sizes=\"auto, (max-width: 800px) 100vw, 800px\" \/><figcaption id=\"caption-attachment-42856\" class=\"wp-caption-text\">Foto: Twitter. M\u00e1s que la falta de recursos econ\u00f3micos, la pobreza m\u00e1s dolorosa es la que tiene que ver con no encontrar posibilidades para salir adelante<\/figcaption><\/figure>\n<p>En el rango de ingresos de m\u00e1s de uno hasta y dos salarios m\u00ednimos, tanto de trabajadores formales como de informales tambi\u00e9n se acentu\u00f3 la precariedad laboral de Michoac\u00e1n. La tasa de trabajadores formales increment\u00f3 26.2 por ciento a 31.4 por ciento de la ocupaci\u00f3n formal estatal, mientras que la tasa de trabajadores informales creci\u00f3 de 37.7 a 40 por ciento.<\/p>\n<p>En resumen, durante el \u00faltimo a\u00f1o, los trabajadores con un rango de ingresos de menos de un salario y hasta dos salarios m\u00ednimos integraron al grueso de la PEA: en el primero rubro son 222 mil 112 trabajadores y en el segundo 928 mil 656.<\/p>\n<p>As\u00ed pues, en 2019 un mill\u00f3n 150 mil 768 trabajadores formales e informales no han ganado m\u00e1s de 6 mil 162 pesos al mes, lo que representa el 56.5 por ciento de la Poblaci\u00f3n Econ\u00f3micamente Activa. A destacar tambi\u00e9n que el 17.8 por ciento de los trabajadores, casi la quinta parte, no gana m\u00e1s de 3 mil 081 pesos al mes, que corresponder\u00eda a satisfacer apenas la canasta b\u00e1sica alimentaria m\u00e1s no alimentaria que propone el Coneval.<\/p>\n<p>En este sentido, la Secretar\u00eda de Trabajo y Previsi\u00f3n Social (STPS) se\u00f1ala que el salario promedio en el estado (formal e informal) es de 6 mil pesos mensuales, por debajo de la media nacional, que es de 6 mil 405 pesos. Michoac\u00e1n ocupa el lugar 20 entre las 32 entidades federativas en este sentido.<\/p>\n<p><a href=\"https:\/\/www.lavozdemichoacan.com.mx\/economia\/mas-de-la-mitad-de-los-michoacanos-gana-menos-de-6-mil-pesos-al-mes\/\">https:\/\/www.lavozdemichoacan.com.mx\/economia\/mas-de-la-mitad-de-los-michoacanos-gana-menos-de-6-mil-pesos-al-mes\/<\/a><\/p>\n","protected":false},"excerpt":{"rendered":"<p>A pesar que se mantiene la generaci\u00f3n de nuevas plazas laborales, buena parte de ellas no responden las necesidades de los michoacanos Maricruz Rios \/ La Voz de Michoac\u00e1n, 29 &hellip; <a href=\"https:\/\/www.grieta.org.mx\/index.php\/2019\/11\/29\/mas-de-la-mitad-de-los-michoacanos-gana-menos-de-6-mil-pesos-al-mes\/\" class=\"more-link\">Leer m\u00e1s<\/a><\/p>\n","protected":false},"author":2,"featured_media":42855,"comment_status":"closed","ping_status":"closed","sticky":false,"template":"","format":"standard","meta":{"ngg_post_thumbnail":0,"_jetpack_newsletter_access":"","_jetpack_dont_email_post_to_subs":false,"_jetpack_newsletter_tier_id":0,"_jetpack_memberships_contains_paywalled_content":false,"_jetpack_memberships_contains_paid_content":false,"footnotes":""},"categories":[80,910,2840,21,2752],"tags":[2841],"class_list":["post-42851","post","type-post","status-publish","format-standard","has-post-thumbnail","hentry","category-cintillo","category-explotacion-y-precariedad-laboral","category-explotacion-y-precariedad-laboral-en-michoacan","category-michoacan","category-precariedad-laboral-en-michoacan","tag-explotacion-y-precariedad-laboral","entry"],"jetpack_featured_media_url":"https:\/\/www.grieta.org.mx\/wp-content\/uploads\/2020\/01\/pobreza.jpg","jetpack_sharing_enabled":true,"jetpack_shortlink":"https:\/\/wp.me\/p7ZJR4-b99","jetpack_likes_enabled":false,"jetpack-related-posts":[{"id":67606,"url":"https:\/\/www.grieta.org.mx\/index.php\/2023\/05\/15\/insuficiente-el-incremento-salarial-a-los-maestros-cnte-michoacan\/","url_meta":{"origin":42851,"position":0},"title":"Insuficiente, el incremento salarial a los maestros: CNTE (Michoac\u00e1n)","author":"grieta","date":"15 mayo, 2023","format":false,"excerpt":"Dirigente de fracci\u00f3n magisterial se\u00f1ala que el aumento debe superar al 10 por ciento, dado que los aumentos no se aplican directa a ingresos","rel":"","context":"En &quot;CINTILLO&quot;","block_context":{"text":"CINTILLO","link":"https:\/\/www.grieta.org.mx\/index.php\/category\/cintillo\/"},"img":{"alt_text":"","src":"https:\/\/i0.wp.com\/www.grieta.org.mx\/wp-content\/uploads\/2023\/09\/CNTE-2-marcha-acg.jpg?resize=350%2C200&ssl=1","width":350,"height":200,"srcset":"https:\/\/i0.wp.com\/www.grieta.org.mx\/wp-content\/uploads\/2023\/09\/CNTE-2-marcha-acg.jpg?resize=350%2C200&ssl=1 1x, https:\/\/i0.wp.com\/www.grieta.org.mx\/wp-content\/uploads\/2023\/09\/CNTE-2-marcha-acg.jpg?resize=525%2C300&ssl=1 1.5x, https:\/\/i0.wp.com\/www.grieta.org.mx\/wp-content\/uploads\/2023\/09\/CNTE-2-marcha-acg.jpg?resize=700%2C400&ssl=1 2x, https:\/\/i0.wp.com\/www.grieta.org.mx\/wp-content\/uploads\/2023\/09\/CNTE-2-marcha-acg.jpg?resize=1050%2C600&ssl=1 3x, https:\/\/i0.wp.com\/www.grieta.org.mx\/wp-content\/uploads\/2023\/09\/CNTE-2-marcha-acg.jpg?resize=1400%2C800&ssl=1 4x"},"classes":[]},{"id":41059,"url":"https:\/\/www.grieta.org.mx\/index.php\/2019\/11\/05\/jornaleros-agricolas-de-michoacan-sufren-de-explotacion-en-el-campo\/","url_meta":{"origin":42851,"position":1},"title":"Jornaleros agr\u00edcolas de Michoac\u00e1n sufren de explotaci\u00f3n en el campo","author":"grieta","date":"5 noviembre, 2019","format":false,"excerpt":"\u00a0 En el estado de Michoac\u00e1n los trabajadores del campo no reciben las atenciones adecuadas y trabajan m\u00e1s de lo correspondido con el mismo salario Luis Flores \/ Tribuna, 05 de Noviembre de 2019 Morelia, Michoac\u00e1n.- La mayor\u00eda de los trabajadores del campo perciben 200 y 250 pesos por d\u00eda\u2026","rel":"","context":"En &quot;CINTILLO&quot;","block_context":{"text":"CINTILLO","link":"https:\/\/www.grieta.org.mx\/index.php\/category\/cintillo\/"},"img":{"alt_text":"","src":"https:\/\/i0.wp.com\/www.grieta.org.mx\/wp-content\/uploads\/2019\/11\/jornaleros2019.jpg?resize=350%2C200&ssl=1","width":350,"height":200,"srcset":"https:\/\/i0.wp.com\/www.grieta.org.mx\/wp-content\/uploads\/2019\/11\/jornaleros2019.jpg?resize=350%2C200&ssl=1 1x, https:\/\/i0.wp.com\/www.grieta.org.mx\/wp-content\/uploads\/2019\/11\/jornaleros2019.jpg?resize=525%2C300&ssl=1 1.5x, https:\/\/i0.wp.com\/www.grieta.org.mx\/wp-content\/uploads\/2019\/11\/jornaleros2019.jpg?resize=700%2C400&ssl=1 2x, https:\/\/i0.wp.com\/www.grieta.org.mx\/wp-content\/uploads\/2019\/11\/jornaleros2019.jpg?resize=1050%2C600&ssl=1 3x, https:\/\/i0.wp.com\/www.grieta.org.mx\/wp-content\/uploads\/2019\/11\/jornaleros2019.jpg?resize=1400%2C800&ssl=1 4x"},"classes":[]},{"id":43781,"url":"https:\/\/www.grieta.org.mx\/index.php\/2020\/01\/28\/marchan-sindicados-en-morelia-en-demanda-de-sus-pagos-atrasados\/","url_meta":{"origin":42851,"position":2},"title":"Marchan sindicados en Morelia en demanda de sus pagos atrasados","author":"grieta","date":"28 enero, 2020","format":false,"excerpt":"Uriel Morales P\u00e9rez \/Quadrat\u00edn, 28 de enero de 2019 MORELIA, Mich., 28 de enero de 2020.- Trabajadores del sector educativo en Michoac\u00e1n participan en la marcha en calles de Morelia en demanda de cumplimiento a pliegos petitorios que por meses se arrastran como pendientes. En el contingente se encuentran integrantes\u2026","rel":"","context":"En &quot;CINTILLO&quot;","block_context":{"text":"CINTILLO","link":"https:\/\/www.grieta.org.mx\/index.php\/category\/cintillo\/"},"img":{"alt_text":"","src":"https:\/\/i0.wp.com\/www.grieta.org.mx\/wp-content\/uploads\/2020\/01\/images.jpg?resize=350%2C200&ssl=1","width":350,"height":200,"srcset":"https:\/\/i0.wp.com\/www.grieta.org.mx\/wp-content\/uploads\/2020\/01\/images.jpg?resize=350%2C200&ssl=1 1x, https:\/\/i0.wp.com\/www.grieta.org.mx\/wp-content\/uploads\/2020\/01\/images.jpg?resize=525%2C300&ssl=1 1.5x"},"classes":[]},{"id":39031,"url":"https:\/\/www.grieta.org.mx\/index.php\/2019\/09\/09\/cnte-inicia-paro-de-72-horas-en-michoacan\/","url_meta":{"origin":42851,"position":3},"title":"CNTE inicia paro de 72 horas en Michoac\u00e1n","author":"grieta","date":"9 septiembre, 2019","format":false,"excerpt":"Los maestros de la Secci\u00f3n 18 de la CNTE demandan el pago de quincenas y prestaciones atrasadas Exc\u00e9lsior, 09 de septiembre de 2019 Integrantes de la Coordinadora Nacional de Trabajadores de la Educaci\u00f3n (CNTE) comenzaron un paro de labores de 72 horas en Michoac\u00e1n, ante la demanda del pago de\u2026","rel":"","context":"En &quot;CINTILLO&quot;","block_context":{"text":"CINTILLO","link":"https:\/\/www.grieta.org.mx\/index.php\/category\/cintillo\/"},"img":{"alt_text":"","src":"https:\/\/i0.wp.com\/www.grieta.org.mx\/wp-content\/uploads\/2019\/09\/2215678.jpg?resize=350%2C200&ssl=1","width":350,"height":200,"srcset":"https:\/\/i0.wp.com\/www.grieta.org.mx\/wp-content\/uploads\/2019\/09\/2215678.jpg?resize=350%2C200&ssl=1 1x, https:\/\/i0.wp.com\/www.grieta.org.mx\/wp-content\/uploads\/2019\/09\/2215678.jpg?resize=525%2C300&ssl=1 1.5x"},"classes":[]},{"id":64297,"url":"https:\/\/www.grieta.org.mx\/index.php\/2022\/05\/12\/enfermeras-en-michoacan-entre-la-precariedad-laboral-la-inestabilidad-y-la-falta-de-insumos-para-trabajar\/","url_meta":{"origin":42851,"position":4},"title":"Enfermeras en Michoac\u00e1n: entre la precariedad laboral, la inestabilidad y la falta de insumos para trabajar","author":"grieta","date":"12 mayo, 2022","format":false,"excerpt":"En el D\u00eda de la Enfermera, profesionales de esta \u00e1rea de la medicina marcharon en Morelia para externar sus demandas de mejores condiciones laborales Juan Bustos \/ La Voz de Michoac\u00e1n, 12 de mayo de 2022 Morelia, Michoac\u00e1n. Las condiciones de las enfermeras tras la pandemia de COVID-19 son iguales\u2026","rel":"","context":"En &quot;CINTILLO&quot;","block_context":{"text":"CINTILLO","link":"https:\/\/www.grieta.org.mx\/index.php\/category\/cintillo\/"},"img":{"alt_text":"","src":"https:\/\/i0.wp.com\/www.grieta.org.mx\/wp-content\/uploads\/2022\/05\/manifestacio%CC%81n-enfermeras-1.jpeg?resize=350%2C200&ssl=1","width":350,"height":200,"srcset":"https:\/\/i0.wp.com\/www.grieta.org.mx\/wp-content\/uploads\/2022\/05\/manifestacio%CC%81n-enfermeras-1.jpeg?resize=350%2C200&ssl=1 1x, https:\/\/i0.wp.com\/www.grieta.org.mx\/wp-content\/uploads\/2022\/05\/manifestacio%CC%81n-enfermeras-1.jpeg?resize=525%2C300&ssl=1 1.5x, https:\/\/i0.wp.com\/www.grieta.org.mx\/wp-content\/uploads\/2022\/05\/manifestacio%CC%81n-enfermeras-1.jpeg?resize=700%2C400&ssl=1 2x"},"classes":[]},{"id":38702,"url":"https:\/\/www.grieta.org.mx\/index.php\/2019\/09\/02\/mas-de-82-bajo-en-michoacan-la-generacion-de-empleo\/","url_meta":{"origin":42851,"position":5},"title":"M\u00e1s de 82% baj\u00f3 en Michoac\u00e1n la generaci\u00f3n de empleo","author":"grieta","date":"2 septiembre, 2019","format":false,"excerpt":"Ireri Pi\u00f1a \/ Contramuro, Michoac\u00e1n, 02 de septiembre de 2019 En t\u00e9rminos acumulados de julio 2018 a julio 2019, se reporta un desplome de 61.9 por ciento Morelia, Michoac\u00e1n.- En los primeros sietes meses del a\u00f1o se registr\u00f3 una reducci\u00f3n de 82.8 por ciento en generaci\u00f3n de empleo, seg\u00fan datos\u2026","rel":"","context":"En &quot;CINTILLO&quot;","block_context":{"text":"CINTILLO","link":"https:\/\/www.grieta.org.mx\/index.php\/category\/cintillo\/"},"img":{"alt_text":"","src":"https:\/\/i0.wp.com\/www.grieta.org.mx\/wp-content\/uploads\/2019\/09\/2904681b-c08f-4fba-90b9-4611612c6ad6.jpg?resize=350%2C200&ssl=1","width":350,"height":200,"srcset":"https:\/\/i0.wp.com\/www.grieta.org.mx\/wp-content\/uploads\/2019\/09\/2904681b-c08f-4fba-90b9-4611612c6ad6.jpg?resize=350%2C200&ssl=1 1x, https:\/\/i0.wp.com\/www.grieta.org.mx\/wp-content\/uploads\/2019\/09\/2904681b-c08f-4fba-90b9-4611612c6ad6.jpg?resize=525%2C300&ssl=1 1.5x, https:\/\/i0.wp.com\/www.grieta.org.mx\/wp-content\/uploads\/2019\/09\/2904681b-c08f-4fba-90b9-4611612c6ad6.jpg?resize=700%2C400&ssl=1 2x, https:\/\/i0.wp.com\/www.grieta.org.mx\/wp-content\/uploads\/2019\/09\/2904681b-c08f-4fba-90b9-4611612c6ad6.jpg?resize=1050%2C600&ssl=1 3x"},"classes":[]}],"_links":{"self":[{"href":"https:\/\/www.grieta.org.mx\/index.php\/wp-json\/wp\/v2\/posts\/42851","targetHints":{"allow":["GET"]}}],"collection":[{"href":"https:\/\/www.grieta.org.mx\/index.php\/wp-json\/wp\/v2\/posts"}],"about":[{"href":"https:\/\/www.grieta.org.mx\/index.php\/wp-json\/wp\/v2\/types\/post"}],"author":[{"embeddable":true,"href":"https:\/\/www.grieta.org.mx\/index.php\/wp-json\/wp\/v2\/users\/2"}],"replies":[{"embeddable":true,"href":"https:\/\/www.grieta.org.mx\/index.php\/wp-json\/wp\/v2\/comments?post=42851"}],"version-history":[{"count":1,"href":"https:\/\/www.grieta.org.mx\/index.php\/wp-json\/wp\/v2\/posts\/42851\/revisions"}],"predecessor-version":[{"id":42857,"href":"https:\/\/www.grieta.org.mx\/index.php\/wp-json\/wp\/v2\/posts\/42851\/revisions\/42857"}],"wp:featuredmedia":[{"embeddable":true,"href":"https:\/\/www.grieta.org.mx\/index.php\/wp-json\/wp\/v2\/media\/42855"}],"wp:attachment":[{"href":"https:\/\/www.grieta.org.mx\/index.php\/wp-json\/wp\/v2\/media?parent=42851"}],"wp:term":[{"taxonomy":"category","embeddable":true,"href":"https:\/\/www.grieta.org.mx\/index.php\/wp-json\/wp\/v2\/categories?post=42851"},{"taxonomy":"post_tag","embeddable":true,"href":"https:\/\/www.grieta.org.mx\/index.php\/wp-json\/wp\/v2\/tags?post=42851"}],"curies":[{"name":"wp","href":"https:\/\/api.w.org\/{rel}","templated":true}]}}