{"id":42829,"date":"2019-12-26T01:26:31","date_gmt":"2019-12-26T07:26:31","guid":{"rendered":"http:\/\/www.grieta.org.mx\/?p=42829"},"modified":"2020-01-09T01:33:56","modified_gmt":"2020-01-09T07:33:56","slug":"anuncian-recorte-de-personal-en-ayuntamiento-de-san-juan-del-rio-queretaro","status":"publish","type":"post","link":"https:\/\/www.grieta.org.mx\/index.php\/2019\/12\/26\/anuncian-recorte-de-personal-en-ayuntamiento-de-san-juan-del-rio-queretaro\/","title":{"rendered":"Anuncian recorte de personal en Ayuntamiento de San Juan del R\u00edo (Quer\u00e9taro)"},"content":{"rendered":"<p><img loading=\"lazy\" decoding=\"async\" data-attachment-id=\"42830\" data-permalink=\"https:\/\/www.grieta.org.mx\/index.php\/2019\/12\/26\/anuncian-recorte-de-personal-en-ayuntamiento-de-san-juan-del-rio-queretaro\/anuncian-recorte-de-personal-en-ayuntamiento-de-san-juan-del-rio-qro-ene\/\" data-orig-file=\"https:\/\/www.grieta.org.mx\/wp-content\/uploads\/2020\/01\/Anuncian-recorte-de-personal-en-Ayuntamiento-de-San-Juan-del-R\u00edo-qro-ene.jpg\" data-orig-size=\"696,522\" data-comments-opened=\"0\" data-image-meta=\"{&quot;aperture&quot;:&quot;0&quot;,&quot;credit&quot;:&quot;&quot;,&quot;camera&quot;:&quot;&quot;,&quot;caption&quot;:&quot;&quot;,&quot;created_timestamp&quot;:&quot;0&quot;,&quot;copyright&quot;:&quot;&quot;,&quot;focal_length&quot;:&quot;0&quot;,&quot;iso&quot;:&quot;0&quot;,&quot;shutter_speed&quot;:&quot;0&quot;,&quot;title&quot;:&quot;&quot;,&quot;orientation&quot;:&quot;0&quot;}\" data-image-title=\"Anuncian recorte de personal en Ayuntamiento de San Juan del R\u00edo qro ene\" data-image-description=\"\" data-image-caption=\"\" data-medium-file=\"https:\/\/www.grieta.org.mx\/wp-content\/uploads\/2020\/01\/Anuncian-recorte-de-personal-en-Ayuntamiento-de-San-Juan-del-R\u00edo-qro-ene-300x225.jpg\" data-large-file=\"https:\/\/www.grieta.org.mx\/wp-content\/uploads\/2020\/01\/Anuncian-recorte-de-personal-en-Ayuntamiento-de-San-Juan-del-R\u00edo-qro-ene.jpg\" class=\"aligncenter size-full wp-image-42830\" src=\"http:\/\/www.grieta.org.mx\/wp-content\/uploads\/2020\/01\/Anuncian-recorte-de-personal-en-Ayuntamiento-de-San-Juan-del-R\u00edo-qro-ene.jpg\" alt=\"\" width=\"696\" height=\"522\" srcset=\"https:\/\/www.grieta.org.mx\/wp-content\/uploads\/2020\/01\/Anuncian-recorte-de-personal-en-Ayuntamiento-de-San-Juan-del-R\u00edo-qro-ene.jpg 696w, https:\/\/www.grieta.org.mx\/wp-content\/uploads\/2020\/01\/Anuncian-recorte-de-personal-en-Ayuntamiento-de-San-Juan-del-R\u00edo-qro-ene-300x225.jpg 300w, https:\/\/www.grieta.org.mx\/wp-content\/uploads\/2020\/01\/Anuncian-recorte-de-personal-en-Ayuntamiento-de-San-Juan-del-R\u00edo-qro-ene-667x500.jpg 667w\" sizes=\"auto, (max-width: 696px) 100vw, 696px\" \/><br \/>\n<em>El gobierno municipal anunci\u00f3 que al iniciar 2020, habr\u00e1 recorte de personal.<\/em><\/p>\n<p>Cris Mesa Ram\u00edrez \/ Diario Rotativo<\/p>\n<p>San Juan del R\u00edo, 26 Diciembre 2019.- El Secretario de Administraci\u00f3n, Oswaldo Garc\u00eda DuPont, revel\u00f3 que en 2020 se realizar\u00e1 un recorte de personal en la administraci\u00f3n que encabeza el presidente municipal Memo Vega.<\/p>\n<p>\u201cSi va a haber recortes de personal en virtud de que la n\u00f3mina est\u00e1 ahorita un poco alta y si se va a hacer un recorte\u201d, expres\u00f3.<\/p>\n<p>Lo anterior, al referir que con la nueva Ley de Salud Financiera, la administraci\u00f3n deber\u00e1 recortar la n\u00f3mina, de tal manera, que los recursos que se ahorren por este concepto deber\u00e1n ser invertidos en obra p\u00fablica.<\/p>\n<p>En ese sentido, explic\u00f3 que adem\u00e1s de lo que se recaude en la Secretar\u00eda de Finanzas por concepto del impuesto predial, se sumar\u00e1 el ahorro que se tenga en la n\u00f3mina para obra p\u00fablica.<\/p>\n<p>Subray\u00f3 que a\u00fan se encuentran en pl\u00e1ticas con el presidente municipal para determinar c\u00f3mo se realizar\u00e1n estas acciones, pues asegur\u00f3, lo que menos desea la administraci\u00f3n, es afectar la econom\u00eda de las familias.<\/p>\n<blockquote><p>\u201cES UN TEMA UN POCO COMPLICADO EN BASE A QUE ES DIF\u00cdCIL MEDIR LA SITUACI\u00d3N ECON\u00d3MICA DE LOS TRABAJADORES, PORQUE ES COMPLICADO EN ALG\u00daN MOMENTO DECIR TANTOS SE VAN (\u2026) ES UNO DE LOS PRINCIPALES TEMAS QUE TRAE EL PRESIDENTE EN MENTE, PERO TRATAREMOS DE NO AFECTAR LAS ECONOM\u00cdAS FAMILIARES, ES LO QUE MENOS QUEREMOS\u201d, MANIFEST\u00d3.<\/p><\/blockquote>\n<p>Apunt\u00f3 que los recortes o movimientos que se realicen con el personal, ser\u00e1n para fortalecer el \u00e1rea de Servicios P\u00fablicos Municipales, principalmente en el \u00e1rea de imagen urbana.<\/p>\n<p>Finalmente, indic\u00f3 que ser\u00e1 la pr\u00f3xima semana cuando se determine el n\u00famero de personas de las cu\u00e1les se prescindir\u00e1 de sus servicios, en base a la Ley de Egresos que presente el presidente municipal Memo Vega.<\/p>\n<p>\u201cEl tema o la respuesta exacta podr\u00edamos tenerla la siguiente semana de cu\u00e1ntos van a ser los que se van a recortar\u201d, finaliz\u00f3.<\/p>\n<p><a href=\"https:\/\/rotativo.com.mx\/2019\/12\/26\/noticias\/locales\/san-juan-del-rio\/anuncian-recorte-de-personal-en-ayuntamiento-de-san-juan-del-rio-816596\/\" target=\"_blank\" rel=\"noopener noreferrer\">https:\/\/rotativo.com.mx\/2019\/12\/26\/noticias\/locales\/san-juan-del-rio\/anuncian-recorte-de-personal-en-ayuntamiento-de-san-juan-del-rio-816596\/<\/a><\/p>\n","protected":false},"excerpt":{"rendered":"<p>El gobierno municipal anunci\u00f3 que al iniciar 2020, habr\u00e1 recorte de personal. Cris Mesa Ram\u00edrez \/ Diario Rotativo San Juan del R\u00edo, 26 Diciembre 2019.- El Secretario de Administraci\u00f3n, Oswaldo &hellip; <a href=\"https:\/\/www.grieta.org.mx\/index.php\/2019\/12\/26\/anuncian-recorte-de-personal-en-ayuntamiento-de-san-juan-del-rio-queretaro\/\" class=\"more-link\">Leer m\u00e1s<\/a><\/p>\n","protected":false},"author":2,"featured_media":42830,"comment_status":"closed","ping_status":"closed","sticky":false,"template":"","format":"standard","meta":{"ngg_post_thumbnail":0,"_jetpack_newsletter_access":"","_jetpack_dont_email_post_to_subs":false,"_jetpack_newsletter_tier_id":0,"_jetpack_memberships_contains_paywalled_content":false,"_jetpack_memberships_contains_paid_content":false,"footnotes":""},"categories":[80,2498,910,1510,2,27,83],"tags":[163,2841,2383],"class_list":["post-42829","post","type-post","status-publish","format-standard","has-post-thumbnail","hentry","category-cintillo","category-conflictos-laborales-en-queretaro","category-explotacion-y-precariedad-laboral","category-explotacion-y-precariedad-laboral-en-queretaro","category-noticias-nacionales","category-queretaro","category-temas-nacionales","tag-despidos","tag-explotacion-y-precariedad-laboral","tag-recorte-presupuestal","entry"],"jetpack_featured_media_url":"https:\/\/www.grieta.org.mx\/wp-content\/uploads\/2020\/01\/Anuncian-recorte-de-personal-en-Ayuntamiento-de-San-Juan-del-R\u00edo-qro-ene.jpg","jetpack_sharing_enabled":true,"jetpack_shortlink":"https:\/\/wp.me\/p7ZJR4-b8N","jetpack_likes_enabled":false,"jetpack-related-posts":[{"id":30131,"url":"https:\/\/www.grieta.org.mx\/index.php\/2019\/02\/25\/paro-general-de-labores-en-los-cecytes-incluyendo-queretaro-por-recorte-de-presupuesto-general\/","url_meta":{"origin":42829,"position":0},"title":"Paro general de labores en los CECyTES, incluyendo Quer\u00e9taro por recorte de Presupuesto General","author":"grieta","date":"25 febrero, 2019","format":false,"excerpt":"Francisco Bonet \/ Voz Imparcial \u201cNo a la reducci\u00f3n de nuestro salario, respeto al derecho al salario plasmado en los contratos colectivos y en las condiciones generales del trabajo. No al recorte presupuestal de los CECyTEQ\u201d, se lee en algunas de las mantas colocadas en los planteles. Es de recordar\u2026","rel":"","context":"En &quot;CINTILLO&quot;","block_context":{"text":"CINTILLO","link":"https:\/\/www.grieta.org.mx\/index.php\/category\/cintillo\/"},"img":{"alt_text":"","src":"https:\/\/i0.wp.com\/www.grieta.org.mx\/wp-content\/uploads\/2019\/03\/Cecyte-Qro.jpg?resize=350%2C200&ssl=1","width":350,"height":200,"srcset":"https:\/\/i0.wp.com\/www.grieta.org.mx\/wp-content\/uploads\/2019\/03\/Cecyte-Qro.jpg?resize=350%2C200&ssl=1 1x, https:\/\/i0.wp.com\/www.grieta.org.mx\/wp-content\/uploads\/2019\/03\/Cecyte-Qro.jpg?resize=525%2C300&ssl=1 1.5x, https:\/\/i0.wp.com\/www.grieta.org.mx\/wp-content\/uploads\/2019\/03\/Cecyte-Qro.jpg?resize=700%2C400&ssl=1 2x, https:\/\/i0.wp.com\/www.grieta.org.mx\/wp-content\/uploads\/2019\/03\/Cecyte-Qro.jpg?resize=1050%2C600&ssl=1 3x"},"classes":[]},{"id":40479,"url":"https:\/\/www.grieta.org.mx\/index.php\/2019\/10\/05\/despiden-a-400-trabajadores-en-ecatepec-para-invertir-en-seguridad-estado-de-mexico\/","url_meta":{"origin":42829,"position":1},"title":"Despiden a 400 trabajadores en Ecatepec para invertir en seguridad (Estado de M\u00e9xico)","author":"grieta","date":"5 octubre, 2019","format":false,"excerpt":"Gerardo Campos \/ El Sol de M\u00e9xico El alcalde Fernando Vilchis consider\u00f3 que con el recorte se pueden ahorrar hasta 50 millones de pesos Por instrucciones del alcalde Fernando Vilchis, se hizo un recorte de 400 plazas de trabajo en el gobierno municipal, al considerar que con la afectaci\u00f3n a\u2026","rel":"","context":"En &quot;CINTILLO&quot;","block_context":{"text":"CINTILLO","link":"https:\/\/www.grieta.org.mx\/index.php\/category\/cintillo\/"},"img":{"alt_text":"","src":"https:\/\/i0.wp.com\/www.grieta.org.mx\/wp-content\/uploads\/2019\/10\/Despiden-a-400-trabajadores-en-Ecatepec-para-invertir-en-seguridad-edomex-oct.jpg?resize=350%2C200&ssl=1","width":350,"height":200,"srcset":"https:\/\/i0.wp.com\/www.grieta.org.mx\/wp-content\/uploads\/2019\/10\/Despiden-a-400-trabajadores-en-Ecatepec-para-invertir-en-seguridad-edomex-oct.jpg?resize=350%2C200&ssl=1 1x, https:\/\/i0.wp.com\/www.grieta.org.mx\/wp-content\/uploads\/2019\/10\/Despiden-a-400-trabajadores-en-Ecatepec-para-invertir-en-seguridad-edomex-oct.jpg?resize=525%2C300&ssl=1 1.5x, https:\/\/i0.wp.com\/www.grieta.org.mx\/wp-content\/uploads\/2019\/10\/Despiden-a-400-trabajadores-en-Ecatepec-para-invertir-en-seguridad-edomex-oct.jpg?resize=700%2C400&ssl=1 2x"},"classes":[]},{"id":50815,"url":"https:\/\/www.grieta.org.mx\/index.php\/2020\/06\/09\/enfermeras-y-doctores-exigen-mejores-insumos-medicos-queretaro\/","url_meta":{"origin":42829,"position":2},"title":"Enfermeras y Doctores exigen mejores insumos m\u00e9dicos (Quer\u00e9taro)","author":"grieta","date":"9 junio, 2020","format":false,"excerpt":"Foto: www.facebook.com\/InboxPolitico Inbox Pol\u00edtico Este martes se llevaron acabo dos manifestaciones -en la capital del Estado de Quer\u00e9taro- ambas integradas por personal m\u00e9dico. En la primera, Enfermeras del Hospital de Especialidades del Ni\u00f1o y la Mujer, en Plaza de Armas, exigieron insumos de calidad para atender a pacientes Covid. En\u2026","rel":"","context":"En &quot;CINTILLO&quot;","block_context":{"text":"CINTILLO","link":"https:\/\/www.grieta.org.mx\/index.php\/category\/cintillo\/"},"img":{"alt_text":"","src":"https:\/\/i0.wp.com\/www.grieta.org.mx\/wp-content\/uploads\/2020\/06\/Enfermeras-y-Doctores-exigen-mejores-insumos-m%C3%A9dicos-qro-jun.jpg?resize=350%2C200&ssl=1","width":350,"height":200,"srcset":"https:\/\/i0.wp.com\/www.grieta.org.mx\/wp-content\/uploads\/2020\/06\/Enfermeras-y-Doctores-exigen-mejores-insumos-m%C3%A9dicos-qro-jun.jpg?resize=350%2C200&ssl=1 1x, https:\/\/i0.wp.com\/www.grieta.org.mx\/wp-content\/uploads\/2020\/06\/Enfermeras-y-Doctores-exigen-mejores-insumos-m%C3%A9dicos-qro-jun.jpg?resize=525%2C300&ssl=1 1.5x, https:\/\/i0.wp.com\/www.grieta.org.mx\/wp-content\/uploads\/2020\/06\/Enfermeras-y-Doctores-exigen-mejores-insumos-m%C3%A9dicos-qro-jun.jpg?resize=700%2C400&ssl=1 2x"},"classes":[]},{"id":46651,"url":"https:\/\/www.grieta.org.mx\/index.php\/2020\/03\/23\/denuncian-acoso-a-artesanos-en-amealco-queretaro\/","url_meta":{"origin":42829,"position":3},"title":"Denuncian acoso a artesanos en Amealco (Quer\u00e9taro)","author":"grieta","date":"23 marzo, 2020","format":false,"excerpt":"Foto tomada de: www.alertaqronoticias.com Alerta Quer\u00e9taro Noticias Artesanos de Santiago Mexquititan, en Amealco, denunciaron la detenci\u00f3n y desalojo arbitrario, por parte de autoridades de ese municipio, este fin de semana, a consecuencia de su oposici\u00f3n a la propuesta de un tianguis. Narraron que el pasado s\u00e1bado a las 7 de\u2026","rel":"","context":"En &quot;Abuso policiaco y tortura en Quer\u00e9taro&quot;","block_context":{"text":"Abuso policiaco y tortura en Quer\u00e9taro","link":"https:\/\/www.grieta.org.mx\/index.php\/category\/noticias-nacionales\/queretaro\/abuso-policiaco-y-tortura-en-queretaro\/"},"img":{"alt_text":"","src":"https:\/\/i0.wp.com\/www.grieta.org.mx\/wp-content\/uploads\/2020\/03\/Denuncian-acoso-a-artesanos-en-Amealco-qro-mzo.jpg?resize=350%2C200&ssl=1","width":350,"height":200,"srcset":"https:\/\/i0.wp.com\/www.grieta.org.mx\/wp-content\/uploads\/2020\/03\/Denuncian-acoso-a-artesanos-en-Amealco-qro-mzo.jpg?resize=350%2C200&ssl=1 1x, https:\/\/i0.wp.com\/www.grieta.org.mx\/wp-content\/uploads\/2020\/03\/Denuncian-acoso-a-artesanos-en-Amealco-qro-mzo.jpg?resize=525%2C300&ssl=1 1.5x, https:\/\/i0.wp.com\/www.grieta.org.mx\/wp-content\/uploads\/2020\/03\/Denuncian-acoso-a-artesanos-en-Amealco-qro-mzo.jpg?resize=700%2C400&ssl=1 2x"},"classes":[]},{"id":36830,"url":"https:\/\/www.grieta.org.mx\/index.php\/2019\/07\/22\/personal-de-cbtis-en-queretaro-denuncia-acoso-laboral-y-poca-transparencia-queretaro\/","url_meta":{"origin":42829,"position":4},"title":"Personal de CBTis en Quer\u00e9taro denuncia acoso laboral y poca transparencia (Quer\u00e9taro)","author":"grieta","date":"22 julio, 2019","format":false,"excerpt":"Redacci\u00f3n\/Notimex Personal de la Unidad de Educaci\u00f3n Media Superior Tecnol\u00f3gica, Industrial y de Servicios (Uemstis) en Quer\u00e9taro, denunci\u00f3 autoritarismo, discriminaci\u00f3n y acoso laboral por parte de autoridades, luego de que revelaron posibles actos contrarios a la pol\u00edtica federal de transparencia. Mar\u00eda Elena Razo Hern\u00e1ndez, maestra del Centro de Bachillerato Tecnol\u00f3gico,\u2026","rel":"","context":"En &quot;CINTILLO&quot;","block_context":{"text":"CINTILLO","link":"https:\/\/www.grieta.org.mx\/index.php\/category\/cintillo\/"},"img":{"alt_text":"","src":"https:\/\/i0.wp.com\/www.grieta.org.mx\/wp-content\/uploads\/2019\/07\/CBETIS-18-ACOSO.jpg?resize=350%2C200&ssl=1","width":350,"height":200,"srcset":"https:\/\/i0.wp.com\/www.grieta.org.mx\/wp-content\/uploads\/2019\/07\/CBETIS-18-ACOSO.jpg?resize=350%2C200&ssl=1 1x, https:\/\/i0.wp.com\/www.grieta.org.mx\/wp-content\/uploads\/2019\/07\/CBETIS-18-ACOSO.jpg?resize=525%2C300&ssl=1 1.5x, https:\/\/i0.wp.com\/www.grieta.org.mx\/wp-content\/uploads\/2019\/07\/CBETIS-18-ACOSO.jpg?resize=700%2C400&ssl=1 2x"},"classes":[]},{"id":42191,"url":"https:\/\/www.grieta.org.mx\/index.php\/2019\/12\/14\/denuncian-la-falta-de-limpieza-de-las-clinicas-del-imss-en-san-juan-del-rio-urge-personal-de-intendencia-queretaro\/","url_meta":{"origin":42829,"position":5},"title":"Denuncian la falta de limpieza de las cl\u00ednicas del IMSS en San Juan del R\u00edo; urge personal de intendencia (Quer\u00e9taro)","author":"grieta","date":"14 diciembre, 2019","format":false,"excerpt":"Marisol Barbosa Rodr\u00edguez \/ Noticias de Quer\u00e9taro Derechohabientes que acuden a las cl\u00ednicas del Seguro Social (IMSS) en San Juan del R\u00edo, denunciaron la falta de higiene en las \u00e1reas de consulta, en los ba\u00f1os, laboratorios y urgencias; situaci\u00f3n que genera un foco de infecci\u00f3n por la cantidad de personas\u2026","rel":"","context":"En &quot;CINTILLO&quot;","block_context":{"text":"CINTILLO","link":"https:\/\/www.grieta.org.mx\/index.php\/category\/cintillo\/"},"img":{"alt_text":"","src":"https:\/\/i0.wp.com\/www.grieta.org.mx\/wp-content\/uploads\/2019\/12\/Denuncian-la-falta-de-limpieza-de-las-cl%C3%ADnicas-del-IMSS-en-San-Juan-del-R%C3%ADo-urge-personal-de-intendencia-qro-dic.jpg?resize=350%2C200&ssl=1","width":350,"height":200,"srcset":"https:\/\/i0.wp.com\/www.grieta.org.mx\/wp-content\/uploads\/2019\/12\/Denuncian-la-falta-de-limpieza-de-las-cl%C3%ADnicas-del-IMSS-en-San-Juan-del-R%C3%ADo-urge-personal-de-intendencia-qro-dic.jpg?resize=350%2C200&ssl=1 1x, https:\/\/i0.wp.com\/www.grieta.org.mx\/wp-content\/uploads\/2019\/12\/Denuncian-la-falta-de-limpieza-de-las-cl%C3%ADnicas-del-IMSS-en-San-Juan-del-R%C3%ADo-urge-personal-de-intendencia-qro-dic.jpg?resize=525%2C300&ssl=1 1.5x, https:\/\/i0.wp.com\/www.grieta.org.mx\/wp-content\/uploads\/2019\/12\/Denuncian-la-falta-de-limpieza-de-las-cl%C3%ADnicas-del-IMSS-en-San-Juan-del-R%C3%ADo-urge-personal-de-intendencia-qro-dic.jpg?resize=700%2C400&ssl=1 2x, https:\/\/i0.wp.com\/www.grieta.org.mx\/wp-content\/uploads\/2019\/12\/Denuncian-la-falta-de-limpieza-de-las-cl%C3%ADnicas-del-IMSS-en-San-Juan-del-R%C3%ADo-urge-personal-de-intendencia-qro-dic.jpg?resize=1050%2C600&ssl=1 3x"},"classes":[]}],"_links":{"self":[{"href":"https:\/\/www.grieta.org.mx\/index.php\/wp-json\/wp\/v2\/posts\/42829","targetHints":{"allow":["GET"]}}],"collection":[{"href":"https:\/\/www.grieta.org.mx\/index.php\/wp-json\/wp\/v2\/posts"}],"about":[{"href":"https:\/\/www.grieta.org.mx\/index.php\/wp-json\/wp\/v2\/types\/post"}],"author":[{"embeddable":true,"href":"https:\/\/www.grieta.org.mx\/index.php\/wp-json\/wp\/v2\/users\/2"}],"replies":[{"embeddable":true,"href":"https:\/\/www.grieta.org.mx\/index.php\/wp-json\/wp\/v2\/comments?post=42829"}],"version-history":[{"count":1,"href":"https:\/\/www.grieta.org.mx\/index.php\/wp-json\/wp\/v2\/posts\/42829\/revisions"}],"predecessor-version":[{"id":42831,"href":"https:\/\/www.grieta.org.mx\/index.php\/wp-json\/wp\/v2\/posts\/42829\/revisions\/42831"}],"wp:featuredmedia":[{"embeddable":true,"href":"https:\/\/www.grieta.org.mx\/index.php\/wp-json\/wp\/v2\/media\/42830"}],"wp:attachment":[{"href":"https:\/\/www.grieta.org.mx\/index.php\/wp-json\/wp\/v2\/media?parent=42829"}],"wp:term":[{"taxonomy":"category","embeddable":true,"href":"https:\/\/www.grieta.org.mx\/index.php\/wp-json\/wp\/v2\/categories?post=42829"},{"taxonomy":"post_tag","embeddable":true,"href":"https:\/\/www.grieta.org.mx\/index.php\/wp-json\/wp\/v2\/tags?post=42829"}],"curies":[{"name":"wp","href":"https:\/\/api.w.org\/{rel}","templated":true}]}}