{"id":42814,"date":"2020-01-07T00:16:12","date_gmt":"2020-01-07T06:16:12","guid":{"rendered":"http:\/\/www.grieta.org.mx\/?p=42814"},"modified":"2020-01-09T00:29:27","modified_gmt":"2020-01-09T06:29:27","slug":"madrugan-enfermos-para-recibir-atencion-medica-en-issemym-de-texcoco-estado-de-mexico","status":"publish","type":"post","link":"https:\/\/www.grieta.org.mx\/index.php\/2020\/01\/07\/madrugan-enfermos-para-recibir-atencion-medica-en-issemym-de-texcoco-estado-de-mexico\/","title":{"rendered":"Madrugan enfermos para recibir atenci\u00f3n m\u00e9dica en ISSEMYM de Texcoco (Estado de M\u00e9xico)"},"content":{"rendered":"<p><img loading=\"lazy\" decoding=\"async\" data-attachment-id=\"42815\" data-permalink=\"https:\/\/www.grieta.org.mx\/index.php\/2020\/01\/07\/madrugan-enfermos-para-recibir-atencion-medica-en-issemym-de-texcoco-estado-de-mexico\/madrugan-enfermos-para-recibir-atencion-medica-en-issemym-de-texcoco-edomex-ene\/\" data-orig-file=\"https:\/\/www.grieta.org.mx\/wp-content\/uploads\/2020\/01\/Madrugan-enfermos-para-recibir-atenci\u00f3n-m\u00e9dica-en-ISSEMYM-de-Texcoco-edomex-ene.jpg\" data-orig-size=\"295,171\" data-comments-opened=\"0\" data-image-meta=\"{&quot;aperture&quot;:&quot;0&quot;,&quot;credit&quot;:&quot;&quot;,&quot;camera&quot;:&quot;&quot;,&quot;caption&quot;:&quot;&quot;,&quot;created_timestamp&quot;:&quot;0&quot;,&quot;copyright&quot;:&quot;&quot;,&quot;focal_length&quot;:&quot;0&quot;,&quot;iso&quot;:&quot;0&quot;,&quot;shutter_speed&quot;:&quot;0&quot;,&quot;title&quot;:&quot;&quot;,&quot;orientation&quot;:&quot;0&quot;}\" data-image-title=\"Madrugan enfermos para recibir atenci\u00f3n m\u00e9dica en ISSEMYM de Texcoco edomex ene\" data-image-description=\"\" data-image-caption=\"\" data-medium-file=\"https:\/\/www.grieta.org.mx\/wp-content\/uploads\/2020\/01\/Madrugan-enfermos-para-recibir-atenci\u00f3n-m\u00e9dica-en-ISSEMYM-de-Texcoco-edomex-ene.jpg\" data-large-file=\"https:\/\/www.grieta.org.mx\/wp-content\/uploads\/2020\/01\/Madrugan-enfermos-para-recibir-atenci\u00f3n-m\u00e9dica-en-ISSEMYM-de-Texcoco-edomex-ene.jpg\" class=\"aligncenter size-full wp-image-42815\" src=\"http:\/\/www.grieta.org.mx\/wp-content\/uploads\/2020\/01\/Madrugan-enfermos-para-recibir-atenci\u00f3n-m\u00e9dica-en-ISSEMYM-de-Texcoco-edomex-ene.jpg\" alt=\"\" width=\"295\" height=\"171\" \/><\/p>\n<p><em>Se espera que las autoridades correspondientes del ISSEMYM den hoy una respuesta favorable a la solicitud de los pacientes (Foto: Especial)<\/em><\/p>\n<p>Juan L\u00e1zaro \/ La Silla Rota<\/p>\n<blockquote><p>Desde las 4 am empiezan a llegar los primeros solicitantes de fichas que aunque est\u00e9n enfermas como Do\u00f1a Rosa, no se les permit\u00eda el paso a las salas de espera<\/p><\/blockquote>\n<p>TEXCOCO, Edomex, 7 de enero de 2020. &#8211; Do\u00f1a Rosa, una paciente con una enfermedad pulmonar lleg\u00f3 a las 4:35 de la madrugada a formarse a una fila a las afueras del hospital del Instituto de Seguridad Social del Estado de M\u00e9xico y Municipios (ISSEMYM) de Texcoco y soportar temperatura bajo cero para conseguir una ficha para su consulta m\u00e9dica.<\/p>\n<p>La vigilancia del hospital del ISSEMYM, por indicaciones del director \u00d3scar Meza L\u00f3pez, no les permit\u00edan ingresar a los pacientes ni a la sala de urgencias ni a otro espacio para resguardarse del fuerte fr\u00edo y esperar que dieran las 7 de la ma\u00f1ana para empezar a recibir sus citas.<\/p>\n<p>Desde las 4 am empiezan a llegar los primeros solicitantes de fichas que aunque est\u00e9n enfermas como Do\u00f1a Rosa, no se les permit\u00eda el paso a las salas de espera.<\/p>\n<p>Algunos pacientes son de edad adulta, con problemas diversos en su salud, pero a\u00fan as\u00ed estar de pie durante m\u00e1s de 3 horas para ser atendidos, inclusive, personas con sillas de ruedas tienen que ser acompa\u00f1ados por un familiar para poder esperar formado en la fila.<\/p>\n<p>El d\u00eda de ayer, varios usuarios del ISSEMYM de Texcoco se empezaron a organizar y a recolectar firmas para que no haya tanta crueldad por parte de las autoridades de esa dependencia y permita el acceso a los pacientes al hospital para esperar sus fichas.<\/p>\n<p>Su protesta tuvo respuesta, ya que a partir de hoy los usuarios empezaron a llegar a las 4 de la ma\u00f1ana y a las 5 am, se les permiti\u00f3 pasar a la sala de urgencias.<\/p>\n<p>Sin embargo, los afectados dijeron que no era suficiente ya que los enfermos tienen que esperar m\u00ednimo 3 horas para obtener una ficha m\u00e9dica.<\/p>\n<p>Luego, tienen que esperar otras dos horas como m\u00ednimo para ser atendidos en el turno matutino.<\/p>\n<p><img loading=\"lazy\" decoding=\"async\" data-attachment-id=\"42816\" data-permalink=\"https:\/\/www.grieta.org.mx\/index.php\/2020\/01\/07\/madrugan-enfermos-para-recibir-atencion-medica-en-issemym-de-texcoco-estado-de-mexico\/madrugam-enfermos-issemym\/\" data-orig-file=\"https:\/\/www.grieta.org.mx\/wp-content\/uploads\/2020\/01\/madrugam-enfermos-issemym.jpg\" data-orig-size=\"194,259\" data-comments-opened=\"0\" data-image-meta=\"{&quot;aperture&quot;:&quot;0&quot;,&quot;credit&quot;:&quot;&quot;,&quot;camera&quot;:&quot;&quot;,&quot;caption&quot;:&quot;&quot;,&quot;created_timestamp&quot;:&quot;0&quot;,&quot;copyright&quot;:&quot;&quot;,&quot;focal_length&quot;:&quot;0&quot;,&quot;iso&quot;:&quot;0&quot;,&quot;shutter_speed&quot;:&quot;0&quot;,&quot;title&quot;:&quot;&quot;,&quot;orientation&quot;:&quot;0&quot;}\" data-image-title=\"madrugam enfermos issemym\" data-image-description=\"\" data-image-caption=\"\" data-medium-file=\"https:\/\/www.grieta.org.mx\/wp-content\/uploads\/2020\/01\/madrugam-enfermos-issemym.jpg\" data-large-file=\"https:\/\/www.grieta.org.mx\/wp-content\/uploads\/2020\/01\/madrugam-enfermos-issemym.jpg\" class=\"aligncenter size-full wp-image-42816\" src=\"http:\/\/www.grieta.org.mx\/wp-content\/uploads\/2020\/01\/madrugam-enfermos-issemym.jpg\" alt=\"\" width=\"194\" height=\"259\" \/><\/p>\n<p>Los pacientes lograron presentar su demanda para que se agilice el tr\u00e1mite para las citas m\u00e9dicas y no los hagan esperar afuera del hospital ubicado en la avenida Fray Pedro de Gante 307 centro de Texcoco.<\/p>\n<p>Se espera que las autoridades correspondientes del ISSEMYM den hoy una respuesta favorable a la solicitud de los pacientes.<\/p>\n<p>Dijeron que se pueden utilizar las tecnolog\u00edas y programas citas a trav\u00e9s del Internet o v\u00eda telef\u00f3nica para mejorar la calidad del servicio.<\/p>\n<p><a href=\"https:\/\/lasillarota.com\/metropoli\/madrugan-enfermos-para-recibir-atencion-medica-en-issemym-de-texcoco-texcoco-seguridad-social\/350254\" target=\"_blank\" rel=\"noopener noreferrer\">https:\/\/lasillarota.com\/metropoli\/madrugan-enfermos-para-recibir-atencion-medica-en-issemym-de-texcoco-texcoco-seguridad-social\/350254<\/a><\/p>\n","protected":false},"excerpt":{"rendered":"<p>Se espera que las autoridades correspondientes del ISSEMYM den hoy una respuesta favorable a la solicitud de los pacientes (Foto: Especial) Juan L\u00e1zaro \/ La Silla Rota Desde las 4 &hellip; <a href=\"https:\/\/www.grieta.org.mx\/index.php\/2020\/01\/07\/madrugan-enfermos-para-recibir-atencion-medica-en-issemym-de-texcoco-estado-de-mexico\/\" class=\"more-link\">Leer m\u00e1s<\/a><\/p>\n","protected":false},"author":2,"featured_media":42815,"comment_status":"closed","ping_status":"closed","sticky":false,"template":"","format":"standard","meta":{"ngg_post_thumbnail":0,"_jetpack_newsletter_access":"","_jetpack_dont_email_post_to_subs":false,"_jetpack_newsletter_tier_id":0,"_jetpack_memberships_contains_paywalled_content":false,"_jetpack_memberships_contains_paid_content":false,"footnotes":""},"categories":[80,2957,16,2],"tags":[2367,2587],"class_list":["post-42814","post","type-post","status-publish","format-standard","has-post-thumbnail","hentry","category-cintillo","category-crisis-del-sector-salud-en-el-estado-de-mexico","category-estado-de-mexico","category-noticias-nacionales","tag-crisis-en-el-sector-salud","tag-derecho-a-la-salud","entry"],"jetpack_featured_media_url":"https:\/\/www.grieta.org.mx\/wp-content\/uploads\/2020\/01\/Madrugan-enfermos-para-recibir-atenci\u00f3n-m\u00e9dica-en-ISSEMYM-de-Texcoco-edomex-ene.jpg","jetpack_sharing_enabled":true,"jetpack_shortlink":"https:\/\/wp.me\/p7ZJR4-b8y","jetpack_likes_enabled":false,"jetpack-related-posts":[{"id":50299,"url":"https:\/\/www.grieta.org.mx\/index.php\/2020\/06\/01\/suspenden-pagos-desde-mayo-a-300-maestros-cnte-toma-toluca-estado-de-mexico\/","url_meta":{"origin":42814,"position":0},"title":"Suspenden pagos desde mayo a 300 maestros: CNTE toma Toluca (Estado de M\u00e9xico)","author":"grieta","date":"1 junio, 2020","format":false,"excerpt":"Fotograf\u00edas: Rams\u00e9s Mercado. Viceversa Noticias Toluca, M\u00e9xico, primero de junio de 2020. La suspensi\u00f3n desde mayo de pagos a cerca de 300 maestros de los niveles de educaci\u00f3n b\u00e1sica y superior moviliz\u00f3 a militantes de la Coordinadora Nacional de Trabajadores de la Educaci\u00f3n, que reclamaron tambi\u00e9n las reducciones que sufri\u00f3\u2026","rel":"","context":"En &quot;CINTILLO&quot;","block_context":{"text":"CINTILLO","link":"https:\/\/www.grieta.org.mx\/index.php\/category\/cintillo\/"},"img":{"alt_text":"","src":"https:\/\/i0.wp.com\/www.grieta.org.mx\/wp-content\/uploads\/2020\/06\/Suspenden-pagos-desde-mayo-a-300-maestros-CNTE-toma-Toluca-edomex-jun.jpg?resize=350%2C200&ssl=1","width":350,"height":200,"srcset":"https:\/\/i0.wp.com\/www.grieta.org.mx\/wp-content\/uploads\/2020\/06\/Suspenden-pagos-desde-mayo-a-300-maestros-CNTE-toma-Toluca-edomex-jun.jpg?resize=350%2C200&ssl=1 1x, https:\/\/i0.wp.com\/www.grieta.org.mx\/wp-content\/uploads\/2020\/06\/Suspenden-pagos-desde-mayo-a-300-maestros-CNTE-toma-Toluca-edomex-jun.jpg?resize=525%2C300&ssl=1 1.5x, https:\/\/i0.wp.com\/www.grieta.org.mx\/wp-content\/uploads\/2020\/06\/Suspenden-pagos-desde-mayo-a-300-maestros-CNTE-toma-Toluca-edomex-jun.jpg?resize=700%2C400&ssl=1 2x"},"classes":[]},{"id":70505,"url":"https:\/\/www.grieta.org.mx\/index.php\/2024\/11\/19\/jubilados-del-issemym-exigen-el-pago-de-sus-pensiones-estado-de-mexico\/","url_meta":{"origin":42814,"position":1},"title":"Jubilados del ISSEMyM exigen el pago de sus pensiones (Estado de M\u00e9xico)","author":"grieta","date":"19 noviembre, 2024","format":false,"excerpt":"Ximena Garc\u00eda \/ El Sol de Toluca Fotos: Rams\u00e9s Mercado \u00a0 Acusan que son 7 mil los que viven de pr\u00e9stamos y apoyos mientras esperan Pensionados y pensionistas del ISSEMyM bloquearon avenida Lerdo para exigir el pago de sus pensiones, pues lamentan que viven de pr\u00e9stamos y caridad pese a\u2026","rel":"","context":"En &quot;CINTILLO&quot;","block_context":{"text":"CINTILLO","link":"https:\/\/www.grieta.org.mx\/index.php\/category\/cintillo\/"},"img":{"alt_text":"","src":"https:\/\/i0.wp.com\/www.grieta.org.mx\/wp-content\/uploads\/2024\/11\/pensionados-ISSEMyM-1-3.jpg?resize=350%2C200&ssl=1","width":350,"height":200,"srcset":"https:\/\/i0.wp.com\/www.grieta.org.mx\/wp-content\/uploads\/2024\/11\/pensionados-ISSEMyM-1-3.jpg?resize=350%2C200&ssl=1 1x, https:\/\/i0.wp.com\/www.grieta.org.mx\/wp-content\/uploads\/2024\/11\/pensionados-ISSEMyM-1-3.jpg?resize=525%2C300&ssl=1 1.5x, https:\/\/i0.wp.com\/www.grieta.org.mx\/wp-content\/uploads\/2024\/11\/pensionados-ISSEMyM-1-3.jpg?resize=700%2C400&ssl=1 2x"},"classes":[]},{"id":47567,"url":"https:\/\/www.grieta.org.mx\/index.php\/2020\/03\/25\/enfermeros-realizan-bloqueos-en-texcoco-piden-insumos-para-trabajar-estado-de-mexico\/","url_meta":{"origin":42814,"position":2},"title":"Enfermeros realizan bloqueos en Texcoco; piden insumos para trabajar (Estado de M\u00e9xico)","author":"grieta","date":"25 marzo, 2020","format":false,"excerpt":"Foto: Antonio Miranda Orlando Salinas \/ El Sol de Toluca Aseguran que ellos tienen que comprar material para poder trabajar durante la contingencia Personal Personal del Hospital 197 del Instituto Mexicano del Seguro Social bloque\u00f3 la carretera Texcoco-Lecher\u00eda exigiendo insumos hospitalarios para evitar alg\u00fan contagio del virus COVID-19. Este manifestaci\u00f3n\u2026","rel":"","context":"En &quot;CINTILLO&quot;","block_context":{"text":"CINTILLO","link":"https:\/\/www.grieta.org.mx\/index.php\/category\/cintillo\/"},"img":{"alt_text":"","src":"https:\/\/i0.wp.com\/www.grieta.org.mx\/wp-content\/uploads\/2020\/04\/Enfermeros-realizan-bloqueos-en-Texcoco-piden-insumos-para-trabajar-edomex-abr.jpg?resize=350%2C200&ssl=1","width":350,"height":200,"srcset":"https:\/\/i0.wp.com\/www.grieta.org.mx\/wp-content\/uploads\/2020\/04\/Enfermeros-realizan-bloqueos-en-Texcoco-piden-insumos-para-trabajar-edomex-abr.jpg?resize=350%2C200&ssl=1 1x, https:\/\/i0.wp.com\/www.grieta.org.mx\/wp-content\/uploads\/2020\/04\/Enfermeros-realizan-bloqueos-en-Texcoco-piden-insumos-para-trabajar-edomex-abr.jpg?resize=525%2C300&ssl=1 1.5x, https:\/\/i0.wp.com\/www.grieta.org.mx\/wp-content\/uploads\/2020\/04\/Enfermeros-realizan-bloqueos-en-Texcoco-piden-insumos-para-trabajar-edomex-abr.jpg?resize=700%2C400&ssl=1 2x"},"classes":[]},{"id":56308,"url":"https:\/\/www.grieta.org.mx\/index.php\/2021\/01\/13\/protestan-anestesiologos-del-hospital-nicolas-san-juan-por-no-recibir-vacuna-estado-de-mexico\/","url_meta":{"origin":42814,"position":3},"title":"Protestan anestesi\u00f3logos del hospital Nicol\u00e1s San Juan por no recibir vacuna (Estado de M\u00e9xico)","author":"grieta","date":"13 enero, 2021","format":false,"excerpt":"Fotos: Cortes\u00eda \/ Fernando Sapichu Filiberto Ramos \/ El Sol de Toluca Tras no ser considerados se manifestaron a las afueras del nosocomio a la espera de ser escuchados por las autoridades de salud Especialistas del hospital Doctor Nicol\u00e1s San Juan, ubicado en la capital mexiquense, protestaron este mi\u00e9rcoles luego\u2026","rel":"","context":"En &quot;CINTILLO&quot;","block_context":{"text":"CINTILLO","link":"https:\/\/www.grieta.org.mx\/index.php\/category\/cintillo\/"},"img":{"alt_text":"","src":"https:\/\/i0.wp.com\/www.grieta.org.mx\/wp-content\/uploads\/2021\/01\/Protestan-anestesiologos-del-hospital-Nicolas-San-Juan-por-no-recibir-vacuna-edomex-ene.jpg?resize=350%2C200&ssl=1","width":350,"height":200,"srcset":"https:\/\/i0.wp.com\/www.grieta.org.mx\/wp-content\/uploads\/2021\/01\/Protestan-anestesiologos-del-hospital-Nicolas-San-Juan-por-no-recibir-vacuna-edomex-ene.jpg?resize=350%2C200&ssl=1 1x, https:\/\/i0.wp.com\/www.grieta.org.mx\/wp-content\/uploads\/2021\/01\/Protestan-anestesiologos-del-hospital-Nicolas-San-Juan-por-no-recibir-vacuna-edomex-ene.jpg?resize=525%2C300&ssl=1 1.5x, https:\/\/i0.wp.com\/www.grieta.org.mx\/wp-content\/uploads\/2021\/01\/Protestan-anestesiologos-del-hospital-Nicolas-San-Juan-por-no-recibir-vacuna-edomex-ene.jpg?resize=700%2C400&ssl=1 2x"},"classes":[]},{"id":46633,"url":"https:\/\/www.grieta.org.mx\/index.php\/2020\/03\/24\/medicos-residentes-alertan-que-el-covid-19-los-alcanzara-sin-el-equipo-y-la-proteccion-necesaria\/","url_meta":{"origin":42814,"position":4},"title":"M\u00e9dicos residentes alertan que el COVID-19 los alcanzar\u00e1 sin el equipo y la protecci\u00f3n necesaria","author":"grieta","date":"24 marzo, 2020","format":false,"excerpt":"Foto tomada de: www.sinembargo.mx Dulce Olvera \/ Sin Embargo El Insabi comprar\u00e1 insumos y medicinas para enfrentar la fase 2 y 3 a lo largo de las siguientes 12 semanas con 4 mil 500 millones de pesos, pero mientras, m\u00e9dicos residentes urgen material de protecci\u00f3n y capacitaci\u00f3n para atender sin\u2026","rel":"","context":"En &quot;CINTILLO&quot;","block_context":{"text":"CINTILLO","link":"https:\/\/www.grieta.org.mx\/index.php\/category\/cintillo\/"},"img":{"alt_text":"","src":"https:\/\/i0.wp.com\/www.grieta.org.mx\/wp-content\/uploads\/2020\/03\/M%C3%A9dicos-residentes-alertan-que-el-COVID-19-los-alcanzar%C3%A1-sin-el-equipo-y-la-protecci%C3%B3n-necesaria-cdmx-edomex-mzo.jpg?resize=350%2C200&ssl=1","width":350,"height":200,"srcset":"https:\/\/i0.wp.com\/www.grieta.org.mx\/wp-content\/uploads\/2020\/03\/M%C3%A9dicos-residentes-alertan-que-el-COVID-19-los-alcanzar%C3%A1-sin-el-equipo-y-la-protecci%C3%B3n-necesaria-cdmx-edomex-mzo.jpg?resize=350%2C200&ssl=1 1x, https:\/\/i0.wp.com\/www.grieta.org.mx\/wp-content\/uploads\/2020\/03\/M%C3%A9dicos-residentes-alertan-que-el-COVID-19-los-alcanzar%C3%A1-sin-el-equipo-y-la-protecci%C3%B3n-necesaria-cdmx-edomex-mzo.jpg?resize=525%2C300&ssl=1 1.5x, https:\/\/i0.wp.com\/www.grieta.org.mx\/wp-content\/uploads\/2020\/03\/M%C3%A9dicos-residentes-alertan-que-el-COVID-19-los-alcanzar%C3%A1-sin-el-equipo-y-la-protecci%C3%B3n-necesaria-cdmx-edomex-mzo.jpg?resize=700%2C400&ssl=1 2x, https:\/\/i0.wp.com\/www.grieta.org.mx\/wp-content\/uploads\/2020\/03\/M%C3%A9dicos-residentes-alertan-que-el-COVID-19-los-alcanzar%C3%A1-sin-el-equipo-y-la-protecci%C3%B3n-necesaria-cdmx-edomex-mzo.jpg?resize=1050%2C600&ssl=1 3x"},"classes":[]},{"id":50945,"url":"https:\/\/www.grieta.org.mx\/index.php\/2020\/05\/13\/ganan-amparo-33-medicos-que-serian-reubicados-en-hospitales-covid-19-del-estado-de-mexico\/","url_meta":{"origin":42814,"position":5},"title":"Ganan amparo 33 m\u00e9dicos que ser\u00edan reubicados en hospitales covid-19 del Estado de M\u00e9xico","author":"grieta","date":"13 mayo, 2020","format":false,"excerpt":"Veneranda Mendoza \/ Proceso TOLUCA, Edomex (apro).- El Juzgado Quinto de Distrito en Materias de Amparo y Juicios Federales con sede en Nezahualc\u00f3yotl otorg\u00f3 la protecci\u00f3n de la justicia a 33 trabajadores del hospital municipal de Tec\u00e1mac \u201cC\u00e9sar Camacho Quiroz\u201d, de manera que no deber\u00e1n ser reubicados en dos hospitales\u2026","rel":"","context":"En &quot;CINTILLO&quot;","block_context":{"text":"CINTILLO","link":"https:\/\/www.grieta.org.mx\/index.php\/category\/cintillo\/"},"img":{"alt_text":"","src":"https:\/\/i0.wp.com\/www.grieta.org.mx\/wp-content\/uploads\/2020\/06\/Ganan-amparo-33-m%C3%A9dicos-que-ser%C3%ADan-reubicados-en-hospitales-covid-19-del-Estado-de-M%C3%A9xico-jun.jpg?resize=350%2C200&ssl=1","width":350,"height":200,"srcset":"https:\/\/i0.wp.com\/www.grieta.org.mx\/wp-content\/uploads\/2020\/06\/Ganan-amparo-33-m%C3%A9dicos-que-ser%C3%ADan-reubicados-en-hospitales-covid-19-del-Estado-de-M%C3%A9xico-jun.jpg?resize=350%2C200&ssl=1 1x, https:\/\/i0.wp.com\/www.grieta.org.mx\/wp-content\/uploads\/2020\/06\/Ganan-amparo-33-m%C3%A9dicos-que-ser%C3%ADan-reubicados-en-hospitales-covid-19-del-Estado-de-M%C3%A9xico-jun.jpg?resize=525%2C300&ssl=1 1.5x, https:\/\/i0.wp.com\/www.grieta.org.mx\/wp-content\/uploads\/2020\/06\/Ganan-amparo-33-m%C3%A9dicos-que-ser%C3%ADan-reubicados-en-hospitales-covid-19-del-Estado-de-M%C3%A9xico-jun.jpg?resize=700%2C400&ssl=1 2x"},"classes":[]}],"_links":{"self":[{"href":"https:\/\/www.grieta.org.mx\/index.php\/wp-json\/wp\/v2\/posts\/42814","targetHints":{"allow":["GET"]}}],"collection":[{"href":"https:\/\/www.grieta.org.mx\/index.php\/wp-json\/wp\/v2\/posts"}],"about":[{"href":"https:\/\/www.grieta.org.mx\/index.php\/wp-json\/wp\/v2\/types\/post"}],"author":[{"embeddable":true,"href":"https:\/\/www.grieta.org.mx\/index.php\/wp-json\/wp\/v2\/users\/2"}],"replies":[{"embeddable":true,"href":"https:\/\/www.grieta.org.mx\/index.php\/wp-json\/wp\/v2\/comments?post=42814"}],"version-history":[{"count":1,"href":"https:\/\/www.grieta.org.mx\/index.php\/wp-json\/wp\/v2\/posts\/42814\/revisions"}],"predecessor-version":[{"id":42817,"href":"https:\/\/www.grieta.org.mx\/index.php\/wp-json\/wp\/v2\/posts\/42814\/revisions\/42817"}],"wp:featuredmedia":[{"embeddable":true,"href":"https:\/\/www.grieta.org.mx\/index.php\/wp-json\/wp\/v2\/media\/42815"}],"wp:attachment":[{"href":"https:\/\/www.grieta.org.mx\/index.php\/wp-json\/wp\/v2\/media?parent=42814"}],"wp:term":[{"taxonomy":"category","embeddable":true,"href":"https:\/\/www.grieta.org.mx\/index.php\/wp-json\/wp\/v2\/categories?post=42814"},{"taxonomy":"post_tag","embeddable":true,"href":"https:\/\/www.grieta.org.mx\/index.php\/wp-json\/wp\/v2\/tags?post=42814"}],"curies":[{"name":"wp","href":"https:\/\/api.w.org\/{rel}","templated":true}]}}