{"id":42794,"date":"2020-01-07T22:04:10","date_gmt":"2020-01-08T04:04:10","guid":{"rendered":"http:\/\/www.grieta.org.mx\/?p=42794"},"modified":"2020-01-07T22:04:10","modified_gmt":"2020-01-08T04:04:10","slug":"convocatoria-a-las-jornadas-en-defensa-del-territorio-y-la-madre-tierra-samir-somos-todas-y-todos","status":"publish","type":"post","link":"https:\/\/www.grieta.org.mx\/index.php\/2020\/01\/07\/convocatoria-a-las-jornadas-en-defensa-del-territorio-y-la-madre-tierra-samir-somos-todas-y-todos\/","title":{"rendered":"CONVOCATORIA A LAS JORNADAS EN DEFENSA DEL TERRITORIO Y LA MADRE TIERRA \u201cSAMIR SOMOS TODAS Y TODOS\u201d"},"content":{"rendered":"<p style=\"text-align: center;\"><strong>CONVOCATORIA<\/strong><\/p>\n<p style=\"text-align: center;\">A LAS JORNADAS EN DEFENSA DEL TERRITORIO Y LA MADRE TIERRA<br \/>\n\u201cSAMIR SOMOS TODAS Y TODOS\u201d<\/p>\n<p>HERMANAS Y HERMANOS DE LOS PUEBLOS DE M\u00c9XICO Y DEL MUNDO:<\/p>\n<p>PRIMERO.- Hoy m\u00e1s que nunca el capitalismo se crece sobre la guerra y el despojo de todas las formas de vida. Los malos gobiernos y las grandes empresas capitalistas, con nombre y apellido cada uno de ellos, pretenden invisibilizar nuestras luchas en defensa del territorio y la madre tierra, normalizando incluso el asesinato de nuestros hermanos que los defienden. Hoy nos duelen en el coraz\u00f3n colectivo los asesinatos de:<\/p>\n<p>Samir Flores Soberanes del pueblo nahua de Amilcingo, Morelos<br \/>\nJuli\u00e1n Cort\u00e9s Flores, del pueblo mephaa de la Casa de Justicia de San Luis Acatl\u00e1n, Guerrero.<br \/>\nIgnacio P\u00e9rez Gir\u00f3n, del pueblo tzotzil del municipio de Aldama, Chiapas.<br \/>\nJos\u00e9 Lucio Bartolo Faustino, Modesto Verales Sebasti\u00e1n, Bartolo Hilario Morales, e Isa\u00edas Xanteco Ahuejote del pueblo nahua organizado con el Concejo Ind\u00edgena y Popular de Guerrero \u2013 Emiliano Zapata (CIPOG \u2013 EZ).<br \/>\nJuan Monroy y Jos\u00e9 Luis Rosales, del pueblo nahua de Ayotitl\u00e1n, Jalisco.<br \/>\nFeliciano Corona Cirino, del pueblo nahua de Santa Mar\u00eda Ostula, Michoac\u00e1n.<br \/>\nJosu\u00e9 Bernardo Marcial Campo, tambi\u00e9n conocido como T\u00edoBad, del pueblo popoluca de Veracruz.<\/p>\n<p>Nuestros compa\u00f1eros fueron asesinados por oponerse a la guerra con la que el mal gobierno pretende hacerse de nuestras tierras, montes y aguas, para consolidar el despojo que amenaza la existencia de la humanidad.<\/p>\n<p>Asimismo nos duele la desaparici\u00f3n forzada de nuestro hermano Sergio Rivera Hern\u00e1ndez, nahua de la Sierra Negra, Puebla, defensor del territorio y la madre tierra.<\/p>\n<p>SEGUNDO.- El capitalismo, en su actual etapa neoliberal, asume formas cada vez m\u00e1s monstruosas, declarando una franca guerra en contra de la humanidad y en contra de la tierra, nuestra madre. El actual desarrollo econ\u00f3mico, basado a escala planetaria en la prominencia del capital financiero que domina pueblos, naciones y continentes enteros; apoyado en la gran industria militar y extractivista; creci\u00e9ndose mediante guerras reales o ficticias, la profusi\u00f3n del crimen organizado, as\u00ed como invasiones y golpes de Estado, est\u00e1 llevando, en su insaciable l\u00f3gica de la acumulaci\u00f3n y el consumo capitalistas, a un cambio clim\u00e1tico irreversible y a un l\u00edmite que pone en peligro las condiciones de la vida humana en el planeta.<\/p>\n<p>TERCERO.- Adem\u00e1s, el actual sistema, con su organizaci\u00f3n patriarcal heredada de sistemas y civilizaciones anteriores, pero, profundizada en los \u00faltimos siglos, se exhibe como un violento enemigo, no s\u00f3lo de la humanidad, sino particularmente de las mujeres y de nuestra madre tierra. Es decir, la explotaci\u00f3n y la profunda violencia estructural hacia las mujeres es propia del capitalismo aunque naci\u00f3 mucho antes; la propiedad privada capitalista, base de este sistema, no puede explicarse ni entenderse sino como parte de un sistema patriarcal de dominaci\u00f3n sobre las mujeres y sobre la tierra.<\/p>\n<p style=\"text-align: center;\">CUARTO.- En M\u00e9xico, la aceleraci\u00f3n de la actividad minera y en la extracci\u00f3n y conducci\u00f3n de hidrocarburos, la creaci\u00f3n de la Guardia Nacional en la l\u00f3gica de la Iniciativa M\u00e9rida y el impulso, a costa de lo que sea, de los grandes megaproyectos (Corredor Trans\u00edsmico Salina Cruz-Coatzacoalcos, Tren Maya y Proyecto Integral Morelos, Nuevo aeropuerto internacional de la ciudad de M\u00e9xico) que pretenden reordenar los territorios, las poblaciones y las fronteras de norte y centroam\u00e9rica en una l\u00f3gica de despojo y explotaci\u00f3n capitalista, vuelven urgente la defensa de la vida humana, la defensa de los territorios de nuestros pueblos y la defensa de la tierra en una perspectiva claramente anticapitalista y antipatriarcal. Es por todo lo anterior que:<\/p>\n<p style=\"text-align: center;\">CONVOCAMOS A LOS PUEBLOS DE M\u00c9XICO Y DEL MUNDO, A LAS ORGANIZACIONES Y COLECTIVOS DE TRABAJADOR@S DEL CAMPO, EL MAR Y LA CIUDAD, A LAS MUJERES, ESTUDIANTES, NI\u00d1OS Y NI\u00d1AS, ANCIANOS Y ANCIANAS, INTEGRANTES DE LA DIVERSIDAD SEXUAL<\/p>\n<blockquote>\n<p style=\"text-align: center;\"><strong>A LAS JORNADAS EN DEFENSA DEL TERRITORIO Y LA MADRE TIERRA<\/strong><br \/>\n<strong>\u201cSAMIR SOMOS TODAS Y TODOS\u201d<\/strong><\/p>\n<\/blockquote>\n<p>De acuerdo al siguiente calendario:<\/p>\n<p>20 de febrero de 2020: Acciones dislocadas en M\u00e9xico y el Mundo en Defensa del Territorio y la Madre Tierra, por justicia para nuestr@s muert@s, nuestr@s desaparecid@s, nuestr@s pres@s y en contra de los megaproyectos de muerte.<\/p>\n<p>21 de febrero de 2020: Marcha por Justicia Para Nuestro Hermano Samir Flores Soberanes, para nuestr@s muert@s, nuestr@s desaparecid@s, nuestr@s pres@s y en Defensa del Territorio y la Madre Tierra. Ciudad de M\u00e9xico. Punto de partida: Oficinas de la Comisi\u00f3n Federal de Electricidad en Avenida Reforma, 16 horas.<\/p>\n<p>22 de febrero de 2020: Asamblea en Defensa del Territorio y la Madre Tierra, en el centro de la Comunidad de Amilcingo, Municipio de Temoac, Estado de Morelos, a partir de las 10 horas.<\/p>\n<p style=\"text-align: center;\"><strong>ATENTAMENTE<\/strong><\/p>\n<p style=\"text-align: center;\"><strong>A 7 de enero de 2020.<\/strong><br \/>\n<strong>Por la Reconstituci\u00f3n Integral de Nuestros Pueblos<\/strong><br \/>\n<strong>Nunca M\u00e1s Un M\u00e9xico Sin Nosotros<\/strong><\/p>\n<p style=\"text-align: center;\"><strong>ASAMBLEA DE LA RESISTENCIA DE AMILCINGO<\/strong><br \/>\n<strong>CONGRESO NACIONAL IND\u00cdGENA\/CONCEJO IND\u00cdGENA DE GOBIERNO<\/strong><br \/>\n<strong>EJ\u00c9RCITO ZAPATISTA DE LIBERACI\u00d3N NACIONAL<\/strong><\/p>\n<p style=\"text-align: center;\"><strong>PUEBLOS, COMUNIDADES ORGANIZACIONES, COLECTIVOS E INDIVIDU@S PARTICIPANTES EN EL FORO EN DEFENSA DEL TERRITORIO Y LA MADRE TIERRA REALIZADO LOS D\u00cdAS 21 Y 22 DE DICIEMBRE DE 2019 EN EL CARACOL JACINTO CANEK\/CIDECI-UNITIERRA, SAN CRIST\u00d3BAL DE LAS CASAS, CHIAPAS.<\/strong><\/p>\n<p style=\"text-align: center;\">Redes, Organizaciones y Colectivos de Resistencia y Rebeld\u00eda adheridos a la Sexta Nacional e Internacional<br \/>\nTribu Yaqui del Pueblo de B\u00e1cum, Sonora<br \/>\nAsamblea de los Pueblos Ind\u00edgenas del Istmo de Tehuantepec<br \/>\nProceso de Articulaci\u00f3n de la Sierra de Santa Martha, Veracruz<br \/>\nPueblo N\u00e1yeri, Nayarit<br \/>\nJunta de Vecinos en Resistencia Tanque y Am\u00e9ricas, Monterrey, Nuevo Le\u00f3n<br \/>\nComunidad de San Lorenzo Azquelt\u00e1n, Jalisco<br \/>\nComuneros de Cher\u00e1n, Michoac\u00e1n<br \/>\nPROFECTAR, Pueblo Rar\u00e1muri de Chihuahua<br \/>\nUn Salto de Vida, Jalisco<br \/>\nOrganizaci\u00f3n de los Doce Pueblos de Tec\u00e1mac, Estado de M\u00e9xico<br \/>\nCoordinadora de Pueblos y Organizaciones del Oriente del Estado de M\u00e9xico<br \/>\nAsamblea General de los Pueblos, Barrios, Colonias y Pedregales de Coyoac\u00e1n, Ciudad de M\u00e9xico<br \/>\nComunidad Coca de Mezcala, Jalisco<br \/>\nComunidad Ind\u00edgena Nahua de Zacualpan, Colima<br \/>\nConsejo de Ejidos y Comunidades Opositoras a la Presa La Parota, Gro<br \/>\nFrente de Pueblos en Defensa de la Tierra y el Agua de Morelos, Puebla y Tlaxcala<br \/>\nKa Kuxtal Muh Meyaj A.C., Pueblo Maya Peninsular, Campeche<br \/>\nOtomies Residentes en la Ciudad de M\u00e9xico<br \/>\nFrente Nacional por la Liberaci\u00f3n de los Pueblos, Guerrero<br \/>\nDefensores del Rio Metlapanapa, Puebla<br \/>\nConcejo Ind\u00edgena y Popular de Guerrero-Emiliano Zapata<br \/>\nConsejo Regional Ind\u00edgena del Cauca (CRIC) Colombia<br \/>\nAsamblea de Defensores del Territorio Maya Muuch Ximbal, Yucatan<br \/>\nComunidad Ind\u00edgena de Santa Mar\u00eda Ostula<br \/>\nEjido Tila, Chiapas<br \/>\nConsejo Regional Ind\u00edgena y Popular de Xpujil, Campeche<br \/>\nComit\u00e9 de Defensa de los Pueblos Ind\u00edgenas (CODEDI), Oaxaca<br \/>\nCentro comunitario Raxajal Mayab y Colectivo Aut\u00f3nomo de Jos\u00e9 Mar\u00eda Morelos, Quintana Roo<br \/>\nComuneros de Cuatro Venados, Oaxaca<br \/>\nZODEVITE, Chiapas<br \/>\nConsejo Tiyat Tlali de la Sierra Norte de Puebla<br \/>\nMovimiento Agrario Ind\u00edgena Zapatista (MAIZ), Puebla y Oaxaca<br \/>\nUni\u00f3n de Organizaciones de la Sierra Ju\u00e1rez (UNOSJO) Oaxaca<br \/>\nAsamblea del Pueblo Chontal, Oaxaca<br \/>\nComunidad Binniz\u00e1 de Uni\u00f3n Hidalgo, Oaxaca<br \/>\nComunidad de Historia Mapuche<br \/>\nMujeres Mapuche<br \/>\nMujeres del Pueblo Kurdo<br \/>\nGeocomunes<br \/>\nMexicali Resiste<br \/>\nUCIZONI, Oaxaca<br \/>\nTribu Mayo<br \/>\nConsejo Aut\u00f3nomo de la Costa de Chiapas<br \/>\nLA VIDA, Veracruz<\/p>\n<p>&nbsp;<\/p>\n<p><a href=\"http:\/\/enlacezapatista.ezln.org.mx\/2020\/01\/07\/convocatoria-a-las-jornadas-en-defensa-del-territorio-y-la-madre-tierra-samir-somos-todas-y-todos\/\">http:\/\/enlacezapatista.ezln.org.mx\/2020\/01\/07\/convocatoria-a-las-jornadas-en-defensa-del-territorio-y-la-madre-tierra-samir-somos-todas-y-todos\/<\/a><\/p>\n","protected":false},"excerpt":{"rendered":"<p>CONVOCATORIA A LAS JORNADAS EN DEFENSA DEL TERRITORIO Y LA MADRE TIERRA \u201cSAMIR SOMOS TODAS Y TODOS\u201d HERMANAS Y HERMANOS DE LOS PUEBLOS DE M\u00c9XICO Y DEL MUNDO: PRIMERO.- Hoy &hellip; <a href=\"https:\/\/www.grieta.org.mx\/index.php\/2020\/01\/07\/convocatoria-a-las-jornadas-en-defensa-del-territorio-y-la-madre-tierra-samir-somos-todas-y-todos\/\" class=\"more-link\">Leer m\u00e1s<\/a><\/p>\n","protected":false},"author":2,"featured_media":21928,"comment_status":"closed","ping_status":"closed","sticky":false,"template":"","format":"standard","meta":{"ngg_post_thumbnail":0,"_jetpack_newsletter_access":"","_jetpack_dont_email_post_to_subs":false,"_jetpack_newsletter_tier_id":0,"_jetpack_memberships_contains_paywalled_content":false,"_jetpack_memberships_contains_paid_content":false,"footnotes":""},"categories":[909,80,79,921,74,907],"tags":[2085,466],"class_list":["post-42794","post","type-post","status-publish","format-standard","has-post-thumbnail","hentry","category-cig","category-cintillo","category-cni","category-comunicados","category-ezln","category-ezln-2","tag-congreso-nacional-indigena-concejo-indigena-de-gobierno","tag-ezln","entry"],"jetpack_featured_media_url":"https:\/\/www.grieta.org.mx\/wp-content\/uploads\/2018\/03\/14524434_1106112876131411_958039263622046936_o.jpg","jetpack_sharing_enabled":true,"jetpack_shortlink":"https:\/\/wp.me\/p7ZJR4-b8e","jetpack_likes_enabled":false,"jetpack-related-posts":[{"id":44691,"url":"https:\/\/www.grieta.org.mx\/index.php\/2020\/02\/21\/pueblos-comunidades-organizaciones-sindicatos-y-colectivos-de-oaxaca-convocaron-a-las-jornadas-en-defensa-del-territorio-y-la-madre-tierra-samir-somos-todas-y-todos\/","url_meta":{"origin":42794,"position":0},"title":"Pueblos, comunidades, organizaciones, sindicatos y colectivos de Oaxaca convocaron a las Jornadas en Defensa del Territorio y la Madre Tierra \u201cSamir Somos Todas y Todos\u201d (Galer\u00eda de fotos)","author":"grieta","date":"21 febrero, 2020","format":false,"excerpt":"Colectivo Grieta. Pueblos, comunidades, organizaciones, sindicatos y colectivos de Oaxaca llamaron a reforzar la defensa de sus territorios frente a los proyectos capitalistas, como los proyectos mineros, la privatizaci\u00f3n del agua y el Megaproyecto del Istmo, hoy llamado Corredor Interoce\u00e1nico. Asimismo dieron a conocer las acciones a realizar los d\u00edas\u2026","rel":"","context":"En &quot;CINTILLO&quot;","block_context":{"text":"CINTILLO","link":"https:\/\/www.grieta.org.mx\/index.php\/category\/cintillo\/"},"img":{"alt_text":"","src":"https:\/\/i0.wp.com\/www.grieta.org.mx\/wp-content\/uploads\/2020\/02\/photo_2020-02-21-01.11.24.jpeg?resize=350%2C200&ssl=1","width":350,"height":200,"srcset":"https:\/\/i0.wp.com\/www.grieta.org.mx\/wp-content\/uploads\/2020\/02\/photo_2020-02-21-01.11.24.jpeg?resize=350%2C200&ssl=1 1x, https:\/\/i0.wp.com\/www.grieta.org.mx\/wp-content\/uploads\/2020\/02\/photo_2020-02-21-01.11.24.jpeg?resize=525%2C300&ssl=1 1.5x, https:\/\/i0.wp.com\/www.grieta.org.mx\/wp-content\/uploads\/2020\/02\/photo_2020-02-21-01.11.24.jpeg?resize=700%2C400&ssl=1 2x"},"classes":[]},{"id":44437,"url":"https:\/\/www.grieta.org.mx\/index.php\/2020\/02\/18\/jornadas-en-defensa-del-territorio-y-la-madre-tierra-samir-somos-todas-y-todos\/","url_meta":{"origin":42794,"position":1},"title":"Jornadas en Defensa del Territorio y la Madre Tierra \u201cSAMIR SOMOS TODAS Y TODOS\u201d","author":"grieta","date":"18 febrero, 2020","format":false,"excerpt":"Carteles informativos para descargar donde se explica a grandes rasgos en qu\u00e9 consisten los distintos megaproyectos de muerte denunciados por el CNI en el marco de las Jornadas en Defensa del Territorio y la Madre Tierra \u201cSAMIR SOMOS TODAS Y TODOS\u201d:","rel":"","context":"En &quot;CINTILLO&quot;","block_context":{"text":"CINTILLO","link":"https:\/\/www.grieta.org.mx\/index.php\/category\/cintillo\/"},"img":{"alt_text":"","src":"https:\/\/i0.wp.com\/www.grieta.org.mx\/wp-content\/uploads\/2020\/02\/81921737_3944542865571707_462686377142648832_n.jpg?resize=350%2C200&ssl=1","width":350,"height":200,"srcset":"https:\/\/i0.wp.com\/www.grieta.org.mx\/wp-content\/uploads\/2020\/02\/81921737_3944542865571707_462686377142648832_n.jpg?resize=350%2C200&ssl=1 1x, https:\/\/i0.wp.com\/www.grieta.org.mx\/wp-content\/uploads\/2020\/02\/81921737_3944542865571707_462686377142648832_n.jpg?resize=525%2C300&ssl=1 1.5x"},"classes":[]},{"id":44840,"url":"https:\/\/www.grieta.org.mx\/index.php\/2020\/02\/21\/galeria-de-fotos-de-accion-dislocada-en-el-rincon-zapatista-guadalajara-jornadas-samir-somos-todas-y-todos\/","url_meta":{"origin":42794,"position":2},"title":"Galer\u00eda de fotos de acci\u00f3n dislocada en el Rinc\u00f3n Zapatista Guadalajara. Jornadas \u201cSamir Somos Todas y Todos\u201d","author":"grieta","date":"21 febrero, 2020","format":false,"excerpt":"COLECTIVO GRIETA En el Rinc\u00f3n Zapatista de Guadalajara, ubicado en el centro hist\u00f3rico de la capital tapat\u00eda, se llev\u00f3 a cabo la campa\u00f1a en Defensa de la Madre Tierra y el Territorio: \"SAMIR FLORES SOMOS TODAS Y TODOS\". Galer\u00eda de fotos","rel":"","context":"En &quot;CINTILLO&quot;","block_context":{"text":"CINTILLO","link":"https:\/\/www.grieta.org.mx\/index.php\/category\/cintillo\/"},"img":{"alt_text":"","src":"https:\/\/i0.wp.com\/www.grieta.org.mx\/wp-content\/uploads\/2020\/02\/WhatsApp-Image-2020-02-21-at-12.07.30-PM.jpeg?resize=350%2C200&ssl=1","width":350,"height":200,"srcset":"https:\/\/i0.wp.com\/www.grieta.org.mx\/wp-content\/uploads\/2020\/02\/WhatsApp-Image-2020-02-21-at-12.07.30-PM.jpeg?resize=350%2C200&ssl=1 1x, https:\/\/i0.wp.com\/www.grieta.org.mx\/wp-content\/uploads\/2020\/02\/WhatsApp-Image-2020-02-21-at-12.07.30-PM.jpeg?resize=525%2C300&ssl=1 1.5x, https:\/\/i0.wp.com\/www.grieta.org.mx\/wp-content\/uploads\/2020\/02\/WhatsApp-Image-2020-02-21-at-12.07.30-PM.jpeg?resize=700%2C400&ssl=1 2x"},"classes":[]},{"id":44994,"url":"https:\/\/www.grieta.org.mx\/index.php\/2020\/02\/23\/galeria-de-fotos-de-accion-dislocada-en-la-laguna-coahuila-durango-jornadas-samir-somos-todas-y-todos\/","url_meta":{"origin":42794,"position":3},"title":"Galer\u00eda de fotos de acci\u00f3n dislocada en La Laguna (Coahuila &#8211; Durango). Jornadas \u201cSamir Somos Todas y Todos\u201d","author":"Admin","date":"23 febrero, 2020","format":false,"excerpt":"Colectivo Grieta Proyecci\u00f3n de la palabra del EZLN en el Foro en Defensa del Territorio y la Madre Tierra en el espacio La Resistencia en Lerdo, La Laguna (Coahuila - Durango). Galer\u00eda de Fotos:","rel":"","context":"En &quot;CINTILLO&quot;","block_context":{"text":"CINTILLO","link":"https:\/\/www.grieta.org.mx\/index.php\/category\/cintillo\/"},"img":{"alt_text":"","src":"https:\/\/i0.wp.com\/www.grieta.org.mx\/wp-content\/uploads\/2020\/02\/0ae267b4-3465-40cf-979d-9417e4bf9632.jpg?resize=350%2C200&ssl=1","width":350,"height":200,"srcset":"https:\/\/i0.wp.com\/www.grieta.org.mx\/wp-content\/uploads\/2020\/02\/0ae267b4-3465-40cf-979d-9417e4bf9632.jpg?resize=350%2C200&ssl=1 1x, https:\/\/i0.wp.com\/www.grieta.org.mx\/wp-content\/uploads\/2020\/02\/0ae267b4-3465-40cf-979d-9417e4bf9632.jpg?resize=525%2C300&ssl=1 1.5x, https:\/\/i0.wp.com\/www.grieta.org.mx\/wp-content\/uploads\/2020\/02\/0ae267b4-3465-40cf-979d-9417e4bf9632.jpg?resize=700%2C400&ssl=1 2x"},"classes":[]},{"id":45266,"url":"https:\/\/www.grieta.org.mx\/index.php\/2020\/02\/27\/pronunciamiento-ante-el-secuestro-de-miembros-del-cni-en-chilon-chiapas-por-su-participacion-en-las-jornadas-samir-somos-todas-y-todos-2\/","url_meta":{"origin":42794,"position":4},"title":"PRONUNCIAMIENTO ANTE EL SECUESTRO DE MIEMBROS DEL CNI EN CHIL\u00d3N, CHIAPAS, POR SU PARTICIPACI\u00d3N EN LAS \u00abJORNADAS SAMIR SOMOS TODAS Y TODOS\u00bb","author":"Admin","date":"27 febrero, 2020","format":false,"excerpt":"26 de febrero 2020. Al pueblo de M\u00e9xico. A las redes de resistencia y rebeld\u00eda. A la Sexta Nacional e Internacional. A los medios de comunicaci\u00f3n. A los organismos de Derechos Humanos. A las organizaciones en defensa del territorio y de la madre tierra. Por medio de este comunicado hacemos\u2026","rel":"","context":"En &quot;CIG&quot;","block_context":{"text":"CIG","link":"https:\/\/www.grieta.org.mx\/index.php\/category\/cig\/"},"img":{"alt_text":"","src":"https:\/\/i0.wp.com\/www.grieta.org.mx\/wp-content\/uploads\/2019\/10\/logo-CNI-To.png?resize=350%2C200&ssl=1","width":350,"height":200,"srcset":"https:\/\/i0.wp.com\/www.grieta.org.mx\/wp-content\/uploads\/2019\/10\/logo-CNI-To.png?resize=350%2C200&ssl=1 1x, https:\/\/i0.wp.com\/www.grieta.org.mx\/wp-content\/uploads\/2019\/10\/logo-CNI-To.png?resize=525%2C300&ssl=1 1.5x"},"classes":[]},{"id":45063,"url":"https:\/\/www.grieta.org.mx\/index.php\/2020\/02\/25\/asamblea-en-defensa-del-territorio-y-la-madre-tierra-jornadas-samir-somos-todas-y-todos\/","url_meta":{"origin":42794,"position":5},"title":"Asamblea en Defensa del Territorio y la Madre Tierra. Jornadas \u201cSamir Somos Todas y Todos\u201d","author":"Admin","date":"25 febrero, 2020","format":false,"excerpt":"Colectivo Grieta Amilcingo, Morelos. 22 de Febrero 2020. El d\u00eda s\u00e1bado, 22 de febrero, se llev\u00f3 a cabo la \u201cAsamblea en Defensa del Territorio y la Madre Tierra\u201d, como cierre de las Jornadas \u201cSamir Somos Todas y Todos\u201d convocadas por la Asamblea de la Resistencia de Amilcingo, el CNI-CIG, y\u2026","rel":"","context":"En &quot;CINTILLO&quot;","block_context":{"text":"CINTILLO","link":"https:\/\/www.grieta.org.mx\/index.php\/category\/cintillo\/"},"img":{"alt_text":"","src":"https:\/\/i0.wp.com\/www.grieta.org.mx\/wp-content\/uploads\/2020\/02\/14.jpg?resize=350%2C200&ssl=1","width":350,"height":200,"srcset":"https:\/\/i0.wp.com\/www.grieta.org.mx\/wp-content\/uploads\/2020\/02\/14.jpg?resize=350%2C200&ssl=1 1x, https:\/\/i0.wp.com\/www.grieta.org.mx\/wp-content\/uploads\/2020\/02\/14.jpg?resize=525%2C300&ssl=1 1.5x, https:\/\/i0.wp.com\/www.grieta.org.mx\/wp-content\/uploads\/2020\/02\/14.jpg?resize=700%2C400&ssl=1 2x, https:\/\/i0.wp.com\/www.grieta.org.mx\/wp-content\/uploads\/2020\/02\/14.jpg?resize=1050%2C600&ssl=1 3x"},"classes":[]}],"_links":{"self":[{"href":"https:\/\/www.grieta.org.mx\/index.php\/wp-json\/wp\/v2\/posts\/42794","targetHints":{"allow":["GET"]}}],"collection":[{"href":"https:\/\/www.grieta.org.mx\/index.php\/wp-json\/wp\/v2\/posts"}],"about":[{"href":"https:\/\/www.grieta.org.mx\/index.php\/wp-json\/wp\/v2\/types\/post"}],"author":[{"embeddable":true,"href":"https:\/\/www.grieta.org.mx\/index.php\/wp-json\/wp\/v2\/users\/2"}],"replies":[{"embeddable":true,"href":"https:\/\/www.grieta.org.mx\/index.php\/wp-json\/wp\/v2\/comments?post=42794"}],"version-history":[{"count":1,"href":"https:\/\/www.grieta.org.mx\/index.php\/wp-json\/wp\/v2\/posts\/42794\/revisions"}],"predecessor-version":[{"id":42795,"href":"https:\/\/www.grieta.org.mx\/index.php\/wp-json\/wp\/v2\/posts\/42794\/revisions\/42795"}],"wp:featuredmedia":[{"embeddable":true,"href":"https:\/\/www.grieta.org.mx\/index.php\/wp-json\/wp\/v2\/media\/21928"}],"wp:attachment":[{"href":"https:\/\/www.grieta.org.mx\/index.php\/wp-json\/wp\/v2\/media?parent=42794"}],"wp:term":[{"taxonomy":"category","embeddable":true,"href":"https:\/\/www.grieta.org.mx\/index.php\/wp-json\/wp\/v2\/categories?post=42794"},{"taxonomy":"post_tag","embeddable":true,"href":"https:\/\/www.grieta.org.mx\/index.php\/wp-json\/wp\/v2\/tags?post=42794"}],"curies":[{"name":"wp","href":"https:\/\/api.w.org\/{rel}","templated":true}]}}