{"id":42751,"date":"2020-01-03T10:30:49","date_gmt":"2020-01-03T16:30:49","guid":{"rendered":"http:\/\/www.grieta.org.mx\/?p=42751"},"modified":"2020-01-06T10:39:20","modified_gmt":"2020-01-06T16:39:20","slug":"protestan-pepenadores-contra-privatizar-reciclaje-en-aguascalientes","status":"publish","type":"post","link":"https:\/\/www.grieta.org.mx\/index.php\/2020\/01\/03\/protestan-pepenadores-contra-privatizar-reciclaje-en-aguascalientes\/","title":{"rendered":"Protestan pepenadores contra privatizar reciclaje en Aguascalientes"},"content":{"rendered":"<p>Claudio Ba\u00f1uelos\/La Jornada Aguascalientes<br \/>\n3 enero 2020<\/p>\n<p><img loading=\"lazy\" decoding=\"async\" data-attachment-id=\"42752\" data-permalink=\"https:\/\/www.grieta.org.mx\/index.php\/2020\/01\/03\/protestan-pepenadores-contra-privatizar-reciclaje-en-aguascalientes\/pepenadores\/\" data-orig-file=\"https:\/\/www.grieta.org.mx\/wp-content\/uploads\/2020\/01\/pepenadores.png\" data-orig-size=\"740,411\" data-comments-opened=\"0\" data-image-meta=\"{&quot;aperture&quot;:&quot;0&quot;,&quot;credit&quot;:&quot;&quot;,&quot;camera&quot;:&quot;&quot;,&quot;caption&quot;:&quot;&quot;,&quot;created_timestamp&quot;:&quot;0&quot;,&quot;copyright&quot;:&quot;&quot;,&quot;focal_length&quot;:&quot;0&quot;,&quot;iso&quot;:&quot;0&quot;,&quot;shutter_speed&quot;:&quot;0&quot;,&quot;title&quot;:&quot;&quot;,&quot;orientation&quot;:&quot;0&quot;}\" data-image-title=\"pepenadores\" data-image-description=\"\" data-image-caption=\"\" data-medium-file=\"https:\/\/www.grieta.org.mx\/wp-content\/uploads\/2020\/01\/pepenadores-300x167.png\" data-large-file=\"https:\/\/www.grieta.org.mx\/wp-content\/uploads\/2020\/01\/pepenadores.png\" src=\"http:\/\/www.grieta.org.mx\/wp-content\/uploads\/2020\/01\/pepenadores.png\" alt=\"\" width=\"740\" height=\"411\" class=\"aligncenter size-full wp-image-42752\" srcset=\"https:\/\/www.grieta.org.mx\/wp-content\/uploads\/2020\/01\/pepenadores.png 740w, https:\/\/www.grieta.org.mx\/wp-content\/uploads\/2020\/01\/pepenadores-300x167.png 300w\" sizes=\"auto, (max-width: 740px) 100vw, 740px\" \/><\/p>\n<p>Aguascalientes, Ags.- Sin importar el fr\u00edo que produc\u00eda el tener 1 grado cent\u00edgrado cerca de 250 pepenadores que a diario laboran en el Relleno Sanitario San Nicol\u00e1s se plantaron a la entrada del mismo y bloquearon durante casi una hora los accesos a los camiones recolectores de basura del Ayuntamiento de esta capital, como protesta contra la pretensi\u00f3n de privatizar el reciclamiento de deshechos de parte de la autoridad municipal.<\/p>\n<p>Cerca de las 7:30 horas de este viernes, Rogelio Padilla de Le\u00f3n, secretario adjunto de la Confederaci\u00f3n de Trabajadores de M\u00e9xico (CTM), encabez\u00f3 a los quejosos que est\u00e1n integrados en un sindicato af\u00edn a la central obrera y exigieron en breve una reuni\u00f3n con la alcaldesa de esta capital, la panista Teresa Jim\u00e9nez Esquivel de quien se quejaron no les ha dado la cara luego de que han buscado entrevistarse con ella para que les aclare esta situaci\u00f3n.<\/p>\n<p>Padilla de Le\u00f3n explic\u00f3 que conocen que la empresa denominada PIMSA gan\u00f3 la licitaci\u00f3n para el reciclaje de deshechos y creen que est\u00e1 en riesgo el ingreso de 250 familias que desde 1959 se dedica esta labor.<\/p>\n<p>Los inconformes advirtieron que no permitir\u00e1n que se les despoje de sus fuentes laborales, por lo que de no ser escuchados tomar\u00e1n acciones m\u00e1s radicales.<\/p>\n<p>\u201cNo queremos perjudicar a terceros afectando el servicio de recolecci\u00f3n de basura, queremos dialogar con la alcaldesa, pero si no nos cumplen de escucharnos retomaremos el paro\u201d, dijo Luis Hern\u00e1ndez uno de los manifestantes.<\/p>\n<p>45 minutos despu\u00e9s los pepenadores acordaron retirar el bloqueo y regresaron a realizar sus labores al interior del relleno de manera normal, donde se acord\u00f3 que el pr\u00f3ximo lunes se sostendr\u00eda una reuni\u00f3n directa con la alcaldesa y los concesionarios para buscar una soluci\u00f3n.<\/p>\n<p>Frente a ellos media docena de patrullas de la Polic\u00eda Municipal ve\u00eda el desarrollo de la protesta.<\/p>\n<p>A decir de los pepenadores, indican que de manera breve les han informado que no perder\u00e1n sus fuentes de ingresos, sin embargo dudan que se cumpla con esa medida.<\/p>\n<p><a href=\"https:\/\/www.jornada.com.mx\/ultimas\/estados\/2020\/01\/03\/protestan-pepenadores-contra-privatizar-reciclaje-en-aguascalientes-2748.html\" rel=\"noopener noreferrer\" target=\"_blank\">https:\/\/www.jornada.com.mx\/ultimas\/estados\/2020\/01\/03\/protestan-pepenadores-contra-privatizar-reciclaje-en-aguascalientes-2748.html<\/a><\/p>\n","protected":false},"excerpt":{"rendered":"<p>Claudio Ba\u00f1uelos\/La Jornada Aguascalientes 3 enero 2020 Aguascalientes, Ags.- Sin importar el fr\u00edo que produc\u00eda el tener 1 grado cent\u00edgrado cerca de 250 pepenadores que a diario laboran en el &hellip; <a href=\"https:\/\/www.grieta.org.mx\/index.php\/2020\/01\/03\/protestan-pepenadores-contra-privatizar-reciclaje-en-aguascalientes\/\" class=\"more-link\">Leer m\u00e1s<\/a><\/p>\n","protected":false},"author":2,"featured_media":42752,"comment_status":"closed","ping_status":"closed","sticky":false,"template":"","format":"standard","meta":{"ngg_post_thumbnail":0,"_jetpack_newsletter_access":"","_jetpack_dont_email_post_to_subs":false,"_jetpack_newsletter_tier_id":0,"_jetpack_memberships_contains_paywalled_content":false,"_jetpack_memberships_contains_paid_content":false,"footnotes":""},"categories":[4,80,2890,910,1373,2,83],"tags":[1290,252],"class_list":["post-42751","post","type-post","status-publish","format-standard","has-post-thumbnail","hentry","category-aguascalientes","category-cintillo","category-conflictos-laborales-en-el-sector-publico-en-aguascalientes","category-explotacion-y-precariedad-laboral","category-explotacion-y-precariedad-laboral-en-aguascalientes","category-noticias-nacionales","category-temas-nacionales","tag-precariedad-laboral","tag-privatizacion","entry"],"jetpack_featured_media_url":"https:\/\/www.grieta.org.mx\/wp-content\/uploads\/2020\/01\/pepenadores.png","jetpack_sharing_enabled":true,"jetpack_shortlink":"https:\/\/wp.me\/p7ZJR4-b7x","jetpack_likes_enabled":false,"jetpack-related-posts":[{"id":34016,"url":"https:\/\/www.grieta.org.mx\/index.php\/2019\/05\/29\/aguascalientes-supero-en-desempleo-a-zacatecas-san-luis-y-jalisco\/","url_meta":{"origin":42751,"position":0},"title":"Aguascalientes Super\u00f3 En Desempleo A Zacatecas, San Luis Y Jalisco","author":"grieta","date":"29 mayo, 2019","format":false,"excerpt":"Fabiola Cornejo\/Ultranoticias Para Aguascalientes La tasa de desempleo en abril pasado se ubic\u00f3 por encima de estados vecinos como Zacatecas, San Luis Potos\u00ed y Jalisco. De acuerdo para el INEGI, el mes de abril, Aguascalientes cerr\u00f3 con una desocupaci\u00f3n del 3.4%, mientras en Zacatecas fue del 3.2%, Jalisco 3.2% y\u2026","rel":"","context":"En &quot;Aguascalientes&quot;","block_context":{"text":"Aguascalientes","link":"https:\/\/www.grieta.org.mx\/index.php\/category\/noticias-nacionales\/aguascalientes\/"},"img":{"alt_text":"","src":"https:\/\/i0.wp.com\/www.grieta.org.mx\/wp-content\/uploads\/2019\/05\/a1.jpg?resize=350%2C200&ssl=1","width":350,"height":200,"srcset":"https:\/\/i0.wp.com\/www.grieta.org.mx\/wp-content\/uploads\/2019\/05\/a1.jpg?resize=350%2C200&ssl=1 1x, https:\/\/i0.wp.com\/www.grieta.org.mx\/wp-content\/uploads\/2019\/05\/a1.jpg?resize=525%2C300&ssl=1 1.5x, https:\/\/i0.wp.com\/www.grieta.org.mx\/wp-content\/uploads\/2019\/05\/a1.jpg?resize=700%2C400&ssl=1 2x, https:\/\/i0.wp.com\/www.grieta.org.mx\/wp-content\/uploads\/2019\/05\/a1.jpg?resize=1050%2C600&ssl=1 3x"},"classes":[]},{"id":51268,"url":"https:\/\/www.grieta.org.mx\/index.php\/2020\/06\/16\/trabajadores-y-ex-empleados-protestan-en-planta-de-nissan-en-aguascalientes\/","url_meta":{"origin":42751,"position":1},"title":"Trabajadores y ex empleados protestan en planta de Nissan, en Aguascalientes","author":"grieta","date":"16 junio, 2020","format":false,"excerpt":"Liberto Ure\u00f1a\/Milenio 16 junio 2020 Los manifestantes impidieron el tr\u00e1nsito en la carretera 45 Sur; exigen libertad sindical, reajuste en salarios y horarios de funciones. Los manifestantes se instalaron frente a los accesos de la empresa en Aguascalientes. (Foto: Liberto Ure\u00f1a) Cerca de 100 trabajadores despedidos y algunos en activo\u2026","rel":"","context":"En &quot;Aguascalientes&quot;","block_context":{"text":"Aguascalientes","link":"https:\/\/www.grieta.org.mx\/index.php\/category\/noticias-nacionales\/aguascalientes\/"},"img":{"alt_text":"","src":"https:\/\/i0.wp.com\/www.grieta.org.mx\/wp-content\/uploads\/2020\/06\/manifestantes-instalaron-frente-accesos-empresa_0_27_1200_746.jpeg?resize=350%2C200&ssl=1","width":350,"height":200,"srcset":"https:\/\/i0.wp.com\/www.grieta.org.mx\/wp-content\/uploads\/2020\/06\/manifestantes-instalaron-frente-accesos-empresa_0_27_1200_746.jpeg?resize=350%2C200&ssl=1 1x, https:\/\/i0.wp.com\/www.grieta.org.mx\/wp-content\/uploads\/2020\/06\/manifestantes-instalaron-frente-accesos-empresa_0_27_1200_746.jpeg?resize=525%2C300&ssl=1 1.5x, https:\/\/i0.wp.com\/www.grieta.org.mx\/wp-content\/uploads\/2020\/06\/manifestantes-instalaron-frente-accesos-empresa_0_27_1200_746.jpeg?resize=700%2C400&ssl=1 2x"},"classes":[]},{"id":41756,"url":"https:\/\/www.grieta.org.mx\/index.php\/2019\/11\/19\/derrumbe-en-mina-de-aguascalientes-deja-cinco-heridos\/","url_meta":{"origin":42751,"position":2},"title":"Derrumbe en mina de Aguascalientes deja cinco heridos","author":"grieta","date":"19 noviembre, 2019","format":false,"excerpt":"Claudio Ba\u00f1uelos\/La Jornada Aguascalientes 19 noviembre 2019 Aguascalientes, Ags. Cinco trabajadores resultaron heridos, tres de ellos de consideraci\u00f3n, luego de que la mina Santa Francisca, perteneciente al Grupo Carso, propiedad de Carlos Slim, sufri\u00f3 un derrumbe, cerca de las 11:00 horas de este martes. H\u00e9ctor Reyes Hern\u00e1ndez, titular de la\u2026","rel":"","context":"En &quot;Aguascalientes&quot;","block_context":{"text":"Aguascalientes","link":"https:\/\/www.grieta.org.mx\/index.php\/category\/noticias-nacionales\/aguascalientes\/"},"img":{"alt_text":"","src":"https:\/\/i0.wp.com\/www.grieta.org.mx\/wp-content\/uploads\/2019\/12\/mina.png?resize=350%2C200&ssl=1","width":350,"height":200,"srcset":"https:\/\/i0.wp.com\/www.grieta.org.mx\/wp-content\/uploads\/2019\/12\/mina.png?resize=350%2C200&ssl=1 1x, https:\/\/i0.wp.com\/www.grieta.org.mx\/wp-content\/uploads\/2019\/12\/mina.png?resize=525%2C300&ssl=1 1.5x, https:\/\/i0.wp.com\/www.grieta.org.mx\/wp-content\/uploads\/2019\/12\/mina.png?resize=700%2C400&ssl=1 2x"},"classes":[]},{"id":28058,"url":"https:\/\/www.grieta.org.mx\/index.php\/2018\/12\/19\/nissan-recorta-a-mil-trabajadores-en-aguascalientes-y-cuernavaca\/","url_meta":{"origin":42751,"position":3},"title":"Nissan recorta a mil trabajadores en Aguascalientes y Cuernavaca","author":"grieta","date":"19 diciembre, 2018","format":false,"excerpt":"AGUASCALIENTES, Ags., (apro).- La empresa automotriz Nissan Mexicana anunci\u00f3 un recorte de mil plazas en las plantas armadoras con las que cuenta, ubicadas en Aguascalientes y Cuernavaca, argumentando las cambiantes condiciones de mercado en M\u00e9xico y Estados Unidos. A trav\u00e9s de un comunicado oficial, Nissan explic\u00f3 que se ajustar\u00e1 a\u2026","rel":"","context":"En &quot;Aguascalientes&quot;","block_context":{"text":"Aguascalientes","link":"https:\/\/www.grieta.org.mx\/index.php\/category\/noticias-nacionales\/aguascalientes\/"},"img":{"alt_text":"","src":"https:\/\/i0.wp.com\/www.grieta.org.mx\/wp-content\/uploads\/2018\/03\/14524434_1106112876131411_958039263622046936_o.jpg?resize=350%2C200&ssl=1","width":350,"height":200,"srcset":"https:\/\/i0.wp.com\/www.grieta.org.mx\/wp-content\/uploads\/2018\/03\/14524434_1106112876131411_958039263622046936_o.jpg?resize=350%2C200&ssl=1 1x, https:\/\/i0.wp.com\/www.grieta.org.mx\/wp-content\/uploads\/2018\/03\/14524434_1106112876131411_958039263622046936_o.jpg?resize=525%2C300&ssl=1 1.5x, https:\/\/i0.wp.com\/www.grieta.org.mx\/wp-content\/uploads\/2018\/03\/14524434_1106112876131411_958039263622046936_o.jpg?resize=700%2C400&ssl=1 2x"},"classes":[]},{"id":49250,"url":"https:\/\/www.grieta.org.mx\/index.php\/2020\/04\/21\/en-aguascalientes-meseros-piden-ser-incluidos-en-apoyos-economicos\/","url_meta":{"origin":42751,"position":4},"title":"En Aguascalientes, meseros piden ser incluidos en apoyos econ\u00f3micos","author":"grieta","date":"21 abril, 2020","format":false,"excerpt":"Gabriel Soriano\/La Jornada Aguascalientes 21 abril 2020 Sin ingresos quedaron los meseros al prohibir la realizaci\u00f3n de eventos Gobierno del Estado prometi\u00f3 hacerle entrega a la brevedad de apoyos econ\u00f3micos Meseros que son contratados por eventos se manifiestan afuera del Palacio de Gobierno, pues ante la baja actividad en el\u2026","rel":"","context":"En &quot;Aguascalientes&quot;","block_context":{"text":"Aguascalientes","link":"https:\/\/www.grieta.org.mx\/index.php\/category\/noticias-nacionales\/aguascalientes\/"},"img":{"alt_text":"","src":"https:\/\/i0.wp.com\/www.grieta.org.mx\/wp-content\/uploads\/2020\/05\/48791281107_90b9f4861e_c.jpg?resize=350%2C200&ssl=1","width":350,"height":200,"srcset":"https:\/\/i0.wp.com\/www.grieta.org.mx\/wp-content\/uploads\/2020\/05\/48791281107_90b9f4861e_c.jpg?resize=350%2C200&ssl=1 1x, https:\/\/i0.wp.com\/www.grieta.org.mx\/wp-content\/uploads\/2020\/05\/48791281107_90b9f4861e_c.jpg?resize=525%2C300&ssl=1 1.5x, https:\/\/i0.wp.com\/www.grieta.org.mx\/wp-content\/uploads\/2020\/05\/48791281107_90b9f4861e_c.jpg?resize=700%2C400&ssl=1 2x"},"classes":[]},{"id":38843,"url":"https:\/\/www.grieta.org.mx\/index.php\/2019\/07\/22\/complicado-escenario-para-las-trabajadoras-de-limpieza-aguascalientes\/","url_meta":{"origin":42751,"position":5},"title":"Complicado escenario para las trabajadoras de limpieza (Aguascalientes)","author":"grieta","date":"22 julio, 2019","format":false,"excerpt":"Entre la explotaci\u00f3n y la vulnerabilidad El Heraldo de Aguascalientes, 22 de julio de 2019 Redacci\u00f3n Aguascalientes, Ags.- Las trabajadoras de limpieza son un gremio muy explotado, donde no se respetan sus derechos y son expuestas a jornadas laborales excesivas, y en ocasiones hasta son objeto de acoso sexual por\u2026","rel":"","context":"En &quot;Aguascalientes&quot;","block_context":{"text":"Aguascalientes","link":"https:\/\/www.grieta.org.mx\/index.php\/category\/noticias-nacionales\/aguascalientes\/"},"img":{"alt_text":"","src":"https:\/\/i0.wp.com\/www.grieta.org.mx\/wp-content\/uploads\/2019\/09\/http-_www.heraldo.mx_wp-content_uploads_2019_03_trabajadoras-del-hogar-aseo-limpieza-ASC_0749-696x442.jpg?resize=350%2C200&ssl=1","width":350,"height":200,"srcset":"https:\/\/i0.wp.com\/www.grieta.org.mx\/wp-content\/uploads\/2019\/09\/http-_www.heraldo.mx_wp-content_uploads_2019_03_trabajadoras-del-hogar-aseo-limpieza-ASC_0749-696x442.jpg?resize=350%2C200&ssl=1 1x, https:\/\/i0.wp.com\/www.grieta.org.mx\/wp-content\/uploads\/2019\/09\/http-_www.heraldo.mx_wp-content_uploads_2019_03_trabajadoras-del-hogar-aseo-limpieza-ASC_0749-696x442.jpg?resize=525%2C300&ssl=1 1.5x"},"classes":[]}],"_links":{"self":[{"href":"https:\/\/www.grieta.org.mx\/index.php\/wp-json\/wp\/v2\/posts\/42751","targetHints":{"allow":["GET"]}}],"collection":[{"href":"https:\/\/www.grieta.org.mx\/index.php\/wp-json\/wp\/v2\/posts"}],"about":[{"href":"https:\/\/www.grieta.org.mx\/index.php\/wp-json\/wp\/v2\/types\/post"}],"author":[{"embeddable":true,"href":"https:\/\/www.grieta.org.mx\/index.php\/wp-json\/wp\/v2\/users\/2"}],"replies":[{"embeddable":true,"href":"https:\/\/www.grieta.org.mx\/index.php\/wp-json\/wp\/v2\/comments?post=42751"}],"version-history":[{"count":1,"href":"https:\/\/www.grieta.org.mx\/index.php\/wp-json\/wp\/v2\/posts\/42751\/revisions"}],"predecessor-version":[{"id":42753,"href":"https:\/\/www.grieta.org.mx\/index.php\/wp-json\/wp\/v2\/posts\/42751\/revisions\/42753"}],"wp:featuredmedia":[{"embeddable":true,"href":"https:\/\/www.grieta.org.mx\/index.php\/wp-json\/wp\/v2\/media\/42752"}],"wp:attachment":[{"href":"https:\/\/www.grieta.org.mx\/index.php\/wp-json\/wp\/v2\/media?parent=42751"}],"wp:term":[{"taxonomy":"category","embeddable":true,"href":"https:\/\/www.grieta.org.mx\/index.php\/wp-json\/wp\/v2\/categories?post=42751"},{"taxonomy":"post_tag","embeddable":true,"href":"https:\/\/www.grieta.org.mx\/index.php\/wp-json\/wp\/v2\/tags?post=42751"}],"curies":[{"name":"wp","href":"https:\/\/api.w.org\/{rel}","templated":true}]}}