{"id":42736,"date":"2020-01-02T14:44:49","date_gmt":"2020-01-02T20:44:49","guid":{"rendered":"http:\/\/www.grieta.org.mx\/?p=42736"},"modified":"2020-01-05T14:53:46","modified_gmt":"2020-01-05T20:53:46","slug":"campesinos-de-campeche-acusan-por-despojo-a-coordinador-federal-y-exigen-su-destitucion","status":"publish","type":"post","link":"https:\/\/www.grieta.org.mx\/index.php\/2020\/01\/02\/campesinos-de-campeche-acusan-por-despojo-a-coordinador-federal-y-exigen-su-destitucion\/","title":{"rendered":"Campesinos de Campeche acusan por despojo a coordinador federal y exigen su destituci\u00f3n"},"content":{"rendered":"<p>Rosa Santana \/ Proceso<br \/>\nCAMPECHE, Camp. (apro).- Campesinos de los ejidos Xbakab y Revoluci\u00f3n, del municipio de Champot\u00f3n, exigieron la remoci\u00f3n del coordinador operativo de Programas Federales de la Secretar\u00eda de Bienestar, Jos\u00e9 Antonio Cardozo Rivero, a quien acusan de despojo de tierras.<\/p>\n<p>Afuera de las instalaciones del Palacio Federal, los inconformes denunciaron que, en 2015, cuando Cardozo Rivero laboraba en la Secretar\u00eda de Desarrollo Agrario, Territorial y Urbano (Sedatu), en el \u00e1rea de Terrenos Nacionales, despoj\u00f3 de mil 300 hect\u00e1reas a 22 ejidatarios de Xbakab.<\/p>\n<p>Y lo mismo hizo con otras mil 400 hect\u00e1reas en perjuicio de otro tanto de ejidatarios en Revoluci\u00f3n.<\/p>\n<p>Explicaron que Cardozo Rivero, quien actualmente funge como coordinador operativo de Programas Federales de la Secretar\u00eda de Bienestar en la entidad, utiliz\u00f3 \u201clas mismas artima\u00f1as\u201d de los presuntos prestanombres del exgobernador veracruzano Javier Duarte en el caso del ejido Lerma, en Campeche.<\/p>\n<p>Denunciaron que el ahora funcionario de la \u201ccuatrot\u00e9\u201d pag\u00f3 a campesinos avecindados en ambas comunidades, pero no tienen el reconocimiento legal como ejidatarios para firmar en las actas de las asambleas donde, junto con un grupo de familiares, se apropi\u00f3 de esas tierras.<\/p>\n<p>Incluso recurri\u00f3 al mismo abogado, Jorge Alberto C\u00e1mara Casta\u00f1eda, quien fue visitador de la Procuradur\u00eda Agraria (PA), destacaron.<\/p>\n<p>En el caso de las tierras de Xbakab, Cardozo habr\u00eda pagado alrededor de 5 millones de pesos a los campesinos que se hicieron pasar por ejidatarios en las asambleas, y una cantidad similar por las de Revoluci\u00f3n.<\/p>\n<p>Seg\u00fan los inconformes, los pagos se hicieron en varias partes y se entregaron en el restaurante Pel\u00edcanos II y en una vivienda familiar en la unidad habitacional Plan Chac, ambos en la ciudad de Champot\u00f3n.<\/p>\n<p>Adelantaron que emprender\u00e1n sendos juicios de nulidad de las asambleas ante el Tribunal Agrario, pero para que \u201cel piso sea parejo\u201d y \u201cno haya mano negra\u201d en el litigio, exigieron la destituci\u00f3n del funcionario federal.<\/p>\n<p>Para ello demandaron la intervenci\u00f3n del presidente Andr\u00e9s Manuel L\u00f3pez Obrador, y pidieron que su caso sea turnado a la Fiscal\u00eda Anticorrupci\u00f3n para que se investigue de d\u00f3nde se sacaron los recursos para pagar las tierras o si se lav\u00f3 dinero, porque las transacciones \u201cse hicieron bajo la mesa, en efectivo, y los recursos no pasaron nunca por un banco\u201d.<\/p>\n<p>En la misma manifestaci\u00f3n de este jueves, pobladores de San Eduardo, en este municipio, demandaron la destituci\u00f3n de Leonor del Carmen Carrillo Delgado, Leonardo de Jes\u00fas C\u00fa Pensab\u00e9 y Joaqu\u00edn Santiago S\u00e1nchez G\u00f3mez, magistrados de la Sala Civil del Tribunal Superior de Justicia del Estado, por presunta corrupci\u00f3n.<\/p>\n<p>Carrillo Delgado es hija del exgobernador Abelardo Carrillo Zavala, y S\u00e1nchez G\u00f3mez, adem\u00e1s de empresario, fue el primero de los tres secretarios de la Contralor\u00eda en el cuatrienio del goberndaor Alejandro Moreno C\u00e1rdenas. \u201cAlito\u201d tambi\u00e9n hizo magistrado a S\u00e1nchez G\u00f3mez, pese a que carec\u00eda de trayectoria judicial.<\/p>\n<p>Los afectados explicaron que son 21 familias las que hace 26 a\u00f1os se asentaron en San Eduardo \u2013hasta ahora terrenos nacionales\u2013 e iniciaron su tr\u00e1mite ante la Sedatu en 2007 para regularizar su situaci\u00f3n.<\/p>\n<p>No obstante, el 14 de agosto de 2019 la Sala Civil emiti\u00f3 una orden judicial para desalojar de esas tierras a los campesinos, el pr\u00f3ximo s\u00e1bado 11, en atenci\u00f3n a una demanda promovida por el empresario Jorge Aguilar Camejo, asesinado el 11 de agosto de 2018.<\/p>\n<p>La demanda fue interpuesta por la representante legal del ahora fallecido, Karla Sugey Aguilar Camejo. Supuestamente aquel compr\u00f3 al banco las tierras en disputa, pero ni siquiera se han desincorporado como tierras nacionales.<\/p>\n<p>Los quejosos explicaron que el 14 de marzo de 2019 un juez civil declar\u00f3 la nulidad de la escritura p\u00fablica de Aguilar Camejo sobre 79 hect\u00e1reas, pero ahora, \u201cextra\u00f1amente\u201d, los magistrados de la Sala Civil emitieron una orden judicial para desalojar a la comunidad. <\/p>\n<p><a href=\"https:\/\/www.proceso.com.mx\/612801\/campesinos-de-campeche-acusan-por-despojo-a-coordinador-federal-y-exigen-su-destitucion\" rel=\"noopener noreferrer\" target=\"_blank\">https:\/\/www.proceso.com.mx\/612801\/campesinos-de-campeche-acusan-por-despojo-a-coordinador-federal-y-exigen-su-destitucion<\/a><\/p>\n","protected":false},"excerpt":{"rendered":"<p>Rosa Santana \/ Proceso CAMPECHE, Camp. (apro).- Campesinos de los ejidos Xbakab y Revoluci\u00f3n, del municipio de Champot\u00f3n, exigieron la remoci\u00f3n del coordinador operativo de Programas Federales de la Secretar\u00eda &hellip; <a href=\"https:\/\/www.grieta.org.mx\/index.php\/2020\/01\/02\/campesinos-de-campeche-acusan-por-despojo-a-coordinador-federal-y-exigen-su-destitucion\/\" class=\"more-link\">Leer m\u00e1s<\/a><\/p>\n","protected":false},"author":2,"featured_media":21928,"comment_status":"closed","ping_status":"closed","sticky":false,"template":"","format":"standard","meta":{"ngg_post_thumbnail":0,"_jetpack_newsletter_access":"","_jetpack_dont_email_post_to_subs":false,"_jetpack_newsletter_tier_id":0,"_jetpack_memberships_contains_paywalled_content":false,"_jetpack_memberships_contains_paid_content":false,"footnotes":""},"categories":[11,80,2997,2],"tags":[2311,175],"class_list":["post-42736","post","type-post","status-publish","format-standard","has-post-thumbnail","hentry","category-campeche","category-cintillo","category-despojo-de-tierras-en-campeche","category-noticias-nacionales","tag-despojo-de-tierras","tag-ejidatarios","entry"],"jetpack_featured_media_url":"https:\/\/www.grieta.org.mx\/wp-content\/uploads\/2018\/03\/14524434_1106112876131411_958039263622046936_o.jpg","jetpack_sharing_enabled":true,"jetpack_shortlink":"https:\/\/wp.me\/p7ZJR4-b7i","jetpack_likes_enabled":false,"jetpack-related-posts":[{"id":65656,"url":"https:\/\/www.grieta.org.mx\/index.php\/2022\/11\/04\/ejidatarios-de-hopelchen-acusan-a-menonitas-de-invadir-mas-de-4-mil-hectareas-campeche\/","url_meta":{"origin":42736,"position":0},"title":"Ejidatarios de Hopelch\u00e9n acusan a menonitas de invadir m\u00e1s de 4 mil hect\u00e1reas (Campeche)","author":"grieta","date":"4 noviembre, 2022","format":false,"excerpt":"Wilbert Casanova \/ Por Esto! Ejidatarios de Iturbide denunciaron la invasi\u00f3n de cuatro mil hect\u00e1reas de sus terrenos que supuestamente compraron un grupo de menonitas a un particular; sin embargo, la superficie pertenece al ejido con base en el documento de 1940 que le adjudica los terrenos. Previo a su\u2026","rel":"","context":"En &quot;Agroindustria&quot;","block_context":{"text":"Agroindustria","link":"https:\/\/www.grieta.org.mx\/index.php\/category\/megaproyectos\/agroindustria\/"},"img":{"alt_text":"","src":"https:\/\/i0.wp.com\/www.grieta.org.mx\/wp-content\/uploads\/2022\/11\/Menonitas-e1667669754362.jpg?resize=350%2C200&ssl=1","width":350,"height":200,"srcset":"https:\/\/i0.wp.com\/www.grieta.org.mx\/wp-content\/uploads\/2022\/11\/Menonitas-e1667669754362.jpg?resize=350%2C200&ssl=1 1x, https:\/\/i0.wp.com\/www.grieta.org.mx\/wp-content\/uploads\/2022\/11\/Menonitas-e1667669754362.jpg?resize=525%2C300&ssl=1 1.5x, https:\/\/i0.wp.com\/www.grieta.org.mx\/wp-content\/uploads\/2022\/11\/Menonitas-e1667669754362.jpg?resize=700%2C400&ssl=1 2x"},"classes":[]},{"id":66183,"url":"https:\/\/www.grieta.org.mx\/index.php\/2023\/02\/03\/ejidatarios-de-atasta-acusan-a-pemex-por-querer-malpagar-34-terrenos-en-deuda-campeche\/","url_meta":{"origin":42736,"position":1},"title":"Ejidatarios de Atasta acusan a Pemex por querer &#8216;malpagar&#8217; 34 terrenos en deuda (Campeche)","author":"grieta","date":"3 febrero, 2023","format":false,"excerpt":"Gerardo Can Dzib \/ por Esto! A un precio irrisorio pretende pagar Petr\u00f3leos Mexicanos (Pemex) las 34 hect\u00e1reas pendientes por liquidar a los ejidatarios de la Pen\u00ednsula de Atasta de las 562 que ocupa el Centro de Proceso y Transporte de Gas \u201cAtasta\u201d, en contubernio con el Instituto de Administraci\u00f3n\u2026","rel":"","context":"En &quot;Campeche&quot;","block_context":{"text":"Campeche","link":"https:\/\/www.grieta.org.mx\/index.php\/category\/noticias-nacionales\/campeche\/"},"img":{"alt_text":"","src":"https:\/\/i0.wp.com\/www.grieta.org.mx\/wp-content\/uploads\/2023\/02\/Atasta-e1675898652855.jpg?resize=350%2C200&ssl=1","width":350,"height":200,"srcset":"https:\/\/i0.wp.com\/www.grieta.org.mx\/wp-content\/uploads\/2023\/02\/Atasta-e1675898652855.jpg?resize=350%2C200&ssl=1 1x, https:\/\/i0.wp.com\/www.grieta.org.mx\/wp-content\/uploads\/2023\/02\/Atasta-e1675898652855.jpg?resize=525%2C300&ssl=1 1.5x, https:\/\/i0.wp.com\/www.grieta.org.mx\/wp-content\/uploads\/2023\/02\/Atasta-e1675898652855.jpg?resize=700%2C400&ssl=1 2x"},"classes":[]},{"id":48926,"url":"https:\/\/www.grieta.org.mx\/index.php\/2020\/05\/10\/denuncian-ejidatarios-de-tecoh-despojo-de-tierras-yucatan\/","url_meta":{"origin":42736,"position":2},"title":"Denuncian ejidatarios de Tecoh despojo de tierras (Yucat\u00e1n)","author":"grieta","date":"10 mayo, 2020","format":false,"excerpt":"Rafael Mis Cob\u00e1 \/ PorEsto! Ejidatarios de Tecoh denunciaron que el alcalde y el comisario de esa comunidad act\u00faan en complicidad para despojar de sus tierras a los campesinos, adem\u00e1s de que han celebrado asambleas sin acatar las medidas de prevenci\u00f3n sanitaria, con los riesgos que ello implica para la\u2026","rel":"","context":"En &quot;CINTILLO&quot;","block_context":{"text":"CINTILLO","link":"https:\/\/www.grieta.org.mx\/index.php\/category\/cintillo\/"},"img":{"alt_text":"","src":"https:\/\/i0.wp.com\/www.grieta.org.mx\/wp-content\/uploads\/2020\/05\/DespojoTecoh.png?resize=350%2C200&ssl=1","width":350,"height":200,"srcset":"https:\/\/i0.wp.com\/www.grieta.org.mx\/wp-content\/uploads\/2020\/05\/DespojoTecoh.png?resize=350%2C200&ssl=1 1x, https:\/\/i0.wp.com\/www.grieta.org.mx\/wp-content\/uploads\/2020\/05\/DespojoTecoh.png?resize=525%2C300&ssl=1 1.5x"},"classes":[]},{"id":68645,"url":"https:\/\/www.grieta.org.mx\/index.php\/2024\/03\/18\/basta-de-mentiras-bloquean-ejidatarios-de-chunyaxche-obras-del-tren-maya-acusan-al-gobierno-federal-de-incumplir-acuerdos-quintana-roo\/","url_meta":{"origin":42736,"position":3},"title":"&#8220;\u00a1Basta de mentiras!&#8221;: Bloquean ejidatarios de Chunyaxch\u00e9 obras del Tren Maya; acusan al gobierno federal de incumplir acuerdos (Quintana Roo)","author":"grieta","date":"18 marzo, 2024","format":false,"excerpt":"Noticaribe FELIPE CARRILLO PUERTO, MX.- Alrededor de 800 ejidatarios de Chunyaxch\u00e9 y anexos iniciaron esta ma\u00f1ana un bloqueo en las obras del Tren Maya en la zona, para exigir, entre otras cosas, que el gobierno federal cumpla regulando 5 mil 900 hect\u00e1reas de tierra que fueron parte del compromiso que\u2026","rel":"","context":"En &quot;CINTILLO&quot;","block_context":{"text":"CINTILLO","link":"https:\/\/www.grieta.org.mx\/index.php\/category\/cintillo\/"},"img":{"alt_text":"","src":"https:\/\/i0.wp.com\/www.grieta.org.mx\/wp-content\/uploads\/2024\/03\/Bloqueo-e1711308726930.jpg?resize=350%2C200&ssl=1","width":350,"height":200,"srcset":"https:\/\/i0.wp.com\/www.grieta.org.mx\/wp-content\/uploads\/2024\/03\/Bloqueo-e1711308726930.jpg?resize=350%2C200&ssl=1 1x, https:\/\/i0.wp.com\/www.grieta.org.mx\/wp-content\/uploads\/2024\/03\/Bloqueo-e1711308726930.jpg?resize=525%2C300&ssl=1 1.5x, https:\/\/i0.wp.com\/www.grieta.org.mx\/wp-content\/uploads\/2024\/03\/Bloqueo-e1711308726930.jpg?resize=700%2C400&ssl=1 2x"},"classes":[]},{"id":1506,"url":"https:\/\/www.grieta.org.mx\/index.php\/2015\/09\/24\/detienen-a-lider-ejidal-en-campeche-por-presunto-despojo-de-bien-inmueble\/","url_meta":{"origin":42736,"position":4},"title":"Detienen a l\u00edder ejidal en Campeche por presunto \u201cdespojo de bien inmueble\u201d","author":"grieta","date":"24 septiembre, 2015","format":false,"excerpt":"CAMPECHE, Camp., (apro).- El presidente del Movimiento Campesino Tierra y Justicia de Lerma, Pedro Celestino May Can, y tres integrantes de esa agrupaci\u00f3n fueron acusados y detenidos por despojo de bien inmueble. La detenci\u00f3n se dio en el contexto de la disputa por unos terrenos del ejido Lerma, donde se\u2026","rel":"","context":"En &quot;campeche&quot;","block_context":{"text":"campeche","link":"https:\/\/www.grieta.org.mx\/index.php\/category\/campeche\/"},"img":{"alt_text":"","src":"https:\/\/i0.wp.com\/www.grieta.org.mx\/wp-content\/uploads\/2018\/03\/14524434_1106112876131411_958039263622046936_o.jpg?resize=350%2C200&ssl=1","width":350,"height":200,"srcset":"https:\/\/i0.wp.com\/www.grieta.org.mx\/wp-content\/uploads\/2018\/03\/14524434_1106112876131411_958039263622046936_o.jpg?resize=350%2C200&ssl=1 1x, https:\/\/i0.wp.com\/www.grieta.org.mx\/wp-content\/uploads\/2018\/03\/14524434_1106112876131411_958039263622046936_o.jpg?resize=525%2C300&ssl=1 1.5x, https:\/\/i0.wp.com\/www.grieta.org.mx\/wp-content\/uploads\/2018\/03\/14524434_1106112876131411_958039263622046936_o.jpg?resize=700%2C400&ssl=1 2x"},"classes":[]},{"id":56989,"url":"https:\/\/www.grieta.org.mx\/index.php\/2021\/02\/11\/ejidatarios-protestan-por-venta-ilegal-de-tierras-en-muxupip-yucatan\/","url_meta":{"origin":42736,"position":5},"title":"Ejidatarios protestan por venta ilegal de tierras en Muxupip (Yucat\u00e1n)","author":"grieta","date":"11 febrero, 2021","format":false,"excerpt":"Reporteros Hoy M\u00e9rida, Yucat\u00e1n; 11 de febrero de 2021 (ACOM).- Unos 80 ejidatarios del municipio de Muxupip se manifestaron en el Tribunal Agrario Unitario de M\u00e9rida para exigir la devoluci\u00f3n de mil 600 hect\u00e1reas de terreno que habr\u00edan sido vendidas de manera ilegal a 3 empresarios. Los quejosos, quienes gritaban\u2026","rel":"","context":"En &quot;CINTILLO&quot;","block_context":{"text":"CINTILLO","link":"https:\/\/www.grieta.org.mx\/index.php\/category\/cintillo\/"},"img":{"alt_text":"","src":"https:\/\/i0.wp.com\/www.grieta.org.mx\/wp-content\/uploads\/2021\/02\/Ejidatarios-de-Muxupip-scaled-1.jpg?resize=350%2C200&ssl=1","width":350,"height":200,"srcset":"https:\/\/i0.wp.com\/www.grieta.org.mx\/wp-content\/uploads\/2021\/02\/Ejidatarios-de-Muxupip-scaled-1.jpg?resize=350%2C200&ssl=1 1x, https:\/\/i0.wp.com\/www.grieta.org.mx\/wp-content\/uploads\/2021\/02\/Ejidatarios-de-Muxupip-scaled-1.jpg?resize=525%2C300&ssl=1 1.5x, https:\/\/i0.wp.com\/www.grieta.org.mx\/wp-content\/uploads\/2021\/02\/Ejidatarios-de-Muxupip-scaled-1.jpg?resize=700%2C400&ssl=1 2x"},"classes":[]}],"_links":{"self":[{"href":"https:\/\/www.grieta.org.mx\/index.php\/wp-json\/wp\/v2\/posts\/42736","targetHints":{"allow":["GET"]}}],"collection":[{"href":"https:\/\/www.grieta.org.mx\/index.php\/wp-json\/wp\/v2\/posts"}],"about":[{"href":"https:\/\/www.grieta.org.mx\/index.php\/wp-json\/wp\/v2\/types\/post"}],"author":[{"embeddable":true,"href":"https:\/\/www.grieta.org.mx\/index.php\/wp-json\/wp\/v2\/users\/2"}],"replies":[{"embeddable":true,"href":"https:\/\/www.grieta.org.mx\/index.php\/wp-json\/wp\/v2\/comments?post=42736"}],"version-history":[{"count":1,"href":"https:\/\/www.grieta.org.mx\/index.php\/wp-json\/wp\/v2\/posts\/42736\/revisions"}],"predecessor-version":[{"id":42737,"href":"https:\/\/www.grieta.org.mx\/index.php\/wp-json\/wp\/v2\/posts\/42736\/revisions\/42737"}],"wp:featuredmedia":[{"embeddable":true,"href":"https:\/\/www.grieta.org.mx\/index.php\/wp-json\/wp\/v2\/media\/21928"}],"wp:attachment":[{"href":"https:\/\/www.grieta.org.mx\/index.php\/wp-json\/wp\/v2\/media?parent=42736"}],"wp:term":[{"taxonomy":"category","embeddable":true,"href":"https:\/\/www.grieta.org.mx\/index.php\/wp-json\/wp\/v2\/categories?post=42736"},{"taxonomy":"post_tag","embeddable":true,"href":"https:\/\/www.grieta.org.mx\/index.php\/wp-json\/wp\/v2\/tags?post=42736"}],"curies":[{"name":"wp","href":"https:\/\/api.w.org\/{rel}","templated":true}]}}