{"id":42680,"date":"2020-01-02T14:52:30","date_gmt":"2020-01-02T20:52:30","guid":{"rendered":"http:\/\/www.grieta.org.mx\/?p=42680"},"modified":"2020-01-04T15:16:42","modified_gmt":"2020-01-04T21:16:42","slug":"organizaciones-ecologistas-convocan-a-clausura-simbolica-de-set-de-mexica-en-xochimilco-ciudad-de-mexico","status":"publish","type":"post","link":"https:\/\/www.grieta.org.mx\/index.php\/2020\/01\/02\/organizaciones-ecologistas-convocan-a-clausura-simbolica-de-set-de-mexica-en-xochimilco-ciudad-de-mexico\/","title":{"rendered":"Organizaciones ecologistas convocan a \u201cclausura simb\u00f3lica\u201d de set de \u201cMexica\u201d en Xochimilco (Ciudad de M\u00e9xico)"},"content":{"rendered":"<p style=\"text-align: center;\"><img loading=\"lazy\" decoding=\"async\" data-attachment-id=\"42682\" data-permalink=\"https:\/\/www.grieta.org.mx\/index.php\/2020\/01\/02\/organizaciones-ecologistas-convocan-a-clausura-simbolica-de-set-de-mexica-en-xochimilco-ciudad-de-mexico\/organizaciones-ecologistas-convocan-a-clausura-simbolica-de-set-de-mexica-en-xochimilco\/\" data-orig-file=\"https:\/\/www.grieta.org.mx\/wp-content\/uploads\/2020\/01\/Organizaciones-ecologistas-convocan-a-clausura-simb\u00f3lica-de-set-de-Mexica-en-Xochimilco.jpg\" data-orig-size=\"702,522\" data-comments-opened=\"0\" data-image-meta=\"{&quot;aperture&quot;:&quot;0&quot;,&quot;credit&quot;:&quot;&quot;,&quot;camera&quot;:&quot;&quot;,&quot;caption&quot;:&quot;&quot;,&quot;created_timestamp&quot;:&quot;0&quot;,&quot;copyright&quot;:&quot;&quot;,&quot;focal_length&quot;:&quot;0&quot;,&quot;iso&quot;:&quot;0&quot;,&quot;shutter_speed&quot;:&quot;0&quot;,&quot;title&quot;:&quot;&quot;,&quot;orientation&quot;:&quot;0&quot;}\" data-image-title=\"Organizaciones ecologistas convocan a clausura simb\u00f3lica de set de Mexica en Xochimilco\" data-image-description=\"\" data-image-caption=\"\" data-medium-file=\"https:\/\/www.grieta.org.mx\/wp-content\/uploads\/2020\/01\/Organizaciones-ecologistas-convocan-a-clausura-simb\u00f3lica-de-set-de-Mexica-en-Xochimilco-300x223.jpg\" data-large-file=\"https:\/\/www.grieta.org.mx\/wp-content\/uploads\/2020\/01\/Organizaciones-ecologistas-convocan-a-clausura-simb\u00f3lica-de-set-de-Mexica-en-Xochimilco.jpg\" class=\"aligncenter wp-image-42682\" src=\"http:\/\/www.grieta.org.mx\/wp-content\/uploads\/2020\/01\/Organizaciones-ecologistas-convocan-a-clausura-simb\u00f3lica-de-set-de-Mexica-en-Xochimilco.jpg\" alt=\"\" width=\"676\" height=\"503\" srcset=\"https:\/\/www.grieta.org.mx\/wp-content\/uploads\/2020\/01\/Organizaciones-ecologistas-convocan-a-clausura-simb\u00f3lica-de-set-de-Mexica-en-Xochimilco.jpg 702w, https:\/\/www.grieta.org.mx\/wp-content\/uploads\/2020\/01\/Organizaciones-ecologistas-convocan-a-clausura-simb\u00f3lica-de-set-de-Mexica-en-Xochimilco-300x223.jpg 300w, https:\/\/www.grieta.org.mx\/wp-content\/uploads\/2020\/01\/Organizaciones-ecologistas-convocan-a-clausura-simb\u00f3lica-de-set-de-Mexica-en-Xochimilco-672x500.jpg 672w\" sizes=\"auto, (max-width: 676px) 100vw, 676px\" \/><\/p>\n<p style=\"text-align: center;\"><em>Cartelones en San Gregorio Atlapulco. Foto: Especial<\/em><\/p>\n<p>&nbsp;<\/p>\n<p>&nbsp;<\/p>\n<p>Sara Pantoja \/ Proceso<\/p>\n<blockquote><p>CIUDAD DE M\u00c9XICO (apro).- Organizaciones de habitantes y ciclistas convocaron a una rodada el pr\u00f3ximo domingo 5 de enero \u201cEn defensa de los humedales de Xochimilco\u201d y la clausura simb\u00f3lica de la instalaci\u00f3n del set de grabaci\u00f3n de la serie \u201cMexica\u201d en el ejido de San Gregorio Atlapulco, proyecto encabezado por el director de cine Steven Spielberg y el actor Javier Bardem, as\u00ed como las empresas Redrum y Amazon.<\/p><\/blockquote>\n<p>Se trata de la producci\u00f3n que, desde el pasado 10 de diciembre, comenz\u00f3 a construir el set en dicha \u00c1rea Natural Protegida (ANP) y con denominaciones de organismos internacionales, que ya caus\u00f3 modificaciones evidentes en la zona, as\u00ed como da\u00f1o a la flora y fauna del lugar, presuntamente con el aval del gobierno de Claudia Sheinbaum, seg\u00fan lo public\u00f3 Proceso en su edici\u00f3n 2252, en circulaci\u00f3n esta semana.<\/p>\n<p style=\"text-align: center;\"><img loading=\"lazy\" decoding=\"async\" data-attachment-id=\"42683\" data-permalink=\"https:\/\/www.grieta.org.mx\/index.php\/2020\/01\/02\/organizaciones-ecologistas-convocan-a-clausura-simbolica-de-set-de-mexica-en-xochimilco-ciudad-de-mexico\/80721110_2898910436832859_3461015523360243712_n\/\" data-orig-file=\"https:\/\/www.grieta.org.mx\/wp-content\/uploads\/2020\/01\/80721110_2898910436832859_3461015523360243712_n.jpg\" data-orig-size=\"322,434\" data-comments-opened=\"0\" data-image-meta=\"{&quot;aperture&quot;:&quot;0&quot;,&quot;credit&quot;:&quot;&quot;,&quot;camera&quot;:&quot;&quot;,&quot;caption&quot;:&quot;&quot;,&quot;created_timestamp&quot;:&quot;0&quot;,&quot;copyright&quot;:&quot;&quot;,&quot;focal_length&quot;:&quot;0&quot;,&quot;iso&quot;:&quot;0&quot;,&quot;shutter_speed&quot;:&quot;0&quot;,&quot;title&quot;:&quot;&quot;,&quot;orientation&quot;:&quot;0&quot;}\" data-image-title=\"80721110_2898910436832859_3461015523360243712_n\" data-image-description=\"\" data-image-caption=\"\" data-medium-file=\"https:\/\/www.grieta.org.mx\/wp-content\/uploads\/2020\/01\/80721110_2898910436832859_3461015523360243712_n-223x300.jpg\" data-large-file=\"https:\/\/www.grieta.org.mx\/wp-content\/uploads\/2020\/01\/80721110_2898910436832859_3461015523360243712_n.jpg\" class=\"aligncenter size-full wp-image-42683\" src=\"http:\/\/www.grieta.org.mx\/wp-content\/uploads\/2020\/01\/80721110_2898910436832859_3461015523360243712_n.jpg\" alt=\"\" width=\"322\" height=\"434\" srcset=\"https:\/\/www.grieta.org.mx\/wp-content\/uploads\/2020\/01\/80721110_2898910436832859_3461015523360243712_n.jpg 322w, https:\/\/www.grieta.org.mx\/wp-content\/uploads\/2020\/01\/80721110_2898910436832859_3461015523360243712_n-223x300.jpg 223w\" sizes=\"auto, (max-width: 322px) 100vw, 322px\" \/><\/p>\n<p style=\"text-align: center;\"><em>Habitantes de #Xochimilco convocan a la primera acci\u00f3n.<\/em><\/p>\n<p>&nbsp;<\/p>\n<p>&nbsp;<\/p>\n<p>En su edici\u00f3n 2247, este semanario public\u00f3 que la grabaci\u00f3n de la serie \u201cHern\u00e1n\u201d en el mismo ejido \u2013a menos de un kil\u00f3metro de distancia-, la empresa Dopamine, de Grupo Salinas, instal\u00f3 cinco sets sin autorizaci\u00f3n de la Secretar\u00eda de Medio Ambiente capitalino (Sedema), por lo que \u00e9sta lo mult\u00f3 con poco m\u00e1s de 14 millones de pesos, que, por cierto, no ha pagado e interpuso un juicio de nulidad para no hacerlo.<\/p>\n<p>Con la portada de este semanario de fondo y el hastag NoDestruyanXochimilco, la \u201cCoordinaci\u00f3n de Pueblos, Barrios Originarios y Colonias de Xochimilco\u201d, \u201cOmet\u00e9otl la bici en resistencia del campo\u201d, \u201cHormigas Brigada Ciclista\u201d y \u201cAjolobikers\u201d convocaron a la manifestaci\u00f3n a las 10 de la ma\u00f1ana en el Puente de Urrutia, una de las tres entradas al ejido. La salida la marcaron a las 8:15 en el Parque de Los Venados, en la alcald\u00eda Benito Ju\u00e1rez.<\/p>\n<p>Alejandro Negrete, coordinador de \u201cOmet\u00e9otl\u201d, dice a apro que la manifestaci\u00f3n tiene el prop\u00f3sito de defender una de las pocas zonas naturales que le quedan a la Ciudad de M\u00e9xico.<br \/>\n\u201cTememos que si ya empezaron con esto, las inmobiliarias y todo lo que causa perjuicio a la ecolog\u00eda van a llegar. No queremos que se pierda ese pulm\u00f3n de la ciudad y si no se hace conciencia con la gente que vive en Xochimilco, las productoras y la gente que venga de fuera, no lo van a tomar en cuenta\u201d, asegura en entrevista.<\/p>\n<p>Por lo pronto, a ra\u00edz de la publicaci\u00f3n de Proceso, en algunas calles del ejido de San Gregorio Atlapulco, ejidatarios comenzaron a poner cartelones en las puertas de sus domicilios con leyendas como: \u201cEjidatario no permitas el despojo\u201d, \u201cEs que el esfuerzo de los abuelos no vale nada?\u201d, \u201c\u00bfCon qu\u00e9 se paga la belleza de un lugar?\u201d, \u201cSin territorio no hay pueblo\u201d, \u201cNo al ecocidio\u201d y \u201cAlto a la destrucci\u00f3n del ejido. \u00a1\u00a1\u00a1Fuera sets!!!\u201d.<\/p>\n<p style=\"text-align: center;\"><img loading=\"lazy\" decoding=\"async\" data-attachment-id=\"42682\" data-permalink=\"https:\/\/www.grieta.org.mx\/index.php\/2020\/01\/02\/organizaciones-ecologistas-convocan-a-clausura-simbolica-de-set-de-mexica-en-xochimilco-ciudad-de-mexico\/organizaciones-ecologistas-convocan-a-clausura-simbolica-de-set-de-mexica-en-xochimilco\/\" data-orig-file=\"https:\/\/www.grieta.org.mx\/wp-content\/uploads\/2020\/01\/Organizaciones-ecologistas-convocan-a-clausura-simb\u00f3lica-de-set-de-Mexica-en-Xochimilco.jpg\" data-orig-size=\"702,522\" data-comments-opened=\"0\" data-image-meta=\"{&quot;aperture&quot;:&quot;0&quot;,&quot;credit&quot;:&quot;&quot;,&quot;camera&quot;:&quot;&quot;,&quot;caption&quot;:&quot;&quot;,&quot;created_timestamp&quot;:&quot;0&quot;,&quot;copyright&quot;:&quot;&quot;,&quot;focal_length&quot;:&quot;0&quot;,&quot;iso&quot;:&quot;0&quot;,&quot;shutter_speed&quot;:&quot;0&quot;,&quot;title&quot;:&quot;&quot;,&quot;orientation&quot;:&quot;0&quot;}\" data-image-title=\"Organizaciones ecologistas convocan a clausura simb\u00f3lica de set de Mexica en Xochimilco\" data-image-description=\"\" data-image-caption=\"\" data-medium-file=\"https:\/\/www.grieta.org.mx\/wp-content\/uploads\/2020\/01\/Organizaciones-ecologistas-convocan-a-clausura-simb\u00f3lica-de-set-de-Mexica-en-Xochimilco-300x223.jpg\" data-large-file=\"https:\/\/www.grieta.org.mx\/wp-content\/uploads\/2020\/01\/Organizaciones-ecologistas-convocan-a-clausura-simb\u00f3lica-de-set-de-Mexica-en-Xochimilco.jpg\" class=\"aligncenter wp-image-42682\" src=\"http:\/\/www.grieta.org.mx\/wp-content\/uploads\/2020\/01\/Organizaciones-ecologistas-convocan-a-clausura-simb\u00f3lica-de-set-de-Mexica-en-Xochimilco.jpg\" alt=\"\" width=\"685\" height=\"509\" srcset=\"https:\/\/www.grieta.org.mx\/wp-content\/uploads\/2020\/01\/Organizaciones-ecologistas-convocan-a-clausura-simb\u00f3lica-de-set-de-Mexica-en-Xochimilco.jpg 702w, https:\/\/www.grieta.org.mx\/wp-content\/uploads\/2020\/01\/Organizaciones-ecologistas-convocan-a-clausura-simb\u00f3lica-de-set-de-Mexica-en-Xochimilco-300x223.jpg 300w, https:\/\/www.grieta.org.mx\/wp-content\/uploads\/2020\/01\/Organizaciones-ecologistas-convocan-a-clausura-simb\u00f3lica-de-set-de-Mexica-en-Xochimilco-672x500.jpg 672w\" sizes=\"auto, (max-width: 685px) 100vw, 685px\" \/><\/p>\n<p style=\"text-align: center;\"><em>Cartelones en San Gregorio Atlapulco. Foto: Especial<\/em><\/p>\n<p>&nbsp;<\/p>\n<p>&nbsp;<\/p>\n<p style=\"text-align: center;\"><img loading=\"lazy\" decoding=\"async\" data-attachment-id=\"42684\" data-permalink=\"https:\/\/www.grieta.org.mx\/index.php\/2020\/01\/02\/organizaciones-ecologistas-convocan-a-clausura-simbolica-de-set-de-mexica-en-xochimilco-ciudad-de-mexico\/whatsapp-image-2020-01-02-at-20-38-13\/\" data-orig-file=\"https:\/\/www.grieta.org.mx\/wp-content\/uploads\/2020\/01\/WhatsApp-Image-2020-01-02-at-20.38.13.jpeg\" data-orig-size=\"540,960\" data-comments-opened=\"0\" data-image-meta=\"{&quot;aperture&quot;:&quot;0&quot;,&quot;credit&quot;:&quot;&quot;,&quot;camera&quot;:&quot;&quot;,&quot;caption&quot;:&quot;&quot;,&quot;created_timestamp&quot;:&quot;0&quot;,&quot;copyright&quot;:&quot;&quot;,&quot;focal_length&quot;:&quot;0&quot;,&quot;iso&quot;:&quot;0&quot;,&quot;shutter_speed&quot;:&quot;0&quot;,&quot;title&quot;:&quot;&quot;,&quot;orientation&quot;:&quot;0&quot;}\" data-image-title=\"WhatsApp-Image-2020-01-02-at-20.38.13\" data-image-description=\"\" data-image-caption=\"\" data-medium-file=\"https:\/\/www.grieta.org.mx\/wp-content\/uploads\/2020\/01\/WhatsApp-Image-2020-01-02-at-20.38.13-169x300.jpeg\" data-large-file=\"https:\/\/www.grieta.org.mx\/wp-content\/uploads\/2020\/01\/WhatsApp-Image-2020-01-02-at-20.38.13.jpeg\" class=\"aligncenter size-full wp-image-42684\" src=\"http:\/\/www.grieta.org.mx\/wp-content\/uploads\/2020\/01\/WhatsApp-Image-2020-01-02-at-20.38.13.jpeg\" alt=\"\" width=\"540\" height=\"960\" srcset=\"https:\/\/www.grieta.org.mx\/wp-content\/uploads\/2020\/01\/WhatsApp-Image-2020-01-02-at-20.38.13.jpeg 540w, https:\/\/www.grieta.org.mx\/wp-content\/uploads\/2020\/01\/WhatsApp-Image-2020-01-02-at-20.38.13-169x300.jpeg 169w, https:\/\/www.grieta.org.mx\/wp-content\/uploads\/2020\/01\/WhatsApp-Image-2020-01-02-at-20.38.13-281x500.jpeg 281w\" sizes=\"auto, (max-width: 540px) 100vw, 540px\" \/><\/p>\n<p style=\"text-align: center;\"><em>Cartelones en San Gregorio Atlapulco. Foto: Especial<\/em><\/p>\n<p>&nbsp;<\/p>\n<p>&nbsp;<\/p>\n<p style=\"text-align: center;\"><img loading=\"lazy\" decoding=\"async\" data-attachment-id=\"42685\" data-permalink=\"https:\/\/www.grieta.org.mx\/index.php\/2020\/01\/02\/organizaciones-ecologistas-convocan-a-clausura-simbolica-de-set-de-mexica-en-xochimilco-ciudad-de-mexico\/whatsapp-image-2020-01-02-at-20-38-12-1\/\" data-orig-file=\"https:\/\/www.grieta.org.mx\/wp-content\/uploads\/2020\/01\/WhatsApp-Image-2020-01-02-at-20.38.12-1.jpeg\" data-orig-size=\"540,960\" data-comments-opened=\"0\" data-image-meta=\"{&quot;aperture&quot;:&quot;0&quot;,&quot;credit&quot;:&quot;&quot;,&quot;camera&quot;:&quot;&quot;,&quot;caption&quot;:&quot;&quot;,&quot;created_timestamp&quot;:&quot;0&quot;,&quot;copyright&quot;:&quot;&quot;,&quot;focal_length&quot;:&quot;0&quot;,&quot;iso&quot;:&quot;0&quot;,&quot;shutter_speed&quot;:&quot;0&quot;,&quot;title&quot;:&quot;&quot;,&quot;orientation&quot;:&quot;0&quot;}\" data-image-title=\"WhatsApp-Image-2020-01-02-at-20.38.12-1\" data-image-description=\"\" data-image-caption=\"\" data-medium-file=\"https:\/\/www.grieta.org.mx\/wp-content\/uploads\/2020\/01\/WhatsApp-Image-2020-01-02-at-20.38.12-1-169x300.jpeg\" data-large-file=\"https:\/\/www.grieta.org.mx\/wp-content\/uploads\/2020\/01\/WhatsApp-Image-2020-01-02-at-20.38.12-1.jpeg\" class=\"aligncenter size-full wp-image-42685\" src=\"http:\/\/www.grieta.org.mx\/wp-content\/uploads\/2020\/01\/WhatsApp-Image-2020-01-02-at-20.38.12-1.jpeg\" alt=\"\" width=\"540\" height=\"960\" srcset=\"https:\/\/www.grieta.org.mx\/wp-content\/uploads\/2020\/01\/WhatsApp-Image-2020-01-02-at-20.38.12-1.jpeg 540w, https:\/\/www.grieta.org.mx\/wp-content\/uploads\/2020\/01\/WhatsApp-Image-2020-01-02-at-20.38.12-1-169x300.jpeg 169w, https:\/\/www.grieta.org.mx\/wp-content\/uploads\/2020\/01\/WhatsApp-Image-2020-01-02-at-20.38.12-1-281x500.jpeg 281w\" sizes=\"auto, (max-width: 540px) 100vw, 540px\" \/><\/p>\n<p style=\"text-align: center;\"><em>Cartelones en San Gregorio Atlapulco. Foto: Especial<\/em><\/p>\n<p>&nbsp;<\/p>\n<p>&nbsp;<\/p>\n<p>Temen m\u00e1s deterioro<\/p>\n<p>El activista cuenta que, desde a\u00f1os atr\u00e1s y durante varias rodadas, incluso de talla internacional, han documentado gr\u00e1ficamente el deterioro que ha tenido el ejido de San Gregorio Atlapulco.<\/p>\n<p>\u201cSomos conocedores de la zona, hemos hecho campa\u00f1as de limpieza y concientizaci\u00f3n, rodamos en el lugar para conocer el espacio y valorar lo que ah\u00ed hay todav\u00eda\u201d, agrega.<\/p>\n<p>Seg\u00fan el ciclista ecologista, a ra\u00edz del sismo de 2017, una parte del camino de San Gregorio se levant\u00f3. Entonces, la Comisi\u00f3n de Recursos Naturales (Corena) y la Sedema hicieron trabajos para restablecer el lugar.<\/p>\n<p>En ese a\u00f1o, recuerda, \u201cen el Foro Mundial de Bicicletas, pasamos por ah\u00ed. La mayor\u00eda de los ciclistas eran extranjeros y pudimos graficar con un dron c\u00f3mo estaba y c\u00f3mo est\u00e1 hoy. Vemos un da\u00f1o irreversible\u201d.<\/p>\n<p>Negrete comenta que las mismas autoridades permitieron el dep\u00f3sito de cascajo que se retiraba de las casas y edificios da\u00f1ados por el temblor, pero lo dejaron ah\u00ed. \u201cYa hab\u00eda cascajo en la zona, pero no era tan visible como ahora porque siguen tir\u00e1ndolo ah\u00ed\u201d, alerta.<\/p>\n<p>Adem\u00e1s, denuncia que la entrada de motocicletas y autos, as\u00ed como personas que durante celebraciones como fin de a\u00f1o, hacen fogatas y tomas bebidas alcoh\u00f3licas, han da\u00f1ado m\u00e1s la zona. Ya para la construcci\u00f3n del Set de Dopamine \u201cellos mismos hicieron el camino de terracer\u00eda porque antes no exist\u00eda\u201d.<\/p>\n<p>Ahora, advierte, \u201cnos asombra m\u00e1s porque la del set de la nueva serie (\u201cMexica\u201d) ya est\u00e1 muy pegado a la laguna. El del \u2018Her\u00e1n\u2019 estaba medio escondido, pero este s\u00ed ya est\u00e1 claramente en la laguna. No pens\u00e1bamos que fuera a pasar esto\u201d.<\/p>\n<p>Y prev\u00e9 los da\u00f1os que puede ocasionar dicha producci\u00f3n: \u201cLa fauna que llega de pel\u00edcanos y aves es bastante. Con esto finalmente lo van a perjudicar m\u00e1s. Y si ya hab\u00eda cascajo, le van a meter m\u00e1s material inadecuado: gravilla, tezontle, para hacer el camino\u201d.<\/p>\n<p>Tambi\u00e9n destaca que \u201cen el \u00e1rea s\u00ed hay pasto a donde van a pastar caballos y vacas y ahora ya no se le permite el paso a nadie, lo cerraron completamente porque rentaron los terrenos\u201d.<\/p>\n<p><a href=\"https:\/\/www.proceso.com.mx\/612829\/organizaciones-ecologistas-convocan-a-clausura-simbolica-de-set-de-mexica-en-xochimilco\" target=\"_blank\" rel=\"noopener noreferrer\">https:\/\/www.proceso.com.mx\/612829\/organizaciones-ecologistas-convocan-a-clausura-simbolica-de-set-de-mexica-en-xochimilco<\/a><\/p>\n","protected":false},"excerpt":{"rendered":"<p>Cartelones en San Gregorio Atlapulco. Foto: Especial &nbsp; &nbsp; Sara Pantoja \/ Proceso CIUDAD DE M\u00c9XICO (apro).- Organizaciones de habitantes y ciclistas convocaron a una rodada el pr\u00f3ximo domingo 5 &hellip; <a href=\"https:\/\/www.grieta.org.mx\/index.php\/2020\/01\/02\/organizaciones-ecologistas-convocan-a-clausura-simbolica-de-set-de-mexica-en-xochimilco-ciudad-de-mexico\/\" class=\"more-link\">Leer m\u00e1s<\/a><\/p>\n","protected":false},"author":2,"featured_media":42682,"comment_status":"closed","ping_status":"closed","sticky":false,"template":"","format":"standard","meta":{"ngg_post_thumbnail":0,"_jetpack_newsletter_access":"","_jetpack_dont_email_post_to_subs":false,"_jetpack_newsletter_tier_id":0,"_jetpack_memberships_contains_paywalled_content":false,"_jetpack_memberships_contains_paid_content":false,"footnotes":""},"categories":[80,14,1278,2065,2,83],"tags":[184,223],"class_list":["post-42680","post","type-post","status-publish","format-standard","has-post-thumbnail","hentry","category-cintillo","category-ciudad-de-mexico","category-despojo-de-tierras-y-territorios","category-movilizaciones-y-protestas-de-habitantes-de-la-ciudad-de-mexico","category-noticias-nacionales","category-temas-nacionales","tag-despojo","tag-ecocidio","entry"],"jetpack_featured_media_url":"https:\/\/www.grieta.org.mx\/wp-content\/uploads\/2020\/01\/Organizaciones-ecologistas-convocan-a-clausura-simb\u00f3lica-de-set-de-Mexica-en-Xochimilco.jpg","jetpack_sharing_enabled":true,"jetpack_shortlink":"https:\/\/wp.me\/p7ZJR4-b6o","jetpack_likes_enabled":false,"jetpack-related-posts":[{"id":71911,"url":"https:\/\/www.grieta.org.mx\/index.php\/2025\/07\/03\/encuentro-de-resistencias-mas-alla-de-la-aviacion-la-turistificacion-y-el-capitalismo-en-san-gregorio-atlapulco-xochimilco-ciudad-de-mexico\/","url_meta":{"origin":42680,"position":0},"title":"Encuentro de Resistencias &#8220;M\u00e1s all\u00e1 de la aviaci\u00f3n, la turistificaci\u00f3n y el capitalismo&#8221; en San Gregorio Atlapulco, Xochimilco. (Ciudad de M\u00e9xico)","author":"grieta","date":"3 julio, 2025","format":false,"excerpt":"Del Barrio News Este jueves 03 de julio fueron inaugurados los trabajos del Encuentro de Resistencias \"M\u00e1s all\u00e1 de la aviaci\u00f3n, la turistificaci\u00f3n y el capitalismo\" en San Gregorio Atlapulco, Xochimilco, el cual re\u00fane a diversos movimientos en defensa del territorio, iniciativas anti-turistificaci\u00f3n y luchas por el agua y la\u2026","rel":"","context":"En &quot;CINTILLO&quot;","block_context":{"text":"CINTILLO","link":"https:\/\/www.grieta.org.mx\/index.php\/category\/cintillo\/"},"img":{"alt_text":"","src":"https:\/\/i0.wp.com\/www.grieta.org.mx\/wp-content\/uploads\/2025\/07\/b7.jpg?resize=350%2C200&ssl=1","width":350,"height":200,"srcset":"https:\/\/i0.wp.com\/www.grieta.org.mx\/wp-content\/uploads\/2025\/07\/b7.jpg?resize=350%2C200&ssl=1 1x, https:\/\/i0.wp.com\/www.grieta.org.mx\/wp-content\/uploads\/2025\/07\/b7.jpg?resize=525%2C300&ssl=1 1.5x, https:\/\/i0.wp.com\/www.grieta.org.mx\/wp-content\/uploads\/2025\/07\/b7.jpg?resize=700%2C400&ssl=1 2x, https:\/\/i0.wp.com\/www.grieta.org.mx\/wp-content\/uploads\/2025\/07\/b7.jpg?resize=1050%2C600&ssl=1 3x, https:\/\/i0.wp.com\/www.grieta.org.mx\/wp-content\/uploads\/2025\/07\/b7.jpg?resize=1400%2C800&ssl=1 4x"},"classes":[]},{"id":42824,"url":"https:\/\/www.grieta.org.mx\/index.php\/2020\/01\/05\/sheinbaum-te-gano-la-farandula-gritan-en-xochimilco-al-clausurar-sets-de-hernan-y-mexica-ciudad-de-mexico\/","url_meta":{"origin":42680,"position":1},"title":"\u00a1Sheinbaum, te gan\u00f3 la far\u00e1ndula!, gritan en Xochimilco al \u201cclausurar\u201d sets de Hern\u00e1n y Mexica (Ciudad de M\u00e9xico)","author":"grieta","date":"5 enero, 2020","format":false,"excerpt":"Ejidatarios, habitantes de Xochimilco y organizaciones ciclistas realizaron la \u201cclausura simb\u00f3lica\u201d de los sets de filmaci\u00f3n de las series televisivas \u201cHern\u00e1n\u201d y \u201cMexica\u201d, que se construyen en el ejido de San Gregorio Atlapulco, por el da\u00f1o ecol\u00f3gico que significa a esa \u00c1rea Natural Protegida Foto: Alejandro Sald\u00edvar Sara Pantoja \/\u2026","rel":"","context":"En &quot;CINTILLO&quot;","block_context":{"text":"CINTILLO","link":"https:\/\/www.grieta.org.mx\/index.php\/category\/cintillo\/"},"img":{"alt_text":"","src":"https:\/\/i0.wp.com\/www.grieta.org.mx\/wp-content\/uploads\/2020\/01\/Sheinbaum-te-gan%C3%B3-la-far%C3%A1ndula-gritan-en-Xochimilco-al-clausurar-sets-de-Hern%C3%A1n-y-Mexica-cdmx-ene.jpeg?resize=350%2C200&ssl=1","width":350,"height":200,"srcset":"https:\/\/i0.wp.com\/www.grieta.org.mx\/wp-content\/uploads\/2020\/01\/Sheinbaum-te-gan%C3%B3-la-far%C3%A1ndula-gritan-en-Xochimilco-al-clausurar-sets-de-Hern%C3%A1n-y-Mexica-cdmx-ene.jpeg?resize=350%2C200&ssl=1 1x, https:\/\/i0.wp.com\/www.grieta.org.mx\/wp-content\/uploads\/2020\/01\/Sheinbaum-te-gan%C3%B3-la-far%C3%A1ndula-gritan-en-Xochimilco-al-clausurar-sets-de-Hern%C3%A1n-y-Mexica-cdmx-ene.jpeg?resize=525%2C300&ssl=1 1.5x, https:\/\/i0.wp.com\/www.grieta.org.mx\/wp-content\/uploads\/2020\/01\/Sheinbaum-te-gan%C3%B3-la-far%C3%A1ndula-gritan-en-Xochimilco-al-clausurar-sets-de-Hern%C3%A1n-y-Mexica-cdmx-ene.jpeg?resize=700%2C400&ssl=1 2x"},"classes":[]},{"id":69720,"url":"https:\/\/www.grieta.org.mx\/index.php\/2024\/09\/12\/facultad-de-arquitectura-unam-estudiantes-de-extension-universitaria-realizan-carteles-en-solidaridad-con-xochimilco-y-los-difunden-en-la-facultad-de-arquitectura-ciudad-de-mexico\/","url_meta":{"origin":42680,"position":2},"title":"Facultad de Arquitectura\/UNAM: Estudiantes de Extensi\u00f3n Universitaria realizan carteles en solidaridad con Xochimilco y los difunden en la Facultad de Arquitectura (Ciudad de M\u00e9xico)","author":"grieta","date":"12 septiembre, 2024","format":false,"excerpt":"Texto y fotos tomadas de: La Voz del An\u00e1huac Estudiantes del \u00e1rea de Extensi\u00f3n Universitaria de la Facultad de Arquitectura, ponen el dise\u00f1o al servicio del pueblo y realizan carteles en solidaridad con la movilizaci\u00f3n de este 12 de septiembre, en contra de la represi\u00f3n del d\u00eda 5 en las\u2026","rel":"","context":"En &quot;Abuso policiaco y tortura en la Ciudad de M\u00e9xico&quot;","block_context":{"text":"Abuso policiaco y tortura en la Ciudad de M\u00e9xico","link":"https:\/\/www.grieta.org.mx\/index.php\/category\/noticias-nacionales\/ciudad-de-mexico\/abuso-policiaco-y-tortura-en-la-ciudad-de-mexico\/"},"img":{"alt_text":"","src":"https:\/\/i0.wp.com\/www.grieta.org.mx\/wp-content\/uploads\/2024\/09\/Facultad-de-ArquitecturaUNAM-Estudiantes-de-Extension-Universitaria-realizan-carteles-en-solidaridad-con-Xochimilco-y-los-difunden-en-la-Facultad-de-Arquitectura-1.jpg?resize=350%2C200&ssl=1","width":350,"height":200},"classes":[]},{"id":42589,"url":"https:\/\/www.grieta.org.mx\/index.php\/2019\/12\/28\/ahora-es-mexica-de-amazon-la-que-arrasara-xochimilco-ciudad-de-mexico\/","url_meta":{"origin":42680,"position":3},"title":"Ahora es \u201cMexica\u201d, de Amazon, la que arrasar\u00e1 Xochimilco (Ciudad de M\u00e9xico)","author":"grieta","date":"28 diciembre, 2019","format":false,"excerpt":"Foto: Benjam\u00edn Flores Sara Pantoja \/ Proceso Primero fue Grupo Salinas, que con la producci\u00f3n de su serie televisiva Hern\u00e1n caus\u00f3 da\u00f1os en un \u00c1rea Natural Protegida de Xochimilco. Ahora es un proyecto encabezado por el director de cine Steven Spielberg y el actor Javier Bardem para grabar la serie\u2026","rel":"","context":"En &quot;CINTILLO&quot;","block_context":{"text":"CINTILLO","link":"https:\/\/www.grieta.org.mx\/index.php\/category\/cintillo\/"},"img":{"alt_text":"","src":"https:\/\/i0.wp.com\/www.grieta.org.mx\/wp-content\/uploads\/2019\/12\/Ahora-es-Mexica-de-Amazon-la-que-arrasar%C3%A1-Xochimilco.jpg?resize=350%2C200&ssl=1","width":350,"height":200,"srcset":"https:\/\/i0.wp.com\/www.grieta.org.mx\/wp-content\/uploads\/2019\/12\/Ahora-es-Mexica-de-Amazon-la-que-arrasar%C3%A1-Xochimilco.jpg?resize=350%2C200&ssl=1 1x, https:\/\/i0.wp.com\/www.grieta.org.mx\/wp-content\/uploads\/2019\/12\/Ahora-es-Mexica-de-Amazon-la-que-arrasar%C3%A1-Xochimilco.jpg?resize=525%2C300&ssl=1 1.5x, https:\/\/i0.wp.com\/www.grieta.org.mx\/wp-content\/uploads\/2019\/12\/Ahora-es-Mexica-de-Amazon-la-que-arrasar%C3%A1-Xochimilco.jpg?resize=700%2C400&ssl=1 2x"},"classes":[]},{"id":69639,"url":"https:\/\/www.grieta.org.mx\/index.php\/2024\/09\/07\/decenas-de-heridos-y-detenidos-saldo-de-una-protesta-en-xochimilco-en-solidaridad-con-vecina-acusada-de-reabrir-biblioteca\/","url_meta":{"origin":42680,"position":4},"title":"Decenas de heridos y detenidos, saldo de una protesta en Xochimilco en solidaridad con vecina acusada de reabrir biblioteca","author":"Admin","date":"7 septiembre, 2024","format":false,"excerpt":"Por: Er\u00e9ndira Aquino\/ Animal Pol\u00edtico Fotos: Sharenii Guzm\u00e1n Una protesta convocada en solidaridad con una vecina de San Gregorio Atlapulco, quien enfrenta un proceso judicial por la reapertura de la biblioteca del pueblo, termin\u00f3 con personas detenidas y lesionadas. Los manifestantes fueron agredidos por civiles mientras se manifestaban en Xochimilco\u2026","rel":"","context":"En &quot;Abuso policiaco y tortura en la Ciudad de M\u00e9xico&quot;","block_context":{"text":"Abuso policiaco y tortura en la Ciudad de M\u00e9xico","link":"https:\/\/www.grieta.org.mx\/index.php\/category\/noticias-nacionales\/ciudad-de-mexico\/abuso-policiaco-y-tortura-en-la-ciudad-de-mexico\/"},"img":{"alt_text":"","src":"https:\/\/i0.wp.com\/www.grieta.org.mx\/wp-content\/uploads\/2024\/09\/protestas-san-gregorio-xochimilco-1-e1725725126321.jpeg?resize=350%2C200&ssl=1","width":350,"height":200,"srcset":"https:\/\/i0.wp.com\/www.grieta.org.mx\/wp-content\/uploads\/2024\/09\/protestas-san-gregorio-xochimilco-1-e1725725126321.jpeg?resize=350%2C200&ssl=1 1x, https:\/\/i0.wp.com\/www.grieta.org.mx\/wp-content\/uploads\/2024\/09\/protestas-san-gregorio-xochimilco-1-e1725725126321.jpeg?resize=525%2C300&ssl=1 1.5x, https:\/\/i0.wp.com\/www.grieta.org.mx\/wp-content\/uploads\/2024\/09\/protestas-san-gregorio-xochimilco-1-e1725725126321.jpeg?resize=700%2C400&ssl=1 2x"},"classes":[]},{"id":70000,"url":"https:\/\/www.grieta.org.mx\/index.php\/2024\/10\/07\/la-lucha-de-san-gregorio-atlapulco-por-la-tlamachtiloyan-un-espacio-seguro-donde-tenemos-el-derecho-a-disfrutar\/","url_meta":{"origin":42680,"position":5},"title":"La lucha de San Gregorio Atlapulco por la Tlamachtiloyan: &#8220;Un espacio seguro, donde tenemos el derecho a disfrutar&#8221;","author":"grieta","date":"7 octubre, 2024","format":false,"excerpt":"La lucha de un pueblo originario de la Ciudad de M\u00e9xico en defensa del agua y el territorio frente al acoso de la 4T Colectivo Grieta \/ 24 de septiembre de 2024 Ciudad de M\u00e9xico.- El pasado 05 de septiembre, pobladores de San Gregorio Atlapulco y de colectivos, pueblos y\u2026","rel":"","context":"En &quot;Abuso policiaco y tortura en la Ciudad de M\u00e9xico&quot;","block_context":{"text":"Abuso policiaco y tortura en la Ciudad de M\u00e9xico","link":"https:\/\/www.grieta.org.mx\/index.php\/category\/noticias-nacionales\/ciudad-de-mexico\/abuso-policiaco-y-tortura-en-la-ciudad-de-mexico\/"},"img":{"alt_text":"","src":"https:\/\/i0.wp.com\/www.grieta.org.mx\/wp-content\/uploads\/2024\/10\/Tlamchtiltoyan2-scaled-e1728266408432.jpg?resize=350%2C200&ssl=1","width":350,"height":200,"srcset":"https:\/\/i0.wp.com\/www.grieta.org.mx\/wp-content\/uploads\/2024\/10\/Tlamchtiltoyan2-scaled-e1728266408432.jpg?resize=350%2C200&ssl=1 1x, https:\/\/i0.wp.com\/www.grieta.org.mx\/wp-content\/uploads\/2024\/10\/Tlamchtiltoyan2-scaled-e1728266408432.jpg?resize=525%2C300&ssl=1 1.5x, https:\/\/i0.wp.com\/www.grieta.org.mx\/wp-content\/uploads\/2024\/10\/Tlamchtiltoyan2-scaled-e1728266408432.jpg?resize=700%2C400&ssl=1 2x"},"classes":[]}],"_links":{"self":[{"href":"https:\/\/www.grieta.org.mx\/index.php\/wp-json\/wp\/v2\/posts\/42680","targetHints":{"allow":["GET"]}}],"collection":[{"href":"https:\/\/www.grieta.org.mx\/index.php\/wp-json\/wp\/v2\/posts"}],"about":[{"href":"https:\/\/www.grieta.org.mx\/index.php\/wp-json\/wp\/v2\/types\/post"}],"author":[{"embeddable":true,"href":"https:\/\/www.grieta.org.mx\/index.php\/wp-json\/wp\/v2\/users\/2"}],"replies":[{"embeddable":true,"href":"https:\/\/www.grieta.org.mx\/index.php\/wp-json\/wp\/v2\/comments?post=42680"}],"version-history":[{"count":1,"href":"https:\/\/www.grieta.org.mx\/index.php\/wp-json\/wp\/v2\/posts\/42680\/revisions"}],"predecessor-version":[{"id":42690,"href":"https:\/\/www.grieta.org.mx\/index.php\/wp-json\/wp\/v2\/posts\/42680\/revisions\/42690"}],"wp:featuredmedia":[{"embeddable":true,"href":"https:\/\/www.grieta.org.mx\/index.php\/wp-json\/wp\/v2\/media\/42682"}],"wp:attachment":[{"href":"https:\/\/www.grieta.org.mx\/index.php\/wp-json\/wp\/v2\/media?parent=42680"}],"wp:term":[{"taxonomy":"category","embeddable":true,"href":"https:\/\/www.grieta.org.mx\/index.php\/wp-json\/wp\/v2\/categories?post=42680"},{"taxonomy":"post_tag","embeddable":true,"href":"https:\/\/www.grieta.org.mx\/index.php\/wp-json\/wp\/v2\/tags?post=42680"}],"curies":[{"name":"wp","href":"https:\/\/api.w.org\/{rel}","templated":true}]}}