{"id":42661,"date":"2019-12-30T14:44:02","date_gmt":"2019-12-30T20:44:02","guid":{"rendered":"http:\/\/www.grieta.org.mx\/?p=42661"},"modified":"2020-01-07T16:54:52","modified_gmt":"2020-01-07T22:54:52","slug":"recortes-presupuestales-en-yucatan-dejan-sin-chamba-a-mas-de-100-de-maestros","status":"publish","type":"post","link":"https:\/\/www.grieta.org.mx\/index.php\/2019\/12\/30\/recortes-presupuestales-en-yucatan-dejan-sin-chamba-a-mas-de-100-de-maestros\/","title":{"rendered":"Recortes presupuestales en Yucat\u00e1n dejan sin &#8220;chamba&#8221; a m\u00e1s de 100 de maestros"},"content":{"rendered":"<p><img loading=\"lazy\" decoding=\"async\" data-attachment-id=\"42662\" data-permalink=\"https:\/\/www.grieta.org.mx\/index.php\/2019\/12\/30\/recortes-presupuestales-en-yucatan-dejan-sin-chamba-a-mas-de-100-de-maestros\/maestros_2\/\" data-orig-file=\"https:\/\/www.grieta.org.mx\/wp-content\/uploads\/2020\/01\/maestros_2.jpg\" data-orig-size=\"718,452\" data-comments-opened=\"0\" data-image-meta=\"{&quot;aperture&quot;:&quot;0&quot;,&quot;credit&quot;:&quot;&quot;,&quot;camera&quot;:&quot;&quot;,&quot;caption&quot;:&quot;&quot;,&quot;created_timestamp&quot;:&quot;0&quot;,&quot;copyright&quot;:&quot;&quot;,&quot;focal_length&quot;:&quot;0&quot;,&quot;iso&quot;:&quot;0&quot;,&quot;shutter_speed&quot;:&quot;0&quot;,&quot;title&quot;:&quot;&quot;,&quot;orientation&quot;:&quot;0&quot;}\" data-image-title=\"maestros_2\" data-image-description=\"\" data-image-caption=\"\" data-medium-file=\"https:\/\/www.grieta.org.mx\/wp-content\/uploads\/2020\/01\/maestros_2-300x189.jpg\" data-large-file=\"https:\/\/www.grieta.org.mx\/wp-content\/uploads\/2020\/01\/maestros_2.jpg\" src=\"http:\/\/www.grieta.org.mx\/wp-content\/uploads\/2020\/01\/maestros_2.jpg\" alt=\"\" width=\"718\" height=\"452\" class=\"aligncenter size-full wp-image-42662\" srcset=\"https:\/\/www.grieta.org.mx\/wp-content\/uploads\/2020\/01\/maestros_2.jpg 718w, https:\/\/www.grieta.org.mx\/wp-content\/uploads\/2020\/01\/maestros_2-300x189.jpg 300w\" sizes=\"auto, (max-width: 718px) 100vw, 718px\" \/><\/p>\n<p>La Verdad<\/p>\n<blockquote><p>Debido a los recortes preupuestales en Yucat\u00e1n, al menos 110 maestros se quedar\u00e1n sin chamba, luego de que no se les renov\u00f3 su contrato. <\/p><\/blockquote>\n<p>Debido a los recortes presupuestales, para 2020 se reducir\u00e1 la plantilla laboral del Programa de Inclusi\u00f3n y Equidad Educativa (PIEE), que contaba 140 empleados que cubr\u00edan varias escuelas. <\/p>\n<p>De este total, 110 maestros fueron notificados de que no se les renovar\u00e1 el contrato que vence ma\u00f1ana, anuncio que fue dado a conocer el pasado 20 de diciembre por parte de la Secretar\u00eda de Educaci\u00f3n.<br \/>\nRecortes presupuestales en Yucat\u00e1n dejan sin &#8216;chamba&#8217; a m\u00e1s de 100 de maestros<br \/>\nAl menos 110 maestros de Yucat\u00e1n se ver\u00e1n afectados por los recortes presupuestales.<\/p>\n<p>La Segey organiz\u00f3 un desayuno con todos los empleados de este programa, a quienes se les agredeci\u00f3 por su trabajo desde que se arranc\u00f3 con esta iniciativa a partir del ciclo escolar 2013-2014. <\/p>\n<p>Sin embargo, por los recortes a los recursos para educaci\u00f3n, se les inform\u00f3 que \u201cno exist\u00eda presupuesto suficiente\u201d para este programa, por lo cual sus contratos no ser\u00edan renovados para el pr\u00f3ximo a\u00f1o. <\/p>\n<p>Una funcionaria mencion\u00f3 que estos empleados apoyaban a los directores de escuela que ten\u00edan doble funci\u00f3n, ya que adem\u00e1s de que laboraban en la direcci\u00f3n tambi\u00e9n ten\u00edan clases frente a grupo. <\/p>\n<p>El PIEE atend\u00eda a m\u00e1s de 540 escuelas multigrado, pertenecientes a la Direcci\u00f3n de Educaci\u00f3n Ind\u00edgena, las cuales contaban con un director de doble funci\u00f3n; sobre el programa se desconoce si continuar\u00e1<\/p>\n<p><a href=\"https:\/\/laverdadnoticias.com\/yucatan\/Recortes-presupuestales-en-Yucatan-dejan-sin-chamba-a-mas-de-100-de-maestros-20191230-0143.html\" rel=\"noopener noreferrer\" target=\"_blank\">https:\/\/laverdadnoticias.com\/yucatan\/Recortes-presupuestales-en-Yucatan-dejan-sin-chamba-a-mas-de-100-de-maestros-20191230-0143.html<\/a><\/p>\n","protected":false},"excerpt":{"rendered":"<p>La Verdad Debido a los recortes preupuestales en Yucat\u00e1n, al menos 110 maestros se quedar\u00e1n sin chamba, luego de que no se les renov\u00f3 su contrato. Debido a los recortes &hellip; <a href=\"https:\/\/www.grieta.org.mx\/index.php\/2019\/12\/30\/recortes-presupuestales-en-yucatan-dejan-sin-chamba-a-mas-de-100-de-maestros\/\" class=\"more-link\">Leer m\u00e1s<\/a><\/p>\n","protected":false},"author":2,"featured_media":42662,"comment_status":"closed","ping_status":"closed","sticky":false,"template":"","format":"standard","meta":{"ngg_post_thumbnail":0,"_jetpack_newsletter_access":"","_jetpack_dont_email_post_to_subs":false,"_jetpack_newsletter_tier_id":0,"_jetpack_memberships_contains_paywalled_content":false,"_jetpack_memberships_contains_paid_content":false,"footnotes":""},"categories":[80,916,2658,2,83,36],"tags":[133,2197],"class_list":["post-42661","post","type-post","status-publish","format-standard","has-post-thumbnail","hentry","category-cintillo","category-privatizacion-del-la-educacion-publica","category-crisis-de-la-educacion-publica-en-yucatan","category-noticias-nacionales","category-temas-nacionales","category-yucatan","tag-maestros","tag-reduccion-presupuesto-educacion","entry"],"jetpack_featured_media_url":"https:\/\/www.grieta.org.mx\/wp-content\/uploads\/2020\/01\/maestros_2.jpg","jetpack_sharing_enabled":true,"jetpack_shortlink":"https:\/\/wp.me\/p7ZJR4-b65","jetpack_likes_enabled":false,"jetpack-related-posts":[{"id":67711,"url":"https:\/\/www.grieta.org.mx\/index.php\/2023\/09\/01\/cierran-primaria-por-falta-de-maestros-yucatan\/","url_meta":{"origin":42661,"position":0},"title":"Cierran primaria por falta de maestros (Yucat\u00e1n)","author":"grieta","date":"1 septiembre, 2023","format":false,"excerpt":"Yucat\u00e1n Ahora Padres de familia de la escuela primaria \u201cErmilo Abreu G\u00f3mez\u201d, de la colonia M\u00e9xico Oriente, cerraron el plantel como protesta por la falta de maestros que les aqueja desde hace a\u00f1os. Seg\u00fan Karina G\u00f3mez, una de las personas que protestaron, la escuela inici\u00f3 el curso con dos maestros\u2026","rel":"","context":"En &quot;CINTILLO&quot;","block_context":{"text":"CINTILLO","link":"https:\/\/www.grieta.org.mx\/index.php\/category\/cintillo\/"},"img":{"alt_text":"","src":"https:\/\/i0.wp.com\/www.grieta.org.mx\/wp-content\/uploads\/2023\/09\/Primaria-e1694448335769.jpg?resize=350%2C200&ssl=1","width":350,"height":200,"srcset":"https:\/\/i0.wp.com\/www.grieta.org.mx\/wp-content\/uploads\/2023\/09\/Primaria-e1694448335769.jpg?resize=350%2C200&ssl=1 1x, https:\/\/i0.wp.com\/www.grieta.org.mx\/wp-content\/uploads\/2023\/09\/Primaria-e1694448335769.jpg?resize=525%2C300&ssl=1 1.5x, https:\/\/i0.wp.com\/www.grieta.org.mx\/wp-content\/uploads\/2023\/09\/Primaria-e1694448335769.jpg?resize=700%2C400&ssl=1 2x"},"classes":[]},{"id":71764,"url":"https:\/\/www.grieta.org.mx\/index.php\/2025\/05\/27\/maestros-protestan-en-merida-e-intentan-arrollarlos-yucatan\/","url_meta":{"origin":42661,"position":1},"title":"Maestros protestan en M\u00e9rida e intentan arrollarlos (Yucat\u00e1n)","author":"grieta","date":"27 mayo, 2025","format":false,"excerpt":"Herbeth Escalante \/ Haz Ruido Las y los maestros yucatecos se han sumado a la huelga nacional convocada por la CNTE, aunque tambi\u00e9n est\u00e1n protestando profesores del SNTE. M\u00e1s de 180 escuelas de Yucat\u00e1n est\u00e1n en paro desde hace una semana. M\u00e9rida, Yucat\u00e1n, 27 de mayo de 2025.- M\u00e1s de\u2026","rel":"","context":"En &quot;CINTILLO&quot;","block_context":{"text":"CINTILLO","link":"https:\/\/www.grieta.org.mx\/index.php\/category\/cintillo\/"},"img":{"alt_text":"","src":"https:\/\/i0.wp.com\/www.grieta.org.mx\/wp-content\/uploads\/2025\/06\/Paro-e1749035806353.jpg?resize=350%2C200&ssl=1","width":350,"height":200,"srcset":"https:\/\/i0.wp.com\/www.grieta.org.mx\/wp-content\/uploads\/2025\/06\/Paro-e1749035806353.jpg?resize=350%2C200&ssl=1 1x, https:\/\/i0.wp.com\/www.grieta.org.mx\/wp-content\/uploads\/2025\/06\/Paro-e1749035806353.jpg?resize=525%2C300&ssl=1 1.5x, https:\/\/i0.wp.com\/www.grieta.org.mx\/wp-content\/uploads\/2025\/06\/Paro-e1749035806353.jpg?resize=700%2C400&ssl=1 2x"},"classes":[]},{"id":72122,"url":"https:\/\/www.grieta.org.mx\/index.php\/2025\/07\/29\/maestros-de-la-cetey-protestan-frente-a-la-segey-por-falta-de-acuerdos-yucayan\/","url_meta":{"origin":42661,"position":2},"title":"Maestros de la Cetey protestan frente a la Segey por falta de acuerdos (Yucat\u00e1n)","author":"grieta","date":"29 julio, 2025","format":false,"excerpt":"Santiago Alamilla \/ Sol Yucat\u00e1n Alrededor de las 10 de la ma\u00f1ana de este martes, docentes pertenecientes a la Coordinadora Estatal de Trabajadores de la Educaci\u00f3n de Yucat\u00e1n (CETEY) llevaron a cabo una nueva manifestaci\u00f3n en la explanada de la Secretar\u00eda de Educaci\u00f3n del Estado (SEGEY), ante la falta de\u2026","rel":"","context":"En &quot;CINTILLO&quot;","block_context":{"text":"CINTILLO","link":"https:\/\/www.grieta.org.mx\/index.php\/category\/cintillo\/"},"img":{"alt_text":"","src":"https:\/\/i0.wp.com\/www.grieta.org.mx\/wp-content\/uploads\/2025\/08\/Segey-e1754600500550.jpg?resize=350%2C200&ssl=1","width":350,"height":200,"srcset":"https:\/\/i0.wp.com\/www.grieta.org.mx\/wp-content\/uploads\/2025\/08\/Segey-e1754600500550.jpg?resize=350%2C200&ssl=1 1x, https:\/\/i0.wp.com\/www.grieta.org.mx\/wp-content\/uploads\/2025\/08\/Segey-e1754600500550.jpg?resize=525%2C300&ssl=1 1.5x, https:\/\/i0.wp.com\/www.grieta.org.mx\/wp-content\/uploads\/2025\/08\/Segey-e1754600500550.jpg?resize=700%2C400&ssl=1 2x"},"classes":[]},{"id":31474,"url":"https:\/\/www.grieta.org.mx\/index.php\/2019\/03\/28\/maestros-continuan-con-denuncias-a-la-segey-yucatan\/","url_meta":{"origin":42661,"position":3},"title":"Maestros contin\u00faan con denuncias a la Segey Yucat\u00e1n","author":"grieta","date":"28 marzo, 2019","format":false,"excerpt":"La Verdad Maestros de Yucat\u00e1n siguen pidiendo sus pagos al Gobierno del Estado. Aunque han pasado varios meses del cambio de administraci\u00f3n, los maestros de Yucat\u00e1n contin\u00faan a la espera de sus pagos por parte de la Secretar\u00eda de Educaci\u00f3n del Gobierno del Estado (Segey). De acuerdo con la titular\u2026","rel":"","context":"En &quot;CINTILLO&quot;","block_context":{"text":"CINTILLO","link":"https:\/\/www.grieta.org.mx\/index.php\/category\/cintillo\/"},"img":{"alt_text":"","src":"https:\/\/i0.wp.com\/www.grieta.org.mx\/wp-content\/uploads\/2019\/03\/1526766505970.jpg_793492074.jpg?resize=350%2C200&ssl=1","width":350,"height":200,"srcset":"https:\/\/i0.wp.com\/www.grieta.org.mx\/wp-content\/uploads\/2019\/03\/1526766505970.jpg_793492074.jpg?resize=350%2C200&ssl=1 1x, https:\/\/i0.wp.com\/www.grieta.org.mx\/wp-content\/uploads\/2019\/03\/1526766505970.jpg_793492074.jpg?resize=525%2C300&ssl=1 1.5x, https:\/\/i0.wp.com\/www.grieta.org.mx\/wp-content\/uploads\/2019\/03\/1526766505970.jpg_793492074.jpg?resize=700%2C400&ssl=1 2x"},"classes":[]},{"id":69101,"url":"https:\/\/www.grieta.org.mx\/index.php\/2024\/06\/04\/maestros-toman-instalaciones-de-la-seccion-33-del-snte-en-yucatan\/","url_meta":{"origin":42661,"position":4},"title":"Maestros toman instalaciones de la Secci\u00f3n 33 del SNTE en Yucat\u00e1n","author":"grieta","date":"4 junio, 2024","format":false,"excerpt":"Yazm\u00edn Rodr\u00edguez Galaz \/ El Universal M\u00e9rida.- Unos 60 profesores tomaron las instalaciones de la Secci\u00f3n 33 del Sindicato Nacional de los Trabajadores de la Educaci\u00f3n (SNTE), ubicado en la colonia Yucalpet\u00e9n de M\u00e9rida, para exigir el pago de la homologaci\u00f3n que prometi\u00f3 el presidente Andr\u00e9s Manuel L\u00f3pez Obrador desde\u2026","rel":"","context":"En &quot;CINTILLO&quot;","block_context":{"text":"CINTILLO","link":"https:\/\/www.grieta.org.mx\/index.php\/category\/cintillo\/"},"img":{"alt_text":"","src":"https:\/\/i0.wp.com\/www.grieta.org.mx\/wp-content\/uploads\/2024\/06\/Maestroe-e1717976976401.jpg?resize=350%2C200&ssl=1","width":350,"height":200,"srcset":"https:\/\/i0.wp.com\/www.grieta.org.mx\/wp-content\/uploads\/2024\/06\/Maestroe-e1717976976401.jpg?resize=350%2C200&ssl=1 1x, https:\/\/i0.wp.com\/www.grieta.org.mx\/wp-content\/uploads\/2024\/06\/Maestroe-e1717976976401.jpg?resize=525%2C300&ssl=1 1.5x, https:\/\/i0.wp.com\/www.grieta.org.mx\/wp-content\/uploads\/2024\/06\/Maestroe-e1717976976401.jpg?resize=700%2C400&ssl=1 2x"},"classes":[]},{"id":26760,"url":"https:\/\/www.grieta.org.mx\/index.php\/2018\/09\/18\/no-les-pagan-a-los-maestros-evaluados-de-yucatan\/","url_meta":{"origin":42661,"position":5},"title":"No les pagan a los maestros evaluados de Yucat\u00e1n","author":"grieta","date":"18 septiembre, 2018","format":false,"excerpt":"por LaVerdad Los docentes no aceptan la supuesta confusi\u00f3n en la convocatoria expedida por el anterior secretario de educaci\u00f3n V\u00edctor Caballero y exigen el pago al que se han hecho acreedores Maestros de preescolar, primaria y educaci\u00f3n especial de Yucat\u00e1n se manifestaron a las afueras del Palacio de Gobierno exigiendo\u2026","rel":"","context":"En &quot;CINTILLO&quot;","block_context":{"text":"CINTILLO","link":"https:\/\/www.grieta.org.mx\/index.php\/category\/cintillo\/"},"img":{"alt_text":"","src":"https:\/\/i0.wp.com\/www.grieta.org.mx\/wp-content\/uploads\/2018\/03\/14524434_1106112876131411_958039263622046936_o.jpg?resize=350%2C200&ssl=1","width":350,"height":200,"srcset":"https:\/\/i0.wp.com\/www.grieta.org.mx\/wp-content\/uploads\/2018\/03\/14524434_1106112876131411_958039263622046936_o.jpg?resize=350%2C200&ssl=1 1x, https:\/\/i0.wp.com\/www.grieta.org.mx\/wp-content\/uploads\/2018\/03\/14524434_1106112876131411_958039263622046936_o.jpg?resize=525%2C300&ssl=1 1.5x, https:\/\/i0.wp.com\/www.grieta.org.mx\/wp-content\/uploads\/2018\/03\/14524434_1106112876131411_958039263622046936_o.jpg?resize=700%2C400&ssl=1 2x"},"classes":[]}],"_links":{"self":[{"href":"https:\/\/www.grieta.org.mx\/index.php\/wp-json\/wp\/v2\/posts\/42661","targetHints":{"allow":["GET"]}}],"collection":[{"href":"https:\/\/www.grieta.org.mx\/index.php\/wp-json\/wp\/v2\/posts"}],"about":[{"href":"https:\/\/www.grieta.org.mx\/index.php\/wp-json\/wp\/v2\/types\/post"}],"author":[{"embeddable":true,"href":"https:\/\/www.grieta.org.mx\/index.php\/wp-json\/wp\/v2\/users\/2"}],"replies":[{"embeddable":true,"href":"https:\/\/www.grieta.org.mx\/index.php\/wp-json\/wp\/v2\/comments?post=42661"}],"version-history":[{"count":1,"href":"https:\/\/www.grieta.org.mx\/index.php\/wp-json\/wp\/v2\/posts\/42661\/revisions"}],"predecessor-version":[{"id":42663,"href":"https:\/\/www.grieta.org.mx\/index.php\/wp-json\/wp\/v2\/posts\/42661\/revisions\/42663"}],"wp:featuredmedia":[{"embeddable":true,"href":"https:\/\/www.grieta.org.mx\/index.php\/wp-json\/wp\/v2\/media\/42662"}],"wp:attachment":[{"href":"https:\/\/www.grieta.org.mx\/index.php\/wp-json\/wp\/v2\/media?parent=42661"}],"wp:term":[{"taxonomy":"category","embeddable":true,"href":"https:\/\/www.grieta.org.mx\/index.php\/wp-json\/wp\/v2\/categories?post=42661"},{"taxonomy":"post_tag","embeddable":true,"href":"https:\/\/www.grieta.org.mx\/index.php\/wp-json\/wp\/v2\/tags?post=42661"}],"curies":[{"name":"wp","href":"https:\/\/api.w.org\/{rel}","templated":true}]}}