{"id":42629,"date":"2019-12-14T19:31:44","date_gmt":"2019-12-15T01:31:44","guid":{"rendered":"http:\/\/www.grieta.org.mx\/?p=42629"},"modified":"2019-12-31T19:44:42","modified_gmt":"2020-01-01T01:44:42","slug":"protesta-grafica-en-ciencias-politicas-las-paredes-se-limpian-ellas-no-vuelven-ciudad-de-mexico","status":"publish","type":"post","link":"https:\/\/www.grieta.org.mx\/index.php\/2019\/12\/14\/protesta-grafica-en-ciencias-politicas-las-paredes-se-limpian-ellas-no-vuelven-ciudad-de-mexico\/","title":{"rendered":"Protesta gr\u00e1fica en Ciencias Pol\u00edticas: las paredes se limpian, ellas no vuelven (Ciudad de M\u00e9xico)"},"content":{"rendered":"<p><img loading=\"lazy\" decoding=\"async\" data-attachment-id=\"42630\" data-permalink=\"https:\/\/www.grieta.org.mx\/index.php\/2019\/12\/14\/protesta-grafica-en-ciencias-politicas-las-paredes-se-limpian-ellas-no-vuelven-ciudad-de-mexico\/protesta-grafica-en-ciencias-politicas-las-paredes-se-limpian-ellas-no-vuelven-cdmx-dic\/\" data-orig-file=\"https:\/\/www.grieta.org.mx\/wp-content\/uploads\/2019\/12\/Protesta-gr\u00e1fica-en-Ciencias-Pol\u00edticas-las-paredes-se-limpian-ellas-no-vuelven-cdmx-dic.jpg\" data-orig-size=\"300,300\" data-comments-opened=\"0\" data-image-meta=\"{&quot;aperture&quot;:&quot;0&quot;,&quot;credit&quot;:&quot;&quot;,&quot;camera&quot;:&quot;&quot;,&quot;caption&quot;:&quot;&quot;,&quot;created_timestamp&quot;:&quot;0&quot;,&quot;copyright&quot;:&quot;&quot;,&quot;focal_length&quot;:&quot;0&quot;,&quot;iso&quot;:&quot;0&quot;,&quot;shutter_speed&quot;:&quot;0&quot;,&quot;title&quot;:&quot;&quot;,&quot;orientation&quot;:&quot;0&quot;}\" data-image-title=\"Protesta gr\u00e1fica en Ciencias Pol\u00edticas las paredes se limpian, ellas no vuelven cdmx dic\" data-image-description=\"\" data-image-caption=\"\" data-medium-file=\"https:\/\/www.grieta.org.mx\/wp-content\/uploads\/2019\/12\/Protesta-gr\u00e1fica-en-Ciencias-Pol\u00edticas-las-paredes-se-limpian-ellas-no-vuelven-cdmx-dic.jpg\" data-large-file=\"https:\/\/www.grieta.org.mx\/wp-content\/uploads\/2019\/12\/Protesta-gr\u00e1fica-en-Ciencias-Pol\u00edticas-las-paredes-se-limpian-ellas-no-vuelven-cdmx-dic.jpg\" class=\"aligncenter size-full wp-image-42630\" src=\"http:\/\/www.grieta.org.mx\/wp-content\/uploads\/2019\/12\/Protesta-gr\u00e1fica-en-Ciencias-Pol\u00edticas-las-paredes-se-limpian-ellas-no-vuelven-cdmx-dic.jpg\" alt=\"\" width=\"300\" height=\"300\" srcset=\"https:\/\/www.grieta.org.mx\/wp-content\/uploads\/2019\/12\/Protesta-gr\u00e1fica-en-Ciencias-Pol\u00edticas-las-paredes-se-limpian-ellas-no-vuelven-cdmx-dic.jpg 300w, https:\/\/www.grieta.org.mx\/wp-content\/uploads\/2019\/12\/Protesta-gr\u00e1fica-en-Ciencias-Pol\u00edticas-las-paredes-se-limpian-ellas-no-vuelven-cdmx-dic-150x150.jpg 150w, https:\/\/www.grieta.org.mx\/wp-content\/uploads\/2019\/12\/Protesta-gr\u00e1fica-en-Ciencias-Pol\u00edticas-las-paredes-se-limpian-ellas-no-vuelven-cdmx-dic-130x130.jpg 130w\" sizes=\"auto, (max-width: 300px) 100vw, 300px\" \/><br \/>\nMarcial Yangali \/ Contral\u00ednea<\/p>\n<blockquote><p>En las paredes de la Facultad de Ciencias Pol\u00edticas y Sociales de Ciudad Universitaria se alberga un reclamo generalizado contra la violencia sexual y de g\u00e9nero que padecen estudiantes, acad\u00e9micas y trabajadoras en el espacio escolar.<\/p><\/blockquote>\n<p><img loading=\"lazy\" decoding=\"async\" data-attachment-id=\"42631\" data-permalink=\"https:\/\/www.grieta.org.mx\/index.php\/2019\/12\/14\/protesta-grafica-en-ciencias-politicas-las-paredes-se-limpian-ellas-no-vuelven-ciudad-de-mexico\/polacas1\/\" data-orig-file=\"https:\/\/www.grieta.org.mx\/wp-content\/uploads\/2019\/12\/polacas1.jpg\" data-orig-size=\"300,300\" data-comments-opened=\"0\" data-image-meta=\"{&quot;aperture&quot;:&quot;0&quot;,&quot;credit&quot;:&quot;&quot;,&quot;camera&quot;:&quot;&quot;,&quot;caption&quot;:&quot;&quot;,&quot;created_timestamp&quot;:&quot;0&quot;,&quot;copyright&quot;:&quot;&quot;,&quot;focal_length&quot;:&quot;0&quot;,&quot;iso&quot;:&quot;0&quot;,&quot;shutter_speed&quot;:&quot;0&quot;,&quot;title&quot;:&quot;&quot;,&quot;orientation&quot;:&quot;0&quot;}\" data-image-title=\"polacas1\" data-image-description=\"\" data-image-caption=\"\" data-medium-file=\"https:\/\/www.grieta.org.mx\/wp-content\/uploads\/2019\/12\/polacas1.jpg\" data-large-file=\"https:\/\/www.grieta.org.mx\/wp-content\/uploads\/2019\/12\/polacas1.jpg\" class=\"aligncenter size-full wp-image-42631\" src=\"http:\/\/www.grieta.org.mx\/wp-content\/uploads\/2019\/12\/polacas1.jpg\" alt=\"\" width=\"300\" height=\"300\" srcset=\"https:\/\/www.grieta.org.mx\/wp-content\/uploads\/2019\/12\/polacas1.jpg 300w, https:\/\/www.grieta.org.mx\/wp-content\/uploads\/2019\/12\/polacas1-150x150.jpg 150w, https:\/\/www.grieta.org.mx\/wp-content\/uploads\/2019\/12\/polacas1-130x130.jpg 130w\" sizes=\"auto, (max-width: 300px) 100vw, 300px\" \/><\/p>\n<p><img loading=\"lazy\" decoding=\"async\" data-attachment-id=\"42632\" data-permalink=\"https:\/\/www.grieta.org.mx\/index.php\/2019\/12\/14\/protesta-grafica-en-ciencias-politicas-las-paredes-se-limpian-ellas-no-vuelven-ciudad-de-mexico\/polacas2\/\" data-orig-file=\"https:\/\/www.grieta.org.mx\/wp-content\/uploads\/2019\/12\/polacas2.jpg\" data-orig-size=\"300,300\" data-comments-opened=\"0\" data-image-meta=\"{&quot;aperture&quot;:&quot;0&quot;,&quot;credit&quot;:&quot;&quot;,&quot;camera&quot;:&quot;&quot;,&quot;caption&quot;:&quot;&quot;,&quot;created_timestamp&quot;:&quot;0&quot;,&quot;copyright&quot;:&quot;&quot;,&quot;focal_length&quot;:&quot;0&quot;,&quot;iso&quot;:&quot;0&quot;,&quot;shutter_speed&quot;:&quot;0&quot;,&quot;title&quot;:&quot;&quot;,&quot;orientation&quot;:&quot;0&quot;}\" data-image-title=\"polacas2\" data-image-description=\"\" data-image-caption=\"\" data-medium-file=\"https:\/\/www.grieta.org.mx\/wp-content\/uploads\/2019\/12\/polacas2.jpg\" data-large-file=\"https:\/\/www.grieta.org.mx\/wp-content\/uploads\/2019\/12\/polacas2.jpg\" class=\"aligncenter size-full wp-image-42632\" src=\"http:\/\/www.grieta.org.mx\/wp-content\/uploads\/2019\/12\/polacas2.jpg\" alt=\"\" width=\"300\" height=\"300\" srcset=\"https:\/\/www.grieta.org.mx\/wp-content\/uploads\/2019\/12\/polacas2.jpg 300w, https:\/\/www.grieta.org.mx\/wp-content\/uploads\/2019\/12\/polacas2-150x150.jpg 150w, https:\/\/www.grieta.org.mx\/wp-content\/uploads\/2019\/12\/polacas2-130x130.jpg 130w\" sizes=\"auto, (max-width: 300px) 100vw, 300px\" \/><\/p>\n<p><img loading=\"lazy\" decoding=\"async\" data-attachment-id=\"42633\" data-permalink=\"https:\/\/www.grieta.org.mx\/index.php\/2019\/12\/14\/protesta-grafica-en-ciencias-politicas-las-paredes-se-limpian-ellas-no-vuelven-ciudad-de-mexico\/polacas3\/\" data-orig-file=\"https:\/\/www.grieta.org.mx\/wp-content\/uploads\/2019\/12\/polacas3.jpg\" data-orig-size=\"300,300\" data-comments-opened=\"0\" data-image-meta=\"{&quot;aperture&quot;:&quot;0&quot;,&quot;credit&quot;:&quot;&quot;,&quot;camera&quot;:&quot;&quot;,&quot;caption&quot;:&quot;&quot;,&quot;created_timestamp&quot;:&quot;0&quot;,&quot;copyright&quot;:&quot;&quot;,&quot;focal_length&quot;:&quot;0&quot;,&quot;iso&quot;:&quot;0&quot;,&quot;shutter_speed&quot;:&quot;0&quot;,&quot;title&quot;:&quot;&quot;,&quot;orientation&quot;:&quot;0&quot;}\" data-image-title=\"polacas3\" data-image-description=\"\" data-image-caption=\"\" data-medium-file=\"https:\/\/www.grieta.org.mx\/wp-content\/uploads\/2019\/12\/polacas3.jpg\" data-large-file=\"https:\/\/www.grieta.org.mx\/wp-content\/uploads\/2019\/12\/polacas3.jpg\" class=\"aligncenter size-full wp-image-42633\" src=\"http:\/\/www.grieta.org.mx\/wp-content\/uploads\/2019\/12\/polacas3.jpg\" alt=\"\" width=\"300\" height=\"300\" srcset=\"https:\/\/www.grieta.org.mx\/wp-content\/uploads\/2019\/12\/polacas3.jpg 300w, https:\/\/www.grieta.org.mx\/wp-content\/uploads\/2019\/12\/polacas3-150x150.jpg 150w, https:\/\/www.grieta.org.mx\/wp-content\/uploads\/2019\/12\/polacas3-130x130.jpg 130w\" sizes=\"auto, (max-width: 300px) 100vw, 300px\" \/><\/p>\n<p><img loading=\"lazy\" decoding=\"async\" data-attachment-id=\"42634\" data-permalink=\"https:\/\/www.grieta.org.mx\/index.php\/2019\/12\/14\/protesta-grafica-en-ciencias-politicas-las-paredes-se-limpian-ellas-no-vuelven-ciudad-de-mexico\/polacas4\/\" data-orig-file=\"https:\/\/www.grieta.org.mx\/wp-content\/uploads\/2019\/12\/polacas4.jpg\" data-orig-size=\"300,300\" data-comments-opened=\"0\" data-image-meta=\"{&quot;aperture&quot;:&quot;0&quot;,&quot;credit&quot;:&quot;&quot;,&quot;camera&quot;:&quot;&quot;,&quot;caption&quot;:&quot;&quot;,&quot;created_timestamp&quot;:&quot;0&quot;,&quot;copyright&quot;:&quot;&quot;,&quot;focal_length&quot;:&quot;0&quot;,&quot;iso&quot;:&quot;0&quot;,&quot;shutter_speed&quot;:&quot;0&quot;,&quot;title&quot;:&quot;&quot;,&quot;orientation&quot;:&quot;0&quot;}\" data-image-title=\"polacas4\" data-image-description=\"\" data-image-caption=\"\" data-medium-file=\"https:\/\/www.grieta.org.mx\/wp-content\/uploads\/2019\/12\/polacas4.jpg\" data-large-file=\"https:\/\/www.grieta.org.mx\/wp-content\/uploads\/2019\/12\/polacas4.jpg\" class=\"aligncenter size-full wp-image-42634\" src=\"http:\/\/www.grieta.org.mx\/wp-content\/uploads\/2019\/12\/polacas4.jpg\" alt=\"\" width=\"300\" height=\"300\" srcset=\"https:\/\/www.grieta.org.mx\/wp-content\/uploads\/2019\/12\/polacas4.jpg 300w, https:\/\/www.grieta.org.mx\/wp-content\/uploads\/2019\/12\/polacas4-150x150.jpg 150w, https:\/\/www.grieta.org.mx\/wp-content\/uploads\/2019\/12\/polacas4-130x130.jpg 130w\" sizes=\"auto, (max-width: 300px) 100vw, 300px\" \/><\/p>\n<p><img loading=\"lazy\" decoding=\"async\" data-attachment-id=\"42635\" data-permalink=\"https:\/\/www.grieta.org.mx\/index.php\/2019\/12\/14\/protesta-grafica-en-ciencias-politicas-las-paredes-se-limpian-ellas-no-vuelven-ciudad-de-mexico\/polacas5\/\" data-orig-file=\"https:\/\/www.grieta.org.mx\/wp-content\/uploads\/2019\/12\/polacas5.jpg\" data-orig-size=\"300,300\" data-comments-opened=\"0\" data-image-meta=\"{&quot;aperture&quot;:&quot;0&quot;,&quot;credit&quot;:&quot;&quot;,&quot;camera&quot;:&quot;&quot;,&quot;caption&quot;:&quot;&quot;,&quot;created_timestamp&quot;:&quot;0&quot;,&quot;copyright&quot;:&quot;&quot;,&quot;focal_length&quot;:&quot;0&quot;,&quot;iso&quot;:&quot;0&quot;,&quot;shutter_speed&quot;:&quot;0&quot;,&quot;title&quot;:&quot;&quot;,&quot;orientation&quot;:&quot;0&quot;}\" data-image-title=\"polacas5\" data-image-description=\"\" data-image-caption=\"\" data-medium-file=\"https:\/\/www.grieta.org.mx\/wp-content\/uploads\/2019\/12\/polacas5.jpg\" data-large-file=\"https:\/\/www.grieta.org.mx\/wp-content\/uploads\/2019\/12\/polacas5.jpg\" class=\"aligncenter size-full wp-image-42635\" src=\"http:\/\/www.grieta.org.mx\/wp-content\/uploads\/2019\/12\/polacas5.jpg\" alt=\"\" width=\"300\" height=\"300\" srcset=\"https:\/\/www.grieta.org.mx\/wp-content\/uploads\/2019\/12\/polacas5.jpg 300w, https:\/\/www.grieta.org.mx\/wp-content\/uploads\/2019\/12\/polacas5-150x150.jpg 150w, https:\/\/www.grieta.org.mx\/wp-content\/uploads\/2019\/12\/polacas5-130x130.jpg 130w\" sizes=\"auto, (max-width: 300px) 100vw, 300px\" \/><\/p>\n<p><img loading=\"lazy\" decoding=\"async\" data-attachment-id=\"42636\" data-permalink=\"https:\/\/www.grieta.org.mx\/index.php\/2019\/12\/14\/protesta-grafica-en-ciencias-politicas-las-paredes-se-limpian-ellas-no-vuelven-ciudad-de-mexico\/polacas6\/\" data-orig-file=\"https:\/\/www.grieta.org.mx\/wp-content\/uploads\/2019\/12\/polacas6.jpg\" data-orig-size=\"300,300\" data-comments-opened=\"0\" data-image-meta=\"{&quot;aperture&quot;:&quot;0&quot;,&quot;credit&quot;:&quot;&quot;,&quot;camera&quot;:&quot;&quot;,&quot;caption&quot;:&quot;&quot;,&quot;created_timestamp&quot;:&quot;0&quot;,&quot;copyright&quot;:&quot;&quot;,&quot;focal_length&quot;:&quot;0&quot;,&quot;iso&quot;:&quot;0&quot;,&quot;shutter_speed&quot;:&quot;0&quot;,&quot;title&quot;:&quot;&quot;,&quot;orientation&quot;:&quot;0&quot;}\" data-image-title=\"polacas6\" data-image-description=\"\" data-image-caption=\"\" data-medium-file=\"https:\/\/www.grieta.org.mx\/wp-content\/uploads\/2019\/12\/polacas6.jpg\" data-large-file=\"https:\/\/www.grieta.org.mx\/wp-content\/uploads\/2019\/12\/polacas6.jpg\" class=\"aligncenter size-full wp-image-42636\" src=\"http:\/\/www.grieta.org.mx\/wp-content\/uploads\/2019\/12\/polacas6.jpg\" alt=\"\" width=\"300\" height=\"300\" srcset=\"https:\/\/www.grieta.org.mx\/wp-content\/uploads\/2019\/12\/polacas6.jpg 300w, https:\/\/www.grieta.org.mx\/wp-content\/uploads\/2019\/12\/polacas6-150x150.jpg 150w, https:\/\/www.grieta.org.mx\/wp-content\/uploads\/2019\/12\/polacas6-130x130.jpg 130w\" sizes=\"auto, (max-width: 300px) 100vw, 300px\" \/><\/p>\n<p><img loading=\"lazy\" decoding=\"async\" data-attachment-id=\"42637\" data-permalink=\"https:\/\/www.grieta.org.mx\/index.php\/2019\/12\/14\/protesta-grafica-en-ciencias-politicas-las-paredes-se-limpian-ellas-no-vuelven-ciudad-de-mexico\/polacas7\/\" data-orig-file=\"https:\/\/www.grieta.org.mx\/wp-content\/uploads\/2019\/12\/polacas7.jpg\" data-orig-size=\"300,300\" data-comments-opened=\"0\" data-image-meta=\"{&quot;aperture&quot;:&quot;0&quot;,&quot;credit&quot;:&quot;&quot;,&quot;camera&quot;:&quot;&quot;,&quot;caption&quot;:&quot;&quot;,&quot;created_timestamp&quot;:&quot;0&quot;,&quot;copyright&quot;:&quot;&quot;,&quot;focal_length&quot;:&quot;0&quot;,&quot;iso&quot;:&quot;0&quot;,&quot;shutter_speed&quot;:&quot;0&quot;,&quot;title&quot;:&quot;&quot;,&quot;orientation&quot;:&quot;0&quot;}\" data-image-title=\"polacas7\" data-image-description=\"\" data-image-caption=\"\" data-medium-file=\"https:\/\/www.grieta.org.mx\/wp-content\/uploads\/2019\/12\/polacas7.jpg\" data-large-file=\"https:\/\/www.grieta.org.mx\/wp-content\/uploads\/2019\/12\/polacas7.jpg\" class=\"aligncenter size-full wp-image-42637\" src=\"http:\/\/www.grieta.org.mx\/wp-content\/uploads\/2019\/12\/polacas7.jpg\" alt=\"\" width=\"300\" height=\"300\" srcset=\"https:\/\/www.grieta.org.mx\/wp-content\/uploads\/2019\/12\/polacas7.jpg 300w, https:\/\/www.grieta.org.mx\/wp-content\/uploads\/2019\/12\/polacas7-150x150.jpg 150w, https:\/\/www.grieta.org.mx\/wp-content\/uploads\/2019\/12\/polacas7-130x130.jpg 130w\" sizes=\"auto, (max-width: 300px) 100vw, 300px\" \/><\/p>\n<p><img loading=\"lazy\" decoding=\"async\" data-attachment-id=\"42638\" data-permalink=\"https:\/\/www.grieta.org.mx\/index.php\/2019\/12\/14\/protesta-grafica-en-ciencias-politicas-las-paredes-se-limpian-ellas-no-vuelven-ciudad-de-mexico\/polacas8\/\" data-orig-file=\"https:\/\/www.grieta.org.mx\/wp-content\/uploads\/2019\/12\/polacas8.jpg\" data-orig-size=\"300,300\" data-comments-opened=\"0\" data-image-meta=\"{&quot;aperture&quot;:&quot;0&quot;,&quot;credit&quot;:&quot;&quot;,&quot;camera&quot;:&quot;&quot;,&quot;caption&quot;:&quot;&quot;,&quot;created_timestamp&quot;:&quot;0&quot;,&quot;copyright&quot;:&quot;&quot;,&quot;focal_length&quot;:&quot;0&quot;,&quot;iso&quot;:&quot;0&quot;,&quot;shutter_speed&quot;:&quot;0&quot;,&quot;title&quot;:&quot;&quot;,&quot;orientation&quot;:&quot;0&quot;}\" data-image-title=\"polacas8\" data-image-description=\"\" data-image-caption=\"\" data-medium-file=\"https:\/\/www.grieta.org.mx\/wp-content\/uploads\/2019\/12\/polacas8.jpg\" data-large-file=\"https:\/\/www.grieta.org.mx\/wp-content\/uploads\/2019\/12\/polacas8.jpg\" class=\"aligncenter size-full wp-image-42638\" src=\"http:\/\/www.grieta.org.mx\/wp-content\/uploads\/2019\/12\/polacas8.jpg\" alt=\"\" width=\"300\" height=\"300\" srcset=\"https:\/\/www.grieta.org.mx\/wp-content\/uploads\/2019\/12\/polacas8.jpg 300w, https:\/\/www.grieta.org.mx\/wp-content\/uploads\/2019\/12\/polacas8-150x150.jpg 150w, https:\/\/www.grieta.org.mx\/wp-content\/uploads\/2019\/12\/polacas8-130x130.jpg 130w\" sizes=\"auto, (max-width: 300px) 100vw, 300px\" \/><\/p>\n<p><img loading=\"lazy\" decoding=\"async\" data-attachment-id=\"42639\" data-permalink=\"https:\/\/www.grieta.org.mx\/index.php\/2019\/12\/14\/protesta-grafica-en-ciencias-politicas-las-paredes-se-limpian-ellas-no-vuelven-ciudad-de-mexico\/polacas9\/\" data-orig-file=\"https:\/\/www.grieta.org.mx\/wp-content\/uploads\/2019\/12\/polacas9.jpg\" data-orig-size=\"300,300\" data-comments-opened=\"0\" data-image-meta=\"{&quot;aperture&quot;:&quot;0&quot;,&quot;credit&quot;:&quot;&quot;,&quot;camera&quot;:&quot;&quot;,&quot;caption&quot;:&quot;&quot;,&quot;created_timestamp&quot;:&quot;0&quot;,&quot;copyright&quot;:&quot;&quot;,&quot;focal_length&quot;:&quot;0&quot;,&quot;iso&quot;:&quot;0&quot;,&quot;shutter_speed&quot;:&quot;0&quot;,&quot;title&quot;:&quot;&quot;,&quot;orientation&quot;:&quot;0&quot;}\" data-image-title=\"polacas9\" data-image-description=\"\" data-image-caption=\"\" data-medium-file=\"https:\/\/www.grieta.org.mx\/wp-content\/uploads\/2019\/12\/polacas9.jpg\" data-large-file=\"https:\/\/www.grieta.org.mx\/wp-content\/uploads\/2019\/12\/polacas9.jpg\" class=\"aligncenter size-full wp-image-42639\" src=\"http:\/\/www.grieta.org.mx\/wp-content\/uploads\/2019\/12\/polacas9.jpg\" alt=\"\" width=\"300\" height=\"300\" srcset=\"https:\/\/www.grieta.org.mx\/wp-content\/uploads\/2019\/12\/polacas9.jpg 300w, https:\/\/www.grieta.org.mx\/wp-content\/uploads\/2019\/12\/polacas9-150x150.jpg 150w, https:\/\/www.grieta.org.mx\/wp-content\/uploads\/2019\/12\/polacas9-130x130.jpg 130w\" sizes=\"auto, (max-width: 300px) 100vw, 300px\" \/><\/p>\n<p><img loading=\"lazy\" decoding=\"async\" data-attachment-id=\"42640\" data-permalink=\"https:\/\/www.grieta.org.mx\/index.php\/2019\/12\/14\/protesta-grafica-en-ciencias-politicas-las-paredes-se-limpian-ellas-no-vuelven-ciudad-de-mexico\/polacas10\/\" data-orig-file=\"https:\/\/www.grieta.org.mx\/wp-content\/uploads\/2019\/12\/polacas10.jpg\" data-orig-size=\"300,300\" data-comments-opened=\"0\" data-image-meta=\"{&quot;aperture&quot;:&quot;0&quot;,&quot;credit&quot;:&quot;&quot;,&quot;camera&quot;:&quot;&quot;,&quot;caption&quot;:&quot;&quot;,&quot;created_timestamp&quot;:&quot;0&quot;,&quot;copyright&quot;:&quot;&quot;,&quot;focal_length&quot;:&quot;0&quot;,&quot;iso&quot;:&quot;0&quot;,&quot;shutter_speed&quot;:&quot;0&quot;,&quot;title&quot;:&quot;&quot;,&quot;orientation&quot;:&quot;0&quot;}\" data-image-title=\"polacas10\" data-image-description=\"\" data-image-caption=\"\" data-medium-file=\"https:\/\/www.grieta.org.mx\/wp-content\/uploads\/2019\/12\/polacas10.jpg\" data-large-file=\"https:\/\/www.grieta.org.mx\/wp-content\/uploads\/2019\/12\/polacas10.jpg\" class=\"aligncenter size-full wp-image-42640\" src=\"http:\/\/www.grieta.org.mx\/wp-content\/uploads\/2019\/12\/polacas10.jpg\" alt=\"\" width=\"300\" height=\"300\" srcset=\"https:\/\/www.grieta.org.mx\/wp-content\/uploads\/2019\/12\/polacas10.jpg 300w, https:\/\/www.grieta.org.mx\/wp-content\/uploads\/2019\/12\/polacas10-150x150.jpg 150w, https:\/\/www.grieta.org.mx\/wp-content\/uploads\/2019\/12\/polacas10-130x130.jpg 130w\" sizes=\"auto, (max-width: 300px) 100vw, 300px\" \/><\/p>\n<p>Una protesta gr\u00e1fica contra la ineficacia de las autoridades de la Universidad Nacional Aut\u00f3noma de M\u00e9xico que arranca con una frase terrible, como terrible es el problema: \u201cNos quitaron tanto que nos quitaron el miedo\u201d.<\/p>\n<p>Aulas, ba\u00f1os y pasillos son algunos de los espacios intervenidos con murales, consignas tipo graffiti, cartulinas con largas listas de los presuntos agresores y fotocopias de fotograf\u00edas de \u00e9stos acompa\u00f1adas por sus nombres y apellidos, as\u00ed como una breve descripci\u00f3n del tipo de violencia que habr\u00edan ejercido.<\/p>\n<p>Si bien este tipo de manifestaciones son comunes en esta Facultad, \u00e9stas se incrementaron desde el paro de actividades iniciado el 5 de noviembre y prologado durante 10 d\u00edas por colectivas feministas.<\/p>\n<p>Ante la presi\u00f3n de las estudiantes, la direcci\u00f3n de la escuela, a cargo de la doctora Ang\u00e9lica Cu\u00e9llar, comunic\u00f3 que se van a \u201crespetar las expresiones gr\u00e1ficas de la Asamblea [Separatista] hasta que se realicen los trabajos de mantenimiento durante el periodo vacacional\u201d.<\/p>\n<p>Aunque se limpien las paredes, las mujeres v\u00edctimas de feminicidio no volver\u00e1n, recuerda una pinta. El da\u00f1o ejercido por la violencia machista est\u00e1 hecho y las voces de denuncia, afirman, no se callar\u00e1n.<\/p>\n<p><a href=\"https:\/\/www.contralinea.com.mx\/archivo-revista\/2019\/12\/14\/protesta-grafica-en-ciencias-politicas-las-paredes-se-limpian-ellas-no-vuelven\/\" target=\"_blank\" rel=\"noopener noreferrer\">https:\/\/www.contralinea.com.mx\/archivo-revista\/2019\/12\/14\/protesta-grafica-en-ciencias-politicas-las-paredes-se-limpian-ellas-no-vuelven\/<\/a><\/p>\n","protected":false},"excerpt":{"rendered":"<p>Marcial Yangali \/ Contral\u00ednea En las paredes de la Facultad de Ciencias Pol\u00edticas y Sociales de Ciudad Universitaria se alberga un reclamo generalizado contra la violencia sexual y de g\u00e9nero &hellip; <a href=\"https:\/\/www.grieta.org.mx\/index.php\/2019\/12\/14\/protesta-grafica-en-ciencias-politicas-las-paredes-se-limpian-ellas-no-vuelven-ciudad-de-mexico\/\" class=\"more-link\">Leer m\u00e1s<\/a><\/p>\n","protected":false},"author":2,"featured_media":42630,"comment_status":"closed","ping_status":"closed","sticky":false,"template":"","format":"standard","meta":{"ngg_post_thumbnail":0,"_jetpack_newsletter_access":"","_jetpack_dont_email_post_to_subs":false,"_jetpack_newsletter_tier_id":0,"_jetpack_memberships_contains_paywalled_content":false,"_jetpack_memberships_contains_paid_content":false,"footnotes":""},"categories":[80,14,916,2958,84,1141,1670,2,83,1823,2388],"tags":[2566,2683,81,1565,1165,1630],"class_list":["post-42629","post","type-post","status-publish","format-standard","has-post-thumbnail","hentry","category-cintillo","category-ciudad-de-mexico","category-privatizacion-del-la-educacion-publica","category-crisis-de-la-educacion-publica-en-la-ciudad-de-mexico","category-feminicidios","category-feminicidios-en-la-ciudad-de-mexico","category-movilizaciones-y-protestas-de-estudiantes-de-la-ciudad-de-mexico","category-noticias-nacionales","category-temas-nacionales","category-violencia-contra-estudiantes","category-violencia-contra-las-mujeres-en-la-ciudad-de-mexico","tag-crisis-en-el-sistema-educativo","tag-estudiantes-organizados","tag-feminicidios","tag-violencia-contra-estudiantes","tag-violencia-contra-jovenes","tag-violencia-contra-las-mujeres","entry"],"jetpack_featured_media_url":"https:\/\/www.grieta.org.mx\/wp-content\/uploads\/2019\/12\/Protesta-gr\u00e1fica-en-Ciencias-Pol\u00edticas-las-paredes-se-limpian-ellas-no-vuelven-cdmx-dic.jpg","jetpack_sharing_enabled":true,"jetpack_shortlink":"https:\/\/wp.me\/p7ZJR4-b5z","jetpack_likes_enabled":false,"jetpack-related-posts":[{"id":40137,"url":"https:\/\/www.grieta.org.mx\/index.php\/2019\/10\/11\/alumnos-de-la-unam-marchan-contra-violencia-de-genero-y-porros-ciudad-de-mexico\/","url_meta":{"origin":42629,"position":0},"title":"Alumnos de la UNAM marchan contra violencia de g\u00e9nero y porros (Ciudad de M\u00e9xico)","author":"grieta","date":"11 octubre, 2019","format":false,"excerpt":"El Heraldo de M\u00e9xico La movilizaci\u00f3n de estudiantes recorri\u00f3 algunas de las facultades de la Universidad Nacional, para posteriormente desplazarse sobre avenida Insurgentes Sur Estudiantes de la Facultad de Ciencias Pol\u00edticas y Sociales de la Universidad Nacional Aut\u00f3noma de M\u00e9xico (UNAM) realizaron este viernes una marcha en contra de la\u2026","rel":"","context":"En &quot;CINTILLO&quot;","block_context":{"text":"CINTILLO","link":"https:\/\/www.grieta.org.mx\/index.php\/category\/cintillo\/"},"img":{"alt_text":"","src":"https:\/\/i0.wp.com\/www.grieta.org.mx\/wp-content\/uploads\/2019\/10\/Alumnos-de-la-UNAM-marchan-contra-violencia-de-g%C3%A9nero-y-porros-oct-cdmx.jpg?resize=350%2C200&ssl=1","width":350,"height":200,"srcset":"https:\/\/i0.wp.com\/www.grieta.org.mx\/wp-content\/uploads\/2019\/10\/Alumnos-de-la-UNAM-marchan-contra-violencia-de-g%C3%A9nero-y-porros-oct-cdmx.jpg?resize=350%2C200&ssl=1 1x, https:\/\/i0.wp.com\/www.grieta.org.mx\/wp-content\/uploads\/2019\/10\/Alumnos-de-la-UNAM-marchan-contra-violencia-de-g%C3%A9nero-y-porros-oct-cdmx.jpg?resize=525%2C300&ssl=1 1.5x"},"classes":[]},{"id":43996,"url":"https:\/\/www.grieta.org.mx\/index.php\/2020\/02\/06\/entregan-cch-vallejo-tras-dos-dias-de-paro-ciudad-de-mexico\/","url_meta":{"origin":42629,"position":1},"title":"Entregan CCH Vallejo tras dos d\u00edas de paro (Ciudad de M\u00e9xico)","author":"grieta","date":"6 febrero, 2020","format":false,"excerpt":"El martes pasado, un grupo de alumnos decidi\u00f3 realizar un paro de labores. Foto: Cuartoscuro\/Archivo Notimex Las actividades acad\u00e9micas y administrativas se reanudar\u00e1n ma\u00f1ana viernes 7 en los horarios acostumbrados CIUDAD DE M\u00c9XICO. La Universidad Nacional Aut\u00f3noma de M\u00e9xico inform\u00f3 que esta tarde fueron entregadas a las autoridades las instalaciones\u2026","rel":"","context":"En &quot;CINTILLO&quot;","block_context":{"text":"CINTILLO","link":"https:\/\/www.grieta.org.mx\/index.php\/category\/cintillo\/"},"img":{"alt_text":"","src":"https:\/\/i0.wp.com\/www.grieta.org.mx\/wp-content\/uploads\/2020\/02\/Entregan-CCH-Vallejo-tras-dos-d%C3%ADas-de-paro-cdmx-feb.jpg?resize=350%2C200&ssl=1","width":350,"height":200,"srcset":"https:\/\/i0.wp.com\/www.grieta.org.mx\/wp-content\/uploads\/2020\/02\/Entregan-CCH-Vallejo-tras-dos-d%C3%ADas-de-paro-cdmx-feb.jpg?resize=350%2C200&ssl=1 1x, https:\/\/i0.wp.com\/www.grieta.org.mx\/wp-content\/uploads\/2020\/02\/Entregan-CCH-Vallejo-tras-dos-d%C3%ADas-de-paro-cdmx-feb.jpg?resize=525%2C300&ssl=1 1.5x"},"classes":[]},{"id":43859,"url":"https:\/\/www.grieta.org.mx\/index.php\/2020\/01\/31\/por-violencia-sexual-y-criminalizacion-paro-de-actividades-en-siete-escuelas-de-la-unam-ciudad-de-mexico\/","url_meta":{"origin":42629,"position":2},"title":"Por violencia sexual y criminalizaci\u00f3n, paro de actividades en siete escuelas de la UNAM (Ciudad de M\u00e9xico)","author":"grieta","date":"31 enero, 2020","format":false,"excerpt":"Contral\u00ednea Cuatro escuelas de la Universidad Nacional Aut\u00f3noma de M\u00e9xico se sumaron a los paros de actividades en demanda de soluci\u00f3n a la violencia sexual de g\u00e9nero que se padece en los recintos universitarios y del cese a la criminalizaci\u00f3n contra el movimiento feminista que reivindica el derecho de las\u2026","rel":"","context":"En &quot;CINTILLO&quot;","block_context":{"text":"CINTILLO","link":"https:\/\/www.grieta.org.mx\/index.php\/category\/cintillo\/"},"img":{"alt_text":"","src":"https:\/\/i0.wp.com\/www.grieta.org.mx\/wp-content\/uploads\/2020\/02\/Por-violencia-sexual-y-criminalizaci%C3%B3n-paro-de-actividades-en-siete-escuelas-de-la-UNAM-cdmx-ene.jpeg?resize=350%2C200&ssl=1","width":350,"height":200,"srcset":"https:\/\/i0.wp.com\/www.grieta.org.mx\/wp-content\/uploads\/2020\/02\/Por-violencia-sexual-y-criminalizaci%C3%B3n-paro-de-actividades-en-siete-escuelas-de-la-UNAM-cdmx-ene.jpeg?resize=350%2C200&ssl=1 1x, https:\/\/i0.wp.com\/www.grieta.org.mx\/wp-content\/uploads\/2020\/02\/Por-violencia-sexual-y-criminalizaci%C3%B3n-paro-de-actividades-en-siete-escuelas-de-la-UNAM-cdmx-ene.jpeg?resize=525%2C300&ssl=1 1.5x"},"classes":[]},{"id":43881,"url":"https:\/\/www.grieta.org.mx\/index.php\/2020\/01\/30\/unam-estudiantes-toman-la-fcpys-en-solidaridad-con-otros-planteles-ciudad-de-mexico\/","url_meta":{"origin":42629,"position":3},"title":"UNAM: ESTUDIANTES TOMAN LA FCPYS EN SOLIDARIDAD CON OTROS PLANTELES (Ciudad de M\u00e9xico)","author":"grieta","date":"30 enero, 2020","format":false,"excerpt":"Reporte \u00cdndigo \u201cMujeres Organizadas\u201d inform\u00f3 que la Facultad \u201cpermanecer\u00e1 cerrada hasta que se resuelvan satisfactoriamente todas las demandas de todos lo planteles\u201d. Un grupo de estudiantes tom\u00f3 las instalaciones de la Facultad de Ciencias Pol\u00edticas y Sociales (FCPyS) de la Universidad Nacional Aut\u00f3noma de M\u00e9xico (UNAM). \u201cMujeres Organizadas\u201d inform\u00f3 que\u2026","rel":"","context":"En &quot;CINTILLO&quot;","block_context":{"text":"CINTILLO","link":"https:\/\/www.grieta.org.mx\/index.php\/category\/cintillo\/"},"img":{"alt_text":"","src":"https:\/\/i0.wp.com\/www.grieta.org.mx\/wp-content\/uploads\/2020\/02\/UNAM-ESTUDIANTES-TOMAN-LA-FCPYS-EN-SOLIDARIDAD-CON-OTROS-PLANTELES-cdmx-feb.jpg?resize=350%2C200&ssl=1","width":350,"height":200,"srcset":"https:\/\/i0.wp.com\/www.grieta.org.mx\/wp-content\/uploads\/2020\/02\/UNAM-ESTUDIANTES-TOMAN-LA-FCPYS-EN-SOLIDARIDAD-CON-OTROS-PLANTELES-cdmx-feb.jpg?resize=350%2C200&ssl=1 1x, https:\/\/i0.wp.com\/www.grieta.org.mx\/wp-content\/uploads\/2020\/02\/UNAM-ESTUDIANTES-TOMAN-LA-FCPYS-EN-SOLIDARIDAD-CON-OTROS-PLANTELES-cdmx-feb.jpg?resize=525%2C300&ssl=1 1.5x, https:\/\/i0.wp.com\/www.grieta.org.mx\/wp-content\/uploads\/2020\/02\/UNAM-ESTUDIANTES-TOMAN-LA-FCPYS-EN-SOLIDARIDAD-CON-OTROS-PLANTELES-cdmx-feb.jpg?resize=700%2C400&ssl=1 2x"},"classes":[]},{"id":43683,"url":"https:\/\/www.grieta.org.mx\/index.php\/2020\/01\/28\/profesores-de-ffyl-rechazan-evaluar-como-medida-de-presion-contra-paristas-ciudad-de-mexico\/","url_meta":{"origin":42629,"position":4},"title":"Profesores de FFyL rechazan evaluar como medida de presi\u00f3n contra paristas (Ciudad de M\u00e9xico)","author":"grieta","date":"28 enero, 2020","format":false,"excerpt":"Revista Consideraciones Distintas profesoras y profesores de la Facultad de Filosof\u00eda y Letras de la UNAM, se reunieron en asamblea para discutir el acuerdo aprobado por el Consejo T\u00e9cnico de la FFyL, en el sentido de llevar acabo la evaluaci\u00f3n del semestre 2020-1 entre el 27 de enero y el\u2026","rel":"","context":"En &quot;CINTILLO&quot;","block_context":{"text":"CINTILLO","link":"https:\/\/www.grieta.org.mx\/index.php\/category\/cintillo\/"},"img":{"alt_text":"","src":"https:\/\/i0.wp.com\/www.grieta.org.mx\/wp-content\/uploads\/2020\/01\/Profesores-de-FFyL-rechazan-evaluar-como-medida-de-presi%C3%B3n-contra-paristas-cdmx-ene.jpeg?resize=350%2C200&ssl=1","width":350,"height":200,"srcset":"https:\/\/i0.wp.com\/www.grieta.org.mx\/wp-content\/uploads\/2020\/01\/Profesores-de-FFyL-rechazan-evaluar-como-medida-de-presi%C3%B3n-contra-paristas-cdmx-ene.jpeg?resize=350%2C200&ssl=1 1x, https:\/\/i0.wp.com\/www.grieta.org.mx\/wp-content\/uploads\/2020\/01\/Profesores-de-FFyL-rechazan-evaluar-como-medida-de-presi%C3%B3n-contra-paristas-cdmx-ene.jpeg?resize=525%2C300&ssl=1 1.5x, https:\/\/i0.wp.com\/www.grieta.org.mx\/wp-content\/uploads\/2020\/01\/Profesores-de-FFyL-rechazan-evaluar-como-medida-de-presi%C3%B3n-contra-paristas-cdmx-ene.jpeg?resize=700%2C400&ssl=1 2x, https:\/\/i0.wp.com\/www.grieta.org.mx\/wp-content\/uploads\/2020\/01\/Profesores-de-FFyL-rechazan-evaluar-como-medida-de-presi%C3%B3n-contra-paristas-cdmx-ene.jpeg?resize=1050%2C600&ssl=1 3x, https:\/\/i0.wp.com\/www.grieta.org.mx\/wp-content\/uploads\/2020\/01\/Profesores-de-FFyL-rechazan-evaluar-como-medida-de-presi%C3%B3n-contra-paristas-cdmx-ene.jpeg?resize=1400%2C800&ssl=1 4x"},"classes":[]},{"id":44006,"url":"https:\/\/www.grieta.org.mx\/index.php\/2020\/02\/06\/suman-16-escuelas-de-la-unam-en-paro-ciudad-de-mexico\/","url_meta":{"origin":42629,"position":5},"title":"Suman 16 escuelas de la UNAM en paro (Ciudad de M\u00e9xico)","author":"grieta","date":"6 febrero, 2020","format":false,"excerpt":"Foto: Archivo El Universal Teresa Moreno \/ El Universal Hoy se entreg\u00f3 CCH Vallejo, pero el plantel Oriente va a paro de 72 horas; mientras en Prepa 9, paristas nuevamente impidieron el paso de la directora Gabriela Mart\u00ednez, quien llevaba la respuesta a su pliego petitorio que envi\u00f3 el rector\u2026","rel":"","context":"En &quot;CINTILLO&quot;","block_context":{"text":"CINTILLO","link":"https:\/\/www.grieta.org.mx\/index.php\/category\/cintillo\/"},"img":{"alt_text":"","src":"https:\/\/i0.wp.com\/www.grieta.org.mx\/wp-content\/uploads\/2020\/02\/UNAM_-suman-16-escuelas-en-paro-cdmx-feb.jpg?resize=350%2C200","width":350,"height":200},"classes":[]}],"_links":{"self":[{"href":"https:\/\/www.grieta.org.mx\/index.php\/wp-json\/wp\/v2\/posts\/42629","targetHints":{"allow":["GET"]}}],"collection":[{"href":"https:\/\/www.grieta.org.mx\/index.php\/wp-json\/wp\/v2\/posts"}],"about":[{"href":"https:\/\/www.grieta.org.mx\/index.php\/wp-json\/wp\/v2\/types\/post"}],"author":[{"embeddable":true,"href":"https:\/\/www.grieta.org.mx\/index.php\/wp-json\/wp\/v2\/users\/2"}],"replies":[{"embeddable":true,"href":"https:\/\/www.grieta.org.mx\/index.php\/wp-json\/wp\/v2\/comments?post=42629"}],"version-history":[{"count":1,"href":"https:\/\/www.grieta.org.mx\/index.php\/wp-json\/wp\/v2\/posts\/42629\/revisions"}],"predecessor-version":[{"id":42641,"href":"https:\/\/www.grieta.org.mx\/index.php\/wp-json\/wp\/v2\/posts\/42629\/revisions\/42641"}],"wp:featuredmedia":[{"embeddable":true,"href":"https:\/\/www.grieta.org.mx\/index.php\/wp-json\/wp\/v2\/media\/42630"}],"wp:attachment":[{"href":"https:\/\/www.grieta.org.mx\/index.php\/wp-json\/wp\/v2\/media?parent=42629"}],"wp:term":[{"taxonomy":"category","embeddable":true,"href":"https:\/\/www.grieta.org.mx\/index.php\/wp-json\/wp\/v2\/categories?post=42629"},{"taxonomy":"post_tag","embeddable":true,"href":"https:\/\/www.grieta.org.mx\/index.php\/wp-json\/wp\/v2\/tags?post=42629"}],"curies":[{"name":"wp","href":"https:\/\/api.w.org\/{rel}","templated":true}]}}