{"id":42497,"date":"2019-08-22T15:58:50","date_gmt":"2019-08-22T20:58:50","guid":{"rendered":"http:\/\/www.grieta.org.mx\/?p=42497"},"modified":"2019-12-26T16:05:58","modified_gmt":"2019-12-26T22:05:58","slug":"tajamar-sentencia-incumplida","status":"publish","type":"post","link":"https:\/\/www.grieta.org.mx\/index.php\/2019\/08\/22\/tajamar-sentencia-incumplida\/","title":{"rendered":"Tajamar, sentencia incumplida"},"content":{"rendered":"<p><img loading=\"lazy\" decoding=\"async\" data-attachment-id=\"42498\" data-permalink=\"https:\/\/www.grieta.org.mx\/index.php\/2019\/08\/22\/tajamar-sentencia-incumplida\/malecon-tajamar-1-900x570\/\" data-orig-file=\"https:\/\/www.grieta.org.mx\/wp-content\/uploads\/2019\/12\/malecon-tajamar-1-900x570-e1577397833470.jpg\" data-orig-size=\"800,507\" data-comments-opened=\"0\" data-image-meta=\"{&quot;aperture&quot;:&quot;0&quot;,&quot;credit&quot;:&quot;&quot;,&quot;camera&quot;:&quot;&quot;,&quot;caption&quot;:&quot;&quot;,&quot;created_timestamp&quot;:&quot;0&quot;,&quot;copyright&quot;:&quot;&quot;,&quot;focal_length&quot;:&quot;0&quot;,&quot;iso&quot;:&quot;0&quot;,&quot;shutter_speed&quot;:&quot;0&quot;,&quot;title&quot;:&quot;&quot;,&quot;orientation&quot;:&quot;0&quot;}\" data-image-title=\"malecon-tajamar-1-900&amp;#215;570\" data-image-description=\"\" data-image-caption=\"\" data-medium-file=\"https:\/\/www.grieta.org.mx\/wp-content\/uploads\/2019\/12\/malecon-tajamar-1-900x570-300x190.jpg\" data-large-file=\"https:\/\/www.grieta.org.mx\/wp-content\/uploads\/2019\/12\/malecon-tajamar-1-900x570-e1577397833470.jpg\" src=\"http:\/\/www.grieta.org.mx\/wp-content\/uploads\/2019\/12\/malecon-tajamar-1-900x570-e1577397833470.jpg\" alt=\"\" width=\"800\" height=\"507\" class=\"aligncenter size-full wp-image-42498\" \/><br \/>\nAdriana Varillas\/Radio Form\u00fala QR<\/p>\n<blockquote><p>Organizaciones civiles demandan que el gobierno federal destine recursos para financiar su restauraci\u00f3n<\/p><\/blockquote>\n<p>A poco m\u00e1s de dos a\u00f1os de que el Tercer Tribunal Colegiado de Circuito, orden\u00f3 a la Secretar\u00eda de Medio Ambiente y Recursos Naturales (Semarnat), rehabilitar de forma inmediata los humedales del Malec\u00f3n Tajamar, apenas el cinco de agosto pasado, un actuario de dicho \u00f3rgano, se par\u00f3 por el lugar.<\/p>\n<p>El auxiliar judicial fue acompa\u00f1ado por funcionarios de la Comisi\u00f3n Nacional de \u00c1reas Naturales Protegidas (Conanp), de la Comisi\u00f3n Nacional del Agua (Conagua), de la Comisi\u00f3n Nacional Forestal (Conafor) y de las Direcciones de Vida Silvestre y de Impacto Ambiental, para ver c\u00f3mo van a dar cumplimiento a la sentencia, dictada en junio del 2017, en la cual se proh\u00edbe adem\u00e1s que la Semarnat expida nuevos permisos para desarrollar el pol\u00edgono.<\/p>\n<p>Su presencia pudo haber tardado todav\u00eda m\u00e1s, si no fuese porque el Centro Mexicano de Derecho Ambiental (CEMDA), en representaci\u00f3n de la activista, Aracely Dom\u00ednguez y otras 13 ciudadanas, present\u00f3 un recurso de inconformidad por inejecuci\u00f3n de la sentencia.<\/p>\n<p>Ocurre que la Juez Tercero de Distrito hab\u00eda dado por cumplido el fallo del Tribunal Colegiado, indebidamente, haciendo eco de lo que la Semarnat y el Fonatur, le informaron, es decir, que el manglar se hab\u00eda recuperado solo.<\/p>\n<p>Nuevamente la sociedad civil tuvo que hacer el trabajo de la autoridad y demostrar que aquello era mentira y que no se hab\u00eda ejecutado ning\u00fan plan de acci\u00f3n para restaurar los humedales. El Tribunal, volvi\u00f3 a fallar a su favor y ahora ya no hay duda de que tienen que desarrollar una estrategia para recuperar ambientalmente el sitio.<\/p>\n<p>Durante el recorrido hecho, el actuario certific\u00f3 que si bien existen predios en donde la vegetaci\u00f3n y el propio humedal se ha restaurado de forma natural, otros puntos no lo han logrado, porque el manglar no s\u00f3lo fue ilegalmente desmontado, sino rellenado.<\/p>\n<p>Y digo ilegalmente, porque qued\u00f3 plenamente demostrado con la sentencia, que la autorizaci\u00f3n para urbanizar y lotificar el pol\u00edgono, se otorg\u00f3 as\u00ed, ilegalmente, pues el Fonatur ocult\u00f3 informaci\u00f3n sobre la calidad de los manglares ah\u00ed existentes y violent\u00f3 las condicionantes de la autorizaci\u00f3n que la Semarnat le otorg\u00f3 en julio del 2005 y en febrero de 2006, sin contar con que en repetidas ocasiones, la dependencia ambiental modific\u00f3 los t\u00e9rminos y restricciones para desarrollar ah\u00ed.<\/p>\n<p>De la visita y de los datos obtenidos, material fotogr\u00e1fico, an\u00e1lisis de calidad del agua, v\u00eddeos y dem\u00e1s evidencias, se espera el dise\u00f1o de un Plan de Rehabilitaci\u00f3n que debi\u00f3 estar listo desde hace dos a\u00f1os, o sea que ya van tarde.<\/p>\n<p>Con todo y esa tardanza, se dio a la Semarnat un plazo m\u00e1s de seis meses para iniciar con la restauraci\u00f3n y la restituci\u00f3n del manglar, entregando reportes mensuales de avances.<\/p>\n<p>Ahora, la demanda de las organizaciones civiles es que el gobierno federal destine, a trav\u00e9s del Proyecto de Presupuesto de Egresos, que debe presentar pr\u00f3ximamente al Congreso de la Uni\u00f3n, los recursos necesarios para financiar la estrategia de restauraci\u00f3n del humedal de Malec\u00f3n Tajamar, de lo contrario, todo quedar\u00e1 en el papel, justificando incumplimientos porque no hay dinero, pero s\u00ed voluntad, aunque tambi\u00e9n de papel.<\/p>\n<p><a href=\"https:\/\/radioformulaqr.com\/noticias\/opinion\/adriana-varillas\/tajamar-sentencia-incumplida\/\" rel=\"noopener noreferrer\" target=\"_blank\">https:\/\/radioformulaqr.com\/noticias\/opinion\/adriana-varillas\/tajamar-sentencia-incumplida\/<\/a><\/p>\n","protected":false},"excerpt":{"rendered":"<p>Adriana Varillas\/Radio Form\u00fala QR Organizaciones civiles demandan que el gobierno federal destine recursos para financiar su restauraci\u00f3n A poco m\u00e1s de dos a\u00f1os de que el Tercer Tribunal Colegiado de &hellip; <a href=\"https:\/\/www.grieta.org.mx\/index.php\/2019\/08\/22\/tajamar-sentencia-incumplida\/\" class=\"more-link\">Leer m\u00e1s<\/a><\/p>\n","protected":false},"author":2,"featured_media":42498,"comment_status":"closed","ping_status":"closed","sticky":false,"template":"","format":"standard","meta":{"ngg_post_thumbnail":0,"_jetpack_newsletter_access":"","_jetpack_dont_email_post_to_subs":false,"_jetpack_newsletter_tier_id":0,"_jetpack_memberships_contains_paywalled_content":false,"_jetpack_memberships_contains_paid_content":false,"footnotes":""},"categories":[80,2,1317,28],"tags":[223,356],"class_list":["post-42497","post","type-post","status-publish","format-standard","has-post-thumbnail","hentry","category-cintillo","category-noticias-nacionales","category-protestas-ante-devastacion-provocada-por-malecon-tajamar","category-quintana-roo","tag-ecocidio","tag-tajamar","entry"],"jetpack_featured_media_url":"https:\/\/www.grieta.org.mx\/wp-content\/uploads\/2019\/12\/malecon-tajamar-1-900x570-e1577397833470.jpg","jetpack_sharing_enabled":true,"jetpack_shortlink":"https:\/\/wp.me\/p7ZJR4-b3r","jetpack_likes_enabled":false,"jetpack-related-posts":[{"id":5094,"url":"https:\/\/www.grieta.org.mx\/index.php\/2015\/08\/09\/interponen-amparo-vs-malecon-tajamar\/","url_meta":{"origin":42497,"position":0},"title":"Interponen amparo vs Malec\u00f3n Tajamar","author":"grieta","date":"9 agosto, 2015","format":false,"excerpt":"Canc\u00fan, QR. El Centro Mexicano de Derecho Ambiental (Cemda) interpuso el pasado 31 de julio un amparo en contra de la autorizaci\u00f3n de la Manifestaci\u00f3n Impacto Ambiental (MIA) condicionada que la Secretar\u00eda de Medio Ambiente y Recursos Naturales (Semarnat) otorg\u00f3 en favor del Fondo Nacional de Fomento al Turismo (Fonatur)\u2026","rel":"","context":"En &quot;CINTILLO&quot;","block_context":{"text":"CINTILLO","link":"https:\/\/www.grieta.org.mx\/index.php\/category\/cintillo\/"},"img":{"alt_text":"","src":"https:\/\/i0.wp.com\/www.grieta.org.mx\/wp-content\/uploads\/2018\/03\/14524434_1106112876131411_958039263622046936_o.jpg?resize=350%2C200&ssl=1","width":350,"height":200,"srcset":"https:\/\/i0.wp.com\/www.grieta.org.mx\/wp-content\/uploads\/2018\/03\/14524434_1106112876131411_958039263622046936_o.jpg?resize=350%2C200&ssl=1 1x, https:\/\/i0.wp.com\/www.grieta.org.mx\/wp-content\/uploads\/2018\/03\/14524434_1106112876131411_958039263622046936_o.jpg?resize=525%2C300&ssl=1 1.5x, https:\/\/i0.wp.com\/www.grieta.org.mx\/wp-content\/uploads\/2018\/03\/14524434_1106112876131411_958039263622046936_o.jpg?resize=700%2C400&ssl=1 2x"},"classes":[]},{"id":4486,"url":"https:\/\/www.grieta.org.mx\/index.php\/2016\/06\/10\/protestas-ante-devastacion-provocada-por-malecon-tajamar-quintana-roo\/","url_meta":{"origin":42497,"position":1},"title":"Protestas ante devastaci\u00f3n provocada por Malec\u00f3n Tajamar (Quintana Roo)","author":"grieta","date":"10 junio, 2016","format":false,"excerpt":"10\/06\/16. Afrenta para Canc\u00fan aval de Profepa a Fonatur por destrucci\u00f3n en TajamarMarcrixnoticias 07\/06\/16. No hay delito ambiental en Tajamar Canc\u00fan resolvi\u00f3 la Profepa. El Fonatur actu\u00f3 apegado a lo autorizado por SemarnatNoticaribeNews 12\/04\/16. Ignoran 7 mil denuncias por TajamarLuces del Siglo 11\/02\/16. Defensores del Tajamar se dividen, desconocen a\u2026","rel":"","context":"En &quot;NOTICIAS NACIONALES&quot;","block_context":{"text":"NOTICIAS NACIONALES","link":"https:\/\/www.grieta.org.mx\/index.php\/category\/noticias-nacionales\/"},"img":{"alt_text":"","src":"https:\/\/i0.wp.com\/www.grieta.org.mx\/wp-content\/uploads\/2018\/03\/14524434_1106112876131411_958039263622046936_o.jpg?resize=350%2C200&ssl=1","width":350,"height":200,"srcset":"https:\/\/i0.wp.com\/www.grieta.org.mx\/wp-content\/uploads\/2018\/03\/14524434_1106112876131411_958039263622046936_o.jpg?resize=350%2C200&ssl=1 1x, https:\/\/i0.wp.com\/www.grieta.org.mx\/wp-content\/uploads\/2018\/03\/14524434_1106112876131411_958039263622046936_o.jpg?resize=525%2C300&ssl=1 1.5x, https:\/\/i0.wp.com\/www.grieta.org.mx\/wp-content\/uploads\/2018\/03\/14524434_1106112876131411_958039263622046936_o.jpg?resize=700%2C400&ssl=1 2x"},"classes":[]},{"id":5046,"url":"https:\/\/www.grieta.org.mx\/index.php\/2015\/12\/30\/empresarios-dan-un-mes-para-definir-proyecto-tajamar\/","url_meta":{"origin":42497,"position":2},"title":"Empresarios dan un mes para definir proyecto Tajamar","author":"grieta","date":"30 diciembre, 2015","format":false,"excerpt":"Ese es el plazo que le han dado los 23 inversionistas del proyecto Malec\u00f3n Tajamar al Fondo Nacional de Turismo, Fonatur, para que d\u00e9 una soluci\u00f3n para el desarrollo tur\u00edstico. Tras establecer que ya se ha perdido mucho tiempo, los propietarios de predios en Malec\u00f3n, decidieron que s\u00f3lo dejar\u00e1n pasar\u2026","rel":"","context":"En &quot;CINTILLO&quot;","block_context":{"text":"CINTILLO","link":"https:\/\/www.grieta.org.mx\/index.php\/category\/cintillo\/"},"img":{"alt_text":"","src":"https:\/\/i0.wp.com\/www.grieta.org.mx\/wp-content\/uploads\/2018\/03\/14524434_1106112876131411_958039263622046936_o.jpg?resize=350%2C200&ssl=1","width":350,"height":200,"srcset":"https:\/\/i0.wp.com\/www.grieta.org.mx\/wp-content\/uploads\/2018\/03\/14524434_1106112876131411_958039263622046936_o.jpg?resize=350%2C200&ssl=1 1x, https:\/\/i0.wp.com\/www.grieta.org.mx\/wp-content\/uploads\/2018\/03\/14524434_1106112876131411_958039263622046936_o.jpg?resize=525%2C300&ssl=1 1.5x, https:\/\/i0.wp.com\/www.grieta.org.mx\/wp-content\/uploads\/2018\/03\/14524434_1106112876131411_958039263622046936_o.jpg?resize=700%2C400&ssl=1 2x"},"classes":[]},{"id":5476,"url":"https:\/\/www.grieta.org.mx\/index.php\/2015\/08\/12\/suspendio-la-profepa-malecon-tajamar\/","url_meta":{"origin":42497,"position":3},"title":"Suspendi\u00f3 la Profepa ?el Malec\u00f3n Tajamar","author":"grieta","date":"12 agosto, 2015","format":false,"excerpt":"Canc\u00fan, QR. La Procuradur\u00eda Federal de Protecci\u00f3n al Ambiente (Profepa) coloc\u00f3 los sellos de suspensi\u00f3n en las obras iniciadas haces dos semanas por la empresa italiana Bi&DI en Malec\u00f3n Tajamar, por no contar con la validaci\u00f3n de la Secretar\u00eda de Medio Ambiente y Recursos Naturales (Semarnat) para el desmonte de\u2026","rel":"","context":"En &quot;CINTILLO&quot;","block_context":{"text":"CINTILLO","link":"https:\/\/www.grieta.org.mx\/index.php\/category\/cintillo\/"},"img":{"alt_text":"","src":"https:\/\/i0.wp.com\/www.grieta.org.mx\/wp-content\/uploads\/2018\/03\/14524434_1106112876131411_958039263622046936_o.jpg?resize=350%2C200&ssl=1","width":350,"height":200,"srcset":"https:\/\/i0.wp.com\/www.grieta.org.mx\/wp-content\/uploads\/2018\/03\/14524434_1106112876131411_958039263622046936_o.jpg?resize=350%2C200&ssl=1 1x, https:\/\/i0.wp.com\/www.grieta.org.mx\/wp-content\/uploads\/2018\/03\/14524434_1106112876131411_958039263622046936_o.jpg?resize=525%2C300&ssl=1 1.5x, https:\/\/i0.wp.com\/www.grieta.org.mx\/wp-content\/uploads\/2018\/03\/14524434_1106112876131411_958039263622046936_o.jpg?resize=700%2C400&ssl=1 2x"},"classes":[]},{"id":5044,"url":"https:\/\/www.grieta.org.mx\/index.php\/2016\/01\/05\/impiden-mas-devastacion-en-el-malecon-tajamar\/","url_meta":{"origin":42497,"position":4},"title":"Impiden m\u00e1s devastaci\u00f3n en el Malec\u00f3n Tajamar","author":"grieta","date":"5 enero, 2016","format":false,"excerpt":"Pese a la suspensi\u00f3n, una brigada de trabajadores lleg\u00f3 con maquinaria pesada Canc\u00fan.- Decenas de habitantes no permitieron que reanudaran trabajos en el Malec\u00f3n Tajamar, por lo que tuvo que intervenir la polic\u00eda, hasta que lleg\u00f3 un representante de la Procuradur\u00eda General de la Rep\u00fablica, quien conmin\u00f3 al abogado del\u2026","rel":"","context":"En &quot;CINTILLO&quot;","block_context":{"text":"CINTILLO","link":"https:\/\/www.grieta.org.mx\/index.php\/category\/cintillo\/"},"img":{"alt_text":"","src":"https:\/\/i0.wp.com\/www.grieta.org.mx\/wp-content\/uploads\/2018\/03\/14524434_1106112876131411_958039263622046936_o.jpg?resize=350%2C200&ssl=1","width":350,"height":200,"srcset":"https:\/\/i0.wp.com\/www.grieta.org.mx\/wp-content\/uploads\/2018\/03\/14524434_1106112876131411_958039263622046936_o.jpg?resize=350%2C200&ssl=1 1x, https:\/\/i0.wp.com\/www.grieta.org.mx\/wp-content\/uploads\/2018\/03\/14524434_1106112876131411_958039263622046936_o.jpg?resize=525%2C300&ssl=1 1.5x, https:\/\/i0.wp.com\/www.grieta.org.mx\/wp-content\/uploads\/2018\/03\/14524434_1106112876131411_958039263622046936_o.jpg?resize=700%2C400&ssl=1 2x"},"classes":[]},{"id":5053,"url":"https:\/\/www.grieta.org.mx\/index.php\/2015\/11\/26\/trabajos-en-tajamar-podrian-reanudarse\/","url_meta":{"origin":42497,"position":5},"title":"Trabajos en Tajamar podr\u00edan reanudarse","author":"grieta","date":"26 noviembre, 2015","format":false,"excerpt":"Suspenden revisi\u00f3n contra la fianza fijada a los menores La suspensi\u00f3n abre la posibilidad de que los trabajos puedan reiniciarse en cualquier momento. Jes\u00fas V\u00e1zquez Canc\u00fan, QR. Los trabajos de desmonte de vegetaci\u00f3n en el desarrollo inmobiliario Malec\u00f3n Tajamar podr\u00edan reanudarse en cualquier momento, ya que el juez interrumpi\u00f3 los\u2026","rel":"","context":"En &quot;CINTILLO&quot;","block_context":{"text":"CINTILLO","link":"https:\/\/www.grieta.org.mx\/index.php\/category\/cintillo\/"},"img":{"alt_text":"","src":"https:\/\/i0.wp.com\/www.grieta.org.mx\/wp-content\/uploads\/2018\/03\/14524434_1106112876131411_958039263622046936_o.jpg?resize=350%2C200&ssl=1","width":350,"height":200,"srcset":"https:\/\/i0.wp.com\/www.grieta.org.mx\/wp-content\/uploads\/2018\/03\/14524434_1106112876131411_958039263622046936_o.jpg?resize=350%2C200&ssl=1 1x, https:\/\/i0.wp.com\/www.grieta.org.mx\/wp-content\/uploads\/2018\/03\/14524434_1106112876131411_958039263622046936_o.jpg?resize=525%2C300&ssl=1 1.5x, https:\/\/i0.wp.com\/www.grieta.org.mx\/wp-content\/uploads\/2018\/03\/14524434_1106112876131411_958039263622046936_o.jpg?resize=700%2C400&ssl=1 2x"},"classes":[]}],"_links":{"self":[{"href":"https:\/\/www.grieta.org.mx\/index.php\/wp-json\/wp\/v2\/posts\/42497","targetHints":{"allow":["GET"]}}],"collection":[{"href":"https:\/\/www.grieta.org.mx\/index.php\/wp-json\/wp\/v2\/posts"}],"about":[{"href":"https:\/\/www.grieta.org.mx\/index.php\/wp-json\/wp\/v2\/types\/post"}],"author":[{"embeddable":true,"href":"https:\/\/www.grieta.org.mx\/index.php\/wp-json\/wp\/v2\/users\/2"}],"replies":[{"embeddable":true,"href":"https:\/\/www.grieta.org.mx\/index.php\/wp-json\/wp\/v2\/comments?post=42497"}],"version-history":[{"count":1,"href":"https:\/\/www.grieta.org.mx\/index.php\/wp-json\/wp\/v2\/posts\/42497\/revisions"}],"predecessor-version":[{"id":42499,"href":"https:\/\/www.grieta.org.mx\/index.php\/wp-json\/wp\/v2\/posts\/42497\/revisions\/42499"}],"wp:featuredmedia":[{"embeddable":true,"href":"https:\/\/www.grieta.org.mx\/index.php\/wp-json\/wp\/v2\/media\/42498"}],"wp:attachment":[{"href":"https:\/\/www.grieta.org.mx\/index.php\/wp-json\/wp\/v2\/media?parent=42497"}],"wp:term":[{"taxonomy":"category","embeddable":true,"href":"https:\/\/www.grieta.org.mx\/index.php\/wp-json\/wp\/v2\/categories?post=42497"},{"taxonomy":"post_tag","embeddable":true,"href":"https:\/\/www.grieta.org.mx\/index.php\/wp-json\/wp\/v2\/tags?post=42497"}],"curies":[{"name":"wp","href":"https:\/\/api.w.org\/{rel}","templated":true}]}}