{"id":42390,"date":"2019-12-16T00:59:30","date_gmt":"2019-12-16T06:59:30","guid":{"rendered":"http:\/\/www.grieta.org.mx\/?p=42390"},"modified":"2019-12-23T01:31:12","modified_gmt":"2019-12-23T07:31:12","slug":"gobiernos-de-4t-y-cdmx-avalan-pozo-con-veda-a-mitikah-diario-chuparia-211-mil-litros-de-agua","status":"publish","type":"post","link":"https:\/\/www.grieta.org.mx\/index.php\/2019\/12\/16\/gobiernos-de-4t-y-cdmx-avalan-pozo-con-veda-a-mitikah-diario-chuparia-211-mil-litros-de-agua\/","title":{"rendered":"Gobiernos de 4T y CdMx avalan pozo con veda a Mitikah; diario chupar\u00eda 211 mil litros de agua"},"content":{"rendered":"<p><img loading=\"lazy\" decoding=\"async\" data-attachment-id=\"42391\" data-permalink=\"https:\/\/www.grieta.org.mx\/index.php\/2019\/12\/16\/gobiernos-de-4t-y-cdmx-avalan-pozo-con-veda-a-mitikah-diario-chuparia-211-mil-litros-de-agua\/gobiernos-de-4t-y-cdmx-avalan-pozo-con-veda-a-mitikah-diario-chuparia-211-mil-litros-de-agua-cdmx-dic\/\" data-orig-file=\"https:\/\/www.grieta.org.mx\/wp-content\/uploads\/2019\/12\/Gobiernos-de-4T-y-CdMx-avalan-pozo-con-veda-a-Mitikah-diario-chupar\u00eda-211-mil-litros-de-agua-cdmx-dic.jpg\" data-orig-size=\"1100,580\" data-comments-opened=\"0\" data-image-meta=\"{&quot;aperture&quot;:&quot;0&quot;,&quot;credit&quot;:&quot;&quot;,&quot;camera&quot;:&quot;&quot;,&quot;caption&quot;:&quot;&quot;,&quot;created_timestamp&quot;:&quot;0&quot;,&quot;copyright&quot;:&quot;&quot;,&quot;focal_length&quot;:&quot;0&quot;,&quot;iso&quot;:&quot;0&quot;,&quot;shutter_speed&quot;:&quot;0&quot;,&quot;title&quot;:&quot;&quot;,&quot;orientation&quot;:&quot;0&quot;}\" data-image-title=\"Gobiernos de 4T y CdMx avalan pozo con veda a Mitikah; diario chupar\u00eda 211 mil litros de agua cdmx dic\" data-image-description=\"\" data-image-caption=\"\" data-medium-file=\"https:\/\/www.grieta.org.mx\/wp-content\/uploads\/2019\/12\/Gobiernos-de-4T-y-CdMx-avalan-pozo-con-veda-a-Mitikah-diario-chupar\u00eda-211-mil-litros-de-agua-cdmx-dic-300x158.jpg\" data-large-file=\"https:\/\/www.grieta.org.mx\/wp-content\/uploads\/2019\/12\/Gobiernos-de-4T-y-CdMx-avalan-pozo-con-veda-a-Mitikah-diario-chupar\u00eda-211-mil-litros-de-agua-cdmx-dic-1024x540.jpg\" class=\"aligncenter wp-image-42391\" src=\"http:\/\/www.grieta.org.mx\/wp-content\/uploads\/2019\/12\/Gobiernos-de-4T-y-CdMx-avalan-pozo-con-veda-a-Mitikah-diario-chupar\u00eda-211-mil-litros-de-agua-cdmx-dic.jpg\" alt=\"\" width=\"687\" height=\"362\" srcset=\"https:\/\/www.grieta.org.mx\/wp-content\/uploads\/2019\/12\/Gobiernos-de-4T-y-CdMx-avalan-pozo-con-veda-a-Mitikah-diario-chupar\u00eda-211-mil-litros-de-agua-cdmx-dic.jpg 1100w, https:\/\/www.grieta.org.mx\/wp-content\/uploads\/2019\/12\/Gobiernos-de-4T-y-CdMx-avalan-pozo-con-veda-a-Mitikah-diario-chupar\u00eda-211-mil-litros-de-agua-cdmx-dic-300x158.jpg 300w, https:\/\/www.grieta.org.mx\/wp-content\/uploads\/2019\/12\/Gobiernos-de-4T-y-CdMx-avalan-pozo-con-veda-a-Mitikah-diario-chupar\u00eda-211-mil-litros-de-agua-cdmx-dic-768x405.jpg 768w, https:\/\/www.grieta.org.mx\/wp-content\/uploads\/2019\/12\/Gobiernos-de-4T-y-CdMx-avalan-pozo-con-veda-a-Mitikah-diario-chupar\u00eda-211-mil-litros-de-agua-cdmx-dic-1024x540.jpg 1024w, https:\/\/www.grieta.org.mx\/wp-content\/uploads\/2019\/12\/Gobiernos-de-4T-y-CdMx-avalan-pozo-con-veda-a-Mitikah-diario-chupar\u00eda-211-mil-litros-de-agua-cdmx-dic-948x500.jpg 948w\" sizes=\"auto, (max-width: 687px) 100vw, 687px\" \/><\/p>\n<p>Vista a\u00e9rea del complejo M\u00edtikah. Foto: Isaac Esquivel, Cuartoscuro<\/p>\n<p>&nbsp;<\/p>\n<p>Francisco ORt\u00edz Pardo \/ Sin Embargo<\/p>\n<blockquote><p>&nbsp;<\/p>\n<h3><strong>En documentos oficiales que fueron entregados en la Ventanilla \u00danica Delegacional consta que la llamada Torre Mitikah del consorcio Fibra Uno, que tendr\u00e1 260 metros de altura y 504 mil 594 metros cuadrados de construcci\u00f3n, albergar\u00e1 a mil 520 personas en residencias (41 pisos) y otras 720 de alojamiento en un hotel de 14 niveles.<\/strong><\/h3>\n<h3><strong>Adem\u00e1s de los 55 pisos para alojamiento y viviendas (de las que 248 medir\u00e1n entre 109 y 224 metros cuadrados cada una), Torre Mitikah dispondr\u00e1 de tres niveles m\u00e1s para comercios, con una tienda \u201cancla\u201d y cines. Seis s\u00f3tanos ser\u00e1n destinados a los mil 567 cajones de estacionamiento. El conjunto contar\u00e1 con sal\u00f3n de usos m\u00faltiples, gimnasio y business center.<\/strong><\/h3>\n<\/blockquote>\n<p>Ciudad de M\u00e9xico, 16 de diciembre (LibreEnElSur).- Pese a la veda impuesta por el anterior Gobierno Federal, que prohib\u00eda la implementaci\u00f3n de nuevos pozos de extracci\u00f3n en Ciudad de M\u00e9xico dadas las afectaciones ambientales y los graves hundimientos que ya dejaron ver sus secuelas en el sismo del 2017, tanto el Sistema de Aguas de la Ciudad de M\u00e9xico como la Comisi\u00f3n Nacional del Agua han avalado la construcci\u00f3n de un pozo para abastecer el macro desarrollo Mitikah, en la colonia Xoco.<\/p>\n<blockquote><p>Con base en documentos oficiales, Libre en el Sur dio a conocer en un reportaje publicado el 7 de diciembre del 2017 \u2013hace justo dos a\u00f1os\u2013 que el edificio m\u00e1s alto de la Ciudad de M\u00e9xico, de 60 pisos, que se construye en plena zona s\u00edsmica de transici\u00f3n en el antiguo pueblo de Xoco, en la actual Alcald\u00eda Benito Ju\u00e1rez, albergar\u00e1 dos mil 240 personas que consumir\u00e1n en conjunto el equivalente a 211 pipas de agua potable al d\u00eda.<\/p><\/blockquote>\n<p>En documentos oficiales que fueron entregados en la Ventanilla \u00danica Delegacional, cuya copia obra en poder de Libre en el Sur, consta que la llamada Torre Mitikah del consorcio Fibra Uno, que tendr\u00e1 260 metros de altura y 504 mil 594 metros cuadrados de construcci\u00f3n, albergar\u00e1 a mil 520 personas en residencias (41 pisos) y otras 720 de alojamiento en un hotel de 14 niveles.<\/p>\n<blockquote><p>Cada cuarto de hotel tendr\u00e1 un consumo de 300 litros de agua al d\u00eda y en cada vivienda se requerir\u00e1n 200 litros. En suma, 211 mil litros de agua consumidos diariamente, solamente en esa torre: 2.44 litros cada segundo en una zona impactada desde hace una d\u00e9cada por graves deficiencias en el suministro de agua.<\/p><\/blockquote>\n<p><img loading=\"lazy\" decoding=\"async\" data-attachment-id=\"42392\" data-permalink=\"https:\/\/www.grieta.org.mx\/index.php\/2019\/12\/16\/gobiernos-de-4t-y-cdmx-avalan-pozo-con-veda-a-mitikah-diario-chuparia-211-mil-litros-de-agua\/mitikah1\/\" data-orig-file=\"https:\/\/www.grieta.org.mx\/wp-content\/uploads\/2019\/12\/mitikah1.jpeg\" data-orig-size=\"700,483\" data-comments-opened=\"0\" data-image-meta=\"{&quot;aperture&quot;:&quot;0&quot;,&quot;credit&quot;:&quot;&quot;,&quot;camera&quot;:&quot;&quot;,&quot;caption&quot;:&quot;&quot;,&quot;created_timestamp&quot;:&quot;0&quot;,&quot;copyright&quot;:&quot;&quot;,&quot;focal_length&quot;:&quot;0&quot;,&quot;iso&quot;:&quot;0&quot;,&quot;shutter_speed&quot;:&quot;0&quot;,&quot;title&quot;:&quot;&quot;,&quot;orientation&quot;:&quot;0&quot;}\" data-image-title=\"mitikah1\" data-image-description=\"\" data-image-caption=\"\" data-medium-file=\"https:\/\/www.grieta.org.mx\/wp-content\/uploads\/2019\/12\/mitikah1-300x207.jpeg\" data-large-file=\"https:\/\/www.grieta.org.mx\/wp-content\/uploads\/2019\/12\/mitikah1.jpeg\" class=\"aligncenter  wp-image-42392\" src=\"http:\/\/www.grieta.org.mx\/wp-content\/uploads\/2019\/12\/mitikah1.jpeg\" alt=\"\" width=\"623\" height=\"430\" srcset=\"https:\/\/www.grieta.org.mx\/wp-content\/uploads\/2019\/12\/mitikah1.jpeg 700w, https:\/\/www.grieta.org.mx\/wp-content\/uploads\/2019\/12\/mitikah1-300x207.jpeg 300w\" sizes=\"auto, (max-width: 623px) 100vw, 623px\" \/>Vecinos de la colonia Xoco se manifestaron debido a que la empresa Fibra Uno tal\u00f3 m\u00e1s de 50 \u00e1rboles en la calle de Real de Mayorazgo, sin los permisos correspondientes. Foto: Rogelio Morales, Cuartoscuro<\/p>\n<p><img loading=\"lazy\" decoding=\"async\" data-attachment-id=\"42393\" data-permalink=\"https:\/\/www.grieta.org.mx\/index.php\/2019\/12\/16\/gobiernos-de-4t-y-cdmx-avalan-pozo-con-veda-a-mitikah-diario-chuparia-211-mil-litros-de-agua\/mitikah2\/\" data-orig-file=\"https:\/\/www.grieta.org.mx\/wp-content\/uploads\/2019\/12\/mitikah2.jpeg\" data-orig-size=\"700,551\" data-comments-opened=\"0\" data-image-meta=\"{&quot;aperture&quot;:&quot;0&quot;,&quot;credit&quot;:&quot;&quot;,&quot;camera&quot;:&quot;&quot;,&quot;caption&quot;:&quot;&quot;,&quot;created_timestamp&quot;:&quot;0&quot;,&quot;copyright&quot;:&quot;&quot;,&quot;focal_length&quot;:&quot;0&quot;,&quot;iso&quot;:&quot;0&quot;,&quot;shutter_speed&quot;:&quot;0&quot;,&quot;title&quot;:&quot;&quot;,&quot;orientation&quot;:&quot;0&quot;}\" data-image-title=\"mitikah2\" data-image-description=\"\" data-image-caption=\"\" data-medium-file=\"https:\/\/www.grieta.org.mx\/wp-content\/uploads\/2019\/12\/mitikah2-300x236.jpeg\" data-large-file=\"https:\/\/www.grieta.org.mx\/wp-content\/uploads\/2019\/12\/mitikah2.jpeg\" class=\"aligncenter  wp-image-42393\" src=\"http:\/\/www.grieta.org.mx\/wp-content\/uploads\/2019\/12\/mitikah2.jpeg\" alt=\"\" width=\"647\" height=\"509\" srcset=\"https:\/\/www.grieta.org.mx\/wp-content\/uploads\/2019\/12\/mitikah2.jpeg 700w, https:\/\/www.grieta.org.mx\/wp-content\/uploads\/2019\/12\/mitikah2-300x236.jpeg 300w, https:\/\/www.grieta.org.mx\/wp-content\/uploads\/2019\/12\/mitikah2-635x500.jpeg 635w\" sizes=\"auto, (max-width: 647px) 100vw, 647px\" \/>Vecinos de la colonia Xoco se manifestaron debido a que la empresa Fibra Uno tal\u00f3 m\u00e1s de 50 \u00e1rboles en la calle de Real de Mayorazgo, sin los permisos correspondientes. Foto: Rogelio Morales, Cuartoscuro<\/p>\n<p>&nbsp;<\/p>\n<p><img loading=\"lazy\" decoding=\"async\" data-attachment-id=\"42394\" data-permalink=\"https:\/\/www.grieta.org.mx\/index.php\/2019\/12\/16\/gobiernos-de-4t-y-cdmx-avalan-pozo-con-veda-a-mitikah-diario-chuparia-211-mil-litros-de-agua\/mitikah3\/\" data-orig-file=\"https:\/\/www.grieta.org.mx\/wp-content\/uploads\/2019\/12\/mitikah3.jpeg\" data-orig-size=\"700,524\" data-comments-opened=\"0\" data-image-meta=\"{&quot;aperture&quot;:&quot;0&quot;,&quot;credit&quot;:&quot;&quot;,&quot;camera&quot;:&quot;&quot;,&quot;caption&quot;:&quot;&quot;,&quot;created_timestamp&quot;:&quot;0&quot;,&quot;copyright&quot;:&quot;&quot;,&quot;focal_length&quot;:&quot;0&quot;,&quot;iso&quot;:&quot;0&quot;,&quot;shutter_speed&quot;:&quot;0&quot;,&quot;title&quot;:&quot;&quot;,&quot;orientation&quot;:&quot;0&quot;}\" data-image-title=\"mitikah3\" data-image-description=\"\" data-image-caption=\"\" data-medium-file=\"https:\/\/www.grieta.org.mx\/wp-content\/uploads\/2019\/12\/mitikah3-300x225.jpeg\" data-large-file=\"https:\/\/www.grieta.org.mx\/wp-content\/uploads\/2019\/12\/mitikah3.jpeg\" class=\"aligncenter  wp-image-42394\" src=\"http:\/\/www.grieta.org.mx\/wp-content\/uploads\/2019\/12\/mitikah3.jpeg\" alt=\"\" width=\"664\" height=\"497\" srcset=\"https:\/\/www.grieta.org.mx\/wp-content\/uploads\/2019\/12\/mitikah3.jpeg 700w, https:\/\/www.grieta.org.mx\/wp-content\/uploads\/2019\/12\/mitikah3-300x225.jpeg 300w, https:\/\/www.grieta.org.mx\/wp-content\/uploads\/2019\/12\/mitikah3-668x500.jpeg 668w\" sizes=\"auto, (max-width: 664px) 100vw, 664px\" \/>Vecinos de la colonia Xoco se manifestaron debido a que la empresa Fibra Uno tal\u00f3 m\u00e1s de 50 \u00e1rboles en la calle de Real de Mayorazgo, sin los permisos correspondientes. Foto: Rogelio Morales, Cuartoscuro<\/p>\n<p>&nbsp;<\/p>\n<p>La construcci\u00f3n de Mitikah y de las City Towers, levantadas en las colonias General Anaya, Santa Cruz Atoyac y Xoco, deton\u00f3 un movimiento vecinal desde abril pasado de ese 2017, que escal\u00f3 despu\u00e9s del temblor del 19 de septiembre cuando se integr\u00f3 al colectivo Vecinos Organizados de la Benito Ju\u00e1rez, que exigi\u00f3 sin \u00e9xito una moratoria inmobiliaria y castigo para empresas de construcci\u00f3n y funcionarios corruptos.<\/p>\n<p>El enojo ten\u00eda sustento: Los propios due\u00f1os de Mitikah reconoc\u00edan en su p\u00e1gina de internet que el desarrollo \u201caprovechar\u00e1 la infraestructura que ya existe, con una alta densidad\u201d.<\/p>\n<p>Bajo los registros de manifestaci\u00f3n de construcci\u00f3n RBJC-0088-11 y RBJC-0216-11, cuyos detalles se hab\u00edan mantenido en secreto, el Director Responsable de Obra 1744, Luis Antonio Rosales Villar, entreg\u00f3 a la Alcald\u00eda Benito Ju\u00e1rez el 14 de octubre del 2011 la \u201cmemoria descriptiva\u201d del proyecto arquitect\u00f3nico de la Torre 2A, que es como se denomina a la Torre Mitikah.<\/p>\n<p><img loading=\"lazy\" decoding=\"async\" data-attachment-id=\"42395\" data-permalink=\"https:\/\/www.grieta.org.mx\/index.php\/2019\/12\/16\/gobiernos-de-4t-y-cdmx-avalan-pozo-con-veda-a-mitikah-diario-chuparia-211-mil-litros-de-agua\/mitikah4\/\" data-orig-file=\"https:\/\/www.grieta.org.mx\/wp-content\/uploads\/2019\/12\/mitikah4.jpeg\" data-orig-size=\"700,467\" data-comments-opened=\"0\" data-image-meta=\"{&quot;aperture&quot;:&quot;0&quot;,&quot;credit&quot;:&quot;&quot;,&quot;camera&quot;:&quot;&quot;,&quot;caption&quot;:&quot;&quot;,&quot;created_timestamp&quot;:&quot;0&quot;,&quot;copyright&quot;:&quot;&quot;,&quot;focal_length&quot;:&quot;0&quot;,&quot;iso&quot;:&quot;0&quot;,&quot;shutter_speed&quot;:&quot;0&quot;,&quot;title&quot;:&quot;&quot;,&quot;orientation&quot;:&quot;0&quot;}\" data-image-title=\"mitikah4\" data-image-description=\"\" data-image-caption=\"\" data-medium-file=\"https:\/\/www.grieta.org.mx\/wp-content\/uploads\/2019\/12\/mitikah4-300x200.jpeg\" data-large-file=\"https:\/\/www.grieta.org.mx\/wp-content\/uploads\/2019\/12\/mitikah4.jpeg\" class=\"aligncenter  wp-image-42395\" src=\"http:\/\/www.grieta.org.mx\/wp-content\/uploads\/2019\/12\/mitikah4.jpeg\" alt=\"\" width=\"682\" height=\"455\" srcset=\"https:\/\/www.grieta.org.mx\/wp-content\/uploads\/2019\/12\/mitikah4.jpeg 700w, https:\/\/www.grieta.org.mx\/wp-content\/uploads\/2019\/12\/mitikah4-300x200.jpeg 300w\" sizes=\"auto, (max-width: 682px) 100vw, 682px\" \/>Trabajadores de la Torre Mitikah talaron alrededor de 60 \u00e1rboles en la calle Real de Mayorazgo en mayo pasado. Foto: Isaac Esquivel, Cuartoscuro<\/p>\n<p>&nbsp;<\/p>\n<p><img loading=\"lazy\" decoding=\"async\" data-attachment-id=\"42396\" data-permalink=\"https:\/\/www.grieta.org.mx\/index.php\/2019\/12\/16\/gobiernos-de-4t-y-cdmx-avalan-pozo-con-veda-a-mitikah-diario-chuparia-211-mil-litros-de-agua\/mitikah5\/\" data-orig-file=\"https:\/\/www.grieta.org.mx\/wp-content\/uploads\/2019\/12\/mitikah5.jpg\" data-orig-size=\"700,467\" data-comments-opened=\"0\" data-image-meta=\"{&quot;aperture&quot;:&quot;0&quot;,&quot;credit&quot;:&quot;&quot;,&quot;camera&quot;:&quot;&quot;,&quot;caption&quot;:&quot;&quot;,&quot;created_timestamp&quot;:&quot;0&quot;,&quot;copyright&quot;:&quot;&quot;,&quot;focal_length&quot;:&quot;0&quot;,&quot;iso&quot;:&quot;0&quot;,&quot;shutter_speed&quot;:&quot;0&quot;,&quot;title&quot;:&quot;&quot;,&quot;orientation&quot;:&quot;0&quot;}\" data-image-title=\"mitikah5\" data-image-description=\"\" data-image-caption=\"\" data-medium-file=\"https:\/\/www.grieta.org.mx\/wp-content\/uploads\/2019\/12\/mitikah5-300x200.jpg\" data-large-file=\"https:\/\/www.grieta.org.mx\/wp-content\/uploads\/2019\/12\/mitikah5.jpg\" class=\"aligncenter  wp-image-42396\" src=\"http:\/\/www.grieta.org.mx\/wp-content\/uploads\/2019\/12\/mitikah5.jpg\" alt=\"\" width=\"679\" height=\"453\" srcset=\"https:\/\/www.grieta.org.mx\/wp-content\/uploads\/2019\/12\/mitikah5.jpg 700w, https:\/\/www.grieta.org.mx\/wp-content\/uploads\/2019\/12\/mitikah5-300x200.jpg 300w\" sizes=\"auto, (max-width: 679px) 100vw, 679px\" \/>Trabajadores de la Torre Mitikah talaron alrededor de 60 \u00e1rboles en la calle Real de Mayorazgo en mayo pasado. Foto: Isaac Esquivel, Cuartoscuro<\/p>\n<p>&nbsp;<\/p>\n<p><img loading=\"lazy\" decoding=\"async\" data-attachment-id=\"42397\" data-permalink=\"https:\/\/www.grieta.org.mx\/index.php\/2019\/12\/16\/gobiernos-de-4t-y-cdmx-avalan-pozo-con-veda-a-mitikah-diario-chuparia-211-mil-litros-de-agua\/mitikah6\/\" data-orig-file=\"https:\/\/www.grieta.org.mx\/wp-content\/uploads\/2019\/12\/mitikah6.jpg\" data-orig-size=\"700,1050\" data-comments-opened=\"0\" data-image-meta=\"{&quot;aperture&quot;:&quot;0&quot;,&quot;credit&quot;:&quot;&quot;,&quot;camera&quot;:&quot;&quot;,&quot;caption&quot;:&quot;&quot;,&quot;created_timestamp&quot;:&quot;0&quot;,&quot;copyright&quot;:&quot;&quot;,&quot;focal_length&quot;:&quot;0&quot;,&quot;iso&quot;:&quot;0&quot;,&quot;shutter_speed&quot;:&quot;0&quot;,&quot;title&quot;:&quot;&quot;,&quot;orientation&quot;:&quot;0&quot;}\" data-image-title=\"mitikah6\" data-image-description=\"\" data-image-caption=\"\" data-medium-file=\"https:\/\/www.grieta.org.mx\/wp-content\/uploads\/2019\/12\/mitikah6-200x300.jpg\" data-large-file=\"https:\/\/www.grieta.org.mx\/wp-content\/uploads\/2019\/12\/mitikah6-683x1024.jpg\" class=\"aligncenter  wp-image-42397\" src=\"http:\/\/www.grieta.org.mx\/wp-content\/uploads\/2019\/12\/mitikah6.jpg\" alt=\"\" width=\"540\" height=\"810\" srcset=\"https:\/\/www.grieta.org.mx\/wp-content\/uploads\/2019\/12\/mitikah6.jpg 700w, https:\/\/www.grieta.org.mx\/wp-content\/uploads\/2019\/12\/mitikah6-200x300.jpg 200w, https:\/\/www.grieta.org.mx\/wp-content\/uploads\/2019\/12\/mitikah6-683x1024.jpg 683w, https:\/\/www.grieta.org.mx\/wp-content\/uploads\/2019\/12\/mitikah6-333x500.jpg 333w\" sizes=\"auto, (max-width: 540px) 100vw, 540px\" \/>Trabajadores de la Torre Mitikah talaron alrededor de 60 \u00e1rboles en la calle Real de Mayorazgo en mayo pasado. Foto: Isaac Esquivel, Cuartoscuro<\/p>\n<p>&nbsp;<\/p>\n<p><img loading=\"lazy\" decoding=\"async\" data-attachment-id=\"42398\" data-permalink=\"https:\/\/www.grieta.org.mx\/index.php\/2019\/12\/16\/gobiernos-de-4t-y-cdmx-avalan-pozo-con-veda-a-mitikah-diario-chuparia-211-mil-litros-de-agua\/mitikah7\/\" data-orig-file=\"https:\/\/www.grieta.org.mx\/wp-content\/uploads\/2019\/12\/mitikah7.jpg\" data-orig-size=\"700,467\" data-comments-opened=\"0\" data-image-meta=\"{&quot;aperture&quot;:&quot;0&quot;,&quot;credit&quot;:&quot;&quot;,&quot;camera&quot;:&quot;&quot;,&quot;caption&quot;:&quot;&quot;,&quot;created_timestamp&quot;:&quot;0&quot;,&quot;copyright&quot;:&quot;&quot;,&quot;focal_length&quot;:&quot;0&quot;,&quot;iso&quot;:&quot;0&quot;,&quot;shutter_speed&quot;:&quot;0&quot;,&quot;title&quot;:&quot;&quot;,&quot;orientation&quot;:&quot;0&quot;}\" data-image-title=\"mitikah7\" data-image-description=\"\" data-image-caption=\"\" data-medium-file=\"https:\/\/www.grieta.org.mx\/wp-content\/uploads\/2019\/12\/mitikah7-300x200.jpg\" data-large-file=\"https:\/\/www.grieta.org.mx\/wp-content\/uploads\/2019\/12\/mitikah7.jpg\" class=\"aligncenter  wp-image-42398\" src=\"http:\/\/www.grieta.org.mx\/wp-content\/uploads\/2019\/12\/mitikah7.jpg\" alt=\"\" width=\"654\" height=\"436\" srcset=\"https:\/\/www.grieta.org.mx\/wp-content\/uploads\/2019\/12\/mitikah7.jpg 700w, https:\/\/www.grieta.org.mx\/wp-content\/uploads\/2019\/12\/mitikah7-300x200.jpg 300w\" sizes=\"auto, (max-width: 654px) 100vw, 654px\" \/>Trabajadores de la Torre Mitikah talaron alrededor de 60 \u00e1rboles en la calle Real de Mayorazgo en mayo pasado. Foto: Isaac Esquivel, Cuartoscuro<\/p>\n<p>&nbsp;<\/p>\n<p>Aunque Real de Mayorazgo 130, que es el domicilio oficial del predio donde se levantan cinco edificaciones en total, entre ellas la de 60 pisos, contaba con uso de suelo para inmuebles de cuatro niveles, un \u201cproyecto de usos mixtos resultado de un pol\u00edgono de actuaci\u00f3n HM 60\/50\u201d, autorizado por la Secretar\u00eda de Desarrollo Urbano y Vivienda el 4 de septiembre del 2009 (DGAU.09\/DEIU\/052\/2009), posibilit\u00f3 la monstruosa obra en proceso.<\/p>\n<p>Seg\u00fan la Mec\u00e1nica de Suelos realizada por el ingeniero Juan Carlos Estrada Romero, hasta los 16 metros de profundidad del predio en que se asienta el conjunto hay dep\u00f3sitos aluvio-lacustres con 30 por ciento de agua.<\/p>\n<blockquote><p>De acuerdo con el Atlas de Riesgos del Gobierno de Ciudad de M\u00e9xico, la mayor afectaci\u00f3n del terremoto del pasado 19 de septiembre se dio en la zona de Transici\u00f3n \u2013en la que est\u00e1 Mitikah\u2014 y la Zona Lacustre. \u201cSe tienen dos lineamientos Inferidos, los cuales forman una barrera natural, en donde las ondas s\u00edsmicas quedan rebotando, haciendo que la propagaci\u00f3n de las ondas se intensifiquen\u201d, se explica.<\/p><\/blockquote>\n<p>Adem\u00e1s de los 55 pisos para alojamiento y viviendas (de las que 248 medir\u00e1n entre 109 y 224 metros cuadrados cada una), Torre Mitikah dispondr\u00e1 de tres niveles m\u00e1s para comercios, con una tienda \u201cancla\u201d y cines. Seis s\u00f3tanos ser\u00e1n destinados a los mil 567 cajones de estacionamiento. El conjunto contar\u00e1 con sal\u00f3n de usos m\u00faltiples, gimnasio y business center.<\/p>\n<blockquote><p>Un ejemplo de la inviabilidad del conjunto, que en total tendr\u00e1 10 mil 233 cajones de estacionamiento solo en la primera etapa, es el hecho de que contar\u00e1 con \u201caccesibilidad vehicular por el lado de la calle Real de Mayorazgo, con zonas de desembarque de pasajeros, accesos y salidas de estacionamientos y conexiones al resto del Distrito y pueblo de Xoco\u201d, lo que implica un evidente estrangulamiento vial de esa colonia de angostas callejuelas.<\/p><\/blockquote>\n<p>El proyecto pone en su memoria descriptiva que la Torre Mitikah \u201cposee una forma el\u00edptica en planta\u201d, la cual \u201ces constante hasta el primer tercio y despu\u00e9s comienza a reducirse hasta la punta\u201d.<\/p>\n<p>En enero de 2017 Libre en el Sur tambi\u00e9n revel\u00f3 que Fibra Uno buscaba obtener en comodato del Gobierno de la Ciudad el uso de la calle Real de Mayorazgo para integrar a Mitikah con el desarrollo que planea en Avenida Universidad 1200, donde se encuentra un edificio catalogado por el INBA que alberg\u00f3 el Centro Bancomer.<\/p>\n<p>Eso, que fue confirmado por Seduvi y m\u00e1s tarde por los hechos que derivaron en la tala de m\u00e1s de 60 \u00e1rboles sobre el actual camell\u00f3n, obligar\u00eda a que los autos que ingresen de Avenida Universidad pasen por debajo de la gran plancha y representar\u00eda otra concesi\u00f3n del espacio p\u00fablico al gran negocio privado.<\/p>\n<p><img loading=\"lazy\" decoding=\"async\" data-attachment-id=\"42399\" data-permalink=\"https:\/\/www.grieta.org.mx\/index.php\/2019\/12\/16\/gobiernos-de-4t-y-cdmx-avalan-pozo-con-veda-a-mitikah-diario-chuparia-211-mil-litros-de-agua\/mitikah8\/\" data-orig-file=\"https:\/\/www.grieta.org.mx\/wp-content\/uploads\/2019\/12\/mitikah8.jpg\" data-orig-size=\"700,467\" data-comments-opened=\"0\" data-image-meta=\"{&quot;aperture&quot;:&quot;0&quot;,&quot;credit&quot;:&quot;&quot;,&quot;camera&quot;:&quot;&quot;,&quot;caption&quot;:&quot;&quot;,&quot;created_timestamp&quot;:&quot;0&quot;,&quot;copyright&quot;:&quot;&quot;,&quot;focal_length&quot;:&quot;0&quot;,&quot;iso&quot;:&quot;0&quot;,&quot;shutter_speed&quot;:&quot;0&quot;,&quot;title&quot;:&quot;&quot;,&quot;orientation&quot;:&quot;0&quot;}\" data-image-title=\"mitikah8\" data-image-description=\"\" data-image-caption=\"\" data-medium-file=\"https:\/\/www.grieta.org.mx\/wp-content\/uploads\/2019\/12\/mitikah8-300x200.jpg\" data-large-file=\"https:\/\/www.grieta.org.mx\/wp-content\/uploads\/2019\/12\/mitikah8.jpg\" class=\"aligncenter  wp-image-42399\" src=\"http:\/\/www.grieta.org.mx\/wp-content\/uploads\/2019\/12\/mitikah8.jpg\" alt=\"\" width=\"616\" height=\"411\" srcset=\"https:\/\/www.grieta.org.mx\/wp-content\/uploads\/2019\/12\/mitikah8.jpg 700w, https:\/\/www.grieta.org.mx\/wp-content\/uploads\/2019\/12\/mitikah8-300x200.jpg 300w\" sizes=\"auto, (max-width: 616px) 100vw, 616px\" \/>Fachada del complejo Mitikah. Foto: Isaac Esquivel, Cuartoscuro<\/p>\n<p>&nbsp;<\/p>\n<p><img loading=\"lazy\" decoding=\"async\" data-attachment-id=\"42400\" data-permalink=\"https:\/\/www.grieta.org.mx\/index.php\/2019\/12\/16\/gobiernos-de-4t-y-cdmx-avalan-pozo-con-veda-a-mitikah-diario-chuparia-211-mil-litros-de-agua\/mitikah9\/\" data-orig-file=\"https:\/\/www.grieta.org.mx\/wp-content\/uploads\/2019\/12\/mitikah9.jpg\" data-orig-size=\"700,525\" data-comments-opened=\"0\" data-image-meta=\"{&quot;aperture&quot;:&quot;0&quot;,&quot;credit&quot;:&quot;&quot;,&quot;camera&quot;:&quot;&quot;,&quot;caption&quot;:&quot;&quot;,&quot;created_timestamp&quot;:&quot;0&quot;,&quot;copyright&quot;:&quot;&quot;,&quot;focal_length&quot;:&quot;0&quot;,&quot;iso&quot;:&quot;0&quot;,&quot;shutter_speed&quot;:&quot;0&quot;,&quot;title&quot;:&quot;&quot;,&quot;orientation&quot;:&quot;0&quot;}\" data-image-title=\"mitikah9\" data-image-description=\"\" data-image-caption=\"\" data-medium-file=\"https:\/\/www.grieta.org.mx\/wp-content\/uploads\/2019\/12\/mitikah9-300x225.jpg\" data-large-file=\"https:\/\/www.grieta.org.mx\/wp-content\/uploads\/2019\/12\/mitikah9.jpg\" class=\"aligncenter  wp-image-42400\" src=\"http:\/\/www.grieta.org.mx\/wp-content\/uploads\/2019\/12\/mitikah9.jpg\" alt=\"\" width=\"659\" height=\"494\" srcset=\"https:\/\/www.grieta.org.mx\/wp-content\/uploads\/2019\/12\/mitikah9.jpg 700w, https:\/\/www.grieta.org.mx\/wp-content\/uploads\/2019\/12\/mitikah9-300x225.jpg 300w, https:\/\/www.grieta.org.mx\/wp-content\/uploads\/2019\/12\/mitikah9-667x500.jpg 667w\" sizes=\"auto, (max-width: 659px) 100vw, 659px\" \/>Vista a\u00e9rea del complejo M\u00edtikah. Foto: Isaac Esquivel, Cuartoscuro<\/p>\n<p>&nbsp;<\/p>\n<p><img loading=\"lazy\" decoding=\"async\" data-attachment-id=\"42401\" data-permalink=\"https:\/\/www.grieta.org.mx\/index.php\/2019\/12\/16\/gobiernos-de-4t-y-cdmx-avalan-pozo-con-veda-a-mitikah-diario-chuparia-211-mil-litros-de-agua\/mitikah10\/\" data-orig-file=\"https:\/\/www.grieta.org.mx\/wp-content\/uploads\/2019\/12\/mitikah10.jpg\" data-orig-size=\"700,471\" data-comments-opened=\"0\" data-image-meta=\"{&quot;aperture&quot;:&quot;0&quot;,&quot;credit&quot;:&quot;&quot;,&quot;camera&quot;:&quot;&quot;,&quot;caption&quot;:&quot;&quot;,&quot;created_timestamp&quot;:&quot;0&quot;,&quot;copyright&quot;:&quot;&quot;,&quot;focal_length&quot;:&quot;0&quot;,&quot;iso&quot;:&quot;0&quot;,&quot;shutter_speed&quot;:&quot;0&quot;,&quot;title&quot;:&quot;&quot;,&quot;orientation&quot;:&quot;0&quot;}\" data-image-title=\"mitikah10\" data-image-description=\"\" data-image-caption=\"\" data-medium-file=\"https:\/\/www.grieta.org.mx\/wp-content\/uploads\/2019\/12\/mitikah10-300x202.jpg\" data-large-file=\"https:\/\/www.grieta.org.mx\/wp-content\/uploads\/2019\/12\/mitikah10.jpg\" class=\"aligncenter  wp-image-42401\" src=\"http:\/\/www.grieta.org.mx\/wp-content\/uploads\/2019\/12\/mitikah10.jpg\" alt=\"\" width=\"645\" height=\"434\" srcset=\"https:\/\/www.grieta.org.mx\/wp-content\/uploads\/2019\/12\/mitikah10.jpg 700w, https:\/\/www.grieta.org.mx\/wp-content\/uploads\/2019\/12\/mitikah10-300x202.jpg 300w\" sizes=\"auto, (max-width: 645px) 100vw, 645px\" \/>Vecinos de la Colonia Xoco, expusier\u00f3n en conferencia de prensa las problem\u00e1ticas que les causan las grandes construcciones como la de la Torre M\u00edtikah. Foto: Rogelio Morales, Cuartoscuro<\/p>\n<p>&nbsp;<\/p>\n<blockquote><p>Este s\u00e1bado, la secretaria de Medio Ambiente capitalina, Marina Robles, reconoci\u00f3 la intenci\u00f3n de construir un pozo de extracci\u00f3n en el interior del inmueble de lo que fue el Centro Bancomer, un edificio que por cierto se encuentra catalogado por el Instituto Nacional de Bellas Artes. Aunque \u2013asegur\u00f3\u2014 la construcci\u00f3n de dicho pozo estar\u00e1 sujeta a una consulta por parte de los vecinos de Xoco.<\/p><\/blockquote>\n<p>\u201cLa Comisi\u00f3n Nacional del Agua y el Sistema de Aguas de la Ciudad de M\u00e9xico aprobaron el pozo como una de las obras de mitigaci\u00f3n\u201d, reconoci\u00f3 la funcionaria en entrevista con el diario Reforma.<\/p>\n<p><a href=\"https:\/\/www.sinembargo.mx\/16-12-2019\/3697183\" target=\"_blank\" rel=\"noopener noreferrer\">https:\/\/www.sinembargo.mx\/16-12-2019\/3697183<\/a><\/p>\n","protected":false},"excerpt":{"rendered":"<p>Vista a\u00e9rea del complejo M\u00edtikah. Foto: Isaac Esquivel, Cuartoscuro &nbsp; Francisco ORt\u00edz Pardo \/ Sin Embargo &nbsp; En documentos oficiales que fueron entregados en la Ventanilla \u00danica Delegacional consta que &hellip; <a href=\"https:\/\/www.grieta.org.mx\/index.php\/2019\/12\/16\/gobiernos-de-4t-y-cdmx-avalan-pozo-con-veda-a-mitikah-diario-chuparia-211-mil-litros-de-agua\/\" class=\"more-link\">Leer m\u00e1s<\/a><\/p>\n","protected":false},"author":2,"featured_media":42391,"comment_status":"closed","ping_status":"closed","sticky":false,"template":"","format":"standard","meta":{"ngg_post_thumbnail":0,"_jetpack_newsletter_access":"","_jetpack_dont_email_post_to_subs":false,"_jetpack_newsletter_tier_id":0,"_jetpack_memberships_contains_paywalled_content":false,"_jetpack_memberships_contains_paid_content":false,"footnotes":""},"categories":[80,14,1044,1119,914,2065,2,83],"tags":[1210,2403,870],"class_list":["post-42390","post","type-post","status-publish","format-standard","has-post-thumbnail","hentry","category-cintillo","category-ciudad-de-mexico","category-desarrollos-inmobiliarios-en-la-ciudad-de-mexico","category-conflictos-por-falta-de-agua-en-la-ciudad-de-mexico","category-privatizacion-del-agua","category-movilizaciones-y-protestas-de-habitantes-de-la-ciudad-de-mexico","category-noticias-nacionales","category-temas-nacionales","tag-conflictos-por-desarrollos-inmobiliarios","tag-crisis-del-agua","tag-gentrificacion","entry"],"jetpack_featured_media_url":"https:\/\/www.grieta.org.mx\/wp-content\/uploads\/2019\/12\/Gobiernos-de-4T-y-CdMx-avalan-pozo-con-veda-a-Mitikah-diario-chupar\u00eda-211-mil-litros-de-agua-cdmx-dic.jpg","jetpack_sharing_enabled":true,"jetpack_shortlink":"https:\/\/wp.me\/p7ZJR4-b1I","jetpack_likes_enabled":false,"jetpack-related-posts":[{"id":41934,"url":"https:\/\/www.grieta.org.mx\/index.php\/2019\/12\/03\/plan-de-mitikah-requiere-talar-60-arboles-mas-denuncian-ciudad-de-mexico\/","url_meta":{"origin":42390,"position":0},"title":"Plan de M\u00edtikah requiere talar 60 \u00e1rboles m\u00e1s, denuncian (Ciudad de M\u00e9xico)","author":"grieta","date":"3 diciembre, 2019","format":false,"excerpt":"La Silla Rota De acuerdo con un proyecto presentado por la Secretar\u00eda de Medio Ambiente a los habitantes de Xoco, el pozo se construir\u00eda en el \u00e1rea donde se ubicaba el Centro La posible construcci\u00f3n de un pozo de agua, como parte de las obras de mitigaci\u00f3n por el desarrollo\u2026","rel":"","context":"En &quot;CINTILLO&quot;","block_context":{"text":"CINTILLO","link":"https:\/\/www.grieta.org.mx\/index.php\/category\/cintillo\/"},"img":{"alt_text":"","src":"https:\/\/i0.wp.com\/www.grieta.org.mx\/wp-content\/uploads\/2019\/12\/Plan-de-M%C3%ADtikah-requiere-talar-60-cdmx-dic.jpg?resize=350%2C200","width":350,"height":200},"classes":[]},{"id":63889,"url":"https:\/\/www.grieta.org.mx\/index.php\/2022\/04\/02\/construiran-pozo-de-agua-en-pueblo-de-xoco-mientras-vecinos-denuncian-mas-agresiones-ciudad-de-mexico\/","url_meta":{"origin":42390,"position":1},"title":"Construir\u00e1n pozo de agua en Pueblo de Xoco, mientras vecinos denuncian m\u00e1s agresiones (Ciudad de M\u00e9xico)","author":"grieta","date":"2 abril, 2022","format":false,"excerpt":"Alberto Cuenca \/ Capital CDMX En el pueblo de Xoco, donde habitantes de la zona mantienen una f\u00e9rrea oposici\u00f3n al desarrollo inmobiliario de M\u00edtikah, autoridades capitalinas construir\u00e1n un nuevo pozo de agua. A decir de la jefa de gobierno Claudia Sheinbaum, la construcci\u00f3n de ese y otros pozos en la\u2026","rel":"","context":"En &quot;CINTILLO&quot;","block_context":{"text":"CINTILLO","link":"https:\/\/www.grieta.org.mx\/index.php\/category\/cintillo\/"},"img":{"alt_text":"","src":"https:\/\/i0.wp.com\/www.grieta.org.mx\/wp-content\/uploads\/2018\/03\/14524434_1106112876131411_958039263622046936_o.jpg?resize=350%2C200&ssl=1","width":350,"height":200,"srcset":"https:\/\/i0.wp.com\/www.grieta.org.mx\/wp-content\/uploads\/2018\/03\/14524434_1106112876131411_958039263622046936_o.jpg?resize=350%2C200&ssl=1 1x, https:\/\/i0.wp.com\/www.grieta.org.mx\/wp-content\/uploads\/2018\/03\/14524434_1106112876131411_958039263622046936_o.jpg?resize=525%2C300&ssl=1 1.5x, https:\/\/i0.wp.com\/www.grieta.org.mx\/wp-content\/uploads\/2018\/03\/14524434_1106112876131411_958039263622046936_o.jpg?resize=700%2C400&ssl=1 2x"},"classes":[]},{"id":34156,"url":"https:\/\/www.grieta.org.mx\/index.php\/2019\/05\/19\/xoco-el-pueblo-desplazado-por-la-torre-mitikah-ciudad-de-mexico\/","url_meta":{"origin":42390,"position":2},"title":"Xoco, el pueblo desplazado por la Torre M\u00edtikah (Ciudad de M\u00e9xico)","author":"grieta","date":"19 mayo, 2019","format":false,"excerpt":"Cecilia Nava\/El sol de M\u00e9xico M\u00edtikah promete a sus inquilinos tener la torre residencial m\u00e1s grande de la Ciudad de M\u00e9xico M\u00edtikah, torre residencial en construcci\u00f3n -proyectada para ser el rascacielos m\u00e1s alto de la ciudad con 276.3 metros de altura y 67 pisos-, por ahora se encuentra parada por\u2026","rel":"","context":"En &quot;CINTILLO&quot;","block_context":{"text":"CINTILLO","link":"https:\/\/www.grieta.org.mx\/index.php\/category\/cintillo\/"},"img":{"alt_text":"","src":"https:\/\/i0.wp.com\/www.grieta.org.mx\/wp-content\/uploads\/2019\/06\/desplazados-1.jpg?resize=350%2C200&ssl=1","width":350,"height":200,"srcset":"https:\/\/i0.wp.com\/www.grieta.org.mx\/wp-content\/uploads\/2019\/06\/desplazados-1.jpg?resize=350%2C200&ssl=1 1x, https:\/\/i0.wp.com\/www.grieta.org.mx\/wp-content\/uploads\/2019\/06\/desplazados-1.jpg?resize=525%2C300&ssl=1 1.5x, https:\/\/i0.wp.com\/www.grieta.org.mx\/wp-content\/uploads\/2019\/06\/desplazados-1.jpg?resize=700%2C400&ssl=1 2x"},"classes":[]},{"id":61095,"url":"https:\/\/www.grieta.org.mx\/index.php\/2021\/08\/14\/bajo-aviso-no-hay-delito-vecinos-de-xoco-remueven-tapiales-de-la-constructora-mitikah-ciudad-de-mexico\/","url_meta":{"origin":42390,"position":3},"title":"Bajo aviso no hay delito: vecinos de Xoco remueven tapiales de la constructora Mitikah (Ciudad de M\u00e9xico)","author":"grieta","date":"14 agosto, 2021","format":false,"excerpt":"Desde febrero pasado, la Asamblea del Pueblo de Xoco solicit\u00f3 al gobierno de la Ciudad de M\u00e9xico la remoci\u00f3n de los tapiales que la constructora Fibra UNO, responsable del complejo de torres Mitikah, pues obstaculizan el paso de la calle. Ante la falta de respuesta, pusieron manos a la obra.\u2026","rel":"","context":"En &quot;CINTILLO&quot;","block_context":{"text":"CINTILLO","link":"https:\/\/www.grieta.org.mx\/index.php\/category\/cintillo\/"},"img":{"alt_text":"","src":"https:\/\/i0.wp.com\/www.grieta.org.mx\/wp-content\/uploads\/2021\/08\/pdp_mitikah_arturocontreras02.jpg?resize=350%2C200&ssl=1","width":350,"height":200,"srcset":"https:\/\/i0.wp.com\/www.grieta.org.mx\/wp-content\/uploads\/2021\/08\/pdp_mitikah_arturocontreras02.jpg?resize=350%2C200&ssl=1 1x, https:\/\/i0.wp.com\/www.grieta.org.mx\/wp-content\/uploads\/2021\/08\/pdp_mitikah_arturocontreras02.jpg?resize=525%2C300&ssl=1 1.5x, https:\/\/i0.wp.com\/www.grieta.org.mx\/wp-content\/uploads\/2021\/08\/pdp_mitikah_arturocontreras02.jpg?resize=700%2C400&ssl=1 2x, https:\/\/i0.wp.com\/www.grieta.org.mx\/wp-content\/uploads\/2021\/08\/pdp_mitikah_arturocontreras02.jpg?resize=1050%2C600&ssl=1 3x"},"classes":[]},{"id":64777,"url":"https:\/\/www.grieta.org.mx\/index.php\/2022\/08\/16\/agua-para-el-concreto-crecen-megaproyectos-comerciales-ante-la-escasez-en-la-ciudad-de-mexico\/","url_meta":{"origin":42390,"position":4},"title":"Agua para el concreto, crecen megaproyectos comerciales ante la escasez en la Ciudad de M\u00e9xico","author":"grieta","date":"16 agosto, 2022","format":false,"excerpt":"Patricia Ram\u00edrez \/ Periodismo CN La escasez del agua en zonas de la ciudad donde se tienen planeadas grandes construcciones inquietan a los habitantes y ponen en riesgo al agua subterr\u00e1nea que se encuentra ya en estado de sobreexplotaci\u00f3n. El n\u00famero 42 del Circuito Estadio Azteca es la entrada a\u2026","rel":"","context":"En &quot;Ciudad de M\u00e9xico&quot;","block_context":{"text":"Ciudad de M\u00e9xico","link":"https:\/\/www.grieta.org.mx\/index.php\/category\/noticias-nacionales\/ciudad-de-mexico\/"},"img":{"alt_text":"","src":"https:\/\/i0.wp.com\/www.grieta.org.mx\/wp-content\/uploads\/2018\/03\/14524434_1106112876131411_958039263622046936_o.jpg?resize=350%2C200&ssl=1","width":350,"height":200,"srcset":"https:\/\/i0.wp.com\/www.grieta.org.mx\/wp-content\/uploads\/2018\/03\/14524434_1106112876131411_958039263622046936_o.jpg?resize=350%2C200&ssl=1 1x, https:\/\/i0.wp.com\/www.grieta.org.mx\/wp-content\/uploads\/2018\/03\/14524434_1106112876131411_958039263622046936_o.jpg?resize=525%2C300&ssl=1 1.5x, https:\/\/i0.wp.com\/www.grieta.org.mx\/wp-content\/uploads\/2018\/03\/14524434_1106112876131411_958039263622046936_o.jpg?resize=700%2C400&ssl=1 2x"},"classes":[]},{"id":63271,"url":"https:\/\/www.grieta.org.mx\/index.php\/2022\/02\/02\/mitikah-muestra-musculo-contra-vecinos-ciudad-de-mexico\/","url_meta":{"origin":42390,"position":5},"title":"M\u00edtikah muestra m\u00fasculo contra vecinos (Ciudad de M\u00e9xico)","author":"grieta","date":"2 febrero, 2022","format":false,"excerpt":"Texto y foto: Arturo Contreras Camero \/ Pie de P\u00e1gina Durante una protesta pac\u00edfica en contra de las obras del complejo urbano M\u00edtikah, al sitio de trabajo llegaron cientos de personas que, vestidas como obreros, resguardaron las obras que se llevan sobre la calle Real de Mayorazgo CIUDAD DE M\u00c9XICO.-\u2026","rel":"","context":"En &quot;CINTILLO&quot;","block_context":{"text":"CINTILLO","link":"https:\/\/www.grieta.org.mx\/index.php\/category\/cintillo\/"},"img":{"alt_text":"","src":"https:\/\/i0.wp.com\/www.grieta.org.mx\/wp-content\/uploads\/2022\/02\/Mitikah-muestra-musculo-contra-vecinos-cdmx-feb.jpg?resize=350%2C200&ssl=1","width":350,"height":200,"srcset":"https:\/\/i0.wp.com\/www.grieta.org.mx\/wp-content\/uploads\/2022\/02\/Mitikah-muestra-musculo-contra-vecinos-cdmx-feb.jpg?resize=350%2C200&ssl=1 1x, https:\/\/i0.wp.com\/www.grieta.org.mx\/wp-content\/uploads\/2022\/02\/Mitikah-muestra-musculo-contra-vecinos-cdmx-feb.jpg?resize=525%2C300&ssl=1 1.5x, https:\/\/i0.wp.com\/www.grieta.org.mx\/wp-content\/uploads\/2022\/02\/Mitikah-muestra-musculo-contra-vecinos-cdmx-feb.jpg?resize=700%2C400&ssl=1 2x"},"classes":[]}],"_links":{"self":[{"href":"https:\/\/www.grieta.org.mx\/index.php\/wp-json\/wp\/v2\/posts\/42390","targetHints":{"allow":["GET"]}}],"collection":[{"href":"https:\/\/www.grieta.org.mx\/index.php\/wp-json\/wp\/v2\/posts"}],"about":[{"href":"https:\/\/www.grieta.org.mx\/index.php\/wp-json\/wp\/v2\/types\/post"}],"author":[{"embeddable":true,"href":"https:\/\/www.grieta.org.mx\/index.php\/wp-json\/wp\/v2\/users\/2"}],"replies":[{"embeddable":true,"href":"https:\/\/www.grieta.org.mx\/index.php\/wp-json\/wp\/v2\/comments?post=42390"}],"version-history":[{"count":1,"href":"https:\/\/www.grieta.org.mx\/index.php\/wp-json\/wp\/v2\/posts\/42390\/revisions"}],"predecessor-version":[{"id":42402,"href":"https:\/\/www.grieta.org.mx\/index.php\/wp-json\/wp\/v2\/posts\/42390\/revisions\/42402"}],"wp:featuredmedia":[{"embeddable":true,"href":"https:\/\/www.grieta.org.mx\/index.php\/wp-json\/wp\/v2\/media\/42391"}],"wp:attachment":[{"href":"https:\/\/www.grieta.org.mx\/index.php\/wp-json\/wp\/v2\/media?parent=42390"}],"wp:term":[{"taxonomy":"category","embeddable":true,"href":"https:\/\/www.grieta.org.mx\/index.php\/wp-json\/wp\/v2\/categories?post=42390"},{"taxonomy":"post_tag","embeddable":true,"href":"https:\/\/www.grieta.org.mx\/index.php\/wp-json\/wp\/v2\/tags?post=42390"}],"curies":[{"name":"wp","href":"https:\/\/api.w.org\/{rel}","templated":true}]}}