{"id":42387,"date":"2019-12-15T18:15:59","date_gmt":"2019-12-16T00:15:59","guid":{"rendered":"http:\/\/www.grieta.org.mx\/?p=42387"},"modified":"2019-12-21T18:34:49","modified_gmt":"2019-12-22T00:34:49","slug":"poder-judicial-de-jalisco-otorga-libertad-anticipada-a-feminicidas-confesos-y-condenados","status":"publish","type":"post","link":"https:\/\/www.grieta.org.mx\/index.php\/2019\/12\/15\/poder-judicial-de-jalisco-otorga-libertad-anticipada-a-feminicidas-confesos-y-condenados\/","title":{"rendered":"Poder judicial de Jalisco otorga libertad anticipada a feminicidas confesos y condenados"},"content":{"rendered":"<p><img loading=\"lazy\" decoding=\"async\" data-attachment-id=\"42388\" data-permalink=\"https:\/\/www.grieta.org.mx\/index.php\/2019\/12\/15\/poder-judicial-de-jalisco-otorga-libertad-anticipada-a-feminicidas-confesos-y-condenados\/unknown-4-1280x640\/\" data-orig-file=\"https:\/\/www.grieta.org.mx\/wp-content\/uploads\/2019\/12\/Unknown-4-1280x640.jpeg\" data-orig-size=\"1280,640\" data-comments-opened=\"0\" data-image-meta=\"{&quot;aperture&quot;:&quot;0&quot;,&quot;credit&quot;:&quot;&quot;,&quot;camera&quot;:&quot;&quot;,&quot;caption&quot;:&quot;&quot;,&quot;created_timestamp&quot;:&quot;0&quot;,&quot;copyright&quot;:&quot;&quot;,&quot;focal_length&quot;:&quot;0&quot;,&quot;iso&quot;:&quot;0&quot;,&quot;shutter_speed&quot;:&quot;0&quot;,&quot;title&quot;:&quot;&quot;,&quot;orientation&quot;:&quot;0&quot;}\" data-image-title=\"Unknown-4-1280&amp;#215;640\" data-image-description=\"\" data-image-caption=\"\" data-medium-file=\"https:\/\/www.grieta.org.mx\/wp-content\/uploads\/2019\/12\/Unknown-4-1280x640-300x150.jpeg\" data-large-file=\"https:\/\/www.grieta.org.mx\/wp-content\/uploads\/2019\/12\/Unknown-4-1280x640-1024x512.jpeg\" class=\"aligncenter wp-image-42388\" src=\"http:\/\/www.grieta.org.mx\/wp-content\/uploads\/2019\/12\/Unknown-4-1280x640.jpeg\" alt=\"\" width=\"800\" height=\"401\" srcset=\"https:\/\/www.grieta.org.mx\/wp-content\/uploads\/2019\/12\/Unknown-4-1280x640.jpeg 1280w, https:\/\/www.grieta.org.mx\/wp-content\/uploads\/2019\/12\/Unknown-4-1280x640-300x150.jpeg 300w, https:\/\/www.grieta.org.mx\/wp-content\/uploads\/2019\/12\/Unknown-4-1280x640-768x384.jpeg 768w, https:\/\/www.grieta.org.mx\/wp-content\/uploads\/2019\/12\/Unknown-4-1280x640-1024x512.jpeg 1024w, https:\/\/www.grieta.org.mx\/wp-content\/uploads\/2019\/12\/Unknown-4-1280x640-1000x500.jpeg 1000w\" sizes=\"auto, (max-width: 800px) 100vw, 800px\" \/><\/p>\n<p>Foto: Zona Docs<\/p>\n<p><em>En menos de una semana, el Poder Judicial de Jalisco concedi\u00f3 la libertad a dos confesos y condenados feminicidas; organizaciones feministas han denunciado que esto vulnera a\u00fan m\u00e1s a las jaliscienses y convierte al estado en \u201cel para\u00edso de los feminicidas\u201d<\/em><\/p>\n<p>Maria Fernanda Lattuada \/ Zona Docs<\/p>\n<p><strong>A Heidi Jurado Belloc la asesin\u00f3 su esposo el 23 de enero del 2009;<\/strong>\u00a0sin embargo, \u00e9ste\u00a0fue puesto en libertad, el 13 de diciembre \u00a0de 2019. Eugenio L., sali\u00f3 libre 20 a\u00f1os antes de cumplir su condena que era de 38 a\u00f1os, esto al ser acusado por el delito de parricidio,\u00a0<strong>delito donde \u00e9l mismo se declar\u00f3 culpable.<\/strong><\/p>\n<p><i>El parricidio\u00a0<strong>es la privaci\u00f3n de la vida de una persona con v\u00ednculo de sangre directo ascendiente, descendiente o un c\u00f3nyuge<\/strong>.<\/i><\/p>\n<p>El hombre que mand\u00f3 a asesinar a su esposa por la cantidad de 200 mil\u00a0pesos,\u00a0<strong>solicit\u00f3 el beneficio de la libertad anticipada<\/strong>\u00a0ante el juez Primero de Ejecuci\u00f3n de Penas del Estado de Jalisco,\u00a0<strong>quien consider\u00f3 que Eugenio era candidato para obtenerla<\/strong>.<\/p>\n<p>Fuentes cercanas al caso aseguran que el fallo fue otorgado por el juez el viernes (13 de diciembre), \u00faltimo d\u00eda de labores por lo que, a la fecha\u00a0<strong>desconocen cu\u00e1les fueron los perceptos legales por los que fue puesto en libertad anticipada<\/strong>, ya que por el tipo de condena era imposible conseguir dicho beneficio.<\/p>\n<p><strong><em>\u201cDesafortunadamente o casualmente, se hizo la reuni\u00f3n con el juez el viernes, \u00faltimo d\u00eda de labores, por las vacaciones. A las 3:45 habl\u00f3 la licenciada del Ministerio P\u00fablico, ya se hab\u00eda dado el fallo y pr\u00e1cticamente ya estaba libre.\u00a0<\/em><\/strong><\/p>\n<p>Sin embargo,<strong>\u00a0las oficinas de los juzgados\u00a0 reinician sus actividades hasta el 2 de enero de 2020<\/strong>, por lo que deber\u00e1n esperar\u00a0para\u00a0conocer los argumentos e\u00a0iniciar el procedimiento\u00a0de\u00a0un amparo federal.<\/p>\n<p><em><strong>\u201cVivimos en un pa\u00eds tan corrupto que las leyes literal se las pasan por el arco del triunfo y con dinero hacen lo que quieren [\u2026]\u00a0 el mismo patr\u00f3n se est\u00e1 viendo. Descaradamente sucede esto cuando m\u00e1s se lucha contra el feminicidio, es una burla y una cachetada para todos\u201d<\/strong><\/em>, agregaron.<\/p>\n<p>De este mismo modo, el 12 de diciembre \u2014un d\u00eda antes de salir de vacaciones \u2014, <strong>el Poder Judicial de Jalisco dio libertad y absoluci\u00f3n a Luis Alberto N., qui\u00e9n hab\u00eda sido sentenciado a 25 a\u00f1os de prisi\u00f3n por el asesinato confeso de su expareja Yolanda<\/strong>.<\/p>\n<p>El Comit\u00e9 de Am\u00e9rica Latina y el Caribe para la defensa de los derechos de las Mujeres (CLADEM), a trav\u00e9s de un comunicado manifestaron su indignaci\u00f3n con el Poder Judicial del Estado de Jalisco: <strong>\u201cal convertirse en el para\u00edso de los feminicidas\u201d<\/strong>.<\/p>\n<p><strong>\u201cLa Justicia Patriarcal sigue siendo la Justicia que impera en un Estado en donde las Mujeres no importan. Exigimos una investigaci\u00f3n exhaustiva a los Magistrados que dictaron la absoluci\u00f3n del feminicida. [\u2026] A las Mujeres en Jalisco les advertimos, que desde hoy, un feminicida m\u00e1s, goza de plena libertad gracias a la Justicia Patriarcal del Poder Judicial.\u201d<\/strong><\/p>\n<p><strong>Se presume que hay un tercer caso en el cual el Poder Judicial dio libertad a una persona acusada por el delito de feminicidio en la semana previa a la suspensi\u00f3n de labores<\/strong>; sin embargo, se desconocen mayores detalles.<\/p>\n<p><a href=\"https:\/\/www.zonadocs.mx\/2019\/12\/15\/poder-judicial-de-jalisco-otorga-libertad-anticipada-a-feminicidas-confesos\/\">https:\/\/www.zonadocs.mx\/2019\/12\/15\/poder-judicial-de-jalisco-otorga-libertad-anticipada-a-feminicidas-confesos\/<\/a><\/p>\n","protected":false},"excerpt":{"rendered":"<p>Foto: Zona Docs En menos de una semana, el Poder Judicial de Jalisco concedi\u00f3 la libertad a dos confesos y condenados feminicidas; organizaciones feministas han denunciado que esto vulnera a\u00fan &hellip; <a href=\"https:\/\/www.grieta.org.mx\/index.php\/2019\/12\/15\/poder-judicial-de-jalisco-otorga-libertad-anticipada-a-feminicidas-confesos-y-condenados\/\" class=\"more-link\">Leer m\u00e1s<\/a><\/p>\n","protected":false},"author":2,"featured_media":42388,"comment_status":"closed","ping_status":"closed","sticky":false,"template":"","format":"standard","meta":{"ngg_post_thumbnail":0,"_jetpack_newsletter_access":"","_jetpack_dont_email_post_to_subs":false,"_jetpack_newsletter_tier_id":0,"_jetpack_memberships_contains_paywalled_content":false,"_jetpack_memberships_contains_paid_content":false,"footnotes":""},"categories":[80,84,2107,20,2,83],"tags":[2992,81],"class_list":["post-42387","post","type-post","status-publish","format-standard","has-post-thumbnail","hentry","category-cintillo","category-feminicidios","category-feminicidios-en-jalisco","category-jalisco","category-noticias-nacionales","category-temas-nacionales","tag-feminicidas-libres","tag-feminicidios","entry"],"jetpack_featured_media_url":"https:\/\/www.grieta.org.mx\/wp-content\/uploads\/2019\/12\/Unknown-4-1280x640.jpeg","jetpack_sharing_enabled":true,"jetpack_shortlink":"https:\/\/wp.me\/p7ZJR4-b1F","jetpack_likes_enabled":false,"jetpack-related-posts":[{"id":39511,"url":"https:\/\/www.grieta.org.mx\/index.php\/2019\/09\/19\/han-asesinado-a-178-mujeres-en-jalisco-en-2019\/","url_meta":{"origin":42387,"position":0},"title":"Han asesinado a 178 mujeres en Jalisco en 2019","author":"grieta","date":"19 septiembre, 2019","format":false,"excerpt":"Foto: Archivo OEM Al ser considerados s\u00f3lo 20% por feminicidios, el 80% restante se consigna como homicidio o parricidio y esto solo minimiza la violencia en contra de las mujeres, denuncia Cladem V\u00edctor Chavez \/ El Occidental Advierte Cladem sobre un incremento desmedido de violencia hacia la mujer, con 178\u2026","rel":"","context":"En &quot;CINTILLO&quot;","block_context":{"text":"CINTILLO","link":"https:\/\/www.grieta.org.mx\/index.php\/category\/cintillo\/"},"img":{"alt_text":"","src":"https:\/\/i0.wp.com\/www.grieta.org.mx\/wp-content\/uploads\/2019\/09\/feminicidio-1.jpg?resize=350%2C200&ssl=1","width":350,"height":200,"srcset":"https:\/\/i0.wp.com\/www.grieta.org.mx\/wp-content\/uploads\/2019\/09\/feminicidio-1.jpg?resize=350%2C200&ssl=1 1x, https:\/\/i0.wp.com\/www.grieta.org.mx\/wp-content\/uploads\/2019\/09\/feminicidio-1.jpg?resize=525%2C300&ssl=1 1.5x, https:\/\/i0.wp.com\/www.grieta.org.mx\/wp-content\/uploads\/2019\/09\/feminicidio-1.jpg?resize=700%2C400&ssl=1 2x"},"classes":[]},{"id":42181,"url":"https:\/\/www.grieta.org.mx\/index.php\/2019\/12\/13\/magistrados-liberan-a-feminicida-de-yolanda-jalisco\/","url_meta":{"origin":42387,"position":1},"title":"Magistrados liberan a feminicida de Yolanda (Jalisco)","author":"grieta","date":"13 diciembre, 2019","format":false,"excerpt":"Foto: Especial Redacci\u00f3n \/ El Diario NTR Hace cuatro a\u00f1os, Jorge Francisco N mat\u00f3 a su ex pareja sentimental, Yolanda, frente a una de sus hijas, en Mezquitic.\u00a0Por\u00a0este crimen hace seis meses lo sentenciaron a 25 a\u00f1os de prisi\u00f3n, pero este 11 de diciembre, magistrados de la Sexta Sala lo\u2026","rel":"","context":"En &quot;CINTILLO&quot;","block_context":{"text":"CINTILLO","link":"https:\/\/www.grieta.org.mx\/index.php\/category\/cintillo\/"},"img":{"alt_text":"","src":"https:\/\/i0.wp.com\/www.grieta.org.mx\/wp-content\/uploads\/2019\/12\/2019-12-13_03-12-31___6682.jpg?resize=350%2C200&ssl=1","width":350,"height":200,"srcset":"https:\/\/i0.wp.com\/www.grieta.org.mx\/wp-content\/uploads\/2019\/12\/2019-12-13_03-12-31___6682.jpg?resize=350%2C200&ssl=1 1x, https:\/\/i0.wp.com\/www.grieta.org.mx\/wp-content\/uploads\/2019\/12\/2019-12-13_03-12-31___6682.jpg?resize=525%2C300&ssl=1 1.5x, https:\/\/i0.wp.com\/www.grieta.org.mx\/wp-content\/uploads\/2019\/12\/2019-12-13_03-12-31___6682.jpg?resize=700%2C400&ssl=1 2x"},"classes":[]},{"id":65521,"url":"https:\/\/www.grieta.org.mx\/index.php\/2022\/10\/13\/despues-de-70-asesinatos-de-mujeres-fiscalia-crea-unidad-para-perseguir-y-sancionar-a-feminicidas-colima\/","url_meta":{"origin":42387,"position":2},"title":"Despu\u00e9s de 70 asesinatos de mujeres, Fiscal\u00eda crea unidad para perseguir y sancionar a feminicidas (Colima)","author":"grieta","date":"13 octubre, 2022","format":false,"excerpt":"Imagen: Diario Avanzada Heidi de Le\u00f3n Guti\u00e9rrez \/ Diario Avanzada Colima, M\u00e9xico, Avanzada (15\/10\/2022).- Despu\u00e9s de 70 asesinatos de mujeres en lo que va del a\u00f1o, entre ellas ni\u00f1as de entre 12 y 15 a\u00f1os de edad, la Fiscal\u00eda General del Estado instaur\u00f3 la Unidad Especializada para la investigaci\u00f3n y\u2026","rel":"","context":"En &quot;CINTILLO&quot;","block_context":{"text":"CINTILLO","link":"https:\/\/www.grieta.org.mx\/index.php\/category\/cintillo\/"},"img":{"alt_text":"","src":"https:\/\/i0.wp.com\/www.grieta.org.mx\/wp-content\/uploads\/2022\/10\/01-27-feminicidios.png?resize=350%2C200&ssl=1","width":350,"height":200,"srcset":"https:\/\/i0.wp.com\/www.grieta.org.mx\/wp-content\/uploads\/2022\/10\/01-27-feminicidios.png?resize=350%2C200&ssl=1 1x, https:\/\/i0.wp.com\/www.grieta.org.mx\/wp-content\/uploads\/2022\/10\/01-27-feminicidios.png?resize=525%2C300&ssl=1 1.5x, https:\/\/i0.wp.com\/www.grieta.org.mx\/wp-content\/uploads\/2022\/10\/01-27-feminicidios.png?resize=700%2C400&ssl=1 2x"},"classes":[]},{"id":31415,"url":"https:\/\/www.grieta.org.mx\/index.php\/2019\/03\/31\/solo-el-15-de-feminicidas-han-sido-detenidos-desde-el-2015-en-coahuila\/","url_meta":{"origin":42387,"position":3},"title":"Solo el 15% de feminicidas han sido detenidos desde el 2015 en Coahuila","author":"grieta","date":"31 marzo, 2019","format":false,"excerpt":"Armando R\u00edos\/VANGUARDIA MX Por 57 asesinatos de mujeres con estas caracter\u00edsticas, se han girado 15 \u00f3rdenes de aprehensi\u00f3n y cumplimentado 9 De los 57 feminicidios que se han registrado en\u00a0Coahuila desde 2015, seg\u00fan el Secretariado Ejecutivo del Sistema Nacional de Seguridad P\u00fablica (SESNSP), la\u00a0Fiscal\u00eda General del Estado (FGE)\u00a0inform\u00f3 que solo\u2026","rel":"","context":"En &quot;CINTILLO&quot;","block_context":{"text":"CINTILLO","link":"https:\/\/www.grieta.org.mx\/index.php\/category\/cintillo\/"},"img":{"alt_text":"","src":"https:\/\/i0.wp.com\/www.grieta.org.mx\/wp-content\/uploads\/2019\/03\/feminicidio-3.jpg?resize=350%2C200&ssl=1","width":350,"height":200,"srcset":"https:\/\/i0.wp.com\/www.grieta.org.mx\/wp-content\/uploads\/2019\/03\/feminicidio-3.jpg?resize=350%2C200&ssl=1 1x, https:\/\/i0.wp.com\/www.grieta.org.mx\/wp-content\/uploads\/2019\/03\/feminicidio-3.jpg?resize=525%2C300&ssl=1 1.5x, https:\/\/i0.wp.com\/www.grieta.org.mx\/wp-content\/uploads\/2019\/03\/feminicidio-3.jpg?resize=700%2C400&ssl=1 2x"},"classes":[]},{"id":38218,"url":"https:\/\/www.grieta.org.mx\/index.php\/2019\/08\/14\/registra-jalisco-154-mujeres-asesinadas\/","url_meta":{"origin":42387,"position":4},"title":"Registra Jalisco 154 mujeres asesinadas","author":"grieta","date":"14 agosto, 2019","format":false,"excerpt":"Foto: Reuters \/ Archivo Violeta Mel\u00e9ndez \/ El Diario NTR De las 154 muertes violentas de mujeres que registra la Fiscal\u00eda de Jalisco en lo que va del a\u00f1o, solo 14.9 por ciento contin\u00faa actualmente bajo investigaci\u00f3n por feminicidio, es decir, 22 v\u00edctimas, reconoci\u00f3 Fela Pelayo L\u00f3pez, titular de la\u2026","rel":"","context":"En &quot;CINTILLO&quot;","block_context":{"text":"CINTILLO","link":"https:\/\/www.grieta.org.mx\/index.php\/category\/cintillo\/"},"img":{"alt_text":"","src":"https:\/\/i0.wp.com\/www.grieta.org.mx\/wp-content\/uploads\/2019\/08\/5780345ec4618877778b456e.jpg?resize=350%2C200&ssl=1","width":350,"height":200,"srcset":"https:\/\/i0.wp.com\/www.grieta.org.mx\/wp-content\/uploads\/2019\/08\/5780345ec4618877778b456e.jpg?resize=350%2C200&ssl=1 1x, https:\/\/i0.wp.com\/www.grieta.org.mx\/wp-content\/uploads\/2019\/08\/5780345ec4618877778b456e.jpg?resize=525%2C300&ssl=1 1.5x, https:\/\/i0.wp.com\/www.grieta.org.mx\/wp-content\/uploads\/2019\/08\/5780345ec4618877778b456e.jpg?resize=700%2C400&ssl=1 2x"},"classes":[]},{"id":63067,"url":"https:\/\/www.grieta.org.mx\/index.php\/2022\/01\/12\/feminicidios-en-jalisco-crimenes-sin-consecuencias\/","url_meta":{"origin":42387,"position":5},"title":"Feminicidios en Jalisco: Cr\u00edmenes sin consecuencias","author":"grieta","date":"12 enero, 2022","format":false,"excerpt":"Imagen: Zona Docs La violencia contra las mujeres es sistem\u00e1tica y estructural. Las m\u00faltiples violencias son visibles, y la intolerancia social e impunidad al agresor impiden ponerle freno. Cada a\u00f1o, en M\u00e9xico, se registra un n\u00famero alarmante de episodios de violencia contra las mujeres. En Jalisco, de 2012 a septiembre\u2026","rel":"","context":"En &quot;CINTILLO&quot;","block_context":{"text":"CINTILLO","link":"https:\/\/www.grieta.org.mx\/index.php\/category\/cintillo\/"},"img":{"alt_text":"","src":"https:\/\/i0.wp.com\/www.grieta.org.mx\/wp-content\/uploads\/2022\/01\/Infografia-1.jpg?resize=350%2C200&ssl=1","width":350,"height":200,"srcset":"https:\/\/i0.wp.com\/www.grieta.org.mx\/wp-content\/uploads\/2022\/01\/Infografia-1.jpg?resize=350%2C200&ssl=1 1x, https:\/\/i0.wp.com\/www.grieta.org.mx\/wp-content\/uploads\/2022\/01\/Infografia-1.jpg?resize=525%2C300&ssl=1 1.5x, https:\/\/i0.wp.com\/www.grieta.org.mx\/wp-content\/uploads\/2022\/01\/Infografia-1.jpg?resize=700%2C400&ssl=1 2x, https:\/\/i0.wp.com\/www.grieta.org.mx\/wp-content\/uploads\/2022\/01\/Infografia-1.jpg?resize=1050%2C600&ssl=1 3x, https:\/\/i0.wp.com\/www.grieta.org.mx\/wp-content\/uploads\/2022\/01\/Infografia-1.jpg?resize=1400%2C800&ssl=1 4x"},"classes":[]}],"_links":{"self":[{"href":"https:\/\/www.grieta.org.mx\/index.php\/wp-json\/wp\/v2\/posts\/42387","targetHints":{"allow":["GET"]}}],"collection":[{"href":"https:\/\/www.grieta.org.mx\/index.php\/wp-json\/wp\/v2\/posts"}],"about":[{"href":"https:\/\/www.grieta.org.mx\/index.php\/wp-json\/wp\/v2\/types\/post"}],"author":[{"embeddable":true,"href":"https:\/\/www.grieta.org.mx\/index.php\/wp-json\/wp\/v2\/users\/2"}],"replies":[{"embeddable":true,"href":"https:\/\/www.grieta.org.mx\/index.php\/wp-json\/wp\/v2\/comments?post=42387"}],"version-history":[{"count":1,"href":"https:\/\/www.grieta.org.mx\/index.php\/wp-json\/wp\/v2\/posts\/42387\/revisions"}],"predecessor-version":[{"id":42389,"href":"https:\/\/www.grieta.org.mx\/index.php\/wp-json\/wp\/v2\/posts\/42387\/revisions\/42389"}],"wp:featuredmedia":[{"embeddable":true,"href":"https:\/\/www.grieta.org.mx\/index.php\/wp-json\/wp\/v2\/media\/42388"}],"wp:attachment":[{"href":"https:\/\/www.grieta.org.mx\/index.php\/wp-json\/wp\/v2\/media?parent=42387"}],"wp:term":[{"taxonomy":"category","embeddable":true,"href":"https:\/\/www.grieta.org.mx\/index.php\/wp-json\/wp\/v2\/categories?post=42387"},{"taxonomy":"post_tag","embeddable":true,"href":"https:\/\/www.grieta.org.mx\/index.php\/wp-json\/wp\/v2\/tags?post=42387"}],"curies":[{"name":"wp","href":"https:\/\/api.w.org\/{rel}","templated":true}]}}