{"id":4210,"date":"2015-05-13T00:07:01","date_gmt":"2015-05-13T00:07:01","guid":{"rendered":"http:\/\/50.22.11.12\/~grietaor\/?p=4210"},"modified":"2016-03-22T00:19:31","modified_gmt":"2016-03-22T00:19:31","slug":"caravana-yaqui-en-nayarit","status":"publish","type":"post","link":"https:\/\/www.grieta.org.mx\/index.php\/2015\/05\/13\/caravana-yaqui-en-nayarit\/","title":{"rendered":"Caravana Yaqui en Nayarit"},"content":{"rendered":"<p><strong>13\/05\/15. <\/strong><a href=\"http:\/\/grieta.org.mx\/index.php\/2015\/05\/13\/caravana-yaqui-llega-a-nayarit-cronica\/\">Caravana Yaqui llega a Nayarit (Cr\u00f3nica)<\/a><br \/>\n<em>Radio Zapote<\/em><\/p>\n","protected":false},"excerpt":{"rendered":"<p>13\/05\/15. Caravana Yaqui llega a Nayarit (Cr\u00f3nica) Radio Zapote<\/p>\n","protected":false},"author":2,"featured_media":21928,"comment_status":"closed","ping_status":"open","sticky":false,"template":"","format":"standard","meta":{"ngg_post_thumbnail":0,"_jetpack_newsletter_access":"","_jetpack_dont_email_post_to_subs":false,"_jetpack_newsletter_tier_id":0,"_jetpack_memberships_contains_paywalled_content":false,"_jetpack_memberships_contains_paid_content":false,"footnotes":""},"categories":[65,145,23,2,38],"tags":[339,279],"class_list":{"0":"post-4210","1":"post","2":"type-post","3":"status-publish","4":"format-standard","5":"has-post-thumbnail","6":"hentry","7":"category-21-yaquis","8":"category-nayarit","10":"category-noticias-nacionales","11":"category-proyectos-hidricos","12":"tag-acueducto-independencia","13":"tag-caravana-yaqui","14":"entry"},"jetpack_featured_media_url":"https:\/\/www.grieta.org.mx\/wp-content\/uploads\/2018\/03\/14524434_1106112876131411_958039263622046936_o.jpg","jetpack_sharing_enabled":true,"jetpack_shortlink":"https:\/\/wp.me\/p7ZJR4-15U","jetpack_likes_enabled":false,"jetpack-related-posts":[{"id":4211,"url":"https:\/\/www.grieta.org.mx\/index.php\/2015\/05\/13\/caravana-yaqui-llega-a-nayarit-cronica\/","url_meta":{"origin":4210,"position":0},"title":"Caravana Yaqui llega a Nayarit (Cr\u00f3nica)","author":"grieta","date":"13 mayo, 2015","format":false,"excerpt":"Radio Zapote Ruiz, Nayarit a 13 de Mayo de 2015. En el marco de la convocatoria que hizo la tribu Yaqui al pueblo de M\u00e9xico para participar en La Caravana Nacional por el Agua, el Territorio, el Trabajo y la Vida. Hoy en el municipio de Ruiz en el estado\u2026","rel":"","context":"En &quot;CINTILLO&quot;","block_context":{"text":"CINTILLO","link":"https:\/\/www.grieta.org.mx\/index.php\/category\/cintillo\/"},"img":{"alt_text":"","src":"https:\/\/i0.wp.com\/www.grieta.org.mx\/wp-content\/uploads\/2018\/03\/14524434_1106112876131411_958039263622046936_o.jpg?resize=350%2C200&ssl=1","width":350,"height":200,"srcset":"https:\/\/i0.wp.com\/www.grieta.org.mx\/wp-content\/uploads\/2018\/03\/14524434_1106112876131411_958039263622046936_o.jpg?resize=350%2C200&ssl=1 1x, https:\/\/i0.wp.com\/www.grieta.org.mx\/wp-content\/uploads\/2018\/03\/14524434_1106112876131411_958039263622046936_o.jpg?resize=525%2C300&ssl=1 1.5x, https:\/\/i0.wp.com\/www.grieta.org.mx\/wp-content\/uploads\/2018\/03\/14524434_1106112876131411_958039263622046936_o.jpg?resize=700%2C400&ssl=1 2x"},"classes":[]},{"id":8922,"url":"https:\/\/www.grieta.org.mx\/index.php\/2015\/05\/20\/caravana-yaqui-en-michoacan\/","url_meta":{"origin":4210,"position":1},"title":"Caravana Yaqui en Michoac\u00e1n","author":"Admin","date":"20 mayo, 2015","format":false,"excerpt":"20\/05\/15. Se suman organizaciones michoacanas a la caravana por la defensa del agua Notinet 19\/05\/15. Solicita Caravana Nacional por la Defensa del Agua apoyo en Michoac\u00e1n La Jornada Michoac\u00e1n 19\/05\/15. Caravana del Pueblo Yaqui llega a Michoac\u00e1n Notivideo","rel":"","context":"En &quot;Michoac\u00e1n&quot;","block_context":{"text":"Michoac\u00e1n","link":"https:\/\/www.grieta.org.mx\/index.php\/category\/noticias-nacionales\/michoacan\/"},"img":{"alt_text":"","src":"https:\/\/i0.wp.com\/www.grieta.org.mx\/wp-content\/uploads\/2018\/03\/14524434_1106112876131411_958039263622046936_o.jpg?resize=350%2C200&ssl=1","width":350,"height":200,"srcset":"https:\/\/i0.wp.com\/www.grieta.org.mx\/wp-content\/uploads\/2018\/03\/14524434_1106112876131411_958039263622046936_o.jpg?resize=350%2C200&ssl=1 1x, https:\/\/i0.wp.com\/www.grieta.org.mx\/wp-content\/uploads\/2018\/03\/14524434_1106112876131411_958039263622046936_o.jpg?resize=525%2C300&ssl=1 1.5x, https:\/\/i0.wp.com\/www.grieta.org.mx\/wp-content\/uploads\/2018\/03\/14524434_1106112876131411_958039263622046936_o.jpg?resize=700%2C400&ssl=1 2x"},"classes":[]},{"id":7553,"url":"https:\/\/www.grieta.org.mx\/index.php\/2015\/04\/28\/caravana-yaqui-en-tlaxcala\/","url_meta":{"origin":4210,"position":2},"title":"Caravana Yaqui en Tlaxcala","author":"grieta","date":"28 abril, 2015","format":false,"excerpt":"28\/04\/15. Se sumar\u00e1n organizaciones campesinas a movilizaci\u00f3n Yaqui e-consulta","rel":"","context":"En &quot;Tlaxcala&quot;","block_context":{"text":"Tlaxcala","link":"https:\/\/www.grieta.org.mx\/index.php\/category\/noticias-nacionales\/tlaxcala\/"},"img":{"alt_text":"","src":"https:\/\/i0.wp.com\/www.grieta.org.mx\/wp-content\/uploads\/2018\/03\/14524434_1106112876131411_958039263622046936_o.jpg?resize=350%2C200&ssl=1","width":350,"height":200,"srcset":"https:\/\/i0.wp.com\/www.grieta.org.mx\/wp-content\/uploads\/2018\/03\/14524434_1106112876131411_958039263622046936_o.jpg?resize=350%2C200&ssl=1 1x, https:\/\/i0.wp.com\/www.grieta.org.mx\/wp-content\/uploads\/2018\/03\/14524434_1106112876131411_958039263622046936_o.jpg?resize=525%2C300&ssl=1 1.5x, https:\/\/i0.wp.com\/www.grieta.org.mx\/wp-content\/uploads\/2018\/03\/14524434_1106112876131411_958039263622046936_o.jpg?resize=700%2C400&ssl=1 2x"},"classes":[]},{"id":2774,"url":"https:\/\/www.grieta.org.mx\/index.php\/2015\/05\/17\/caravana-yaqui-en-colima\/","url_meta":{"origin":4210,"position":3},"title":"Caravana Yaqui en Colima","author":"grieta","date":"17 mayo, 2015","format":false,"excerpt":"17\/05\/15. Pe\u00f1a es insensible a despojos de agua y tierra contra pueblos originarios: Tribu YaquiProceso 13\/05\/15. Caravana yaqui llega el s\u00e1bado a ColimaPerriodismo","rel":"","context":"En &quot;Colima&quot;","block_context":{"text":"Colima","link":"https:\/\/www.grieta.org.mx\/index.php\/category\/noticias-nacionales\/colima\/"},"img":{"alt_text":"","src":"https:\/\/i0.wp.com\/www.grieta.org.mx\/wp-content\/uploads\/2018\/03\/14524434_1106112876131411_958039263622046936_o.jpg?resize=350%2C200&ssl=1","width":350,"height":200,"srcset":"https:\/\/i0.wp.com\/www.grieta.org.mx\/wp-content\/uploads\/2018\/03\/14524434_1106112876131411_958039263622046936_o.jpg?resize=350%2C200&ssl=1 1x, https:\/\/i0.wp.com\/www.grieta.org.mx\/wp-content\/uploads\/2018\/03\/14524434_1106112876131411_958039263622046936_o.jpg?resize=525%2C300&ssl=1 1.5x, https:\/\/i0.wp.com\/www.grieta.org.mx\/wp-content\/uploads\/2018\/03\/14524434_1106112876131411_958039263622046936_o.jpg?resize=700%2C400&ssl=1 2x"},"classes":[]},{"id":5507,"url":"https:\/\/www.grieta.org.mx\/index.php\/2015\/05\/16\/caravana-yaqui-en-oaxaca\/","url_meta":{"origin":4210,"position":4},"title":"Caravana yaqui en Oaxaca","author":"grieta","date":"16 mayo, 2015","format":false,"excerpt":"16\/05\/15. M\u00e9xico: \u201cHombro con hombro, codo con codo El agua, el agua es de todos\u201d. Caravana Yaqui llega a Huajuapan, Oaxaca Kaos en la red 15\/05\/15. Caravana de yaquis llega a Oaxaca; ind\u00edgenas locales se unen a sus demandasLa Jornada 15\/05\/15. Marchan maestros con caravana Yaqui y reafirman boicot electoral\u2026","rel":"","context":"En &quot;21. Yaquis&quot;","block_context":{"text":"21. Yaquis","link":"https:\/\/www.grieta.org.mx\/index.php\/category\/espejos-de-la-resistencia\/21-yaquis\/"},"img":{"alt_text":"","src":"https:\/\/i0.wp.com\/www.grieta.org.mx\/wp-content\/uploads\/2018\/03\/14524434_1106112876131411_958039263622046936_o.jpg?resize=350%2C200&ssl=1","width":350,"height":200,"srcset":"https:\/\/i0.wp.com\/www.grieta.org.mx\/wp-content\/uploads\/2018\/03\/14524434_1106112876131411_958039263622046936_o.jpg?resize=350%2C200&ssl=1 1x, https:\/\/i0.wp.com\/www.grieta.org.mx\/wp-content\/uploads\/2018\/03\/14524434_1106112876131411_958039263622046936_o.jpg?resize=525%2C300&ssl=1 1.5x, https:\/\/i0.wp.com\/www.grieta.org.mx\/wp-content\/uploads\/2018\/03\/14524434_1106112876131411_958039263622046936_o.jpg?resize=700%2C400&ssl=1 2x"},"classes":[]},{"id":8127,"url":"https:\/\/www.grieta.org.mx\/index.php\/2015\/05\/14\/caravana-yaqui-en-tabasco\/","url_meta":{"origin":4210,"position":5},"title":"Caravana Yaqui en Tabasco","author":"grieta","date":"14 mayo, 2015","format":false,"excerpt":"14\/05\/15. Llega a Tabasco movimiento nacional defensor del agua Heraldo 07\/05\/15. Rueda de Prensa Actividades caravana Yaqui en Tabasco.CNEE Sur 07\/05\/15. Tabasco participa en Caravana por el Agua.","rel":"","context":"En &quot;NOTICIAS NACIONALES&quot;","block_context":{"text":"NOTICIAS NACIONALES","link":"https:\/\/www.grieta.org.mx\/index.php\/category\/noticias-nacionales\/"},"img":{"alt_text":"","src":"https:\/\/i0.wp.com\/www.grieta.org.mx\/wp-content\/uploads\/2018\/03\/14524434_1106112876131411_958039263622046936_o.jpg?resize=350%2C200&ssl=1","width":350,"height":200,"srcset":"https:\/\/i0.wp.com\/www.grieta.org.mx\/wp-content\/uploads\/2018\/03\/14524434_1106112876131411_958039263622046936_o.jpg?resize=350%2C200&ssl=1 1x, https:\/\/i0.wp.com\/www.grieta.org.mx\/wp-content\/uploads\/2018\/03\/14524434_1106112876131411_958039263622046936_o.jpg?resize=525%2C300&ssl=1 1.5x, https:\/\/i0.wp.com\/www.grieta.org.mx\/wp-content\/uploads\/2018\/03\/14524434_1106112876131411_958039263622046936_o.jpg?resize=700%2C400&ssl=1 2x"},"classes":[]}],"_links":{"self":[{"href":"https:\/\/www.grieta.org.mx\/index.php\/wp-json\/wp\/v2\/posts\/4210","targetHints":{"allow":["GET"]}}],"collection":[{"href":"https:\/\/www.grieta.org.mx\/index.php\/wp-json\/wp\/v2\/posts"}],"about":[{"href":"https:\/\/www.grieta.org.mx\/index.php\/wp-json\/wp\/v2\/types\/post"}],"author":[{"embeddable":true,"href":"https:\/\/www.grieta.org.mx\/index.php\/wp-json\/wp\/v2\/users\/2"}],"replies":[{"embeddable":true,"href":"https:\/\/www.grieta.org.mx\/index.php\/wp-json\/wp\/v2\/comments?post=4210"}],"version-history":[{"count":1,"href":"https:\/\/www.grieta.org.mx\/index.php\/wp-json\/wp\/v2\/posts\/4210\/revisions"}],"predecessor-version":[{"id":4214,"href":"https:\/\/www.grieta.org.mx\/index.php\/wp-json\/wp\/v2\/posts\/4210\/revisions\/4214"}],"wp:featuredmedia":[{"embeddable":true,"href":"https:\/\/www.grieta.org.mx\/index.php\/wp-json\/wp\/v2\/media\/21928"}],"wp:attachment":[{"href":"https:\/\/www.grieta.org.mx\/index.php\/wp-json\/wp\/v2\/media?parent=4210"}],"wp:term":[{"taxonomy":"category","embeddable":true,"href":"https:\/\/www.grieta.org.mx\/index.php\/wp-json\/wp\/v2\/categories?post=4210"},{"taxonomy":"post_tag","embeddable":true,"href":"https:\/\/www.grieta.org.mx\/index.php\/wp-json\/wp\/v2\/tags?post=4210"}],"curies":[{"name":"wp","href":"https:\/\/api.w.org\/{rel}","templated":true}]}}