{"id":42046,"date":"2019-12-09T20:10:38","date_gmt":"2019-12-10T02:10:38","guid":{"rendered":"http:\/\/www.grieta.org.mx\/?p=42046"},"modified":"2019-12-09T20:10:38","modified_gmt":"2019-12-10T02:10:38","slug":"protesta-de-trabajadores-en-los-aeropuertos-de-merida-y-cancun","status":"publish","type":"post","link":"https:\/\/www.grieta.org.mx\/index.php\/2019\/12\/09\/protesta-de-trabajadores-en-los-aeropuertos-de-merida-y-cancun\/","title":{"rendered":"Protesta de trabajadores en los aeropuertos de M\u00e9rida y Canc\u00fan"},"content":{"rendered":"<p><img loading=\"lazy\" decoding=\"async\" data-attachment-id=\"42047\" data-permalink=\"https:\/\/www.grieta.org.mx\/index.php\/2019\/12\/09\/protesta-de-trabajadores-en-los-aeropuertos-de-merida-y-cancun\/protestaaeropuerto\/\" data-orig-file=\"https:\/\/www.grieta.org.mx\/wp-content\/uploads\/2019\/12\/ProtestaAeropuerto.png\" data-orig-size=\"704,473\" data-comments-opened=\"0\" data-image-meta=\"{&quot;aperture&quot;:&quot;0&quot;,&quot;credit&quot;:&quot;&quot;,&quot;camera&quot;:&quot;&quot;,&quot;caption&quot;:&quot;&quot;,&quot;created_timestamp&quot;:&quot;0&quot;,&quot;copyright&quot;:&quot;&quot;,&quot;focal_length&quot;:&quot;0&quot;,&quot;iso&quot;:&quot;0&quot;,&quot;shutter_speed&quot;:&quot;0&quot;,&quot;title&quot;:&quot;&quot;,&quot;orientation&quot;:&quot;0&quot;}\" data-image-title=\"ProtestaAeropuerto\" data-image-description=\"\" data-image-caption=\"\" data-medium-file=\"https:\/\/www.grieta.org.mx\/wp-content\/uploads\/2019\/12\/ProtestaAeropuerto-300x202.png\" data-large-file=\"https:\/\/www.grieta.org.mx\/wp-content\/uploads\/2019\/12\/ProtestaAeropuerto.png\" src=\"http:\/\/www.grieta.org.mx\/wp-content\/uploads\/2019\/12\/ProtestaAeropuerto.png\" alt=\"\" width=\"704\" height=\"473\" class=\"aligncenter size-full wp-image-42047\" srcset=\"https:\/\/www.grieta.org.mx\/wp-content\/uploads\/2019\/12\/ProtestaAeropuerto.png 704w, https:\/\/www.grieta.org.mx\/wp-content\/uploads\/2019\/12\/ProtestaAeropuerto-300x202.png 300w\" sizes=\"auto, (max-width: 704px) 100vw, 704px\" \/><\/p>\n<p> Gabriel Chan \/ Diario de Yucat\u00e1n<br \/>\nDesde las cinco y media de la madrugada de este lunes, trabajadores afiliados al Sindicato Nacional de Trabajadores de la Industria Aeroportuaria y de Servicios Similares y Conexos de la Rep\u00fablica Mexicana, realizan una manifestaci\u00f3n pac\u00edfica en las instalaciones del Aeropuerto de M\u00e9rida en contra de las violaciones al contrato colectivo que sufren por parte de los directivos de la empresa Grupo Asur.<\/p>\n<p>Gaspar Alfonso Caseres Tellez, delegado sindical del S.N.T.I.A.S.S.C.R.M. en breve estar\u00e1 ofreciendo una rueda de prensa, aunque adelant\u00f3 que esta protesta se realiza de manera simult\u00e1nea en el aeropuerto de Canc\u00fan, donde tambi\u00e9n hay trabajadores afectados por los directivos de Asur.<\/p>\n<p>La manifestaci\u00f3n la realizan trabajadores que est\u00e1n en descanso, por lo que no hay afectaciones de ning\u00fan tipo en el funcionamiento y operaciones del aeropuerto, dijo Caseres Tellez.<\/p>\n<p>Los manifestantes salieron de sus turnos de trabajo y desplegaron sus mantas de protesta y lo exhibieron ante los pasajeros, pero sin afectar la operaci\u00f3n de la terminal a\u00e9rea que sigue con sus operaciones de vuelos programados.<\/p>\n<p>Por su parte, \u00d3scar Carrillo Maldonado, administrador del aeropuerto de M\u00e9rida, inform\u00f3 que este paro es nacional y esperan el momento para atender las demandas de los paristas.<\/p>\n<p>Confirm\u00f3 que no hay afectaci\u00f3n de vuelos y de pasajeros. Los trabajadores, unos 30 de 45 que forman dicho sindicato, se manifiestan libremente.<\/p>\n<p>Primero estuvieron en las salas, en el estacionamiento y ya se desplazaron a las oficinas del grupo aeroportuario.- (Por Gabriel Chan Uicab y Joaqu\u00edn Chan Caamal).<\/p>\n<p><a href=\"https:\/\/www.yucatan.com.mx\/merida\/politica\/protesta-de-trabajadores-en-los-aeropuertos-de-merida-y-cancun\" rel=\"noopener noreferrer\" target=\"_blank\">https:\/\/www.yucatan.com.mx\/merida\/politica\/protesta-de-trabajadores-en-los-aeropuertos-de-merida-y-cancun<\/a><\/p>\n","protected":false},"excerpt":{"rendered":"<p>Gabriel Chan \/ Diario de Yucat\u00e1n Desde las cinco y media de la madrugada de este lunes, trabajadores afiliados al Sindicato Nacional de Trabajadores de la Industria Aeroportuaria y de &hellip; <a href=\"https:\/\/www.grieta.org.mx\/index.php\/2019\/12\/09\/protesta-de-trabajadores-en-los-aeropuertos-de-merida-y-cancun\/\" class=\"more-link\">Leer m\u00e1s<\/a><\/p>\n","protected":false},"author":2,"featured_media":42047,"comment_status":"closed","ping_status":"closed","sticky":false,"template":"","format":"standard","meta":{"ngg_post_thumbnail":0,"_jetpack_newsletter_access":"","_jetpack_dont_email_post_to_subs":false,"_jetpack_newsletter_tier_id":0,"_jetpack_memberships_contains_paywalled_content":false,"_jetpack_memberships_contains_paid_content":false,"footnotes":""},"categories":[80,1072,910,2,83,36],"tags":[113],"class_list":["post-42046","post","type-post","status-publish","format-standard","has-post-thumbnail","hentry","category-cintillo","category-conflictos-laborales-en-yucatan","category-explotacion-y-precariedad-laboral","category-noticias-nacionales","category-temas-nacionales","category-yucatan","tag-conflictos-laborales","entry"],"jetpack_featured_media_url":"https:\/\/www.grieta.org.mx\/wp-content\/uploads\/2019\/12\/ProtestaAeropuerto.png","jetpack_sharing_enabled":true,"jetpack_shortlink":"https:\/\/wp.me\/p7ZJR4-aWa","jetpack_likes_enabled":false,"jetpack-related-posts":[{"id":68579,"url":"https:\/\/www.grieta.org.mx\/index.php\/2024\/03\/04\/aeropuerto-de-merida-trabajadores-de-la-empresa-menzies-aviation-se-declaran-en-paro-yucatan\/","url_meta":{"origin":42046,"position":0},"title":"Aeropuerto de M\u00e9rida: Trabajadores de la empresa Menzies Aviation se declaran en paro (Yucat\u00e1n)","author":"grieta","date":"4 marzo, 2024","format":false,"excerpt":"V\u00edctor Lara Mart\u00ednez \/ Por Esto! Esta empresa tiene a su cargo los servicios esenciales en tierra de las aerol\u00edneas que operan en este aeropuerto. Sin embargo, desde el mes de diciembre enfrenta diversas demoras en sus servicios tras la renuncia masiva de trabajadores, quienes han denunciado malas condiciones generales\u2026","rel":"","context":"En &quot;CINTILLO&quot;","block_context":{"text":"CINTILLO","link":"https:\/\/www.grieta.org.mx\/index.php\/category\/cintillo\/"},"img":{"alt_text":"","src":"https:\/\/i0.wp.com\/www.grieta.org.mx\/wp-content\/uploads\/2024\/03\/trabajadoresAeropuerto-e1709581109641.jpg?resize=350%2C200&ssl=1","width":350,"height":200,"srcset":"https:\/\/i0.wp.com\/www.grieta.org.mx\/wp-content\/uploads\/2024\/03\/trabajadoresAeropuerto-e1709581109641.jpg?resize=350%2C200&ssl=1 1x, https:\/\/i0.wp.com\/www.grieta.org.mx\/wp-content\/uploads\/2024\/03\/trabajadoresAeropuerto-e1709581109641.jpg?resize=525%2C300&ssl=1 1.5x, https:\/\/i0.wp.com\/www.grieta.org.mx\/wp-content\/uploads\/2024\/03\/trabajadoresAeropuerto-e1709581109641.jpg?resize=700%2C400&ssl=1 2x"},"classes":[]},{"id":71825,"url":"https:\/\/www.grieta.org.mx\/index.php\/2025\/06\/05\/maestros-bloquean-acceso-al-aeropuerto-de-merida-yucatan\/","url_meta":{"origin":42046,"position":1},"title":"Maestros bloquean acceso al aeropuerto de M\u00e9rida (Yucat\u00e1n)","author":"grieta","date":"5 junio, 2025","format":false,"excerpt":"Herbeth Escalante \/ Haz Ruido Desde temprana hora, docentes de la CNTE han tomado la avenida Aviaci\u00f3n e incluso protestaron en las puertas del aeropuerto. M\u00e9rida, Yucat\u00e1n, 5 de junio de 2025.- Aproximadamente 3 mil maestros de la Coordinadora Nacional de Trabajadores de la Educaci\u00f3n (CNTE) mantienen bloqueado el acceso\u2026","rel":"","context":"En &quot;CINTILLO&quot;","block_context":{"text":"CINTILLO","link":"https:\/\/www.grieta.org.mx\/index.php\/category\/cintillo\/"},"img":{"alt_text":"","src":"https:\/\/i0.wp.com\/www.grieta.org.mx\/wp-content\/uploads\/2025\/06\/Maestros-e1749477518770.jpg?resize=350%2C200&ssl=1","width":350,"height":200,"srcset":"https:\/\/i0.wp.com\/www.grieta.org.mx\/wp-content\/uploads\/2025\/06\/Maestros-e1749477518770.jpg?resize=350%2C200&ssl=1 1x, https:\/\/i0.wp.com\/www.grieta.org.mx\/wp-content\/uploads\/2025\/06\/Maestros-e1749477518770.jpg?resize=525%2C300&ssl=1 1.5x, https:\/\/i0.wp.com\/www.grieta.org.mx\/wp-content\/uploads\/2025\/06\/Maestros-e1749477518770.jpg?resize=700%2C400&ssl=1 2x"},"classes":[]},{"id":48397,"url":"https:\/\/www.grieta.org.mx\/index.php\/2020\/04\/27\/protestan-empleados-de-keken-y-temen-contagio-de-covid-19-yucatan\/","url_meta":{"origin":42046,"position":2},"title":"Protestan empleados de Kek\u00e9n y temen contagio de COVID-19 (Yucat\u00e1n)","author":"grieta","date":"27 abril, 2020","format":false,"excerpt":"Itzel Chan \/ Noticaribe M\u00c9RIDA, MX. \u2013 Este d\u00eda, empleados de la empresa yucateca Kek\u00e9n realizaron una protesta a las afueras de una de las plantas, pues denuncian que diariamente se ponen en riesgo ante contagios de coronavirus (Covid-19), aunado a que ya se confirmaron dos casos entre la plantilla\u2026","rel":"","context":"En &quot;CINTILLO&quot;","block_context":{"text":"CINTILLO","link":"https:\/\/www.grieta.org.mx\/index.php\/category\/cintillo\/"},"img":{"alt_text":"","src":"https:\/\/i0.wp.com\/www.grieta.org.mx\/wp-content\/uploads\/2020\/04\/ProtestaKeken.png?resize=350%2C200&ssl=1","width":350,"height":200,"srcset":"https:\/\/i0.wp.com\/www.grieta.org.mx\/wp-content\/uploads\/2020\/04\/ProtestaKeken.png?resize=350%2C200&ssl=1 1x, https:\/\/i0.wp.com\/www.grieta.org.mx\/wp-content\/uploads\/2020\/04\/ProtestaKeken.png?resize=525%2C300&ssl=1 1.5x, https:\/\/i0.wp.com\/www.grieta.org.mx\/wp-content\/uploads\/2020\/04\/ProtestaKeken.png?resize=700%2C400&ssl=1 2x"},"classes":[]},{"id":69104,"url":"https:\/\/www.grieta.org.mx\/index.php\/2024\/06\/06\/asi-se-vivio-la-protesta-de-maestros-en-el-aeropuerto-internacional-de-merida-yucatan\/","url_meta":{"origin":42046,"position":3},"title":"As\u00ed se vivi\u00f3 la protesta de maestros en el Aeropuerto Internacional de M\u00e9rida (Yucat\u00e1n)","author":"grieta","date":"6 junio, 2024","format":false,"excerpt":"Texto y Fotos Astrid S\u00e1nchez \/ La Jornada Maya Profesores de Yucat\u00e1n exigen 30 por ciento de incremento salarial 06\/06\/2024 | M\u00e9rida, Yucat\u00e1n Maestros que exigen el incremento salarial de 30 por ciento en Yucat\u00e1n organizaron una protesta m\u00e1s dr\u00e1stica en comparaci\u00f3n con las que llevaron a cabo al inicio\u2026","rel":"","context":"En &quot;CINTILLO&quot;","block_context":{"text":"CINTILLO","link":"https:\/\/www.grieta.org.mx\/index.php\/category\/cintillo\/"},"img":{"alt_text":"","src":"https:\/\/i0.wp.com\/www.grieta.org.mx\/wp-content\/uploads\/2024\/06\/Segey-e1717978220617.jpg?resize=350%2C200&ssl=1","width":350,"height":200,"srcset":"https:\/\/i0.wp.com\/www.grieta.org.mx\/wp-content\/uploads\/2024\/06\/Segey-e1717978220617.jpg?resize=350%2C200&ssl=1 1x, https:\/\/i0.wp.com\/www.grieta.org.mx\/wp-content\/uploads\/2024\/06\/Segey-e1717978220617.jpg?resize=525%2C300&ssl=1 1.5x, https:\/\/i0.wp.com\/www.grieta.org.mx\/wp-content\/uploads\/2024\/06\/Segey-e1717978220617.jpg?resize=700%2C400&ssl=1 2x"},"classes":[]},{"id":72316,"url":"https:\/\/www.grieta.org.mx\/index.php\/2025\/09\/02\/trabajadores-del-centro-de-salud-de-merida-exigen-la-destitucion-del-director-acusan-hostigamiento-y-amenazas-yucatan\/","url_meta":{"origin":42046,"position":4},"title":"Trabajadores del Centro de Salud de M\u00e9rida exigen la destituci\u00f3n del Director; acusan hostigamiento y amenazas (Yucat\u00e1n)","author":"grieta","date":"2 septiembre, 2025","format":false,"excerpt":"Katia Leyva \/ Por Esto! El conflicto laboral en la Jurisdicci\u00f3n Sanitaria N\u00famero 1 escal\u00f3 ayer a un punto cr\u00edtico: trabajadores del Centro de Salud de M\u00e9rida, respaldados por el Sindicato Nacional de Trabajadores de la Secretar\u00eda de Salud, Secci\u00f3n 67 (SNTSA), exigieron la destituci\u00f3n inmediata del director, doctor Mario\u2026","rel":"","context":"En &quot;CINTILLO&quot;","block_context":{"text":"CINTILLO","link":"https:\/\/www.grieta.org.mx\/index.php\/category\/cintillo\/"},"img":{"alt_text":"","src":"https:\/\/i0.wp.com\/www.grieta.org.mx\/wp-content\/uploads\/2025\/09\/CentroSalud-e1758416076306.jpg?resize=350%2C200&ssl=1","width":350,"height":200,"srcset":"https:\/\/i0.wp.com\/www.grieta.org.mx\/wp-content\/uploads\/2025\/09\/CentroSalud-e1758416076306.jpg?resize=350%2C200&ssl=1 1x, https:\/\/i0.wp.com\/www.grieta.org.mx\/wp-content\/uploads\/2025\/09\/CentroSalud-e1758416076306.jpg?resize=525%2C300&ssl=1 1.5x, https:\/\/i0.wp.com\/www.grieta.org.mx\/wp-content\/uploads\/2025\/09\/CentroSalud-e1758416076306.jpg?resize=700%2C400&ssl=1 2x"},"classes":[]},{"id":15628,"url":"https:\/\/www.grieta.org.mx\/index.php\/2016\/09\/05\/conflictos-laborales-en-yucatan\/","url_meta":{"origin":42046,"position":5},"title":"Conflictos laborales en Yucat\u00e1n","author":"grieta","date":"5 septiembre, 2016","format":false,"excerpt":"05\/09\/16. Reclaman falta de pago de fondos de retiro (Yucat\u00e1n) LectorMX 25\/08\/16. Ex empleados de Sotuta piden se les pague un adeudo (Yucat\u00e1n) Diario de Yucat\u00e1n 03\/08\/16. Contin\u00faan empleados de Telmex su protesta; temen represalias (Yucat\u00e1n) Yucat\u00e1n a la mano 26\/07\/16. Denuncian trabajadores de Telmex violaci\u00f3n a sus derechos laborales\u2026","rel":"","context":"En &quot;NOTICIAS NACIONALES&quot;","block_context":{"text":"NOTICIAS NACIONALES","link":"https:\/\/www.grieta.org.mx\/index.php\/category\/noticias-nacionales\/"},"img":{"alt_text":"","src":"https:\/\/i0.wp.com\/www.grieta.org.mx\/wp-content\/uploads\/2018\/03\/14524434_1106112876131411_958039263622046936_o.jpg?resize=350%2C200&ssl=1","width":350,"height":200,"srcset":"https:\/\/i0.wp.com\/www.grieta.org.mx\/wp-content\/uploads\/2018\/03\/14524434_1106112876131411_958039263622046936_o.jpg?resize=350%2C200&ssl=1 1x, https:\/\/i0.wp.com\/www.grieta.org.mx\/wp-content\/uploads\/2018\/03\/14524434_1106112876131411_958039263622046936_o.jpg?resize=525%2C300&ssl=1 1.5x, https:\/\/i0.wp.com\/www.grieta.org.mx\/wp-content\/uploads\/2018\/03\/14524434_1106112876131411_958039263622046936_o.jpg?resize=700%2C400&ssl=1 2x"},"classes":[]}],"_links":{"self":[{"href":"https:\/\/www.grieta.org.mx\/index.php\/wp-json\/wp\/v2\/posts\/42046","targetHints":{"allow":["GET"]}}],"collection":[{"href":"https:\/\/www.grieta.org.mx\/index.php\/wp-json\/wp\/v2\/posts"}],"about":[{"href":"https:\/\/www.grieta.org.mx\/index.php\/wp-json\/wp\/v2\/types\/post"}],"author":[{"embeddable":true,"href":"https:\/\/www.grieta.org.mx\/index.php\/wp-json\/wp\/v2\/users\/2"}],"replies":[{"embeddable":true,"href":"https:\/\/www.grieta.org.mx\/index.php\/wp-json\/wp\/v2\/comments?post=42046"}],"version-history":[{"count":1,"href":"https:\/\/www.grieta.org.mx\/index.php\/wp-json\/wp\/v2\/posts\/42046\/revisions"}],"predecessor-version":[{"id":42049,"href":"https:\/\/www.grieta.org.mx\/index.php\/wp-json\/wp\/v2\/posts\/42046\/revisions\/42049"}],"wp:featuredmedia":[{"embeddable":true,"href":"https:\/\/www.grieta.org.mx\/index.php\/wp-json\/wp\/v2\/media\/42047"}],"wp:attachment":[{"href":"https:\/\/www.grieta.org.mx\/index.php\/wp-json\/wp\/v2\/media?parent=42046"}],"wp:term":[{"taxonomy":"category","embeddable":true,"href":"https:\/\/www.grieta.org.mx\/index.php\/wp-json\/wp\/v2\/categories?post=42046"},{"taxonomy":"post_tag","embeddable":true,"href":"https:\/\/www.grieta.org.mx\/index.php\/wp-json\/wp\/v2\/tags?post=42046"}],"curies":[{"name":"wp","href":"https:\/\/api.w.org\/{rel}","templated":true}]}}