{"id":42036,"date":"2019-11-26T12:28:30","date_gmt":"2019-11-26T18:28:30","guid":{"rendered":"http:\/\/www.grieta.org.mx\/?p=42036"},"modified":"2019-12-09T12:33:28","modified_gmt":"2019-12-09T18:33:28","slug":"incierto-el-presupuesto-para-resarcir-danos-de-empresas-mineras-en-asientos-aguascalientes","status":"publish","type":"post","link":"https:\/\/www.grieta.org.mx\/index.php\/2019\/11\/26\/incierto-el-presupuesto-para-resarcir-danos-de-empresas-mineras-en-asientos-aguascalientes\/","title":{"rendered":"INCIERTO, EL PRESUPUESTO PARA RESARCIR DA\u00d1OS DE EMPRESAS MINERAS EN ASIENTOS, AGUASCALIENTES"},"content":{"rendered":"<p>Adrian Javier Flores Nieves\/La Jornada Aguascalientes<br \/>\n26 noviembre 2019<\/p>\n<p><img loading=\"lazy\" decoding=\"async\" data-attachment-id=\"42037\" data-permalink=\"https:\/\/www.grieta.org.mx\/index.php\/2019\/11\/26\/incierto-el-presupuesto-para-resarcir-danos-de-empresas-mineras-en-asientos-aguascalientes\/23208009533_965029af23_c\/\" data-orig-file=\"https:\/\/www.grieta.org.mx\/wp-content\/uploads\/2019\/12\/23208009533_965029af23_c.jpg\" data-orig-size=\"750,500\" data-comments-opened=\"0\" data-image-meta=\"{&quot;aperture&quot;:&quot;0&quot;,&quot;credit&quot;:&quot;&quot;,&quot;camera&quot;:&quot;&quot;,&quot;caption&quot;:&quot;&quot;,&quot;created_timestamp&quot;:&quot;0&quot;,&quot;copyright&quot;:&quot;&quot;,&quot;focal_length&quot;:&quot;0&quot;,&quot;iso&quot;:&quot;0&quot;,&quot;shutter_speed&quot;:&quot;0&quot;,&quot;title&quot;:&quot;&quot;,&quot;orientation&quot;:&quot;0&quot;}\" data-image-title=\"23208009533_965029af23_c\" data-image-description=\"\" data-image-caption=\"\" data-medium-file=\"https:\/\/www.grieta.org.mx\/wp-content\/uploads\/2019\/12\/23208009533_965029af23_c-300x200.jpg\" data-large-file=\"https:\/\/www.grieta.org.mx\/wp-content\/uploads\/2019\/12\/23208009533_965029af23_c.jpg\" src=\"http:\/\/www.grieta.org.mx\/wp-content\/uploads\/2019\/12\/23208009533_965029af23_c.jpg\" alt=\"\" width=\"750\" height=\"500\" class=\"aligncenter size-full wp-image-42037\" srcset=\"https:\/\/www.grieta.org.mx\/wp-content\/uploads\/2019\/12\/23208009533_965029af23_c.jpg 750w, https:\/\/www.grieta.org.mx\/wp-content\/uploads\/2019\/12\/23208009533_965029af23_c-300x200.jpg 300w\" sizes=\"auto, (max-width: 750px) 100vw, 750px\" \/><\/p>\n<blockquote><p>Se elimin\u00f3 del recurso federal el Fondo Minero, que ayudaba a reparar da\u00f1os colaterales de las empresas mineras en los municipios donde laboran<br \/>\nAdministraci\u00f3n de Asientos trabajar\u00e1 con recurso atrasado del Fondo Minero; estos dos a\u00f1os est\u00e1n cubiertos, despu\u00e9s del 2021 se tendr\u00e1 que ver la forma para solventar lo que el Fondo otorgaba<\/p><\/blockquote>\n<p>Con la eliminaci\u00f3n del Fondo Minero, municipios de Guanajuato, Zacatecas y Aguascalientes, entre otros, han mostrado su desaprobaci\u00f3n por el descuido hacia ellos puesto que con este recurso las localidades pod\u00edan destinar gastos para resarcir los efectos que la miner\u00eda deja en los poblados. Asientos es un claro ejemplo de esto, ya que con la desaparici\u00f3n del Fondo Minero preocupan las consecuencias que el desgaste del trabajo minero dejar\u00e1 en el municipio. Al respecto, Juan Luis Jasso Hern\u00e1ndez, alcalde de Asientos, record\u00f3 que en el 2016 algunas empresas mineras renovaron su permiso de explotaci\u00f3n para 25 a\u00f1os m\u00e1s. <\/p>\n<p>Por lo anterior resulta alarmante que el Fondo Minero haya sido removido, pues las mineras seguir\u00e1n operando y dejando da\u00f1os colaterales en los poblados aleda\u00f1os por, al menos, esos 25 a\u00f1os. \u201cEstas empresas tambi\u00e9n vienen y generan econom\u00eda, por supuesto, pero tambi\u00e9n generan afectaci\u00f3n y tambi\u00e9n generan peligro para quienes ah\u00ed laboran\u201d, se\u00f1al\u00f3 el presidente municipal. En relaci\u00f3n con las afectaciones, Juan Luis Jasso Hern\u00e1ndez coment\u00f3 que ya hay una denuncia por parte de un ciudadano que tiene que ver con las inconformidades sobre la seguridad y las consecuencias de las miner\u00edas.<\/p>\n<p>Actualmente el alcalde estima que en Asientos son alrededor de 500 trabajadores en las minas de ese municipio; se trabajan en tres turnos, algunos son de la cabecera municipal y otros vienen de diferentes estados del pa\u00eds. Admiti\u00f3 que desconocen las condiciones de trabajo en las que los empleados en las minas trabajan, y por ello es necesario investigar para poderles ofrecer seguridad. Aunque la eliminaci\u00f3n del Fondo Minero preocupa a los municipios que tienen empresas de esa \u00edndole operando en ellos, la realidad es que, al menos para esta administraci\u00f3n s\u00ed hay recurso porque el capital de ese Fondo ven\u00eda con retraso. El presidente se\u00f1al\u00f3: \u201cAfortunadamente el Fondo Minero 2017 y 2018 todav\u00eda nos va tocar ejercerlo, yo tengo dos a\u00f1os de administraci\u00f3n\u201d. Es decir, el del 2017 se aplicar\u00e1 en el 2020 y el del 2018 en el 2021, pero de ah\u00ed en adelante es una inc\u00f3gnita c\u00f3mo se podr\u00e1 ejercer dinero para cubrir esta desaparici\u00f3n. <\/p>\n<p>El recurso que se ejerci\u00f3 para esa materia en este ejercicio fiscal que est\u00e1 por concluir fue de cerca de 14 millones de pesos; el siguiente (para el 2020) ser\u00e1 de un estimado de 16 millones. El presidente coment\u00f3 que este recurso ser\u00e1 destinado el 100 por ciento para la cabecera municipal, con raz\u00f3n de que es la comunidad minera que tiene la mayor afectaci\u00f3n; un ejemplo claro donde se usa este presupuesto son las carreteras y los caminos que se ven da\u00f1ados por la actividad minera, as\u00ed como reforzar la seguridad de comunidades aleda\u00f1as desde las vialidades. <\/p>\n<p>La eliminaci\u00f3n de este fondo s\u00ed afectar\u00e1 a Asientos pero, por lo pronto, gracias al desfase que se tiene, los dos a\u00f1os de la administraci\u00f3n actual contar\u00e1n con ese capital. No obstante, preocupa el futuro del municipio, pues las extensiones para explotaci\u00f3n hechas en el 2016 son para 25 a\u00f1os despu\u00e9s de cuando se gestionaron, dejando todav\u00eda mucho tiempo con permiso para poder seguir trabajando la miner\u00eda. Si bien por parte del Gobierno Federal ya no se considera el Fondo Minero, los gobiernos estatal y municipal tendr\u00e1n que tratar de conseguir dinero extraordinario para poder cubrir las necesidades que causan las minas en el estado. <\/p>\n<p><a href=\"https:\/\/www.lja.mx\/2019\/11\/incierto-el-presupuesto-para-resarcir-danos-de-empresas-mineras-en-asientos\/\" rel=\"noopener noreferrer\" target=\"_blank\">https:\/\/www.lja.mx\/2019\/11\/incierto-el-presupuesto-para-resarcir-danos-de-empresas-mineras-en-asientos\/<\/a><\/p>\n","protected":false},"excerpt":{"rendered":"<p>Adrian Javier Flores Nieves\/La Jornada Aguascalientes 26 noviembre 2019 Se elimin\u00f3 del recurso federal el Fondo Minero, que ayudaba a reparar da\u00f1os colaterales de las empresas mineras en los municipios &hellip; <a href=\"https:\/\/www.grieta.org.mx\/index.php\/2019\/11\/26\/incierto-el-presupuesto-para-resarcir-danos-de-empresas-mineras-en-asientos-aguascalientes\/\" class=\"more-link\">Leer m\u00e1s<\/a><\/p>\n","protected":false},"author":2,"featured_media":42037,"comment_status":"closed","ping_status":"closed","sticky":false,"template":"","format":"standard","meta":{"ngg_post_thumbnail":0,"_jetpack_newsletter_access":"","_jetpack_dont_email_post_to_subs":false,"_jetpack_newsletter_tier_id":0,"_jetpack_memberships_contains_paywalled_content":false,"_jetpack_memberships_contains_paid_content":false,"footnotes":""},"categories":[4,80,1375,2],"tags":[2967,2216],"class_list":["post-42036","post","type-post","status-publish","format-standard","has-post-thumbnail","hentry","category-aguascalientes","category-cintillo","category-conflictos-mineros-en-aguascalientes","category-noticias-nacionales","tag-afectaciones-por-mineria","tag-conflictos-por-mineria","entry"],"jetpack_featured_media_url":"https:\/\/www.grieta.org.mx\/wp-content\/uploads\/2019\/12\/23208009533_965029af23_c.jpg","jetpack_sharing_enabled":true,"jetpack_shortlink":"https:\/\/wp.me\/p7ZJR4-aW0","jetpack_likes_enabled":false,"jetpack-related-posts":[{"id":6493,"url":"https:\/\/www.grieta.org.mx\/index.php\/2015\/09\/07\/frisco-ampliara-exploraciones-en-aguascalientes\/","url_meta":{"origin":42036,"position":0},"title":"Frisco ampliar\u00e1 exploraciones en Aguascalientes","author":"grieta","date":"7 septiembre, 2015","format":false,"excerpt":"Aguascalientes, Ags.- Minera Frisco anunci\u00f3 que arrancar\u00e1 en Aguascalientes una nueva fase de exploraci\u00f3n para ampliar la vida \u00fatil de las dos unidades que tiene en el estado. Alejandro Aboumrad Gonz\u00e1lez, Director General de Frisco, anunci\u00f3 que buscar\u00e1n a\u00f1adir a los proyectos que actualmente llevan a cabo, que son la\u2026","rel":"","context":"En &quot;Aguascalientes&quot;","block_context":{"text":"Aguascalientes","link":"https:\/\/www.grieta.org.mx\/index.php\/category\/noticias-nacionales\/aguascalientes\/"},"img":{"alt_text":"","src":"https:\/\/i0.wp.com\/www.grieta.org.mx\/wp-content\/uploads\/2018\/03\/14524434_1106112876131411_958039263622046936_o.jpg?resize=350%2C200&ssl=1","width":350,"height":200,"srcset":"https:\/\/i0.wp.com\/www.grieta.org.mx\/wp-content\/uploads\/2018\/03\/14524434_1106112876131411_958039263622046936_o.jpg?resize=350%2C200&ssl=1 1x, https:\/\/i0.wp.com\/www.grieta.org.mx\/wp-content\/uploads\/2018\/03\/14524434_1106112876131411_958039263622046936_o.jpg?resize=525%2C300&ssl=1 1.5x, https:\/\/i0.wp.com\/www.grieta.org.mx\/wp-content\/uploads\/2018\/03\/14524434_1106112876131411_958039263622046936_o.jpg?resize=700%2C400&ssl=1 2x"},"classes":[]},{"id":17276,"url":"https:\/\/www.grieta.org.mx\/index.php\/2016\/07\/19\/minera-frisco-aumentara-actividades-en-aguascalientes\/","url_meta":{"origin":42036,"position":1},"title":"Minera Frisco aumentar\u00e1 actividades en Aguascalientes","author":"grieta","date":"19 julio, 2016","format":false,"excerpt":"Hilda Hermosillo, Aguascalientes. La minera Real de \u00c1ngeles, perteneciente a Grupo Frisco -propiedad del empresario Carlos Slim- consigui\u00f3 autorizaci\u00f3n de las autoridades ambientales para ampliar actividades en Aguascalientes por 25 a\u00f1os m\u00e1s. La Secretar\u00eda del Medio Ambiente y Recursos Naturales (Semarnat) resolvi\u00f3 afirmativamente el proyecto Operaci\u00f3n y abandono del recinto\u2026","rel":"","context":"En &quot;aguascalientes&quot;","block_context":{"text":"aguascalientes","link":"https:\/\/www.grieta.org.mx\/index.php\/category\/aguascalientes\/"},"img":{"alt_text":"","src":"https:\/\/i0.wp.com\/www.grieta.org.mx\/wp-content\/uploads\/2018\/03\/14524434_1106112876131411_958039263622046936_o.jpg?resize=350%2C200&ssl=1","width":350,"height":200,"srcset":"https:\/\/i0.wp.com\/www.grieta.org.mx\/wp-content\/uploads\/2018\/03\/14524434_1106112876131411_958039263622046936_o.jpg?resize=350%2C200&ssl=1 1x, https:\/\/i0.wp.com\/www.grieta.org.mx\/wp-content\/uploads\/2018\/03\/14524434_1106112876131411_958039263622046936_o.jpg?resize=525%2C300&ssl=1 1.5x, https:\/\/i0.wp.com\/www.grieta.org.mx\/wp-content\/uploads\/2018\/03\/14524434_1106112876131411_958039263622046936_o.jpg?resize=700%2C400&ssl=1 2x"},"classes":[]},{"id":13894,"url":"https:\/\/www.grieta.org.mx\/index.php\/2016\/06\/09\/mineras-de-aguascalientes-no-dieron-utilidades-a-sus-trabajadores-stps\/","url_meta":{"origin":42036,"position":2},"title":"Mineras de Aguascalientes no dieron utilidades a sus trabajadores: STPS","author":"grieta","date":"9 junio, 2016","format":false,"excerpt":"Sara \u00c1lvarez Fern\u00e1ndez, Aguascalientes Las empresas mineras del estado no les dieron utilidades a sus trabajadores, por lo que los mineros acudieron a la delegaci\u00f3n de la Secretar\u00eda del Trabajo y Previsi\u00f3n Social (STPS) a levantar una queja para que se investigue el caso y reciban este derecho laboral los\u2026","rel":"","context":"En &quot;aguascalientes&quot;","block_context":{"text":"aguascalientes","link":"https:\/\/www.grieta.org.mx\/index.php\/category\/aguascalientes\/"},"img":{"alt_text":"","src":"https:\/\/i0.wp.com\/www.grieta.org.mx\/wp-content\/uploads\/2018\/03\/14524434_1106112876131411_958039263622046936_o.jpg?resize=350%2C200&ssl=1","width":350,"height":200,"srcset":"https:\/\/i0.wp.com\/www.grieta.org.mx\/wp-content\/uploads\/2018\/03\/14524434_1106112876131411_958039263622046936_o.jpg?resize=350%2C200&ssl=1 1x, https:\/\/i0.wp.com\/www.grieta.org.mx\/wp-content\/uploads\/2018\/03\/14524434_1106112876131411_958039263622046936_o.jpg?resize=525%2C300&ssl=1 1.5x, https:\/\/i0.wp.com\/www.grieta.org.mx\/wp-content\/uploads\/2018\/03\/14524434_1106112876131411_958039263622046936_o.jpg?resize=700%2C400&ssl=1 2x"},"classes":[]},{"id":6109,"url":"https:\/\/www.grieta.org.mx\/index.php\/2015\/07\/14\/aguascalientes-multan-a-mina-por-contaminante\/","url_meta":{"origin":42036,"position":3},"title":"Aguascalientes: multan a mina por contaminante","author":"grieta","date":"14 julio, 2015","format":false,"excerpt":"C. Ba\u00f1uelos y R. Villalpando, Aguascalientes\/CONFLICTOSMINEROS.NET La mina Real de \u00c1ngeles, ubicada en el municipio de Asientos, al norte de Aguascalientes, que pertenece al Grupo Frisco, propiedad del empresario Carlos Slim Hel\u00fa, ser\u00e1 multada con 3 millones de pesos por la contaminaci\u00f3n que genera debido a la acumulaci\u00f3n de residuos\u2026","rel":"","context":"En &quot;Aguascalientes&quot;","block_context":{"text":"Aguascalientes","link":"https:\/\/www.grieta.org.mx\/index.php\/category\/noticias-nacionales\/aguascalientes\/"},"img":{"alt_text":"","src":"https:\/\/i0.wp.com\/www.grieta.org.mx\/wp-content\/uploads\/2018\/03\/14524434_1106112876131411_958039263622046936_o.jpg?resize=350%2C200&ssl=1","width":350,"height":200,"srcset":"https:\/\/i0.wp.com\/www.grieta.org.mx\/wp-content\/uploads\/2018\/03\/14524434_1106112876131411_958039263622046936_o.jpg?resize=350%2C200&ssl=1 1x, https:\/\/i0.wp.com\/www.grieta.org.mx\/wp-content\/uploads\/2018\/03\/14524434_1106112876131411_958039263622046936_o.jpg?resize=525%2C300&ssl=1 1.5x, https:\/\/i0.wp.com\/www.grieta.org.mx\/wp-content\/uploads\/2018\/03\/14524434_1106112876131411_958039263622046936_o.jpg?resize=700%2C400&ssl=1 2x"},"classes":[]},{"id":24112,"url":"https:\/\/www.grieta.org.mx\/index.php\/2016\/07\/21\/minera-frisco-de-carlos-slim-es-autorizada-por-la-semarnat-para-expandirse-en-aguascalientes\/","url_meta":{"origin":42036,"position":4},"title":"Minera Frisco, de Carlos Slim, es autorizada por la Semarnat para expandirse en Aguascalientes","author":"grieta","date":"21 julio, 2016","format":false,"excerpt":"Aunque esto generar\u00e1 impactos negativos al medio ambiente, reconoci\u00f3 la Semarnat, se pueden prevenir. Foto: Minera Frisco Redacci\u00f3n\/SIN EMBARGO \u00a0 De acuerdo con Grupo Frisco, esta extensi\u00f3n en Aguascalientes permitir\u00e1 producir concentrados de cobre, plomo y zinc por las pr\u00f3ximas dos d\u00e9cadas. La empresa tiene hasta diciembre para presentar un\u2026","rel":"","context":"En &quot;Aguascalientes&quot;","block_context":{"text":"Aguascalientes","link":"https:\/\/www.grieta.org.mx\/index.php\/category\/noticias-nacionales\/aguascalientes\/"},"img":{"alt_text":"","src":"https:\/\/i0.wp.com\/www.grieta.org.mx\/wp-content\/uploads\/2018\/07\/minera-frisco.jpg?resize=350%2C200&ssl=1","width":350,"height":200,"srcset":"https:\/\/i0.wp.com\/www.grieta.org.mx\/wp-content\/uploads\/2018\/07\/minera-frisco.jpg?resize=350%2C200&ssl=1 1x, https:\/\/i0.wp.com\/www.grieta.org.mx\/wp-content\/uploads\/2018\/07\/minera-frisco.jpg?resize=525%2C300&ssl=1 1.5x, https:\/\/i0.wp.com\/www.grieta.org.mx\/wp-content\/uploads\/2018\/07\/minera-frisco.jpg?resize=700%2C400&ssl=1 2x"},"classes":[]},{"id":6108,"url":"https:\/\/www.grieta.org.mx\/index.php\/2016\/09\/12\/conflictos-mineros-en-aguascalientes\/","url_meta":{"origin":42036,"position":5},"title":"Conflictos mineros en Aguascalientes","author":"grieta","date":"12 septiembre, 2016","format":false,"excerpt":"12\/09\/16. Ante ampliaci\u00f3n de minera Frisco, est\u00e1 garantizada la protecci\u00f3n al \u00e1guila realLa Jornada Aguascalientes 19\/07\/16. Minera Frisco aumentar\u00e1 actividades en AguascalientesLa Jornada Aguascalientes 07\/09\/15. Frisco ampliar\u00e1 exploraciones en AguascalientesDesde la Red 31\/07\/15. Suspenden mina Santa Francisca tras derrumbeAguasdigital 14\/07\/12. Aguascalientes: multan a mina por contaminanteConflictos Mineros","rel":"","context":"En &quot;Aguascalientes&quot;","block_context":{"text":"Aguascalientes","link":"https:\/\/www.grieta.org.mx\/index.php\/category\/noticias-nacionales\/aguascalientes\/"},"img":{"alt_text":"","src":"https:\/\/i0.wp.com\/www.grieta.org.mx\/wp-content\/uploads\/2018\/03\/14524434_1106112876131411_958039263622046936_o.jpg?resize=350%2C200&ssl=1","width":350,"height":200,"srcset":"https:\/\/i0.wp.com\/www.grieta.org.mx\/wp-content\/uploads\/2018\/03\/14524434_1106112876131411_958039263622046936_o.jpg?resize=350%2C200&ssl=1 1x, https:\/\/i0.wp.com\/www.grieta.org.mx\/wp-content\/uploads\/2018\/03\/14524434_1106112876131411_958039263622046936_o.jpg?resize=525%2C300&ssl=1 1.5x, https:\/\/i0.wp.com\/www.grieta.org.mx\/wp-content\/uploads\/2018\/03\/14524434_1106112876131411_958039263622046936_o.jpg?resize=700%2C400&ssl=1 2x"},"classes":[]}],"_links":{"self":[{"href":"https:\/\/www.grieta.org.mx\/index.php\/wp-json\/wp\/v2\/posts\/42036","targetHints":{"allow":["GET"]}}],"collection":[{"href":"https:\/\/www.grieta.org.mx\/index.php\/wp-json\/wp\/v2\/posts"}],"about":[{"href":"https:\/\/www.grieta.org.mx\/index.php\/wp-json\/wp\/v2\/types\/post"}],"author":[{"embeddable":true,"href":"https:\/\/www.grieta.org.mx\/index.php\/wp-json\/wp\/v2\/users\/2"}],"replies":[{"embeddable":true,"href":"https:\/\/www.grieta.org.mx\/index.php\/wp-json\/wp\/v2\/comments?post=42036"}],"version-history":[{"count":1,"href":"https:\/\/www.grieta.org.mx\/index.php\/wp-json\/wp\/v2\/posts\/42036\/revisions"}],"predecessor-version":[{"id":42038,"href":"https:\/\/www.grieta.org.mx\/index.php\/wp-json\/wp\/v2\/posts\/42036\/revisions\/42038"}],"wp:featuredmedia":[{"embeddable":true,"href":"https:\/\/www.grieta.org.mx\/index.php\/wp-json\/wp\/v2\/media\/42037"}],"wp:attachment":[{"href":"https:\/\/www.grieta.org.mx\/index.php\/wp-json\/wp\/v2\/media?parent=42036"}],"wp:term":[{"taxonomy":"category","embeddable":true,"href":"https:\/\/www.grieta.org.mx\/index.php\/wp-json\/wp\/v2\/categories?post=42036"},{"taxonomy":"post_tag","embeddable":true,"href":"https:\/\/www.grieta.org.mx\/index.php\/wp-json\/wp\/v2\/tags?post=42036"}],"curies":[{"name":"wp","href":"https:\/\/api.w.org\/{rel}","templated":true}]}}