{"id":4203,"date":"2015-03-23T23:59:21","date_gmt":"2015-03-23T23:59:21","guid":{"rendered":"http:\/\/50.22.11.12\/~grietaor\/?p=4203"},"modified":"2016-03-22T00:02:31","modified_gmt":"2016-03-22T00:02:31","slug":"1er-festival-cultural-por-la-vida-10ma-jornada-de-accion-global-por-ayotzinapa","status":"publish","type":"post","link":"https:\/\/www.grieta.org.mx\/index.php\/2015\/03\/23\/1er-festival-cultural-por-la-vida-10ma-jornada-de-accion-global-por-ayotzinapa\/","title":{"rendered":"1er Festival Cultural por la Vida: 10ma Jornada de Acci\u00f3n Global por Ayotzinapa"},"content":{"rendered":"<p>A 6 meses de la desaparici\u00f3n forzada de los 43 normalistas de la Normal Rural \u201cRa\u00fal Isidro Burgos\u201d el \u00abFrente de Colectivos por la Vida, la Justicia y el Cambio Social\u00bb convoca a \u00abFESTIVAL CULTURAL por LA VIDA\u00bb por la 10ma JORNADA DE ACCI\u00d3N GLOBAL por AYOTZINAPA.<\/p>\n<p>El arte y la Cultura son un frente valioso e importante en la lucha contra la tiran\u00eda y la opresi\u00f3n que hoy vivimos; hagamos y vivamos el arte; apreciemos el talento que abunda en nuestro Estado.<\/p>\n<p>\u00a1NO perdonamos y NO olvidamos!<br \/>\nEstamos hartos de ver como d\u00eda a d\u00eda se comenten atropellos a la Vida y a los principios de Libertad, de Justicia, de Igualdad, de Fraternidad; y ahora m\u00e1s que nunca debemos entender que JUNTOS y ORGANIZADOS es la forma en la cual lograremos una transformaci\u00f3n real de nuestro pa\u00eds.<\/p>\n<p>Convocamos a tod@s l@s artistas, a las organizaciones civiles, al pueblo trabajador y a la sociedad nayarita a que se sume a \u00e9sta movilizaci\u00f3n este jueves 26 de Marzo a las 16:00 hrs. En la Hermana Agua culminando con un evento cultural y art\u00edstico en la Plaza Principal frente a Catedral.<br \/>\n\u00a1\u00a1Ayotzinapa VIVE, la lucha SIGUE!!<br \/>\n\u00a1\u00a1Ayotzinapa VIVE y VIVE, la lucha SIGUE y SIGUE!!<\/p>\n<p><a href=\"http:\/\/www.mexico-events.mx\/eventos\/173987\/1er-festival-cultural-por-la-vida-10ma-jornada-de-accion-global-por-ayotzinapa\"\" target=\"_blank\">www.mexico-events.mx\/eventos\/173987\/1er-festival-cultural-por-la-vida-10ma-jornada-de-accion-global-por-ayotzinapa&#8221;<\/a><\/p>\n","protected":false},"excerpt":{"rendered":"<p>A 6 meses de la desaparici\u00f3n forzada de los 43 normalistas de la Normal Rural \u201cRa\u00fal Isidro Burgos\u201d el \u00abFrente de Colectivos por la Vida, la Justicia y el Cambio &hellip; <a href=\"https:\/\/www.grieta.org.mx\/index.php\/2015\/03\/23\/1er-festival-cultural-por-la-vida-10ma-jornada-de-accion-global-por-ayotzinapa\/\" class=\"more-link\">Leer m\u00e1s<\/a><\/p>\n","protected":false},"author":2,"featured_media":21928,"comment_status":"closed","ping_status":"open","sticky":false,"template":"","format":"standard","meta":{"ngg_post_thumbnail":0,"_jetpack_newsletter_access":"","_jetpack_dont_email_post_to_subs":false,"_jetpack_newsletter_tier_id":0,"_jetpack_memberships_contains_paywalled_content":false,"_jetpack_memberships_contains_paid_content":false,"footnotes":""},"categories":[80,145],"tags":[121,229],"class_list":["post-4203","post","type-post","status-publish","format-standard","has-post-thumbnail","hentry","category-cintillo","category-nayarit","tag-desaparecidos","tag-solidaridad-con-ayotzinapa","entry"],"jetpack_featured_media_url":"https:\/\/www.grieta.org.mx\/wp-content\/uploads\/2018\/03\/14524434_1106112876131411_958039263622046936_o.jpg","jetpack_sharing_enabled":true,"jetpack_shortlink":"https:\/\/wp.me\/p7ZJR4-15N","jetpack_likes_enabled":false,"jetpack-related-posts":[{"id":4191,"url":"https:\/\/www.grieta.org.mx\/index.php\/2015\/09\/27\/movilizaciones-por-ayotzinapa-en-nayarit\/","url_meta":{"origin":4203,"position":0},"title":"Movilizaciones por Ayotzinapa en Nayarit","author":"grieta","date":"27 septiembre, 2015","format":false,"excerpt":"27\/09\/15. \u00a1Vivos se los llevaron, vivos los queremos! Independiente 26\/05\/15. Vetan acceso a la UAN a manifestantes que conmemoraban sucesos de Ayotzinapa Nayarit en L\u00ednea 27\/03\/15. Exigen justicia a seis meses de la desaparici\u00f3n forzada de los normalistas de Ayotzinapa P\u00e1gina 24 23\/03\/15. 1er Festival Cultural por la Vida: 10ma\u2026","rel":"","context":"En &quot;Desaparecidos&quot;","block_context":{"text":"Desaparecidos","link":"https:\/\/www.grieta.org.mx\/index.php\/category\/temas-nacionales\/desaparecidos\/"},"img":{"alt_text":"","src":"https:\/\/i0.wp.com\/www.grieta.org.mx\/wp-content\/uploads\/2018\/03\/14524434_1106112876131411_958039263622046936_o.jpg?resize=350%2C200&ssl=1","width":350,"height":200,"srcset":"https:\/\/i0.wp.com\/www.grieta.org.mx\/wp-content\/uploads\/2018\/03\/14524434_1106112876131411_958039263622046936_o.jpg?resize=350%2C200&ssl=1 1x, https:\/\/i0.wp.com\/www.grieta.org.mx\/wp-content\/uploads\/2018\/03\/14524434_1106112876131411_958039263622046936_o.jpg?resize=525%2C300&ssl=1 1.5x, https:\/\/i0.wp.com\/www.grieta.org.mx\/wp-content\/uploads\/2018\/03\/14524434_1106112876131411_958039263622046936_o.jpg?resize=700%2C400&ssl=1 2x"},"classes":[]},{"id":9694,"url":"https:\/\/www.grieta.org.mx\/index.php\/2016\/07\/31\/movilizaciones-por-ayotzinapa-en-la-ciudad-de-mexico\/","url_meta":{"origin":4203,"position":1},"title":"Movilizaciones por Ayotzinapa en la Ciudad de M\u00e9xico","author":"grieta","date":"31 julio, 2016","format":false,"excerpt":"27\/07\/16. 22 meses de exigir justicia para Ayotzinapa (CDMX)Ke Huelga Radio 07\/07\/16. Padres y madres de los normalistas instalan plant\u00f3n frente a la SRESomos el medio 27\/06\/16. 21 Meses sin ellos y el oportunismo beligeranteRadio Zapote 26\/04\/16. \u00a1GIEI, s\u00ed! \u00a1Pe\u00f1a, no!.. La exigencia a 19 meses de AyotzinapaM\u00e1s de 131\u2026","rel":"","context":"En &quot;Ciudad de M\u00e9xico&quot;","block_context":{"text":"Ciudad de M\u00e9xico","link":"https:\/\/www.grieta.org.mx\/index.php\/category\/noticias-nacionales\/ciudad-de-mexico\/"},"img":{"alt_text":"","src":"https:\/\/i0.wp.com\/www.grieta.org.mx\/wp-content\/uploads\/2018\/03\/14524434_1106112876131411_958039263622046936_o.jpg?resize=350%2C200&ssl=1","width":350,"height":200,"srcset":"https:\/\/i0.wp.com\/www.grieta.org.mx\/wp-content\/uploads\/2018\/03\/14524434_1106112876131411_958039263622046936_o.jpg?resize=350%2C200&ssl=1 1x, https:\/\/i0.wp.com\/www.grieta.org.mx\/wp-content\/uploads\/2018\/03\/14524434_1106112876131411_958039263622046936_o.jpg?resize=525%2C300&ssl=1 1.5x, https:\/\/i0.wp.com\/www.grieta.org.mx\/wp-content\/uploads\/2018\/03\/14524434_1106112876131411_958039263622046936_o.jpg?resize=700%2C400&ssl=1 2x"},"classes":[]},{"id":4109,"url":"https:\/\/www.grieta.org.mx\/index.php\/2015\/11\/17\/4109\/","url_meta":{"origin":4203,"position":2},"title":"Movilizaciones por Ayotzinapa en Oaxaca","author":"grieta","date":"17 noviembre, 2015","format":false,"excerpt":"17\/11\/15. Normalistas marchan para repudiar represi\u00f3n contra estudiantes de Ayotzinapa P\u00e1gina 3 28\/10\/15. Normalistas realizan pintas frente al cuartel de infanter\u00eda Istmo Press 28\/09\/15. UCIZONI marcha por los 43 desparecidos de Ayotzinapa El Imparcial 26\/09\/15. Marcha magisterio de Oaxaca por Ayotzinapa NoticiasNet 25\/09\/15. Estudiantes zapotecas en desfile exigen con pancartas\u2026","rel":"","context":"En &quot;Desaparecidos&quot;","block_context":{"text":"Desaparecidos","link":"https:\/\/www.grieta.org.mx\/index.php\/category\/temas-nacionales\/desaparecidos\/"},"img":{"alt_text":"","src":"https:\/\/i0.wp.com\/www.grieta.org.mx\/wp-content\/uploads\/2018\/03\/14524434_1106112876131411_958039263622046936_o.jpg?resize=350%2C200&ssl=1","width":350,"height":200,"srcset":"https:\/\/i0.wp.com\/www.grieta.org.mx\/wp-content\/uploads\/2018\/03\/14524434_1106112876131411_958039263622046936_o.jpg?resize=350%2C200&ssl=1 1x, https:\/\/i0.wp.com\/www.grieta.org.mx\/wp-content\/uploads\/2018\/03\/14524434_1106112876131411_958039263622046936_o.jpg?resize=525%2C300&ssl=1 1.5x, https:\/\/i0.wp.com\/www.grieta.org.mx\/wp-content\/uploads\/2018\/03\/14524434_1106112876131411_958039263622046936_o.jpg?resize=700%2C400&ssl=1 2x"},"classes":[]},{"id":4112,"url":"https:\/\/www.grieta.org.mx\/index.php\/2015\/02\/27\/juchitan-se-unio-a-la-novena-accion-global-por-ayotzinapa\/","url_meta":{"origin":4203,"position":3},"title":"Juchit\u00e1n se uni\u00f3 a la Novena Acci\u00f3n Global por Ayotzinapa","author":"grieta","date":"27 febrero, 2015","format":false,"excerpt":"Revoluci\u00f3n 3.0, Oaxaca (27 de febrero, 2015).- Estudiantes, defensores sociales y habitantes de la ciudad Juchit\u00e1n marcharon para exigir, como en muchas otras partes del pa\u00eds la aparici\u00f3n con vida de los 43 j\u00f3venes normalistas de la Escuela Normal Rural \u201cRa\u00fal Isidro Burgos\u201d de Ayotzinapa que cumplieron cinco meses de\u2026","rel":"","context":"En &quot;CINTILLO&quot;","block_context":{"text":"CINTILLO","link":"https:\/\/www.grieta.org.mx\/index.php\/category\/cintillo\/"},"img":{"alt_text":"","src":"https:\/\/i0.wp.com\/www.grieta.org.mx\/wp-content\/uploads\/2018\/03\/14524434_1106112876131411_958039263622046936_o.jpg?resize=350%2C200&ssl=1","width":350,"height":200,"srcset":"https:\/\/i0.wp.com\/www.grieta.org.mx\/wp-content\/uploads\/2018\/03\/14524434_1106112876131411_958039263622046936_o.jpg?resize=350%2C200&ssl=1 1x, https:\/\/i0.wp.com\/www.grieta.org.mx\/wp-content\/uploads\/2018\/03\/14524434_1106112876131411_958039263622046936_o.jpg?resize=525%2C300&ssl=1 1.5x, https:\/\/i0.wp.com\/www.grieta.org.mx\/wp-content\/uploads\/2018\/03\/14524434_1106112876131411_958039263622046936_o.jpg?resize=700%2C400&ssl=1 2x"},"classes":[]},{"id":8934,"url":"https:\/\/www.grieta.org.mx\/index.php\/2015\/05\/26\/exigen-presentacion-con-vida-de-estudiantes-de-ayotzinapa\/","url_meta":{"origin":4203,"position":4},"title":"Exigen presentaci\u00f3n con vida de estudiantes de Ayotzinapa","author":"Admin","date":"26 mayo, 2015","format":false,"excerpt":"Sarah Ju\u00e1rez\/Quadrat\u00edn 26\/mayo\/2015 MORELIA, Mich.- A 8 meses de la desaparici\u00f3n forzada de los 43 estudiantes de Ayotzinapa, el Frente contra la represi\u00f3n se pronunci\u00f3 nuevamente en contra de la realizaci\u00f3n de la pr\u00f3ximo jornada electoral y afirmaron que ning\u00fan partido pol\u00edtico ha mostrado alternativas al pueblo, por lo que\u2026","rel":"","context":"En &quot;CINTILLO&quot;","block_context":{"text":"CINTILLO","link":"https:\/\/www.grieta.org.mx\/index.php\/category\/cintillo\/"},"img":{"alt_text":"","src":"https:\/\/i0.wp.com\/www.grieta.org.mx\/wp-content\/uploads\/2018\/03\/14524434_1106112876131411_958039263622046936_o.jpg?resize=350%2C200&ssl=1","width":350,"height":200,"srcset":"https:\/\/i0.wp.com\/www.grieta.org.mx\/wp-content\/uploads\/2018\/03\/14524434_1106112876131411_958039263622046936_o.jpg?resize=350%2C200&ssl=1 1x, https:\/\/i0.wp.com\/www.grieta.org.mx\/wp-content\/uploads\/2018\/03\/14524434_1106112876131411_958039263622046936_o.jpg?resize=525%2C300&ssl=1 1.5x, https:\/\/i0.wp.com\/www.grieta.org.mx\/wp-content\/uploads\/2018\/03\/14524434_1106112876131411_958039263622046936_o.jpg?resize=700%2C400&ssl=1 2x"},"classes":[]},{"id":18340,"url":"https:\/\/www.grieta.org.mx\/index.php\/2016\/07\/27\/22-meses-de-exigir-justicia-para-ayotzinapa-cdmx\/","url_meta":{"origin":4203,"position":5},"title":"22 meses de exigir justicia para Ayotzinapa (CDMX)","author":"grieta","date":"27 julio, 2016","format":false,"excerpt":"Este 26 de julio, se cumplieron 22 meses de los hechos violentos en Iguala, Guerrero, en donde 43 estudiantes fueron desaparecidos y asesinados. La Acci\u00f3n Global por Ayotzinapa n\u00famero 22 se realiz\u00f3 en Ciudad Monstruo con una marcha que parti\u00f3 del Plant\u00f3n de la PGR al antimonumento por los 43,\u2026","rel":"","context":"En &quot;cdmx&quot;","block_context":{"text":"cdmx","link":"https:\/\/www.grieta.org.mx\/index.php\/category\/cdmx\/"},"img":{"alt_text":"","src":"https:\/\/i0.wp.com\/www.grieta.org.mx\/wp-content\/uploads\/2018\/03\/14524434_1106112876131411_958039263622046936_o.jpg?resize=350%2C200&ssl=1","width":350,"height":200,"srcset":"https:\/\/i0.wp.com\/www.grieta.org.mx\/wp-content\/uploads\/2018\/03\/14524434_1106112876131411_958039263622046936_o.jpg?resize=350%2C200&ssl=1 1x, https:\/\/i0.wp.com\/www.grieta.org.mx\/wp-content\/uploads\/2018\/03\/14524434_1106112876131411_958039263622046936_o.jpg?resize=525%2C300&ssl=1 1.5x, https:\/\/i0.wp.com\/www.grieta.org.mx\/wp-content\/uploads\/2018\/03\/14524434_1106112876131411_958039263622046936_o.jpg?resize=700%2C400&ssl=1 2x"},"classes":[]}],"_links":{"self":[{"href":"https:\/\/www.grieta.org.mx\/index.php\/wp-json\/wp\/v2\/posts\/4203","targetHints":{"allow":["GET"]}}],"collection":[{"href":"https:\/\/www.grieta.org.mx\/index.php\/wp-json\/wp\/v2\/posts"}],"about":[{"href":"https:\/\/www.grieta.org.mx\/index.php\/wp-json\/wp\/v2\/types\/post"}],"author":[{"embeddable":true,"href":"https:\/\/www.grieta.org.mx\/index.php\/wp-json\/wp\/v2\/users\/2"}],"replies":[{"embeddable":true,"href":"https:\/\/www.grieta.org.mx\/index.php\/wp-json\/wp\/v2\/comments?post=4203"}],"version-history":[{"count":1,"href":"https:\/\/www.grieta.org.mx\/index.php\/wp-json\/wp\/v2\/posts\/4203\/revisions"}],"predecessor-version":[{"id":4205,"href":"https:\/\/www.grieta.org.mx\/index.php\/wp-json\/wp\/v2\/posts\/4203\/revisions\/4205"}],"wp:featuredmedia":[{"embeddable":true,"href":"https:\/\/www.grieta.org.mx\/index.php\/wp-json\/wp\/v2\/media\/21928"}],"wp:attachment":[{"href":"https:\/\/www.grieta.org.mx\/index.php\/wp-json\/wp\/v2\/media?parent=4203"}],"wp:term":[{"taxonomy":"category","embeddable":true,"href":"https:\/\/www.grieta.org.mx\/index.php\/wp-json\/wp\/v2\/categories?post=4203"},{"taxonomy":"post_tag","embeddable":true,"href":"https:\/\/www.grieta.org.mx\/index.php\/wp-json\/wp\/v2\/tags?post=4203"}],"curies":[{"name":"wp","href":"https:\/\/api.w.org\/{rel}","templated":true}]}}