{"id":41981,"date":"2019-12-08T09:31:38","date_gmt":"2019-12-08T15:31:38","guid":{"rendered":"http:\/\/www.grieta.org.mx\/?p=41981"},"modified":"2019-12-09T09:43:02","modified_gmt":"2019-12-09T15:43:02","slug":"tamaulipas-trafico-humano-y-desaparecidos","status":"publish","type":"post","link":"https:\/\/www.grieta.org.mx\/index.php\/2019\/12\/08\/tamaulipas-trafico-humano-y-desaparecidos\/","title":{"rendered":"Tamaulipas: tr\u00e1fico humano y desaparecidos"},"content":{"rendered":"<p>Miguel \u00c1ngel Vega\/R\u00edo Doce<br \/>\n8 diciembre 2019<\/p>\n<p><img loading=\"lazy\" decoding=\"async\" data-attachment-id=\"41982\" data-permalink=\"https:\/\/www.grieta.org.mx\/index.php\/2019\/12\/08\/tamaulipas-trafico-humano-y-desaparecidos\/tamaulipas-fosas-ohvf7zz4n3u4jq9uvgdv037u3bns2ihjvb138y5tvs\/\" data-orig-file=\"https:\/\/www.grieta.org.mx\/wp-content\/uploads\/2019\/12\/tamaulipas-fosas-ohvf7zz4n3u4jq9uvgdv037u3bns2ihjvb138y5tvs.jpg\" data-orig-size=\"1140,500\" data-comments-opened=\"0\" data-image-meta=\"{&quot;aperture&quot;:&quot;0&quot;,&quot;credit&quot;:&quot;&quot;,&quot;camera&quot;:&quot;&quot;,&quot;caption&quot;:&quot;&quot;,&quot;created_timestamp&quot;:&quot;0&quot;,&quot;copyright&quot;:&quot;&quot;,&quot;focal_length&quot;:&quot;0&quot;,&quot;iso&quot;:&quot;0&quot;,&quot;shutter_speed&quot;:&quot;0&quot;,&quot;title&quot;:&quot;&quot;,&quot;orientation&quot;:&quot;0&quot;}\" data-image-title=\"tamaulipas-fosas-ohvf7zz4n3u4jq9uvgdv037u3bns2ihjvb138y5tvs\" data-image-description=\"\" data-image-caption=\"\" data-medium-file=\"https:\/\/www.grieta.org.mx\/wp-content\/uploads\/2019\/12\/tamaulipas-fosas-ohvf7zz4n3u4jq9uvgdv037u3bns2ihjvb138y5tvs-300x132.jpg\" data-large-file=\"https:\/\/www.grieta.org.mx\/wp-content\/uploads\/2019\/12\/tamaulipas-fosas-ohvf7zz4n3u4jq9uvgdv037u3bns2ihjvb138y5tvs-1024x449.jpg\" src=\"http:\/\/www.grieta.org.mx\/wp-content\/uploads\/2019\/12\/tamaulipas-fosas-ohvf7zz4n3u4jq9uvgdv037u3bns2ihjvb138y5tvs.jpg\" alt=\"\" width=\"1140\" height=\"500\" class=\"aligncenter size-full wp-image-41982\" srcset=\"https:\/\/www.grieta.org.mx\/wp-content\/uploads\/2019\/12\/tamaulipas-fosas-ohvf7zz4n3u4jq9uvgdv037u3bns2ihjvb138y5tvs.jpg 1140w, https:\/\/www.grieta.org.mx\/wp-content\/uploads\/2019\/12\/tamaulipas-fosas-ohvf7zz4n3u4jq9uvgdv037u3bns2ihjvb138y5tvs-300x132.jpg 300w, https:\/\/www.grieta.org.mx\/wp-content\/uploads\/2019\/12\/tamaulipas-fosas-ohvf7zz4n3u4jq9uvgdv037u3bns2ihjvb138y5tvs-768x337.jpg 768w, https:\/\/www.grieta.org.mx\/wp-content\/uploads\/2019\/12\/tamaulipas-fosas-ohvf7zz4n3u4jq9uvgdv037u3bns2ihjvb138y5tvs-1024x449.jpg 1024w\" sizes=\"auto, (max-width: 1140px) 100vw, 1140px\" \/><\/p>\n<p>Vivir en Tamaulipas en los \u00faltimos a\u00f1os es haber respirado la muerte. Al menos as\u00ed lo considera una joven originaria de Matamoros quien, sin temor a equivocarse, opina que todo tamaulipeco que reside en su estado ha sido v\u00edctima de la violencia, por lo menos una vez en su vida.<\/p>\n<p>\u201cA m\u00ed me ha tocado un par de veces, pero la m\u00e1s fuerte fue en 2013, en Ciudad Mante, cuando mi esposo y yo manej\u00e1bamos rumbo a la casa, y en la calle hab\u00eda varios hombres que nos hicieron la parada, pero nosotros temiendo algo peor, aceleramos y los sicarios se vinieron tras de nosotros\u201d, recuerda la joven mujer, quien prefiere mantenerse en el anonimato.<\/p>\n<p>Pocas cuadras m\u00e1s adelante fueron alcanzados, y mientras los sicarios golpeaban salvajemente a su marido, ella tom\u00f3 a su beb\u00e9 de 3 meses de nacida del asiento trasero del veh\u00edculo, y trat\u00f3 de huir, pero a media cuadra fue alcanzada.<\/p>\n<p>\u201c\u00a1No me mate, por favor no me mate!\u201d, recuerda la joven haber suplicado.<\/p>\n<p>El destino quiso que los sicarios les perdonaran la vida, pero no todos las personas que han sido v\u00edctimas de falsos retenes en esa entidad han vivido para contarla, y muchos han terminado asesinadas a tiros o bien, desaparecidas.<\/p>\n<p>De acuerdo a datos del Instituto Nacional de Estad\u00edsticas y Geograf\u00eda (INEGI), el 2012 ha sido el a\u00f1o m\u00e1s violento en toda la historia de Tamaulipas, cuando se registraron mil 557 homicidios dolosos, y desde entonces las cifras han ido a la baja, y raramente superaron los 900 asesinatos, hasta 2017, cuando se registraron mil 198 homicidios.<\/p>\n<p>\u201cSi a eso le agregas las desapariciones forzadas, y que muchos asesinatos los amigos y familiares no los reportan como homicidios dolosos por temor a represalias, pues los n\u00fameros se disparan\u201d, dijo una periodista de esa entidad, quien tambi\u00e9n solicit\u00f3 no se revelara su nombre.<\/p>\n<p>Ioan Grillo, analista de seguridad y autor de varios libros que abordan el crimen organizado en M\u00e9xico, dijo que la violencia de los \u00faltimos a\u00f1os en Tamaulipas se ha disparado por una serie de reacomodos dentro de las organizaciones criminales que operan en esa entidad.<\/p>\n<p>\u201cSe fraccionaron los Zetas, y ahora hay un grupo que se autodenomina el C\u00e1rtel del Noreste, pero tambi\u00e9n surgi\u00f3 otro grupo que se le conoce como Nueva Sangre, y tambi\u00e9n est\u00e1 la Vieja Escuela, pero tambi\u00e9n est\u00e1n los Talibanes, que en su momento formaban parte del C\u00e1rtel del Golfo, y la ruptura en esos grupos criminales es lo que ha provocado una alza en la violencia\u201d, explic\u00f3 Grillo, autor del libro El Narco.<\/p>\n<p>A los mil 198 homicidios de 2017, le siguieron mil 73 registrados en 2018, hasta que en 2019 los n\u00fameros dieron un ligero baj\u00f3n, pues hasta el 31 de octubre de este a\u00f1o, se hab\u00edan registrado 736 asesinatos, principalmente en las ciudades de Matamoros, Reynosa, Mante y Nuevo Laredo.<\/p>\n<p>\u201cY seguramente ser\u00e1n estad\u00edsticas que se van a mantener durante varios a\u00f1os, porque no s\u00f3lo se han fraccionado esos dos c\u00e1rteles, sino que tambi\u00e9n se han diversificado pues ya no s\u00f3lo es el trasiego de drogas, sino que tienen a\u00f1os controlando el robo de hidrocarburos, prostituci\u00f3n pirater\u00eda, tr\u00e1fico humano, venta de droga al menudeo, pero adem\u00e1s la extorsi\u00f3n o cobro de cuota, como le llaman\u201d, observ\u00f3 Grillo.<\/p>\n<p>Sin embargo, hay un rubro que la Fiscal\u00eda del Estado de Tamaulipas no registra ni reporta como homicidios, y \u00e9stas son las desapariciones forzadas, que seg\u00fan algunos analistas debe alcanzar n\u00fameros alarmantes.<\/p>\n<p>Hasta mediados de 2019 se han encontrado decenas de fosas en todo el estado de Tamaulipas, siendo la m\u00e1s conocida la de San Fernando, donde se encontraron 193 osamentas.<\/p>\n<p>Hasta el 31 de Agosto de este a\u00f1o, la Fiscal\u00eda de Tamaulipas ten\u00eda en su poder m\u00e1s de 2 mil osamentas sin identificar que hab\u00edan encontrado en los \u00faltimos tres a\u00f1os, y en muchos casos se hab\u00edan identificados restos gracias a la presi\u00f3n de los familiares.<\/p>\n<p>Eso provoc\u00f3 que activistas del norte del pa\u00eds se avocaran a buscar a personas desaparecidas en predios donde pod\u00edan estar sepultadas, como fue el caso de Miriam Elizabeth Rodr\u00edguez Mart\u00ednez, que buscaba a su hija desaparecida desde 2014, pero tras algunos a\u00f1os de buscar infructuosamente, y de ejercer una fuerte presi\u00f3n hacia las autoridades de ese estado, la activista fue asesinada a balazos afuera de su casa, en San Fernando Tamaulipas.<\/p>\n<p>\u201cEs peligroso ejercer ese tipo de presi\u00f3n ante el gobierno, y llega el momento que no sabes de qui\u00e9n cuidarte, si del gobierno o del crimen organizado, que muchas veces son los mismos\u201d, dijo una periodista de ese estado.<\/p>\n<p>Cuando la persona enfrenta al gobierno, o a los narcos, est\u00e1 muerta. Invariablemente. Tal fue el caso de un ranchero del poblado de Padilla, cerca de Ciudad Victoria, don Alejo Garza Tamez, quien en noviembre de 2010 se resisti\u00f3 a ser extorsionado por los Zetas, e indignado decidi\u00f3 enfrentarlos.<\/p>\n<p>El ranchero, de 77 a\u00f1os, se parapet\u00f3 en su rancho, y enfrent\u00f3 a los delincuentes, llev\u00e1ndose a cuatro por delante e hiriendo a dos, antes de ser masacrado a balazos por los pistoleros, que para entonces le hab\u00edan lanzado con granadas y bazucas.<\/p>\n<p>\u201cSin duda es un estado muy peligroso, y la prueba est\u00e1 en que nadie de nosotros (como periodistas o escritores), queremos ir ah\u00ed, por el alto grado de inseguridad que se siente\u201d, observ\u00f3 Grillo.<\/p>\n<p><img loading=\"lazy\" decoding=\"async\" data-attachment-id=\"41983\" data-permalink=\"https:\/\/www.grieta.org.mx\/index.php\/2019\/12\/08\/tamaulipas-trafico-humano-y-desaparecidos\/cuadro-tamaulipas-768x894\/\" data-orig-file=\"https:\/\/www.grieta.org.mx\/wp-content\/uploads\/2019\/12\/cuadro-tamaulipas-768x894.jpg\" data-orig-size=\"768,894\" data-comments-opened=\"0\" data-image-meta=\"{&quot;aperture&quot;:&quot;0&quot;,&quot;credit&quot;:&quot;&quot;,&quot;camera&quot;:&quot;&quot;,&quot;caption&quot;:&quot;&quot;,&quot;created_timestamp&quot;:&quot;0&quot;,&quot;copyright&quot;:&quot;&quot;,&quot;focal_length&quot;:&quot;0&quot;,&quot;iso&quot;:&quot;0&quot;,&quot;shutter_speed&quot;:&quot;0&quot;,&quot;title&quot;:&quot;&quot;,&quot;orientation&quot;:&quot;0&quot;}\" data-image-title=\"cuadro-tamaulipas-768&amp;#215;894\" data-image-description=\"\" data-image-caption=\"\" data-medium-file=\"https:\/\/www.grieta.org.mx\/wp-content\/uploads\/2019\/12\/cuadro-tamaulipas-768x894-258x300.jpg\" data-large-file=\"https:\/\/www.grieta.org.mx\/wp-content\/uploads\/2019\/12\/cuadro-tamaulipas-768x894.jpg\" src=\"http:\/\/www.grieta.org.mx\/wp-content\/uploads\/2019\/12\/cuadro-tamaulipas-768x894.jpg\" alt=\"\" width=\"768\" height=\"894\" class=\"aligncenter size-full wp-image-41983\" srcset=\"https:\/\/www.grieta.org.mx\/wp-content\/uploads\/2019\/12\/cuadro-tamaulipas-768x894.jpg 768w, https:\/\/www.grieta.org.mx\/wp-content\/uploads\/2019\/12\/cuadro-tamaulipas-768x894-258x300.jpg 258w, https:\/\/www.grieta.org.mx\/wp-content\/uploads\/2019\/12\/cuadro-tamaulipas-768x894-430x500.jpg 430w\" sizes=\"auto, (max-width: 768px) 100vw, 768px\" \/><\/p>\n<p>Art\u00edculo publicado el 8 de diciembre de 2019 en la edici\u00f3n 880 del semanario R\u00edodoce.<\/p>\n<p><a href=\"https:\/\/riodoce.mx\/2019\/12\/08\/tamaulipas-trafico-humano-y-desaparecidos\/\" rel=\"noopener noreferrer\" target=\"_blank\">https:\/\/riodoce.mx\/2019\/12\/08\/tamaulipas-trafico-humano-y-desaparecidos\/<\/a><\/p>\n","protected":false},"excerpt":{"rendered":"<p>Miguel \u00c1ngel Vega\/R\u00edo Doce 8 diciembre 2019 Vivir en Tamaulipas en los \u00faltimos a\u00f1os es haber respirado la muerte. Al menos as\u00ed lo considera una joven originaria de Matamoros quien, &hellip; <a href=\"https:\/\/www.grieta.org.mx\/index.php\/2019\/12\/08\/tamaulipas-trafico-humano-y-desaparecidos\/\" class=\"more-link\">Leer m\u00e1s<\/a><\/p>\n","protected":false},"author":2,"featured_media":41982,"comment_status":"closed","ping_status":"closed","sticky":false,"template":"","format":"standard","meta":{"ngg_post_thumbnail":0,"_jetpack_newsletter_access":"","_jetpack_dont_email_post_to_subs":false,"_jetpack_newsletter_tier_id":0,"_jetpack_memberships_contains_paywalled_content":false,"_jetpack_memberships_contains_paid_content":false,"footnotes":""},"categories":[80,87,1197,1501,2,33,83],"tags":[121,1916,1133],"class_list":["post-41981","post","type-post","status-publish","format-standard","has-post-thumbnail","hentry","category-cintillo","category-desaparecidos","category-desaparecidos-en-tamaulipas","category-incremento-de-la-violencia-en-tamaulipas","category-noticias-nacionales","category-tamaulipas","category-temas-nacionales","tag-desaparecidos","tag-fosas","tag-incremento-en-la-violencia","entry"],"jetpack_featured_media_url":"https:\/\/www.grieta.org.mx\/wp-content\/uploads\/2019\/12\/tamaulipas-fosas-ohvf7zz4n3u4jq9uvgdv037u3bns2ihjvb138y5tvs.jpg","jetpack_sharing_enabled":true,"jetpack_shortlink":"https:\/\/wp.me\/p7ZJR4-aV7","jetpack_likes_enabled":false,"jetpack-related-posts":[{"id":30588,"url":"https:\/\/www.grieta.org.mx\/index.php\/2019\/03\/11\/protestan-mujeres-victimas-de-la-violencia-en-palacio-de-gobierno-de-tamaulipas\/","url_meta":{"origin":41981,"position":0},"title":"Protestan mujeres v\u00edctimas de la violencia en Palacio de Gobierno de Tamaulipas","author":"grieta","date":"11 marzo, 2019","format":false,"excerpt":"Everardo Eguia \/ Hoy Tamaulipas Una de las manifestantes identificada como Carlota Hern\u00e1ndez Maldonado, se\u00f1al\u00f3 que las mujeres son ignoradas y, adem\u00e1s, se les ha marginado de la entrega de apoyos que se da a familiares Ciudad Victoria, Tamaulipas. - Alrededor de 10 mujeres desplazadas por la violencia, protestaron esta\u2026","rel":"","context":"En &quot;CINTILLO&quot;","block_context":{"text":"CINTILLO","link":"https:\/\/www.grieta.org.mx\/index.php\/category\/cintillo\/"},"img":{"alt_text":"","src":"https:\/\/i0.wp.com\/www.grieta.org.mx\/wp-content\/uploads\/2019\/03\/Protestan-mujeres-v%C3%ADctimas-de-la-violencia-en-tama-mzo.jpg?resize=350%2C200","width":350,"height":200},"classes":[]},{"id":39478,"url":"https:\/\/www.grieta.org.mx\/index.php\/2019\/08\/23\/colectivo-de-familiares-desaparecidos-protesta-en-contra-de-guardia-nacional-tamaulipas\/","url_meta":{"origin":41981,"position":1},"title":"Colectivo de Familiares Desaparecidos protesta en contra de Guardia Nacional (Tamaulipas)","author":"grieta","date":"23 agosto, 2019","format":false,"excerpt":"Ram\u00f3n Mendoza S. \/ El Mercurio La Guardia Nacional que fue creada por el presidente de M\u00e9xico Andr\u00e9s Manuel L\u00f3pez Obrador para brindar seguridad al pa\u00eds podr\u00eda traer consecuencias perjudiciales para el pa\u00eds, por una contraofensiva que haga la transgresi\u00f3n organizada en toda la frontera con los Estados Unidos. Guillermo\u2026","rel":"","context":"En &quot;CINTILLO&quot;","block_context":{"text":"CINTILLO","link":"https:\/\/www.grieta.org.mx\/index.php\/category\/cintillo\/"},"img":{"alt_text":"","src":"https:\/\/i0.wp.com\/www.grieta.org.mx\/wp-content\/uploads\/2019\/09\/c4-3-6rirhtvnp2ecyc7656s4o5dr0gc9rtnry0uvzholpyo.jpg?resize=350%2C200&ssl=1","width":350,"height":200,"srcset":"https:\/\/i0.wp.com\/www.grieta.org.mx\/wp-content\/uploads\/2019\/09\/c4-3-6rirhtvnp2ecyc7656s4o5dr0gc9rtnry0uvzholpyo.jpg?resize=350%2C200&ssl=1 1x, https:\/\/i0.wp.com\/www.grieta.org.mx\/wp-content\/uploads\/2019\/09\/c4-3-6rirhtvnp2ecyc7656s4o5dr0gc9rtnry0uvzholpyo.jpg?resize=525%2C300&ssl=1 1.5x, https:\/\/i0.wp.com\/www.grieta.org.mx\/wp-content\/uploads\/2019\/09\/c4-3-6rirhtvnp2ecyc7656s4o5dr0gc9rtnry0uvzholpyo.jpg?resize=700%2C400&ssl=1 2x, https:\/\/i0.wp.com\/www.grieta.org.mx\/wp-content\/uploads\/2019\/09\/c4-3-6rirhtvnp2ecyc7656s4o5dr0gc9rtnry0uvzholpyo.jpg?resize=1050%2C600&ssl=1 3x"},"classes":[]},{"id":35916,"url":"https:\/\/www.grieta.org.mx\/index.php\/2019\/07\/03\/el-horror-de-tamaulipas-le-cambio-la-vida-a-madre-de-secuestrado\/","url_meta":{"origin":41981,"position":2},"title":"El &#8216;horror&#8217; de Tamaulipas le cambi\u00f3 la vida a madre de secuestrado","author":"grieta","date":"3 julio, 2019","format":false,"excerpt":"Posta \u00bfPor qu\u00e9 nos hacen sufrir y nos revictimizan muchas veces? \u00bfPor qu\u00e9 los procesos penales duran mucho tiempo? TAMAULIPAS.- El \"horror\" de Tamaulipas y el secuestro de su hijo la oblig\u00f3 a aprender los t\u00e9rminos legales para presionar a las autoridades a encontrarlo, vivo o muerto. Rosa Icela Valdez\u2026","rel":"","context":"En &quot;CINTILLO&quot;","block_context":{"text":"CINTILLO","link":"https:\/\/www.grieta.org.mx\/index.php\/category\/cintillo\/"},"img":{"alt_text":"","src":"https:\/\/i0.wp.com\/www.grieta.org.mx\/wp-content\/uploads\/2019\/07\/El-horror-de-Tamaulipas-le-cambi%C3%B3-la-vida-a-madre-de-secuestrado-tama-jul.jpg?resize=350%2C200&ssl=1","width":350,"height":200,"srcset":"https:\/\/i0.wp.com\/www.grieta.org.mx\/wp-content\/uploads\/2019\/07\/El-horror-de-Tamaulipas-le-cambi%C3%B3-la-vida-a-madre-de-secuestrado-tama-jul.jpg?resize=350%2C200&ssl=1 1x, https:\/\/i0.wp.com\/www.grieta.org.mx\/wp-content\/uploads\/2019\/07\/El-horror-de-Tamaulipas-le-cambi%C3%B3-la-vida-a-madre-de-secuestrado-tama-jul.jpg?resize=525%2C300&ssl=1 1.5x"},"classes":[]},{"id":22958,"url":"https:\/\/www.grieta.org.mx\/index.php\/2017\/04\/23\/80-mil-desaparecidos-en-tamaulipas\/","url_meta":{"origin":41981,"position":3},"title":"\u00bf80 mil desaparecidos en Tamaulipas?","author":"grieta","date":"23 abril, 2017","format":false,"excerpt":"Redacci\u00f3n\/Posta TAMAULIPAS.- El vocero e integrante del Colectivo de Amigos y Familiares de Personas Desaparecidas de Tamaulipas , Guillermo Guti\u00e9rrez Riestra, consider\u00f3 que a pesar de que las cifras oficiales reconocen a 5 mil 567 personas \"no localizadas\" en la entidad, en la realidad la cifra pudiera ascender hasta los\u2026","rel":"","context":"En &quot;CINTILLO&quot;","block_context":{"text":"CINTILLO","link":"https:\/\/www.grieta.org.mx\/index.php\/category\/cintillo\/"},"img":{"alt_text":"","src":"https:\/\/i0.wp.com\/www.grieta.org.mx\/wp-content\/uploads\/2018\/05\/d4.jpg?resize=350%2C200&ssl=1","width":350,"height":200,"srcset":"https:\/\/i0.wp.com\/www.grieta.org.mx\/wp-content\/uploads\/2018\/05\/d4.jpg?resize=350%2C200&ssl=1 1x, https:\/\/i0.wp.com\/www.grieta.org.mx\/wp-content\/uploads\/2018\/05\/d4.jpg?resize=525%2C300&ssl=1 1.5x"},"classes":[]},{"id":41397,"url":"https:\/\/www.grieta.org.mx\/index.php\/2019\/11\/09\/desaparecidas-casi-dos-mil-mujeres-en-tamaulipas\/","url_meta":{"origin":41981,"position":4},"title":"Desaparecidas casi dos mil mujeres en Tamaulipas","author":"grieta","date":"9 noviembre, 2019","format":false,"excerpt":"Del 2006 al 2018 Josefina De Le\u00f3n Mendoza de la Red de Desaparecidos destac\u00f3 que mientras en el sur hay 144 f\u00e9minas de las que se desconocen su paradero. Lucero Reyes\/Milenio 9 noviembre 2019 Son 144 mujeres de las que se desconoce su paradero en los \u00faltimos 12 a\u00f1os, inform\u00f3\u2026","rel":"","context":"En &quot;CINTILLO&quot;","block_context":{"text":"CINTILLO","link":"https:\/\/www.grieta.org.mx\/index.php\/category\/cintillo\/"},"img":{"alt_text":"","src":"https:\/\/i0.wp.com\/www.grieta.org.mx\/wp-content\/uploads\/2019\/11\/desaparecidos-tamaulipas_110_0_964_600.jpg?resize=350%2C200&ssl=1","width":350,"height":200,"srcset":"https:\/\/i0.wp.com\/www.grieta.org.mx\/wp-content\/uploads\/2019\/11\/desaparecidos-tamaulipas_110_0_964_600.jpg?resize=350%2C200&ssl=1 1x, https:\/\/i0.wp.com\/www.grieta.org.mx\/wp-content\/uploads\/2019\/11\/desaparecidos-tamaulipas_110_0_964_600.jpg?resize=525%2C300&ssl=1 1.5x, https:\/\/i0.wp.com\/www.grieta.org.mx\/wp-content\/uploads\/2019\/11\/desaparecidos-tamaulipas_110_0_964_600.jpg?resize=700%2C400&ssl=1 2x"},"classes":[]},{"id":43027,"url":"https:\/\/www.grieta.org.mx\/index.php\/2020\/01\/05\/tamaulipas-requiere-mas-forenses-para-localizar-a-desaparecidos\/","url_meta":{"origin":41981,"position":5},"title":"&#8220;Tamaulipas requiere m\u00e1s forenses para localizar a desaparecidos&#8221;","author":"grieta","date":"5 enero, 2020","format":false,"excerpt":"Colectivo de Familiares y Amigos de Desaparecidos en Tamaulipas, aseguran que es necesario sumar m\u00e1s especialistas en el tema, toda vez que la falta de ello, los limita a dar resultados. Antonio Hern\u00e1ndez\/Milenio 5 enero 2020 Falta presupuesto para b\u00fasqueda de desaparecidos y la Comisi\u00f3n Nacional de B\u00fasqueda se da\u2026","rel":"","context":"En &quot;CINTILLO&quot;","block_context":{"text":"CINTILLO","link":"https:\/\/www.grieta.org.mx\/index.php\/category\/cintillo\/"},"img":{"alt_text":"","src":"https:\/\/i0.wp.com\/www.grieta.org.mx\/wp-content\/uploads\/2020\/01\/operativo-busqueda-desaparecidos-fosas-clandestinas_111_0_1028_640.jpg?resize=350%2C200&ssl=1","width":350,"height":200,"srcset":"https:\/\/i0.wp.com\/www.grieta.org.mx\/wp-content\/uploads\/2020\/01\/operativo-busqueda-desaparecidos-fosas-clandestinas_111_0_1028_640.jpg?resize=350%2C200&ssl=1 1x, https:\/\/i0.wp.com\/www.grieta.org.mx\/wp-content\/uploads\/2020\/01\/operativo-busqueda-desaparecidos-fosas-clandestinas_111_0_1028_640.jpg?resize=525%2C300&ssl=1 1.5x, https:\/\/i0.wp.com\/www.grieta.org.mx\/wp-content\/uploads\/2020\/01\/operativo-busqueda-desaparecidos-fosas-clandestinas_111_0_1028_640.jpg?resize=700%2C400&ssl=1 2x"},"classes":[]}],"_links":{"self":[{"href":"https:\/\/www.grieta.org.mx\/index.php\/wp-json\/wp\/v2\/posts\/41981","targetHints":{"allow":["GET"]}}],"collection":[{"href":"https:\/\/www.grieta.org.mx\/index.php\/wp-json\/wp\/v2\/posts"}],"about":[{"href":"https:\/\/www.grieta.org.mx\/index.php\/wp-json\/wp\/v2\/types\/post"}],"author":[{"embeddable":true,"href":"https:\/\/www.grieta.org.mx\/index.php\/wp-json\/wp\/v2\/users\/2"}],"replies":[{"embeddable":true,"href":"https:\/\/www.grieta.org.mx\/index.php\/wp-json\/wp\/v2\/comments?post=41981"}],"version-history":[{"count":1,"href":"https:\/\/www.grieta.org.mx\/index.php\/wp-json\/wp\/v2\/posts\/41981\/revisions"}],"predecessor-version":[{"id":41984,"href":"https:\/\/www.grieta.org.mx\/index.php\/wp-json\/wp\/v2\/posts\/41981\/revisions\/41984"}],"wp:featuredmedia":[{"embeddable":true,"href":"https:\/\/www.grieta.org.mx\/index.php\/wp-json\/wp\/v2\/media\/41982"}],"wp:attachment":[{"href":"https:\/\/www.grieta.org.mx\/index.php\/wp-json\/wp\/v2\/media?parent=41981"}],"wp:term":[{"taxonomy":"category","embeddable":true,"href":"https:\/\/www.grieta.org.mx\/index.php\/wp-json\/wp\/v2\/categories?post=41981"},{"taxonomy":"post_tag","embeddable":true,"href":"https:\/\/www.grieta.org.mx\/index.php\/wp-json\/wp\/v2\/tags?post=41981"}],"curies":[{"name":"wp","href":"https:\/\/api.w.org\/{rel}","templated":true}]}}