{"id":41969,"date":"2019-12-03T13:00:17","date_gmt":"2019-12-03T19:00:17","guid":{"rendered":"http:\/\/www.grieta.org.mx\/?p=41969"},"modified":"2019-12-07T13:07:24","modified_gmt":"2019-12-07T19:07:24","slug":"familiares-de-desaparecidos-reclamaron-la-falta-de-trabajos-y-de-resultados-jalisco","status":"publish","type":"post","link":"https:\/\/www.grieta.org.mx\/index.php\/2019\/12\/03\/familiares-de-desaparecidos-reclamaron-la-falta-de-trabajos-y-de-resultados-jalisco\/","title":{"rendered":"Familiares de desaparecidos reclamaron la falta de trabajos y de resultados (Jalisco)"},"content":{"rendered":"<p><img loading=\"lazy\" decoding=\"async\" data-attachment-id=\"41970\" data-permalink=\"https:\/\/www.grieta.org.mx\/index.php\/2019\/12\/03\/familiares-de-desaparecidos-reclamaron-la-falta-de-trabajos-y-de-resultados-jalisco\/2019-12-02_11-12-13___5378\/\" data-orig-file=\"https:\/\/www.grieta.org.mx\/wp-content\/uploads\/2019\/12\/2019-12-02_11-12-13___5378.jpg\" data-orig-size=\"750,500\" data-comments-opened=\"0\" data-image-meta=\"{&quot;aperture&quot;:&quot;2.8&quot;,&quot;credit&quot;:&quot;Edgar Omar Gonzalez Lopez&quot;,&quot;camera&quot;:&quot;NIKON D7100&quot;,&quot;caption&quot;:&quot;&quot;,&quot;created_timestamp&quot;:&quot;1575292647&quot;,&quot;copyright&quot;:&quot;EDGAR OMAR GONZALEZ LOPEZ - eglezfoto@gmail.com&quot;,&quot;focal_length&quot;:&quot;11&quot;,&quot;iso&quot;:&quot;2000&quot;,&quot;shutter_speed&quot;:&quot;0.01&quot;,&quot;title&quot;:&quot;&quot;,&quot;orientation&quot;:&quot;1&quot;}\" data-image-title=\"2019-12-02_11-12-13___5378\" data-image-description=\"\" data-image-caption=\"\" data-medium-file=\"https:\/\/www.grieta.org.mx\/wp-content\/uploads\/2019\/12\/2019-12-02_11-12-13___5378-300x200.jpg\" data-large-file=\"https:\/\/www.grieta.org.mx\/wp-content\/uploads\/2019\/12\/2019-12-02_11-12-13___5378.jpg\" class=\"aligncenter wp-image-41970\" src=\"http:\/\/www.grieta.org.mx\/wp-content\/uploads\/2019\/12\/2019-12-02_11-12-13___5378.jpg\" alt=\"\" width=\"800\" height=\"533\" srcset=\"https:\/\/www.grieta.org.mx\/wp-content\/uploads\/2019\/12\/2019-12-02_11-12-13___5378.jpg 750w, https:\/\/www.grieta.org.mx\/wp-content\/uploads\/2019\/12\/2019-12-02_11-12-13___5378-300x200.jpg 300w\" sizes=\"auto, (max-width: 800px) 100vw, 800px\" \/><\/p>\n<p>Foto: Especial<\/p>\n<p>Juan Levario \/ El Diario NTR<\/p>\n<p>Durante la presentaci\u00f3n de un proyecto de colaboraci\u00f3n con expertos guatemaltecos para b\u00fasqueda de personas\u00a0en Jalisco, familiares de desaparecidos reclamaron a Enrique Ibarra Pedroza, secretario general de Gobierno,\u00a0y a otros funcionarios la falta de trabajos y de resultados.<\/p>\n<p>Representantes de los colectivos Familias Unidas por Nuestros Desaparecidos en Jalisco (Fundej), Por Amor a\u00a0Ellxs\u00a0y Entre Cielo y Tierra estuvieron en\u00a0la presentaci\u00f3n del proyecto, en donde enfatizaron\u00a0que a un a\u00f1o de iniciada la administraci\u00f3n estatal no han tenido la respuesta institucional adecuada, pese a la cercan\u00eda que han tenido con algunos funcionarios.<\/p>\n<p>\u201cTenemos mucho tiempo esperando que se coordinen tanto Fiscal\u00eda General, fiscal\u00eda de desaparecidos, Instituto de Ciencias Forenses y la Comisi\u00f3n de B\u00fasqueda (\u2026) Quiero ver ya respuestas porque hasta ahorita yo\u00a0me estoy enterando de los guatemaltecos\u201d, critic\u00f3 Esperanza Ch\u00e1vez, representante de Por Amor a\u00a0Ellxs.<\/p>\n<p>Adem\u00e1s de Ibarra Pedroza, al anuncio del proyecto, realizado en Casa Jalisco,\u00a0asistieron\u00a0Karla Quintana Osuna, comisionada nacional de b\u00fasqueda; Blanca Jaqueline Trujillo Cuevas, fiscal especial en\u00a0Personas Desaparecidas\u00a0de Jalisco;\u00a0Francelia\u00a0Hern\u00e1ndez Cuevas, comisionada de b\u00fasqueda de personas del estado, y\u00a0Gustavo Quezada Esparza, director general del Instituto Jalisciense de Ciencias Forenses (IJCF).<\/p>\n<p>Ah\u00ed, las autoridades explicaron a colectivos que el plan\u00a0consistir\u00e1 en trabajos conjuntos\u00a0entre\u00a0las comisiones nacional y estatal de b\u00fasqueda, la Fiscal\u00eda Especial en Personas Desaparecidas y la Fundaci\u00f3n de Antropolog\u00eda Forense de Guatemala.<\/p>\n<p>Sin embargo, no se ha definido cu\u00e1ntos participantes del equipo guatemalteco estar\u00e1n interviniendo en Jalisco ni tampoco en qu\u00e9 tipo de labores.<\/p>\n<p><a href=\"https:\/\/www.ntrguadalajara.com\/post.php?id_nota=139755\">https:\/\/www.ntrguadalajara.com\/post.php?id_nota=139755<\/a><\/p>\n","protected":false},"excerpt":{"rendered":"<p>Foto: Especial Juan Levario \/ El Diario NTR Durante la presentaci\u00f3n de un proyecto de colaboraci\u00f3n con expertos guatemaltecos para b\u00fasqueda de personas\u00a0en Jalisco, familiares de desaparecidos reclamaron a Enrique &hellip; <a href=\"https:\/\/www.grieta.org.mx\/index.php\/2019\/12\/03\/familiares-de-desaparecidos-reclamaron-la-falta-de-trabajos-y-de-resultados-jalisco\/\" class=\"more-link\">Leer m\u00e1s<\/a><\/p>\n","protected":false},"author":2,"featured_media":41970,"comment_status":"closed","ping_status":"closed","sticky":false,"template":"","format":"standard","meta":{"ngg_post_thumbnail":0,"_jetpack_newsletter_access":"","_jetpack_dont_email_post_to_subs":false,"_jetpack_newsletter_tier_id":0,"_jetpack_memberships_contains_paywalled_content":false,"_jetpack_memberships_contains_paid_content":false,"footnotes":""},"categories":[80,87,1032,20,2,83],"tags":[1828,121,1668],"class_list":["post-41969","post","type-post","status-publish","format-standard","has-post-thumbnail","hentry","category-cintillo","category-desaparecidos","category-desaparecidos-en-jalisco","category-jalisco","category-noticias-nacionales","category-temas-nacionales","tag-busqueda-de-desaparecidos","tag-desaparecidos","tag-familiares-de-desaparecidos","entry"],"jetpack_featured_media_url":"https:\/\/www.grieta.org.mx\/wp-content\/uploads\/2019\/12\/2019-12-02_11-12-13___5378.jpg","jetpack_sharing_enabled":true,"jetpack_shortlink":"https:\/\/wp.me\/p7ZJR4-aUV","jetpack_likes_enabled":false,"jetpack-related-posts":[{"id":60186,"url":"https:\/\/www.grieta.org.mx\/index.php\/2021\/06\/21\/familiares-exigen-resultados-en-busqueda-de-desaparecidos-jalisco\/","url_meta":{"origin":41969,"position":0},"title":"Familiares exigen resultados en b\u00fasqueda de desaparecidos (Jalisco)","author":"grieta","date":"21 junio, 2021","format":false,"excerpt":"Foto: Edgar Flores Edgar Flores \/ El Diario NTR Familiares de cinco j\u00f3venes desaparecidos se manifiestan en Palacio de Gobierno luego de haber partido esta ma\u00f1ana desde la Glorieta de los Ni\u00f1os H\u00e9roes. Exigen respuesta por parte de las autoridades, a quienes acusan de ser omisas y de filtrar v\u00eddeos\u2026","rel":"","context":"En &quot;CINTILLO&quot;","block_context":{"text":"CINTILLO","link":"https:\/\/www.grieta.org.mx\/index.php\/category\/cintillo\/"},"img":{"alt_text":"","src":"https:\/\/i0.wp.com\/www.grieta.org.mx\/wp-content\/uploads\/2021\/06\/2021-06-21_01-06-06___8810.jpg?resize=350%2C200&ssl=1","width":350,"height":200,"srcset":"https:\/\/i0.wp.com\/www.grieta.org.mx\/wp-content\/uploads\/2021\/06\/2021-06-21_01-06-06___8810.jpg?resize=350%2C200&ssl=1 1x, https:\/\/i0.wp.com\/www.grieta.org.mx\/wp-content\/uploads\/2021\/06\/2021-06-21_01-06-06___8810.jpg?resize=525%2C300&ssl=1 1.5x, https:\/\/i0.wp.com\/www.grieta.org.mx\/wp-content\/uploads\/2021\/06\/2021-06-21_01-06-06___8810.jpg?resize=700%2C400&ssl=1 2x"},"classes":[]},{"id":39368,"url":"https:\/\/www.grieta.org.mx\/index.php\/2019\/09\/13\/espera-colectivo-desaparecidos-de-colima-localizar-a-sus-familiares-en-jalisco\/","url_meta":{"origin":41969,"position":1},"title":"Espera colectivo Desaparecidos de Colima localizar a sus familiares en Jalisco","author":"grieta","date":"13 septiembre, 2019","format":false,"excerpt":"Foto: El Comentario Juan Ram\u00f3n Jim\u00e9nez Fuentes \/ El Comentario La representante del\u00a0colectivo Desaparecidos de Colima, Carmen Sep\u00falveda, dio a conocer que\u00a0familiares\u00a0de personas desaparecidas\u00a0viajar\u00e1n\u00a0 al estado de Jalisco, luego de que se dio a conocer el\u00a0hallazgo de m\u00e1s de 115 bolsas\u00a0que conten\u00edan\u00a0restos humanos\u00a0en el municipio de\u00a0Zapopan. De acuerdo a lo\u2026","rel":"","context":"En &quot;CINTILLO&quot;","block_context":{"text":"CINTILLO","link":"https:\/\/www.grieta.org.mx\/index.php\/category\/cintillo\/"},"img":{"alt_text":"","src":"https:\/\/i0.wp.com\/www.grieta.org.mx\/wp-content\/uploads\/2019\/09\/11ad6d8c109d4d0d3718085ea877bbc8-6.jpg?resize=350%2C200&ssl=1","width":350,"height":200,"srcset":"https:\/\/i0.wp.com\/www.grieta.org.mx\/wp-content\/uploads\/2019\/09\/11ad6d8c109d4d0d3718085ea877bbc8-6.jpg?resize=350%2C200&ssl=1 1x, https:\/\/i0.wp.com\/www.grieta.org.mx\/wp-content\/uploads\/2019\/09\/11ad6d8c109d4d0d3718085ea877bbc8-6.jpg?resize=525%2C300&ssl=1 1.5x, https:\/\/i0.wp.com\/www.grieta.org.mx\/wp-content\/uploads\/2019\/09\/11ad6d8c109d4d0d3718085ea877bbc8-6.jpg?resize=700%2C400&ssl=1 2x"},"classes":[]},{"id":3241,"url":"https:\/\/www.grieta.org.mx\/index.php\/2016\/09\/12\/desaparecidos-en-jalisco\/","url_meta":{"origin":41969,"position":2},"title":"Desaparecidos en Jalisco","author":"grieta","date":"12 septiembre, 2016","format":false,"excerpt":"12\/09\/16. Exigen resolver falta de presupuesto en b\u00fasqueda de desaparecidosNtr Guadalajara 30\/08\/16. Gobierno de Jalisco oculta la tragedia de los desaparecidosSomos el Medio 10\/08\/16. Jalisco, tercer lugar en desapariciones Ntr Guadalajara 15\/06\/16. Familiares de desaparecidos van ante la oficina de la ONU Ntr Guadalajara 08\/06\/16. Jalisco: cr\u00edmenes de lesa humanidad\u2026","rel":"","context":"En &quot;Desaparecidos&quot;","block_context":{"text":"Desaparecidos","link":"https:\/\/www.grieta.org.mx\/index.php\/category\/temas-nacionales\/desaparecidos\/"},"img":{"alt_text":"","src":"https:\/\/i0.wp.com\/www.grieta.org.mx\/wp-content\/uploads\/2018\/03\/14524434_1106112876131411_958039263622046936_o.jpg?resize=350%2C200&ssl=1","width":350,"height":200,"srcset":"https:\/\/i0.wp.com\/www.grieta.org.mx\/wp-content\/uploads\/2018\/03\/14524434_1106112876131411_958039263622046936_o.jpg?resize=350%2C200&ssl=1 1x, https:\/\/i0.wp.com\/www.grieta.org.mx\/wp-content\/uploads\/2018\/03\/14524434_1106112876131411_958039263622046936_o.jpg?resize=525%2C300&ssl=1 1.5x, https:\/\/i0.wp.com\/www.grieta.org.mx\/wp-content\/uploads\/2018\/03\/14524434_1106112876131411_958039263622046936_o.jpg?resize=700%2C400&ssl=1 2x"},"classes":[]},{"id":60522,"url":"https:\/\/www.grieta.org.mx\/index.php\/2021\/07\/12\/crisis-forense-en-el-ijcf-atrae-a-caravanas-nacionales-de-busqueda-guadalupe-aguilar-familias-unidas-por-nuestros-desaparecidos-jalisco\/","url_meta":{"origin":41969,"position":3},"title":"Crisis forense en el IJCF atrae a caravanas nacionales de b\u00fasqueda: Guadalupe Aguilar, Familias Unidas por Nuestros Desaparecidos Jalisco","author":"grieta","date":"12 julio, 2021","format":false,"excerpt":"Foto: Jorge Alberto Mendoza Redacci\u00f3n \/ El Diario NTR La crisis que se vive en el Instituto Jalisciense de Ciencias Forenses (IJCF) es un punto de referencia para las caravanas nacionales de b\u00fasqueda, explic\u00f3 Guadalupe Aguilar, integrante de Familias Unidas por Nuestros Desaparecidos Jalisco. En el IJCF hay cientos de\u2026","rel":"","context":"En &quot;CINTILLO&quot;","block_context":{"text":"CINTILLO","link":"https:\/\/www.grieta.org.mx\/index.php\/category\/cintillo\/"},"img":{"alt_text":"","src":"https:\/\/i0.wp.com\/www.grieta.org.mx\/wp-content\/uploads\/2021\/07\/2021-07-12_05-07-31___6234.jpg?resize=350%2C200&ssl=1","width":350,"height":200,"srcset":"https:\/\/i0.wp.com\/www.grieta.org.mx\/wp-content\/uploads\/2021\/07\/2021-07-12_05-07-31___6234.jpg?resize=350%2C200&ssl=1 1x, https:\/\/i0.wp.com\/www.grieta.org.mx\/wp-content\/uploads\/2021\/07\/2021-07-12_05-07-31___6234.jpg?resize=525%2C300&ssl=1 1.5x, https:\/\/i0.wp.com\/www.grieta.org.mx\/wp-content\/uploads\/2021\/07\/2021-07-12_05-07-31___6234.jpg?resize=700%2C400&ssl=1 2x"},"classes":[]},{"id":64654,"url":"https:\/\/www.grieta.org.mx\/index.php\/2022\/07\/28\/fiscalia-dejo-de-investigar-y-nos-revictimizan-colectivos-de-desaparecidos-jalisco\/","url_meta":{"origin":41969,"position":4},"title":"Fiscal\u00eda dej\u00f3 de investigar y nos revictimizan: colectivos de desaparecidos (Jalisco)","author":"grieta","date":"28 julio, 2022","format":false,"excerpt":"Imagen: Edgar Flores Edgar Flores \/ El Diario NTR \"Esto ya lleg\u00f3 al l\u00edmite. Ya no s\u00f3lo dejaron de buscar e investigar, tambi\u00e9n nos gritan y revictimizan\", \u00e9sos son los reclamos coincidentes de al menos una veintena de familiares de desaparecidos e integrantes de colectivos de b\u00fasqueda que esta ma\u00f1ana\u2026","rel":"","context":"En &quot;CINTILLO&quot;","block_context":{"text":"CINTILLO","link":"https:\/\/www.grieta.org.mx\/index.php\/category\/cintillo\/"},"img":{"alt_text":"","src":"https:\/\/i0.wp.com\/www.grieta.org.mx\/wp-content\/uploads\/2022\/07\/2022-07-28_10-07-35___4501.jpg?resize=350%2C200&ssl=1","width":350,"height":200,"srcset":"https:\/\/i0.wp.com\/www.grieta.org.mx\/wp-content\/uploads\/2022\/07\/2022-07-28_10-07-35___4501.jpg?resize=350%2C200&ssl=1 1x, https:\/\/i0.wp.com\/www.grieta.org.mx\/wp-content\/uploads\/2022\/07\/2022-07-28_10-07-35___4501.jpg?resize=525%2C300&ssl=1 1.5x, https:\/\/i0.wp.com\/www.grieta.org.mx\/wp-content\/uploads\/2022\/07\/2022-07-28_10-07-35___4501.jpg?resize=700%2C400&ssl=1 2x"},"classes":[]},{"id":51093,"url":"https:\/\/www.grieta.org.mx\/index.php\/2020\/06\/18\/familiares-y-amigos-continuan-busqueda-de-desaparecidos-en-chapala-jalisco\/","url_meta":{"origin":41969,"position":5},"title":"Familiares y amigos contin\u00faan b\u00fasqueda de desaparecidos en Chapala (Jalisco)","author":"grieta","date":"18 junio, 2020","format":false,"excerpt":"Foto: Pablo Toledo Pablo Toledo \/ UDGTV Familiares y amigos de personas desaparecidas en el municipio de Chapala contin\u00faan en la b\u00fasqueda incansable de sus seres queridos.\u00a0En esta ocasi\u00f3n realizaron una rueda de prensa en el municipio ribere\u00f1o para dar a conocer que pese a ya haber encontrado a algunos\u2026","rel":"","context":"En &quot;CINTILLO&quot;","block_context":{"text":"CINTILLO","link":"https:\/\/www.grieta.org.mx\/index.php\/category\/cintillo\/"},"img":{"alt_text":"","src":"https:\/\/i0.wp.com\/www.grieta.org.mx\/wp-content\/uploads\/2020\/06\/Desaparecidos-Pablo-Toledo-1-696x394.jpeg?resize=350%2C200&ssl=1","width":350,"height":200,"srcset":"https:\/\/i0.wp.com\/www.grieta.org.mx\/wp-content\/uploads\/2020\/06\/Desaparecidos-Pablo-Toledo-1-696x394.jpeg?resize=350%2C200&ssl=1 1x, https:\/\/i0.wp.com\/www.grieta.org.mx\/wp-content\/uploads\/2020\/06\/Desaparecidos-Pablo-Toledo-1-696x394.jpeg?resize=525%2C300&ssl=1 1.5x"},"classes":[]}],"_links":{"self":[{"href":"https:\/\/www.grieta.org.mx\/index.php\/wp-json\/wp\/v2\/posts\/41969","targetHints":{"allow":["GET"]}}],"collection":[{"href":"https:\/\/www.grieta.org.mx\/index.php\/wp-json\/wp\/v2\/posts"}],"about":[{"href":"https:\/\/www.grieta.org.mx\/index.php\/wp-json\/wp\/v2\/types\/post"}],"author":[{"embeddable":true,"href":"https:\/\/www.grieta.org.mx\/index.php\/wp-json\/wp\/v2\/users\/2"}],"replies":[{"embeddable":true,"href":"https:\/\/www.grieta.org.mx\/index.php\/wp-json\/wp\/v2\/comments?post=41969"}],"version-history":[{"count":1,"href":"https:\/\/www.grieta.org.mx\/index.php\/wp-json\/wp\/v2\/posts\/41969\/revisions"}],"predecessor-version":[{"id":41971,"href":"https:\/\/www.grieta.org.mx\/index.php\/wp-json\/wp\/v2\/posts\/41969\/revisions\/41971"}],"wp:featuredmedia":[{"embeddable":true,"href":"https:\/\/www.grieta.org.mx\/index.php\/wp-json\/wp\/v2\/media\/41970"}],"wp:attachment":[{"href":"https:\/\/www.grieta.org.mx\/index.php\/wp-json\/wp\/v2\/media?parent=41969"}],"wp:term":[{"taxonomy":"category","embeddable":true,"href":"https:\/\/www.grieta.org.mx\/index.php\/wp-json\/wp\/v2\/categories?post=41969"},{"taxonomy":"post_tag","embeddable":true,"href":"https:\/\/www.grieta.org.mx\/index.php\/wp-json\/wp\/v2\/tags?post=41969"}],"curies":[{"name":"wp","href":"https:\/\/api.w.org\/{rel}","templated":true}]}}