{"id":41792,"date":"2019-11-22T12:21:24","date_gmt":"2019-11-22T18:21:24","guid":{"rendered":"http:\/\/www.grieta.org.mx\/?p=41792"},"modified":"2019-12-04T12:29:28","modified_gmt":"2019-12-04T18:29:28","slug":"viola-salud-de-tamaulipas-ley-en-compra-de-medicinas","status":"publish","type":"post","link":"https:\/\/www.grieta.org.mx\/index.php\/2019\/11\/22\/viola-salud-de-tamaulipas-ley-en-compra-de-medicinas\/","title":{"rendered":"Viola Salud de Tamaulipas ley en compra de medicinas"},"content":{"rendered":"<p><img loading=\"lazy\" decoding=\"async\" data-attachment-id=\"41793\" data-permalink=\"https:\/\/www.grieta.org.mx\/index.php\/2019\/11\/22\/viola-salud-de-tamaulipas-ley-en-compra-de-medicinas\/bc596ccef1e481b_fb22c8a15fe9259511f92e3603d375ad\/\" data-orig-file=\"https:\/\/www.grieta.org.mx\/wp-content\/uploads\/2019\/12\/bc596ccef1e481b_fb22c8a15fe9259511f92e3603d375ad.jpg\" data-orig-size=\"700,400\" data-comments-opened=\"0\" data-image-meta=\"{&quot;aperture&quot;:&quot;0&quot;,&quot;credit&quot;:&quot;&quot;,&quot;camera&quot;:&quot;&quot;,&quot;caption&quot;:&quot;&quot;,&quot;created_timestamp&quot;:&quot;0&quot;,&quot;copyright&quot;:&quot;&quot;,&quot;focal_length&quot;:&quot;0&quot;,&quot;iso&quot;:&quot;0&quot;,&quot;shutter_speed&quot;:&quot;0&quot;,&quot;title&quot;:&quot;&quot;,&quot;orientation&quot;:&quot;1&quot;}\" data-image-title=\"bc596ccef1e481b_fb22c8a15fe9259511f92e3603d375ad\" data-image-description=\"\" data-image-caption=\"\" data-medium-file=\"https:\/\/www.grieta.org.mx\/wp-content\/uploads\/2019\/12\/bc596ccef1e481b_fb22c8a15fe9259511f92e3603d375ad-300x171.jpg\" data-large-file=\"https:\/\/www.grieta.org.mx\/wp-content\/uploads\/2019\/12\/bc596ccef1e481b_fb22c8a15fe9259511f92e3603d375ad.jpg\" src=\"http:\/\/www.grieta.org.mx\/wp-content\/uploads\/2019\/12\/bc596ccef1e481b_fb22c8a15fe9259511f92e3603d375ad.jpg\" alt=\"\" width=\"700\" height=\"400\" class=\"aligncenter size-full wp-image-41793\" srcset=\"https:\/\/www.grieta.org.mx\/wp-content\/uploads\/2019\/12\/bc596ccef1e481b_fb22c8a15fe9259511f92e3603d375ad.jpg 700w, https:\/\/www.grieta.org.mx\/wp-content\/uploads\/2019\/12\/bc596ccef1e481b_fb22c8a15fe9259511f92e3603d375ad-300x171.jpg 300w\" sizes=\"auto, (max-width: 700px) 100vw, 700px\" \/><\/p>\n<p>Daniel Rosas\/El ma\u00f1ana<br \/>\n22 noviembre 2019<\/p>\n<p>La Secretar\u00eda de Salud de Tamaulipas realiz\u00f3 compra irregular de vacunas y medicinas, al otorgar contratos sin licitaci\u00f3n y sin autorizaci\u00f3n del Comit\u00e9 de Adquisiciones, por un monto de 138 millones de pesos, de acuerdo con un reporte de la Auditor\u00eda Superior de la Federaci\u00f3n.<\/p>\n<p>Los recursos revisados provienen del programa \u201cRecursos Federales Transferidos a trav\u00e9s del Acuerdo de Coordinaci\u00f3n Celebrado entre la Secretar\u00eda de Salud y la Entidad Federativa\u201d, detalla la Auditor\u00eda 1418 al gobierno del Estado de Tamaulipas.<\/p>\n<p>La compra de medicamentos con sobreprecio ha sido cuestionada por el actual gobierno, pues mediante compras directas se adquiere material que puede tener precios de m\u00e1s del doble, inform\u00f3 el gobierno federal al poner en revisi\u00f3n los contratos.<\/p>\n<p>En el caso de Tamaulipas, la Auditor\u00eda detect\u00f3 que hubo fallas porque no se autoriz\u00f3 la compra directa y porque esto pudo causar un da\u00f1o al pagar con sobreprecios.<\/p>\n<p>\u201cEn las adjudicaciones directas para la adquisici\u00f3n de medicamento y material de curaci\u00f3n, con servicio de administraci\u00f3n y dispensaci\u00f3n de los mismos en su modalidad de stock y farmacia, suministro de etonogestrel implante y vacuna conjugada neumoc\u00f3cica, servicio integral para el banco de sangre y puestos de sangrado.<\/p>\n<p>\u201cLos SST no presentaron el dictamen t\u00e9cnico ni la autorizaci\u00f3n del Comit\u00e9 de Adquisiciones, y el escrito firmado por el Presidente del Comit\u00e9 de Adquisiciones no acredita debidamente los criterios en los que se fund\u00f3 y motiv\u00f3 la excepci\u00f3n a la licitaci\u00f3n p\u00fablica\u201d, detalla el informe.<\/p>\n<p>FALLAS EN SEGURO POPULAR<br \/>\nA la Secretar\u00eda de Salud de Tamaulipas tambi\u00e9n le encontraron fallas en el manejo de recursos del Seguro Popular, pues las cantidades reportadas no correspond\u00edan con los registros contables.<\/p>\n<p>\u201cSe registraron igualmente incumplimientos en las obligaciones de transparencia sobre la gesti\u00f3n del Seguro Popular, ya que la informaci\u00f3n reportada a la Secretar\u00eda de Hacienda y Cr\u00e9dito P\u00fablico en el cuarto trimestre del formato Nivel Financiero difiere del monto reflejado en los registros contables y presupuestarios, lo cual limit\u00f3 a la entidad federativa conocer sus debilidades y \u00e1reas de mejora\u201d, a\u00f1ade el informe.<\/p>\n<p>El dato<br \/>\nDetecta ASF compra irregular, sin licitaci\u00f3n ni autorizaci\u00f3n del Comit\u00e9 de Adquisiciones, de vacunas y material de curaci\u00f3n por 138 millones de pesos.<\/p>\n<p><a href=\"https:\/\/elmanana.com.mx\/viola-salud-de-tamaulipas-ley-en-compra-de-medicinas\/\" rel=\"noopener noreferrer\" target=\"_blank\">https:\/\/elmanana.com.mx\/viola-salud-de-tamaulipas-ley-en-compra-de-medicinas\/<\/a><\/p>\n","protected":false},"excerpt":{"rendered":"<p>Daniel Rosas\/El ma\u00f1ana 22 noviembre 2019 La Secretar\u00eda de Salud de Tamaulipas realiz\u00f3 compra irregular de vacunas y medicinas, al otorgar contratos sin licitaci\u00f3n y sin autorizaci\u00f3n del Comit\u00e9 de &hellip; <a href=\"https:\/\/www.grieta.org.mx\/index.php\/2019\/11\/22\/viola-salud-de-tamaulipas-ley-en-compra-de-medicinas\/\" class=\"more-link\">Leer m\u00e1s<\/a><\/p>\n","protected":false},"author":2,"featured_media":41793,"comment_status":"closed","ping_status":"closed","sticky":false,"template":"","format":"standard","meta":{"ngg_post_thumbnail":0,"_jetpack_newsletter_access":"","_jetpack_dont_email_post_to_subs":false,"_jetpack_newsletter_tier_id":0,"_jetpack_memberships_contains_paywalled_content":false,"_jetpack_memberships_contains_paid_content":false,"footnotes":""},"categories":[80,918,2368,2,33,83],"tags":[410,2367],"class_list":["post-41792","post","type-post","status-publish","format-standard","has-post-thumbnail","hentry","category-cintillo","category-privatizacion-del-sector-salud","category-crisis-del-sector-salud-en-tamaulipas","category-noticias-nacionales","category-tamaulipas","category-temas-nacionales","tag-corrupcion","tag-crisis-en-el-sector-salud","entry"],"jetpack_featured_media_url":"https:\/\/www.grieta.org.mx\/wp-content\/uploads\/2019\/12\/bc596ccef1e481b_fb22c8a15fe9259511f92e3603d375ad.jpg","jetpack_sharing_enabled":true,"jetpack_shortlink":"https:\/\/wp.me\/p7ZJR4-aS4","jetpack_likes_enabled":false,"jetpack-related-posts":[{"id":32888,"url":"https:\/\/www.grieta.org.mx\/index.php\/2019\/05\/02\/sector-salud-tamaulipas-sin-medicinas-por-adeudo-tamaulipas\/","url_meta":{"origin":41792,"position":0},"title":"Sector Salud Tamaulipas sin medicinas por adeudo (Tamaulipas)","author":"grieta","date":"2 mayo, 2019","format":false,"excerpt":"El Bravo TAMAULIPAS.- La empresa Intercontinental de Medicamentos suspendi\u00f3 la expedici\u00f3n de vales y el abastaecimiento a la farmacia del Hospital Civil y otras instituciones de Salud en Tamaulipas, por un presunto adeudo del sector. Esta situaci\u00f3n representa un serio problema tanto para trabajadores como derechohabientes, indic\u00f3 el delegado sindical\u2026","rel":"","context":"En &quot;CINTILLO&quot;","block_context":{"text":"CINTILLO","link":"https:\/\/www.grieta.org.mx\/index.php\/category\/cintillo\/"},"img":{"alt_text":"","src":"https:\/\/i0.wp.com\/www.grieta.org.mx\/wp-content\/uploads\/2019\/05\/Sector-Salud-Tamaulipas-sin-medicinas-por-adeudo-tama-may.jpg?resize=350%2C200&ssl=1","width":350,"height":200,"srcset":"https:\/\/i0.wp.com\/www.grieta.org.mx\/wp-content\/uploads\/2019\/05\/Sector-Salud-Tamaulipas-sin-medicinas-por-adeudo-tama-may.jpg?resize=350%2C200&ssl=1 1x, https:\/\/i0.wp.com\/www.grieta.org.mx\/wp-content\/uploads\/2019\/05\/Sector-Salud-Tamaulipas-sin-medicinas-por-adeudo-tama-may.jpg?resize=525%2C300&ssl=1 1.5x"},"classes":[]},{"id":33485,"url":"https:\/\/www.grieta.org.mx\/index.php\/2019\/05\/14\/por-falta-de-medicinas-para-el-cancer-sst-manda-algunos-pacientes-a-monterrey-tamaulipas\/","url_meta":{"origin":41792,"position":1},"title":"Por falta de medicinas para el c\u00e1ncer SST manda algunos pacientes a Monterrey (Tamaulipas)","author":"grieta","date":"14 mayo, 2019","format":false,"excerpt":"Lupita \u00c1lvarez \/ Gaceta Cd. Victoria, Tamaulipas.- La titular de la Secretar\u00eda de Salud estatal, Gloria Molina Gamboa reconoci\u00f3 que algunos enfermos de c\u00e1ncer est\u00e1n siendo canalizados a cl\u00ednicas de Monterrey, Nuevo Le\u00f3n, debido a que en Tamaulipas no hay los medicamentos adecuados para controlar la enfermedad. No obstante, asegur\u00f3\u2026","rel":"","context":"En &quot;CINTILLO&quot;","block_context":{"text":"CINTILLO","link":"https:\/\/www.grieta.org.mx\/index.php\/category\/cintillo\/"},"img":{"alt_text":"","src":"https:\/\/i0.wp.com\/www.grieta.org.mx\/wp-content\/uploads\/2019\/05\/Por-falta-de-medicinas-para-el-c%C3%A1ncer-SST-manda-algunos-pacientes-a-Monterrey-tama-may.png?resize=350%2C200","width":350,"height":200},"classes":[]},{"id":40795,"url":"https:\/\/www.grieta.org.mx\/index.php\/2019\/10\/28\/repuntan-hasta-300-fallecimientos-por-vih-tamaulipas\/","url_meta":{"origin":41792,"position":2},"title":"Repuntan hasta 300% fallecimientos por VIH (Tamaulipas)","author":"grieta","date":"28 octubre, 2019","format":false,"excerpt":"La asociaci\u00f3n Tamaulipas VidaTrans dio a conocer que se han retrasado el medicamento para 170 personas diagnosticadas en este a\u00f1o. https:\/\/www.milenio.com\/ciencia-y-salud\/tamaulipas-repuntan-hasta-300-fallecimientos-por-vih Pablo Reyes\/Milenio 28 octubre 2019 Se incrementa hasta en un 300% el fallecimiento de personas con VIH del a\u00f1o pasado a la fecha, debido al constante retraso de medicamentos\u2026","rel":"","context":"En &quot;CINTILLO&quot;","block_context":{"text":"CINTILLO","link":"https:\/\/www.grieta.org.mx\/index.php\/category\/cintillo\/"},"img":{"alt_text":"","src":"https:\/\/i0.wp.com\/www.grieta.org.mx\/wp-content\/uploads\/2019\/11\/mutacion-genetica-pista-cura-vih_0_18_800_498.jpg?resize=350%2C200&ssl=1","width":350,"height":200,"srcset":"https:\/\/i0.wp.com\/www.grieta.org.mx\/wp-content\/uploads\/2019\/11\/mutacion-genetica-pista-cura-vih_0_18_800_498.jpg?resize=350%2C200&ssl=1 1x, https:\/\/i0.wp.com\/www.grieta.org.mx\/wp-content\/uploads\/2019\/11\/mutacion-genetica-pista-cura-vih_0_18_800_498.jpg?resize=525%2C300&ssl=1 1.5x, https:\/\/i0.wp.com\/www.grieta.org.mx\/wp-content\/uploads\/2019\/11\/mutacion-genetica-pista-cura-vih_0_18_800_498.jpg?resize=700%2C400&ssl=1 2x"},"classes":[]},{"id":51395,"url":"https:\/\/www.grieta.org.mx\/index.php\/2020\/06\/24\/trabajadores-de-hospital-civil-en-victoria-dan-positivo-a-covid-19-tamaulipas\/","url_meta":{"origin":41792,"position":3},"title":"Trabajadores de Hospital Civil en Victoria dan positivo a covid-19 (Tamaulipas)","author":"grieta","date":"24 junio, 2020","format":false,"excerpt":"Milenio Digital\/Milenio 24 junio 2020 Salud Tamaulipas | Archivo Secretar\u00eda de Salud de Tamaulipas inform\u00f3 que siguen las acciones preventivas y de contenci\u00f3n en el Hospital Civil de Ciudad Victoria, debido a que 10 trabajadores resultaron positivos a coronavirus. El contagio por covid-19 en el nosocomio se dio de forma\u2026","rel":"","context":"En &quot;CINTILLO&quot;","block_context":{"text":"CINTILLO","link":"https:\/\/www.grieta.org.mx\/index.php\/category\/cintillo\/"},"img":{"alt_text":"","src":"https:\/\/i0.wp.com\/www.grieta.org.mx\/wp-content\/uploads\/2020\/06\/amlo-alerta-sobre-posible-caso.jpg?resize=350%2C200&ssl=1","width":350,"height":200,"srcset":"https:\/\/i0.wp.com\/www.grieta.org.mx\/wp-content\/uploads\/2020\/06\/amlo-alerta-sobre-posible-caso.jpg?resize=350%2C200&ssl=1 1x, https:\/\/i0.wp.com\/www.grieta.org.mx\/wp-content\/uploads\/2020\/06\/amlo-alerta-sobre-posible-caso.jpg?resize=525%2C300&ssl=1 1.5x, https:\/\/i0.wp.com\/www.grieta.org.mx\/wp-content\/uploads\/2020\/06\/amlo-alerta-sobre-posible-caso.jpg?resize=700%2C400&ssl=1 2x"},"classes":[]},{"id":33471,"url":"https:\/\/www.grieta.org.mx\/index.php\/2019\/05\/13\/de-vih-a-sida-por-desabasto-de-antirretrovirales-tamaulipas\/","url_meta":{"origin":41792,"position":4},"title":"De VIH a SIDA por desabasto de antirretrovirales (Tamaulipas)","author":"grieta","date":"13 mayo, 2019","format":false,"excerpt":"Patricia Azuara \/ CNT Cd. Victoria Tam.-El retraso de las licitaciones en materia de salud, en la Federaci\u00f3n, ya impacta el abasto en las entidades federativas; en el caso de Tamaulipas se ha cancelado la entrega de antirretrovirales provocando que al menos un paciente con VIH entr\u00f3 en periodo de\u2026","rel":"","context":"En &quot;CINTILLO&quot;","block_context":{"text":"CINTILLO","link":"https:\/\/www.grieta.org.mx\/index.php\/category\/cintillo\/"},"img":{"alt_text":"","src":"https:\/\/i0.wp.com\/www.grieta.org.mx\/wp-content\/uploads\/2019\/05\/de-VIH-a-SIDA-tama-may.jpeg?resize=350%2C200&ssl=1","width":350,"height":200,"srcset":"https:\/\/i0.wp.com\/www.grieta.org.mx\/wp-content\/uploads\/2019\/05\/de-VIH-a-SIDA-tama-may.jpeg?resize=350%2C200&ssl=1 1x, https:\/\/i0.wp.com\/www.grieta.org.mx\/wp-content\/uploads\/2019\/05\/de-VIH-a-SIDA-tama-may.jpeg?resize=525%2C300&ssl=1 1.5x, https:\/\/i0.wp.com\/www.grieta.org.mx\/wp-content\/uploads\/2019\/05\/de-VIH-a-SIDA-tama-may.jpeg?resize=700%2C400&ssl=1 2x, https:\/\/i0.wp.com\/www.grieta.org.mx\/wp-content\/uploads\/2019\/05\/de-VIH-a-SIDA-tama-may.jpeg?resize=1050%2C600&ssl=1 3x, https:\/\/i0.wp.com\/www.grieta.org.mx\/wp-content\/uploads\/2019\/05\/de-VIH-a-SIDA-tama-may.jpeg?resize=1400%2C800&ssl=1 4x"},"classes":[]},{"id":33482,"url":"https:\/\/www.grieta.org.mx\/index.php\/2019\/05\/15\/en-el-hospital-civil-nos-quitan-medicinas-de-patente-y-las-genericas-las-retrasan-sindicato-tamaulipas\/","url_meta":{"origin":41792,"position":5},"title":"En el Hospital Civil nos quitan medicinas de patente y las gen\u00e9ricas las retrasan: sindicato (Tamaulipas)","author":"grieta","date":"15 mayo, 2019","format":false,"excerpt":"Lupita \u00c1lvarez \/ Gaceta Cd. Victoria, Tamaulipas.- La Secretar\u00eda de Salud de Tamaulipas no solo quit\u00f3 los medicamentos de patente a los empleados del Hospital Civil de Victoria sino adem\u00e1s les retrasa hasta dos meses las medicinas gen\u00e9ricas, se quej\u00f3 el delegado sindical del nosocomio Armando Trejo Moreno. El dirigente\u2026","rel":"","context":"En &quot;CINTILLO&quot;","block_context":{"text":"CINTILLO","link":"https:\/\/www.grieta.org.mx\/index.php\/category\/cintillo\/"},"img":{"alt_text":"","src":"https:\/\/i0.wp.com\/www.grieta.org.mx\/wp-content\/uploads\/2019\/05\/En-el-Hospital-Civil-nos-quitan-medicinas-de-patente-y-las-gen%C3%A9ricas-las-retrasan-sindicato-tama-may.jpg?resize=350%2C200","width":350,"height":200},"classes":[]}],"_links":{"self":[{"href":"https:\/\/www.grieta.org.mx\/index.php\/wp-json\/wp\/v2\/posts\/41792","targetHints":{"allow":["GET"]}}],"collection":[{"href":"https:\/\/www.grieta.org.mx\/index.php\/wp-json\/wp\/v2\/posts"}],"about":[{"href":"https:\/\/www.grieta.org.mx\/index.php\/wp-json\/wp\/v2\/types\/post"}],"author":[{"embeddable":true,"href":"https:\/\/www.grieta.org.mx\/index.php\/wp-json\/wp\/v2\/users\/2"}],"replies":[{"embeddable":true,"href":"https:\/\/www.grieta.org.mx\/index.php\/wp-json\/wp\/v2\/comments?post=41792"}],"version-history":[{"count":1,"href":"https:\/\/www.grieta.org.mx\/index.php\/wp-json\/wp\/v2\/posts\/41792\/revisions"}],"predecessor-version":[{"id":41794,"href":"https:\/\/www.grieta.org.mx\/index.php\/wp-json\/wp\/v2\/posts\/41792\/revisions\/41794"}],"wp:featuredmedia":[{"embeddable":true,"href":"https:\/\/www.grieta.org.mx\/index.php\/wp-json\/wp\/v2\/media\/41793"}],"wp:attachment":[{"href":"https:\/\/www.grieta.org.mx\/index.php\/wp-json\/wp\/v2\/media?parent=41792"}],"wp:term":[{"taxonomy":"category","embeddable":true,"href":"https:\/\/www.grieta.org.mx\/index.php\/wp-json\/wp\/v2\/categories?post=41792"},{"taxonomy":"post_tag","embeddable":true,"href":"https:\/\/www.grieta.org.mx\/index.php\/wp-json\/wp\/v2\/tags?post=41792"}],"curies":[{"name":"wp","href":"https:\/\/api.w.org\/{rel}","templated":true}]}}