{"id":41741,"date":"2019-11-12T22:13:36","date_gmt":"2019-11-13T04:13:36","guid":{"rendered":"http:\/\/www.grieta.org.mx\/?p=41741"},"modified":"2019-12-01T22:24:13","modified_gmt":"2019-12-02T04:24:13","slug":"exponen-recomendaciones-ante-violaciones-a-derechos-de-jornaleros-guanajuato","status":"publish","type":"post","link":"https:\/\/www.grieta.org.mx\/index.php\/2019\/11\/12\/exponen-recomendaciones-ante-violaciones-a-derechos-de-jornaleros-guanajuato\/","title":{"rendered":"Exponen recomendaciones ante violaciones a derechos de jornaleros (Guanajuato)"},"content":{"rendered":"<blockquote><p>En M\u00e9xico existen m\u00e1s de 3 millones de jornaleros(as), de los cuales se estim\u00f3 en 2009, el 40 por ciento son ind\u00edgenas.<\/p><\/blockquote>\n<figure id=\"attachment_41743\" aria-describedby=\"caption-attachment-41743\" style=\"width: 800px\" class=\"wp-caption aligncenter\"><img loading=\"lazy\" decoding=\"async\" data-attachment-id=\"41743\" data-permalink=\"https:\/\/www.grieta.org.mx\/index.php\/2019\/11\/12\/exponen-recomendaciones-ante-violaciones-a-derechos-de-jornaleros-guanajuato\/pdhegacudedistintasmunicipiosguanajuato\/\" data-orig-file=\"https:\/\/www.grieta.org.mx\/wp-content\/uploads\/2019\/12\/pdhegacudedistintasmunicipiosguanajuato.png\" data-orig-size=\"958,596\" data-comments-opened=\"0\" data-image-meta=\"{&quot;aperture&quot;:&quot;0&quot;,&quot;credit&quot;:&quot;&quot;,&quot;camera&quot;:&quot;&quot;,&quot;caption&quot;:&quot;&quot;,&quot;created_timestamp&quot;:&quot;0&quot;,&quot;copyright&quot;:&quot;&quot;,&quot;focal_length&quot;:&quot;0&quot;,&quot;iso&quot;:&quot;0&quot;,&quot;shutter_speed&quot;:&quot;0&quot;,&quot;title&quot;:&quot;&quot;,&quot;orientation&quot;:&quot;0&quot;}\" data-image-title=\"pdhegacudedistintasmunicipiosguanajuato\" data-image-description=\"\" data-image-caption=\"&lt;p&gt;La PDHEG acude a distintas municipios de Guanajuato para observar la situaci\u00f3n de trabajo de jornaleros. Foto: Dany B\u00e9jar&lt;\/p&gt;\n\" data-medium-file=\"https:\/\/www.grieta.org.mx\/wp-content\/uploads\/2019\/12\/pdhegacudedistintasmunicipiosguanajuato-300x187.png\" data-large-file=\"https:\/\/www.grieta.org.mx\/wp-content\/uploads\/2019\/12\/pdhegacudedistintasmunicipiosguanajuato.png\" class=\"wp-image-41743\" src=\"http:\/\/www.grieta.org.mx\/wp-content\/uploads\/2019\/12\/pdhegacudedistintasmunicipiosguanajuato.png\" alt=\"\" width=\"800\" height=\"498\" srcset=\"https:\/\/www.grieta.org.mx\/wp-content\/uploads\/2019\/12\/pdhegacudedistintasmunicipiosguanajuato.png 958w, https:\/\/www.grieta.org.mx\/wp-content\/uploads\/2019\/12\/pdhegacudedistintasmunicipiosguanajuato-300x187.png 300w, https:\/\/www.grieta.org.mx\/wp-content\/uploads\/2019\/12\/pdhegacudedistintasmunicipiosguanajuato-768x478.png 768w, https:\/\/www.grieta.org.mx\/wp-content\/uploads\/2019\/12\/pdhegacudedistintasmunicipiosguanajuato-804x500.png 804w\" sizes=\"auto, (max-width: 800px) 100vw, 800px\" \/><figcaption id=\"caption-attachment-41743\" class=\"wp-caption-text\">La PDHEG acude a distintas municipios de Guanajuato para observar la situaci\u00f3n de trabajo de jornaleros. Foto: Dany B\u00e9jar<\/figcaption><\/figure>\n<p>Renata Quintanar, Milenio Le\u00f3n \/ 12 de noviembre de 2019<br \/>\nA trav\u00e9s del panel Violaci\u00f3n de los Derechos Humanos de jornaleros y jornaleras agr\u00edcolas en M\u00e9xico, el Centro de Desarrollo Ind\u00edgena LOYOLA, expuso recomendaciones que la Red Nacional de Jornaleros y Jornaleras Agr\u00edcolas han emitido dirigidas al Congreso del Estado y a la Secretar\u00eda de Migraci\u00f3n sobre estrategias a realizar para mejorar la calidad de vida de este sector de la poblaci\u00f3n en nuestro pa\u00eds.<\/p>\n<p>A trav\u00e9s de este panel se exhibieron las principales violaciones a los derechos humanos con las que la poblaci\u00f3n jornalera agr\u00edcola, rural, campesina e ind\u00edgena tiene que subsistir. Entres los cuales incluye el derecho a la identidad, a una vivienda digna, a la salud, a la educaci\u00f3n, al libre tr\u00e1nsito, a la alimentaci\u00f3n y al trabajo. Estos jornaleros sufren de violaci\u00f3n a su derecho a la identidad porque no cuentan con papeles oficiales como el INE, acta de nacimiento, cartilla de vacunaci\u00f3n, etc. O son v\u00edctimas de fraude con documentos falsos, adem\u00e1s de que se los roban mientras migran. Adem\u00e1s de que su derecho al trabajo pasa desapercibido por los patrones, pues no se les brinda un contrato de trabajo legal que garantice las prestaciones que marca la Constituci\u00f3n.<\/p>\n<p>Su derecho a una vivienda digna se violenta puesto que con su constante migraci\u00f3n, las familias jornaleras deben rentar alojamientos. Dichos espacios que se les ofrecen son simples terrenos al aire libre, bodegas o casas en estado de obra negra. Por lo que no cuentan con los servicios b\u00e1sicos para una vida digna, como son agua, luz o drenaje. En cuanto al derecho a la salud es com\u00fan que las familias jornaleras sufran de carencias por pobreza end\u00e9mica. Adem\u00e1s de la deficiente atenci\u00f3n que aseguran se les brinda en los Centros de Salud, donde se les niega el servicio a partir de estereotipos de los que son v\u00edctimas o porque no cuentan con traductores para la atenci\u00f3n y seguimiento a los casos de estas familias.<\/p>\n<p>Los ni\u00f1os, ni\u00f1as y adolescentes no ejercen su derecho a la educaci\u00f3n, pues desde los 6 a\u00f1os comienza su vida laboral en los campos de cultivo. Por lo cual de acuerdo a la Encuesta Nacional de Ocupaci\u00f3n y Empleo (INEGI 2013) al menos 711 mil 688 ni\u00f1os y ni\u00f1as de este sector tienen como actividad principal el trabajo remunerado como jornaleros agr\u00edcolas, oficios diversos y trabajos dom\u00e9sticos. Por estas y m\u00e1s razones, dichas recomendaciones abaracan a nivel federal desde una nueva edici\u00f3n de la Encuesta Nacional de Jornaleros Agr\u00edcolas, la cual no se realiza desde el 2009. Adem\u00e1s del dise\u00f1o de pol\u00edticas p\u00fablicas para atender a estas problem\u00e1ticas, garantizar condiciones laborales dignas basadas en la Ley Federal del Trabajo y el establecimiento de acuerdos interesatatales para beneficio de los migrantes.<\/p>\n<p>En cuanto al estado de Guanajuato, se solicit\u00f3 la revisi\u00f3n de la Ley de protecci\u00f3n de los Derechos Humanos y derivantes, adem\u00e1s de la activaci\u00f3n del Sistema para el Desarrollo Integral y Sustentable de los Pueblos y Comunidades Ind\u00edgenas de Guanajuato. As\u00ed como impulsar e invertir en infraestructura y acciones junto con la SEG para que las infancias jornaleras contin\u00faen con sus estudios de educaci\u00f3n b\u00e1sica.<\/p>\n<p>ESTAD\u00cdSTICAS EN M\u00c9XICO<br \/>\nSe\u00f1alaron que en M\u00e9xico existen m\u00e1s de 3 millones de jornaleros(as), de los cuales el extinto Programa de Atenci\u00f3n a Jornaleros Agr\u00edcolas (PAJA) estim\u00f3 en 2009 que el 40 por ciento son ind\u00edgenas. Seg\u00fan la Encuesta Nacional de Ocupaci\u00f3n y Empleo (ENOE) entre 2005 y 2018 se agregaron a las filas de los asalariados del campo casi 900 mil personas, de las cuales el 88 por ciento son hombres y 12 por ciento mujeres.<\/p>\n<p><a href=\"https:\/\/www.milenio.com\/politica\/comunidad\/jornaleros-ante-violaciones-a-derechos-exponen-recomendaciones\">https:\/\/www.milenio.com\/politica\/comunidad\/jornaleros-ante-violaciones-a-derechos-exponen-recomendaciones<\/a><\/p>\n","protected":false},"excerpt":{"rendered":"<p>En M\u00e9xico existen m\u00e1s de 3 millones de jornaleros(as), de los cuales se estim\u00f3 en 2009, el 40 por ciento son ind\u00edgenas. Renata Quintanar, Milenio Le\u00f3n \/ 12 de noviembre &hellip; <a href=\"https:\/\/www.grieta.org.mx\/index.php\/2019\/11\/12\/exponen-recomendaciones-ante-violaciones-a-derechos-de-jornaleros-guanajuato\/\" class=\"more-link\">Leer m\u00e1s<\/a><\/p>\n","protected":false},"author":2,"featured_media":41743,"comment_status":"closed","ping_status":"closed","sticky":false,"template":"","format":"standard","meta":{"ngg_post_thumbnail":0,"_jetpack_newsletter_access":"","_jetpack_dont_email_post_to_subs":false,"_jetpack_newsletter_tier_id":0,"_jetpack_memberships_contains_paywalled_content":false,"_jetpack_memberships_contains_paid_content":false,"footnotes":""},"categories":[80,2595,1258,17,85,2343,369,2513],"tags":[2841,2794,2362],"class_list":["post-41741","post","type-post","status-publish","format-standard","has-post-thumbnail","hentry","category-cintillo","category-crisis-en-el-sector-salud-en-guanajuato","category-explotacion-y-precariedad-laboral-en-guanajuato","category-guanajuato","category-jornaleros","category-jornaleros-agricolas-en-guanajuato","category-jornaleros-analisis","category-la-ninez-en-la-tormenta-capitalista-en-guanajuato","tag-explotacion-y-precariedad-laboral","tag-jornaleros-agricolas","tag-la-ninez-en-la-tormenta","entry"],"jetpack_featured_media_url":"https:\/\/www.grieta.org.mx\/wp-content\/uploads\/2019\/12\/pdhegacudedistintasmunicipiosguanajuato.png","jetpack_sharing_enabled":true,"jetpack_shortlink":"https:\/\/wp.me\/p7ZJR4-aRf","jetpack_likes_enabled":false,"jetpack-related-posts":[{"id":31036,"url":"https:\/\/www.grieta.org.mx\/index.php\/2019\/03\/11\/quedan-sin-apoyo-jornaleros-agricolas-que-llegan-a-guanajuato\/","url_meta":{"origin":41741,"position":0},"title":"Quedan sin apoyo jornaleros agr\u00edcolas que llegan a Guanajuato","author":"grieta","date":"11 marzo, 2019","format":false,"excerpt":"Jos\u00e9 Antonio Castro\/ AM, Le\u00f3n Guanajuato, 21 de marzo de 2019. Le\u00f3n.- Con la cancelaci\u00f3n por parte de la Federaci\u00f3n del Programa de Atenci\u00f3n a Jornaleros Agr\u00edcolas, centenares de trabajadores que anualmente llegan a Guanajuato para trabajar en campos de cultivo quedar\u00e1n sin apoyo que era otorgado por Gobierno Federal,\u2026","rel":"","context":"En &quot;CINTILLO&quot;","block_context":{"text":"CINTILLO","link":"https:\/\/www.grieta.org.mx\/index.php\/category\/cintillo\/"},"img":{"alt_text":"","src":"https:\/\/i0.wp.com\/www.grieta.org.mx\/wp-content\/uploads\/2019\/03\/guanajuato-jornaleros.jpg_851672003.jpg?resize=350%2C200&ssl=1","width":350,"height":200,"srcset":"https:\/\/i0.wp.com\/www.grieta.org.mx\/wp-content\/uploads\/2019\/03\/guanajuato-jornaleros.jpg_851672003.jpg?resize=350%2C200&ssl=1 1x, https:\/\/i0.wp.com\/www.grieta.org.mx\/wp-content\/uploads\/2019\/03\/guanajuato-jornaleros.jpg_851672003.jpg?resize=525%2C300&ssl=1 1.5x, https:\/\/i0.wp.com\/www.grieta.org.mx\/wp-content\/uploads\/2019\/03\/guanajuato-jornaleros.jpg_851672003.jpg?resize=700%2C400&ssl=1 2x"},"classes":[]},{"id":47969,"url":"https:\/\/www.grieta.org.mx\/index.php\/2020\/04\/08\/coronavirus-denuncian-riesgo-de-jornaleros-agricolas-a-covid-19\/","url_meta":{"origin":41741,"position":1},"title":"Coronavirus: Denuncian riesgo de jornaleros agr\u00edcolas a COVID-19","author":"grieta","date":"8 abril, 2020","format":false,"excerpt":"En M\u00e9xico, al menos 2 millones de personas migran de su lugar de origen a los campos agr\u00edcolas para emplearse como jornaleras agr\u00edcolas Alina Escobedo, Plumas at\u00f3micas \/8 de abril de 2020 En M\u00e9xico, al menos 2 millones de personas migran de su lugar de origen a los campos agr\u00edcolas\u2026","rel":"","context":"En &quot;Baja California&quot;","block_context":{"text":"Baja California","link":"https:\/\/www.grieta.org.mx\/index.php\/category\/noticias-nacionales\/baja-california\/"},"img":{"alt_text":"","src":"https:\/\/i0.wp.com\/www.grieta.org.mx\/wp-content\/uploads\/2020\/04\/JornalerosCOVID.jpg?resize=350%2C200&ssl=1","width":350,"height":200,"srcset":"https:\/\/i0.wp.com\/www.grieta.org.mx\/wp-content\/uploads\/2020\/04\/JornalerosCOVID.jpg?resize=350%2C200&ssl=1 1x, https:\/\/i0.wp.com\/www.grieta.org.mx\/wp-content\/uploads\/2020\/04\/JornalerosCOVID.jpg?resize=525%2C300&ssl=1 1.5x, https:\/\/i0.wp.com\/www.grieta.org.mx\/wp-content\/uploads\/2020\/04\/JornalerosCOVID.jpg?resize=700%2C400&ssl=1 2x, https:\/\/i0.wp.com\/www.grieta.org.mx\/wp-content\/uploads\/2020\/04\/JornalerosCOVID.jpg?resize=1050%2C600&ssl=1 3x"},"classes":[]},{"id":34709,"url":"https:\/\/www.grieta.org.mx\/index.php\/2019\/06\/02\/vienen-jornaleros-a-sufrirle-guanajuato\/","url_meta":{"origin":41741,"position":2},"title":"Vienen jornaleros a \u2018sufrirle\u2019 (Guanajuato)","author":"grieta","date":"2 junio, 2019","format":false,"excerpt":"Los trabajadores aseguran que los sueldos son precarios; piden apoyo para que les cuiden a los ni\u00f1os en el albergue mientras ellos trabajan en el campo Manuel Garc\u00eda\/ Peri\u00f3dico Correo, 02 de junio de 2019 San Francisco del Rinc\u00f3n.- Desde Coachapa el Grande, considerado el municipio m\u00e1s pobre del pa\u00eds\u2026","rel":"","context":"En &quot;CINTILLO&quot;","block_context":{"text":"CINTILLO","link":"https:\/\/www.grieta.org.mx\/index.php\/category\/cintillo\/"},"img":{"alt_text":"","src":"https:\/\/i0.wp.com\/www.grieta.org.mx\/wp-content\/uploads\/2019\/06\/RL280901-4-1.jpg?resize=350%2C200&ssl=1","width":350,"height":200,"srcset":"https:\/\/i0.wp.com\/www.grieta.org.mx\/wp-content\/uploads\/2019\/06\/RL280901-4-1.jpg?resize=350%2C200&ssl=1 1x, https:\/\/i0.wp.com\/www.grieta.org.mx\/wp-content\/uploads\/2019\/06\/RL280901-4-1.jpg?resize=525%2C300&ssl=1 1.5x, https:\/\/i0.wp.com\/www.grieta.org.mx\/wp-content\/uploads\/2019\/06\/RL280901-4-1.jpg?resize=700%2C400&ssl=1 2x, https:\/\/i0.wp.com\/www.grieta.org.mx\/wp-content\/uploads\/2019\/06\/RL280901-4-1.jpg?resize=1050%2C600&ssl=1 3x"},"classes":[]},{"id":62874,"url":"https:\/\/www.grieta.org.mx\/index.php\/2021\/09\/01\/jornaleros-agricolas-de-los-mas-vulnerados-ante-covid-19\/","url_meta":{"origin":41741,"position":3},"title":"Jornaleros agr\u00edcolas, de los m\u00e1s vulnerados ante Covid-19","author":"grieta","date":"1 septiembre, 2021","format":false,"excerpt":"\u00c9rika Ram\u00edrez -Contar\u00f1inea, 01 Sep 2021 La Red Nacional de Jornaleros y Jornaleras Agr\u00edcolas (REJJA), con presencia en Chiapas, Oaxaca, Guerrero, Ciudad de M\u00e9xico, Morelos, San Luis Potos\u00ed, Guanajuato, Sinaloa y Sonora, alert\u00f3 que este grupo de campesinos migrantes se enfrentan \u201ca una serie de situaciones que han vulnerado a\u00fan\u2026","rel":"","context":"En &quot;Aguascalientes&quot;","block_context":{"text":"Aguascalientes","link":"https:\/\/www.grieta.org.mx\/index.php\/category\/noticias-nacionales\/aguascalientes\/"},"img":{"alt_text":"","src":"https:\/\/i0.wp.com\/www.grieta.org.mx\/wp-content\/uploads\/2021\/12\/Captura-de-pantalla-2021-12-16-a-las-10.23.42.png?resize=350%2C200&ssl=1","width":350,"height":200,"srcset":"https:\/\/i0.wp.com\/www.grieta.org.mx\/wp-content\/uploads\/2021\/12\/Captura-de-pantalla-2021-12-16-a-las-10.23.42.png?resize=350%2C200&ssl=1 1x, https:\/\/i0.wp.com\/www.grieta.org.mx\/wp-content\/uploads\/2021\/12\/Captura-de-pantalla-2021-12-16-a-las-10.23.42.png?resize=525%2C300&ssl=1 1.5x, https:\/\/i0.wp.com\/www.grieta.org.mx\/wp-content\/uploads\/2021\/12\/Captura-de-pantalla-2021-12-16-a-las-10.23.42.png?resize=700%2C400&ssl=1 2x, https:\/\/i0.wp.com\/www.grieta.org.mx\/wp-content\/uploads\/2021\/12\/Captura-de-pantalla-2021-12-16-a-las-10.23.42.png?resize=1050%2C600&ssl=1 3x, https:\/\/i0.wp.com\/www.grieta.org.mx\/wp-content\/uploads\/2021\/12\/Captura-de-pantalla-2021-12-16-a-las-10.23.42.png?resize=1400%2C800&ssl=1 4x"},"classes":[]},{"id":2770,"url":"https:\/\/www.grieta.org.mx\/index.php\/2015\/03\/31\/colima-entre-los-18-estados-donde-se-explota-a-los-jornaleros-agricolas-fiob\/","url_meta":{"origin":41741,"position":4},"title":"Colima, entre los 18 estados donde se explota a los jornaleros agr\u00edcolas: FIOB","author":"grieta","date":"31 marzo, 2015","format":false,"excerpt":"\u201cColima, M\u00e9xico. Avanzada (31 de marzo de 2015).- El Frente Ind\u00edgena de Organizaciones Binacionales (FIOB) denunci\u00f3 que en 18 estados del pa\u00eds, entre ellos Colima, Sinaloa, Sonora, Baja California, Jalisco y Nayarit, los jornaleros agr\u00edcolas viven en condiciones de vulnerabilidad y constante violaci\u00f3n a sus derechos fundamentales. \u201cSin que hasta\u2026","rel":"","context":"En &quot;CINTILLO&quot;","block_context":{"text":"CINTILLO","link":"https:\/\/www.grieta.org.mx\/index.php\/category\/cintillo\/"},"img":{"alt_text":"","src":"https:\/\/i0.wp.com\/www.grieta.org.mx\/wp-content\/uploads\/2018\/03\/14524434_1106112876131411_958039263622046936_o.jpg?resize=350%2C200&ssl=1","width":350,"height":200,"srcset":"https:\/\/i0.wp.com\/www.grieta.org.mx\/wp-content\/uploads\/2018\/03\/14524434_1106112876131411_958039263622046936_o.jpg?resize=350%2C200&ssl=1 1x, https:\/\/i0.wp.com\/www.grieta.org.mx\/wp-content\/uploads\/2018\/03\/14524434_1106112876131411_958039263622046936_o.jpg?resize=525%2C300&ssl=1 1.5x, https:\/\/i0.wp.com\/www.grieta.org.mx\/wp-content\/uploads\/2018\/03\/14524434_1106112876131411_958039263622046936_o.jpg?resize=700%2C400&ssl=1 2x"},"classes":[]},{"id":31676,"url":"https:\/\/www.grieta.org.mx\/index.php\/2019\/04\/01\/auge-agricola-en-sl-aumenta-explotacion-de-jornaleros-san-luis-potosi\/","url_meta":{"origin":41741,"position":5},"title":"Auge agr\u00edcola en SL aumenta explotaci\u00f3n de jornaleros (San Luis Potos\u00ed)","author":"grieta","date":"1 abril, 2019","format":false,"excerpt":"Jaime Hern\u00e1ndez \/ Pulso OSC advierte que se mantienen las condiciones deplorables en las que laboran y viven San Luis Potos\u00ed tiene una poblaci\u00f3n flotante de 94 mil 826 jornaleros agr\u00edcolas migrantes, y ha aumentado en los \u00faltimos a\u00f1os debido al incremento de los cultivos agr\u00edcolas en la entidad. Sin\u2026","rel":"","context":"En &quot;CINTILLO&quot;","block_context":{"text":"CINTILLO","link":"https:\/\/www.grieta.org.mx\/index.php\/category\/cintillo\/"},"img":{"alt_text":"","src":"https:\/\/i0.wp.com\/www.grieta.org.mx\/wp-content\/uploads\/2018\/03\/14524434_1106112876131411_958039263622046936_o.jpg?resize=350%2C200&ssl=1","width":350,"height":200,"srcset":"https:\/\/i0.wp.com\/www.grieta.org.mx\/wp-content\/uploads\/2018\/03\/14524434_1106112876131411_958039263622046936_o.jpg?resize=350%2C200&ssl=1 1x, https:\/\/i0.wp.com\/www.grieta.org.mx\/wp-content\/uploads\/2018\/03\/14524434_1106112876131411_958039263622046936_o.jpg?resize=525%2C300&ssl=1 1.5x, https:\/\/i0.wp.com\/www.grieta.org.mx\/wp-content\/uploads\/2018\/03\/14524434_1106112876131411_958039263622046936_o.jpg?resize=700%2C400&ssl=1 2x"},"classes":[]}],"_links":{"self":[{"href":"https:\/\/www.grieta.org.mx\/index.php\/wp-json\/wp\/v2\/posts\/41741","targetHints":{"allow":["GET"]}}],"collection":[{"href":"https:\/\/www.grieta.org.mx\/index.php\/wp-json\/wp\/v2\/posts"}],"about":[{"href":"https:\/\/www.grieta.org.mx\/index.php\/wp-json\/wp\/v2\/types\/post"}],"author":[{"embeddable":true,"href":"https:\/\/www.grieta.org.mx\/index.php\/wp-json\/wp\/v2\/users\/2"}],"replies":[{"embeddable":true,"href":"https:\/\/www.grieta.org.mx\/index.php\/wp-json\/wp\/v2\/comments?post=41741"}],"version-history":[{"count":1,"href":"https:\/\/www.grieta.org.mx\/index.php\/wp-json\/wp\/v2\/posts\/41741\/revisions"}],"predecessor-version":[{"id":41746,"href":"https:\/\/www.grieta.org.mx\/index.php\/wp-json\/wp\/v2\/posts\/41741\/revisions\/41746"}],"wp:featuredmedia":[{"embeddable":true,"href":"https:\/\/www.grieta.org.mx\/index.php\/wp-json\/wp\/v2\/media\/41743"}],"wp:attachment":[{"href":"https:\/\/www.grieta.org.mx\/index.php\/wp-json\/wp\/v2\/media?parent=41741"}],"wp:term":[{"taxonomy":"category","embeddable":true,"href":"https:\/\/www.grieta.org.mx\/index.php\/wp-json\/wp\/v2\/categories?post=41741"},{"taxonomy":"post_tag","embeddable":true,"href":"https:\/\/www.grieta.org.mx\/index.php\/wp-json\/wp\/v2\/tags?post=41741"}],"curies":[{"name":"wp","href":"https:\/\/api.w.org\/{rel}","templated":true}]}}