{"id":41706,"date":"2019-11-30T08:54:38","date_gmt":"2019-11-30T14:54:38","guid":{"rendered":"http:\/\/www.grieta.org.mx\/?p=41706"},"modified":"2019-11-30T08:54:38","modified_gmt":"2019-11-30T14:54:38","slug":"consulta-de-tren-maya-una-fase-informativa-que-no-resuelve-dudas","status":"publish","type":"post","link":"https:\/\/www.grieta.org.mx\/index.php\/2019\/11\/30\/consulta-de-tren-maya-una-fase-informativa-que-no-resuelve-dudas\/","title":{"rendered":"Consulta de Tren Maya: una fase informativa que no resuelve dudas"},"content":{"rendered":"<p><img loading=\"lazy\" decoding=\"async\" data-attachment-id=\"41707\" data-permalink=\"https:\/\/www.grieta.org.mx\/index.php\/2019\/11\/30\/consulta-de-tren-maya-una-fase-informativa-que-no-resuelve-dudas\/dsc07031-1140x570\/\" data-orig-file=\"https:\/\/www.grieta.org.mx\/wp-content\/uploads\/2019\/11\/DSC07031-1140x570-e1575125424794.jpg\" data-orig-size=\"800,400\" data-comments-opened=\"0\" data-image-meta=\"{&quot;aperture&quot;:&quot;6.3&quot;,&quot;credit&quot;:&quot;&quot;,&quot;camera&quot;:&quot;ILCE-7SM2&quot;,&quot;caption&quot;:&quot;&quot;,&quot;created_timestamp&quot;:&quot;1543493144&quot;,&quot;copyright&quot;:&quot;&quot;,&quot;focal_length&quot;:&quot;212&quot;,&quot;iso&quot;:&quot;400&quot;,&quot;shutter_speed&quot;:&quot;0.01&quot;,&quot;title&quot;:&quot;&quot;,&quot;orientation&quot;:&quot;1&quot;}\" data-image-title=\"DSC07031-1140&amp;#215;570\" data-image-description=\"\" data-image-caption=\"\" data-medium-file=\"https:\/\/www.grieta.org.mx\/wp-content\/uploads\/2019\/11\/DSC07031-1140x570-300x150.jpg\" data-large-file=\"https:\/\/www.grieta.org.mx\/wp-content\/uploads\/2019\/11\/DSC07031-1140x570-1024x512.jpg\" src=\"http:\/\/www.grieta.org.mx\/wp-content\/uploads\/2019\/11\/DSC07031-1140x570-e1575125424794.jpg\" alt=\"\" width=\"800\" height=\"400\" class=\"aligncenter size-full wp-image-41707\" \/><br \/>\nRobin Canul\/Pie de P\u00e1gina<\/p>\n<blockquote><p>La fase informativa de la consulta sobre el Tren Maya inform\u00f3 poco en las asambleas regionales. Con esas dudas, los representantes de los pobladores volvieron a sus comunidades a deliberar previo a la votaci\u00f3n del 14 de diciembre<\/p><\/blockquote>\n<p>TENABO, CAMPECHE.- La consulta ind\u00edgena en el sureste mexicano por el Tren Maya inici\u00f3 bajo omisiones y condicionantes.<\/p>\n<p>En este municipio, en una de las cinco entidades donde se realiza la consulta, el funcionario Iv\u00e1n Ramos M\u00e9ndez, representante del Instituto Nacional de Pueblos Ind\u00edgenas INPI, explic\u00f3 que durante la primera etapa, la de difusi\u00f3n de informaci\u00f3n -parad\u00f3jicamente- no se informar\u00e1 sobre las afectaciones y consecuencias del proyecto.<\/p>\n<p>La consulta para la realizaci\u00f3n del Tren Maya tiene tres etapas: difusi\u00f3n de informaci\u00f3n, deliberaci\u00f3n y votaci\u00f3n. Este viernes se trataba de que los pobladores recibieran la informaci\u00f3n en una asamblea regional para llevar despu\u00e9s deliberar en sus comunidades y votar en las urnas el 14 de diciembre.<\/p>\n<p>Ramos dijo que ser\u00e1 en la etapa deliberativa donde se realizar\u00e1 un debate y se tomar\u00e1n acuerdos espec\u00edficos, bajo el argumento de cumplir el proceso de consulta.<\/p>\n<p>\u201cDespu\u00e9s de que terminemos la asamblea de informaci\u00f3n, ustedes van a tener que regresar a sus comunidades y por su conducto puedan compartir esta informaci\u00f3n hacia adentro de sus asambleas, y una vez que ustedes tengan la anuencia, nos podamos ver el 14 de diciembre en este mismo espacio\u201d, explic\u00f3.<\/p>\n<p>Otro funcionario federal, Sergio L\u00f3pez Olvera, subdirector jur\u00eddico consultivo corporativo de Fonatur, insisti\u00f3 en la misma postura de reservar la informaci\u00f3n a los ejidatarios.<\/p>\n<p>\u201cLa idea es que la siguiente fase deliberativa sea donde demos respuesta a todas sus inquietudes\u201d, dijo en entrevista con Pie de P\u00e1gina.<\/p>\n<p>L\u00f3pez Olvera neg\u00f3 que se haya otorgado informaci\u00f3n incompleta, a pesar de que no respondi\u00f3 la mayor\u00eda de las preguntas de los pobladores.<\/p>\n<p>El funcionario sostiene que s\u00ed se cumplen todos los requisitos del convenio 169 de la OIT, al realizar solamente dos de las cinco etapas de consulta que marca la normativa internacional.<\/p>\n<p>Dudas sin aclarar<br \/>\nDespu\u00e9s de que los funcionarios de Fonatur brindaron informaci\u00f3n sobre los beneficios del Tren Maya,vinieron los cuestionamientos de los pobladores.<\/p>\n<p>Jos\u00e9 Rigoberto Huch\u00edn Uc, comisario de Tenabo, cuestion\u00f3 sobre la existencia de una empresa privada contratada por la dependencia, que ha sido intermediaria entre el ejido y el proyecto.<\/p>\n<p>El comisario de Calkin\u00ed pidi\u00f3 a los funcionarios aclarar el trato al que pretenden llegar sobre la venta de tierras para el tren. Los ejidatarios, recalc\u00f3, est\u00e1n muy informados sobre las deudas que tiene la empresa ferroviaria existente. Saben de los adeudos pendientes de la Secretar\u00eda de Comunicaciones y Transportes con los campesinos del territorio ejidal de Calkin\u00ed.<\/p>\n<p>El funcionario de Fonatur respondi\u00f3 que esas decisiones se tomar\u00e1n una vez que sea aprobado el Tren.<\/p>\n<p>Las dudas prevalecieron pese a que en la asamblea hubo funcionarios federales de la Secretar\u00eda de Desarrollo Agrario, Territorial y Urbano; la Secretar\u00eda de Medio Ambiente y Recursos Naturales; la Procuradur\u00eda Federal de Protecci\u00f3n al Ambiente; la Procuradur\u00eda Agraria; la Secretar\u00eda de Comunicaciones y Transportes; la Secretar\u00eda de Gobernaci\u00f3n; la Comisi\u00f3n Federal para la Protecci\u00f3n contra Riesgos Sanitarios, adem\u00e1s de observadores de la CNDH, ONUDH, Codehcam.<\/p>\n<p>Los ejidatario se fueron con otras dudas sin resolver. Cu\u00e1les son los porcentajes de inversi\u00f3n p\u00fablica y privada que tendr\u00e1 el Tren, cu\u00e1l ser\u00e1 el derecho de v\u00eda, qu\u00e9 pasar\u00e1 con las familias afectadas\u2026<\/p>\n<p>Los funcionarios tampoco informaron habitantes de qu\u00e9 zonas ser\u00e1n reubicados. No hablaron sobre precios de pasaje, ni qu\u00e9 empresas privadas operan para Fonatur. Ni esclarecieron sobre los posibles pagos por indemnizaci\u00f3n de la tierra o sobre si habr\u00e1 expropiaciones.<\/p>\n<p>El ejidatario Esteban Cohuo Poot, del ejido de Suc Tuc, recalc\u00f3 que por los megaproyectos en la regi\u00f3n, como la siembra de transg\u00e9nicos en  Hopelch\u00e9n, los pobladores padecen da\u00f1os ambientales y problemas de salud.<\/p>\n<p>El Fonatur y el INPI esperaran que las autoridades municipales y ejidales quienes lleven y repliquen la informaci\u00f3n para deliberar el pr\u00f3ximo 14 de diciembre.<\/p>\n<p>Violaci\u00f3n a est\u00e1ndares internacionales<br \/>\nEl antrop\u00f3logo e investigador Rodrigo Llanes Salazar advirti\u00f3 que este proceso acelerado implica una grave violaci\u00f3n a los est\u00e1ndares internacionales, toda vez que 15 d\u00edas no son suficientes para desahogar dudas y lograr consensos de trabajo para la elaboraci\u00f3n de un protocolo en apego al convenio 169 de la OIT.<\/p>\n<p>Llanes Salazar consider\u00f3 que al no existe informaci\u00f3n p\u00fablica, hay decisiones que no ser\u00e1n sujetas a consulta, toda vez que se trata de un proceso ya definido.<\/p>\n<p>La poblaci\u00f3n en general en la zona no fue convocada.<\/p>\n<p><a href=\"https:\/\/piedepagina.mx\/consulta-de-tren-maya-una-fase-informativa-que-no-resuelve-dudas\/\" rel=\"noopener noreferrer\" target=\"_blank\">https:\/\/piedepagina.mx\/consulta-de-tren-maya-una-fase-informativa-que-no-resuelve-dudas\/<\/a><\/p>\n","protected":false},"excerpt":{"rendered":"<p>Robin Canul\/Pie de P\u00e1gina La fase informativa de la consulta sobre el Tren Maya inform\u00f3 poco en las asambleas regionales. Con esas dudas, los representantes de los pobladores volvieron a &hellip; <a href=\"https:\/\/www.grieta.org.mx\/index.php\/2019\/11\/30\/consulta-de-tren-maya-una-fase-informativa-que-no-resuelve-dudas\/\" class=\"more-link\">Leer m\u00e1s<\/a><\/p>\n","protected":false},"author":2,"featured_media":41707,"comment_status":"closed","ping_status":"closed","sticky":false,"template":"","format":"standard","meta":{"ngg_post_thumbnail":0,"_jetpack_newsletter_access":"","_jetpack_dont_email_post_to_subs":false,"_jetpack_newsletter_tier_id":0,"_jetpack_memberships_contains_paywalled_content":false,"_jetpack_memberships_contains_paid_content":false,"footnotes":""},"categories":[60,11,80,1,922,926,944,948,952,2,28,1875,1876,1877,2026,36],"tags":[219,1878],"class_list":["post-41706","post","type-post","status-publish","format-standard","has-post-thumbnail","hentry","category-16-pueblo-maya","category-campeche","category-cintillo","category-espejos-de-la-resistencia","category-megaproyectos-estados","category-mp-campeche","category-mp-quintana-roo","category-mp-tabasco","category-mp-yucatan","category-noticias-nacionales","category-quintana-roo","category-resistencia-al-tren-maya-en-la-peninsula-de-yucatan","category-resistencia-al-tren-maya-en-la-peninsula-de-yucatan-quintana-roo","category-resistencia-al-tren-maya-en-la-peninsula-de-yucatan-campeche","category-tren-maya","category-yucatan","tag-consulta","tag-tren-maya","entry"],"jetpack_featured_media_url":"https:\/\/www.grieta.org.mx\/wp-content\/uploads\/2019\/11\/DSC07031-1140x570-e1575125424794.jpg","jetpack_sharing_enabled":true,"jetpack_shortlink":"https:\/\/wp.me\/p7ZJR4-aQG","jetpack_likes_enabled":false,"jetpack-related-posts":[{"id":47874,"url":"https:\/\/www.grieta.org.mx\/index.php\/2020\/04\/13\/las-vias-torcidas-del-tren-maya-video\/","url_meta":{"origin":41706,"position":0},"title":"Las v\u00edas torcidas del tren maya (Video)","author":"grieta","date":"13 abril, 2020","format":false,"excerpt":"https:\/\/www.youtube.com\/watch?v=k8FRX9eT0YY","rel":"","context":"En &quot;16. Pueblo Maya&quot;","block_context":{"text":"16. Pueblo Maya","link":"https:\/\/www.grieta.org.mx\/index.php\/category\/espejos-de-la-resistencia\/16-pueblo-maya\/"},"img":{"alt_text":"","src":"https:\/\/i0.wp.com\/www.grieta.org.mx\/wp-content\/uploads\/2020\/04\/ViasTorcidasTrenMaya.png?resize=350%2C200&ssl=1","width":350,"height":200,"srcset":"https:\/\/i0.wp.com\/www.grieta.org.mx\/wp-content\/uploads\/2020\/04\/ViasTorcidasTrenMaya.png?resize=350%2C200&ssl=1 1x, https:\/\/i0.wp.com\/www.grieta.org.mx\/wp-content\/uploads\/2020\/04\/ViasTorcidasTrenMaya.png?resize=525%2C300&ssl=1 1.5x, https:\/\/i0.wp.com\/www.grieta.org.mx\/wp-content\/uploads\/2020\/04\/ViasTorcidasTrenMaya.png?resize=700%2C400&ssl=1 2x"},"classes":[]},{"id":35945,"url":"https:\/\/www.grieta.org.mx\/index.php\/2019\/07\/05\/expansion-de-megaproyectos-en-la-peninsula-de-yucatan-video\/","url_meta":{"origin":41706,"position":1},"title":"Expansi\u00f3n de Megaproyectos en la Pen\u00ednsula de Yucat\u00e1n (Video)","author":"grieta","date":"5 julio, 2019","format":false,"excerpt":"https:\/\/youtu.be\/qLBARIAaBsI","rel":"","context":"En &quot;Campeche&quot;","block_context":{"text":"Campeche","link":"https:\/\/www.grieta.org.mx\/index.php\/category\/noticias-nacionales\/campeche\/"},"img":{"alt_text":"","src":"https:\/\/i0.wp.com\/img.youtube.com\/vi\/qLBARIAaBsI\/0.jpg?resize=350%2C200","width":350,"height":200},"classes":[]},{"id":41978,"url":"https:\/\/www.grieta.org.mx\/index.php\/2019\/12\/08\/rechazan-consulta-de-tren-maya\/","url_meta":{"origin":41706,"position":2},"title":"Rechazan consulta de Tren Maya","author":"grieta","date":"8 diciembre, 2019","format":false,"excerpt":"El Siglo de Torre\u00f3n Al considerar que incumple el Convenio 169 sobre Pueblos Ind\u00edgenas y Tribales Organizaciones ind\u00edgenas, civiles y acad\u00e9micos en la Pen\u00ednsula de Yucat\u00e1n, se pronunciaron en contra del megaproyecto del Tren Maya y expresaron su rechazo a la pretendida Consulta Ind\u00edgena organizada por el Gobierno mexicano, al\u2026","rel":"","context":"En &quot;16. Pueblo Maya&quot;","block_context":{"text":"16. Pueblo Maya","link":"https:\/\/www.grieta.org.mx\/index.php\/category\/espejos-de-la-resistencia\/16-pueblo-maya\/"},"img":{"alt_text":"","src":"https:\/\/i0.wp.com\/www.grieta.org.mx\/wp-content\/uploads\/2019\/12\/RechazanTrenMaya-e1575900335223.png?resize=350%2C200&ssl=1","width":350,"height":200,"srcset":"https:\/\/i0.wp.com\/www.grieta.org.mx\/wp-content\/uploads\/2019\/12\/RechazanTrenMaya-e1575900335223.png?resize=350%2C200&ssl=1 1x, https:\/\/i0.wp.com\/www.grieta.org.mx\/wp-content\/uploads\/2019\/12\/RechazanTrenMaya-e1575900335223.png?resize=525%2C300&ssl=1 1.5x, https:\/\/i0.wp.com\/www.grieta.org.mx\/wp-content\/uploads\/2019\/12\/RechazanTrenMaya-e1575900335223.png?resize=700%2C400&ssl=1 2x"},"classes":[]},{"id":45360,"url":"https:\/\/www.grieta.org.mx\/index.php\/2020\/02\/27\/no-estamos-peleando-la-suspension-provisional-del-tren-maya-sino-la-definitiva-cruz-rueda\/","url_meta":{"origin":41706,"position":3},"title":"&#8220;No estamos peleando la suspensi\u00f3n provisional del Tren Maya, sino la definitiva&#8221;: Cruz Rueda","author":"grieta","date":"27 febrero, 2020","format":false,"excerpt":"Impugnaci\u00f3n de Presidencia \"no nos quita el sue\u00f1o\" Abraham Bote \/Foto: Tomada de Twitter \/La Jornada Maya M\u00e9rida, Yucat\u00e1n Respecto a la impugnaci\u00f3n que realiz\u00f3 la Presidencia de la Rep\u00fablica y el apoderado de la Naci\u00f3n Financiera (Nafin), contra la suspensi\u00f3n provisional del proyecto de Tren Maya, la asesora jur\u00eddica\u2026","rel":"","context":"En &quot;16. Pueblo Maya&quot;","block_context":{"text":"16. Pueblo Maya","link":"https:\/\/www.grieta.org.mx\/index.php\/category\/espejos-de-la-resistencia\/16-pueblo-maya\/"},"img":{"alt_text":"","src":"https:\/\/i0.wp.com\/www.grieta.org.mx\/wp-content\/uploads\/2020\/02\/TrenMallaCampeche.png?resize=350%2C200&ssl=1","width":350,"height":200,"srcset":"https:\/\/i0.wp.com\/www.grieta.org.mx\/wp-content\/uploads\/2020\/02\/TrenMallaCampeche.png?resize=350%2C200&ssl=1 1x, https:\/\/i0.wp.com\/www.grieta.org.mx\/wp-content\/uploads\/2020\/02\/TrenMallaCampeche.png?resize=525%2C300&ssl=1 1.5x, https:\/\/i0.wp.com\/www.grieta.org.mx\/wp-content\/uploads\/2020\/02\/TrenMallaCampeche.png?resize=700%2C400&ssl=1 2x"},"classes":[]},{"id":58003,"url":"https:\/\/www.grieta.org.mx\/index.php\/2021\/03\/27\/son-proyectos-que-no-estan-siendo-consultados-por-tren-maya-se-harian-10-parques-solares-activistas-de-yucatan-no-quieren-mas-despojo-de-tierras\/","url_meta":{"origin":41706,"position":4},"title":"\u201cSon proyectos que no est\u00e1n siendo consultados\u201d: Por Tren Maya, se har\u00edan 10 parques solares; activistas de Yucat\u00e1n no quieren m\u00e1s despojo de tierras","author":"grieta","date":"27 marzo, 2021","format":false,"excerpt":"Itzel Chan \/ Noticaribe M\u00c9RIDA, MX.- Ante el anuncio relacionado con la construcci\u00f3n de 10 parques de energ\u00eda solar para abastecer los tramos electrificados del Tren Maya, integrantes de la Asamblea de Defensores del Territorio Maya M\u00fauch\u2019 X\u00edinbal, se pronuncian desde ahora que se oponen a m\u00e1s despojo de tierras.\u2026","rel":"","context":"En &quot;Campeche&quot;","block_context":{"text":"Campeche","link":"https:\/\/www.grieta.org.mx\/index.php\/category\/noticias-nacionales\/campeche\/"},"img":{"alt_text":"","src":"https:\/\/i0.wp.com\/www.grieta.org.mx\/wp-content\/uploads\/2021\/03\/ParquesSolaresTrenMalla-e1616978369383.png?resize=350%2C200&ssl=1","width":350,"height":200,"srcset":"https:\/\/i0.wp.com\/www.grieta.org.mx\/wp-content\/uploads\/2021\/03\/ParquesSolaresTrenMalla-e1616978369383.png?resize=350%2C200&ssl=1 1x, https:\/\/i0.wp.com\/www.grieta.org.mx\/wp-content\/uploads\/2021\/03\/ParquesSolaresTrenMalla-e1616978369383.png?resize=525%2C300&ssl=1 1.5x, https:\/\/i0.wp.com\/www.grieta.org.mx\/wp-content\/uploads\/2021\/03\/ParquesSolaresTrenMalla-e1616978369383.png?resize=700%2C400&ssl=1 2x"},"classes":[]},{"id":49176,"url":"https:\/\/www.grieta.org.mx\/index.php\/2020\/05\/14\/cndh-pide-suspender-de-manera-urgente-obras-del-tren-maya\/","url_meta":{"origin":41706,"position":5},"title":"CNDH pide suspender de manera urgente obras del Tren Maya","author":"grieta","date":"14 mayo, 2020","format":false,"excerpt":"Lilia Balam \/ Informe Fracto El organismo emiti\u00f3 medidas cautelares al FONATUR para detener las actividades no esenciales relacionadas con el proyecto ferroviario, pues las obras vulnerar\u00edan los derechos de la poblaci\u00f3n. La Comisi\u00f3n Nacional de los Derechos Humanos (CNDH), solicit\u00f3 al Fondo Nacional de Fomento al Turismo (FONATUR), suspender\u2026","rel":"","context":"En &quot;Campeche&quot;","block_context":{"text":"Campeche","link":"https:\/\/www.grieta.org.mx\/index.php\/category\/noticias-nacionales\/campeche\/"},"img":{"alt_text":"","src":"https:\/\/i0.wp.com\/www.grieta.org.mx\/wp-content\/uploads\/2020\/05\/Tren_Maya_CNDH-1536x1003-e1589496540443.jpg?resize=350%2C200&ssl=1","width":350,"height":200,"srcset":"https:\/\/i0.wp.com\/www.grieta.org.mx\/wp-content\/uploads\/2020\/05\/Tren_Maya_CNDH-1536x1003-e1589496540443.jpg?resize=350%2C200&ssl=1 1x, https:\/\/i0.wp.com\/www.grieta.org.mx\/wp-content\/uploads\/2020\/05\/Tren_Maya_CNDH-1536x1003-e1589496540443.jpg?resize=525%2C300&ssl=1 1.5x, https:\/\/i0.wp.com\/www.grieta.org.mx\/wp-content\/uploads\/2020\/05\/Tren_Maya_CNDH-1536x1003-e1589496540443.jpg?resize=700%2C400&ssl=1 2x"},"classes":[]}],"_links":{"self":[{"href":"https:\/\/www.grieta.org.mx\/index.php\/wp-json\/wp\/v2\/posts\/41706","targetHints":{"allow":["GET"]}}],"collection":[{"href":"https:\/\/www.grieta.org.mx\/index.php\/wp-json\/wp\/v2\/posts"}],"about":[{"href":"https:\/\/www.grieta.org.mx\/index.php\/wp-json\/wp\/v2\/types\/post"}],"author":[{"embeddable":true,"href":"https:\/\/www.grieta.org.mx\/index.php\/wp-json\/wp\/v2\/users\/2"}],"replies":[{"embeddable":true,"href":"https:\/\/www.grieta.org.mx\/index.php\/wp-json\/wp\/v2\/comments?post=41706"}],"version-history":[{"count":1,"href":"https:\/\/www.grieta.org.mx\/index.php\/wp-json\/wp\/v2\/posts\/41706\/revisions"}],"predecessor-version":[{"id":41708,"href":"https:\/\/www.grieta.org.mx\/index.php\/wp-json\/wp\/v2\/posts\/41706\/revisions\/41708"}],"wp:featuredmedia":[{"embeddable":true,"href":"https:\/\/www.grieta.org.mx\/index.php\/wp-json\/wp\/v2\/media\/41707"}],"wp:attachment":[{"href":"https:\/\/www.grieta.org.mx\/index.php\/wp-json\/wp\/v2\/media?parent=41706"}],"wp:term":[{"taxonomy":"category","embeddable":true,"href":"https:\/\/www.grieta.org.mx\/index.php\/wp-json\/wp\/v2\/categories?post=41706"},{"taxonomy":"post_tag","embeddable":true,"href":"https:\/\/www.grieta.org.mx\/index.php\/wp-json\/wp\/v2\/tags?post=41706"}],"curies":[{"name":"wp","href":"https:\/\/api.w.org\/{rel}","templated":true}]}}