{"id":41695,"date":"2019-11-28T04:46:29","date_gmt":"2019-11-28T10:46:29","guid":{"rendered":"http:\/\/www.grieta.org.mx\/?p=41695"},"modified":"2019-11-30T05:01:11","modified_gmt":"2019-11-30T11:01:11","slug":"alumnas-de-la-uaq-elevan-la-voz-contra-el-acoso-sexual-queretaro","status":"publish","type":"post","link":"https:\/\/www.grieta.org.mx\/index.php\/2019\/11\/28\/alumnas-de-la-uaq-elevan-la-voz-contra-el-acoso-sexual-queretaro\/","title":{"rendered":"Alumnas de la UAQ elevan la voz contra el acoso sexual (Quer\u00e9taro)"},"content":{"rendered":"<p><img loading=\"lazy\" decoding=\"async\" data-attachment-id=\"41696\" data-permalink=\"https:\/\/www.grieta.org.mx\/index.php\/2019\/11\/28\/alumnas-de-la-uaq-elevan-la-voz-contra-el-acoso-sexual-queretaro\/alumnas-de-la-uaq-elevan-la-voz-contra-el-acoso-sexual-qro-nov\/\" data-orig-file=\"https:\/\/www.grieta.org.mx\/wp-content\/uploads\/2019\/11\/Alumnas-de-la-UAQ-elevan-la-voz-contra-el-acoso-sexual-qro-nov.jpg\" data-orig-size=\"287,176\" data-comments-opened=\"0\" data-image-meta=\"{&quot;aperture&quot;:&quot;0&quot;,&quot;credit&quot;:&quot;&quot;,&quot;camera&quot;:&quot;&quot;,&quot;caption&quot;:&quot;&quot;,&quot;created_timestamp&quot;:&quot;0&quot;,&quot;copyright&quot;:&quot;&quot;,&quot;focal_length&quot;:&quot;0&quot;,&quot;iso&quot;:&quot;0&quot;,&quot;shutter_speed&quot;:&quot;0&quot;,&quot;title&quot;:&quot;&quot;,&quot;orientation&quot;:&quot;0&quot;}\" data-image-title=\"Alumnas de la UAQ elevan la voz contra el acoso sexual qro nov\" data-image-description=\"\" data-image-caption=\"\" data-medium-file=\"https:\/\/www.grieta.org.mx\/wp-content\/uploads\/2019\/11\/Alumnas-de-la-UAQ-elevan-la-voz-contra-el-acoso-sexual-qro-nov.jpg\" data-large-file=\"https:\/\/www.grieta.org.mx\/wp-content\/uploads\/2019\/11\/Alumnas-de-la-UAQ-elevan-la-voz-contra-el-acoso-sexual-qro-nov.jpg\" class=\"aligncenter wp-image-41696\" src=\"http:\/\/www.grieta.org.mx\/wp-content\/uploads\/2019\/11\/Alumnas-de-la-UAQ-elevan-la-voz-contra-el-acoso-sexual-qro-nov.jpg\" alt=\"\" width=\"395\" height=\"242\" \/><br \/>\n<em>Foto: Mitzi Olvera<\/em><\/p>\n<p>Domingo Valdez \/ El Universal Quer\u00e9taro<\/p>\n<blockquote><p>Colectivo Mujeres FCPyS abre el espacio a la denuncia para universitarias<\/p><\/blockquote>\n<p>El tendedero de denuncias poco a poco se llena con hojas en las que se explica el acoso sufrido en las aulas e incluso m\u00e1s all\u00e1 de las mismas.<\/p>\n<p>Las alumnas de la Universidad Aut\u00f3noma de Quer\u00e9taro (UAQ) hacen visibles las experiencias que han tenido con profesores y compa\u00f1eros que las han hostigado en un lugar donde tendr\u00edan que estar y sentirse protegidas.<\/p>\n<p>Los colectivos de estudiantes de diferentes facultades lanzan esta iniciativa. Apenas d\u00edas atr\u00e1s hab\u00edan abierto en redes sociales un espacio para denunciar los acosos. La respuesta fue inesperada. Las denuncias se multiplicaron. El problema es m\u00e1s serio de lo que piensan las autoridades.<\/p>\n<p>Una manta con la frase \u201cFuera violadores de la UAQ\u201d da la bienvenida a la explanada de la rector\u00eda del instituto. Son pocas las j\u00f3venes del Colectivo Mujeres FCPyS las que alistan la protesta.<\/p>\n<p>Tambi\u00e9n hay un espacio donde las estudiantes pueden denunciar su experiencia de acoso sexual, para posteriormente colocar la hoja en el tendedero. La mayor\u00eda de los estudiantes pasan de largo. Algunos, incluso hacen comentarios despectivos hacia la iniciativa de sus compa\u00f1eras. Minimizan o normalizan el acoso dentro de los espacios universitarios.<\/p>\n<p>En tanto, las j\u00f3venes, las que han sufrido las insinuaciones, las miradas, los comentarios fuera de lugar, se acercan y toman fotograf\u00edas de las hojas de denuncia. Una joven delgada, quien va acompa\u00f1ada de un chico que sigue de largo, alcanza a comentar \u201cles voy a contar de\u2026\u201d Pero no lo cuenta. Es parte de la cifra negra de casos que no se denuncian y que impiden tener una cifra clara de los actos.<\/p>\n<p>Sentada en el suelo est\u00e1 Miroslava Villase\u00f1or, estudiante de la Facultad de Ciencias Pol\u00edticas de la UAQ e integrante del Colectivo Mujeres FCPyS.<\/p>\n<p>Explica que la iniciativa de hacer el tendedero surgi\u00f3 el pasado 25 de noviembre, el cual conmemora el D\u00eda Internacional por la Eliminaci\u00f3n de la Violencia hacia las Mujeres. Explica que tuvieron una jornada de concienciaci\u00f3n, as\u00ed como pl\u00e1ticas y talleres, donde una de las din\u00e1micas fue el tendedero de las denuncias, en la Facultad de Ciencias Pol\u00edticas y Sociales.<\/p>\n<p>\u201cMuchas chicas llegaron a poner denuncias contra profesores y alumnos, entre ellos, las m\u00e1s sonadas las de Octavio Pe\u00f1a y un profesor al que le dicen Xocoyotzin. Nosotras, al subir las fotograf\u00edas a la p\u00e1gina de la colectiva empezaron a tomarlas y llegaron comentarios de diversos casos de acoso por diversos docentes\u201d, indica.<\/p>\n<p>Dice que se empezaron a acumular muchas denuncias en contra de Octavio Pe\u00f1a, el actual docente reuni\u00f3 20 denuncias en el tendedero, el cual da c\u00e1tedra en el campus de San Juan del R\u00edo.<\/p>\n<p>\u201cNos han comentado que esto tiene generaciones de prepa, que han metido cartas. Se han acercado a las autoridades, quienes les han negado los escritos. la destituci\u00f3n de docente, e incluso su coordinadora les ha dicho que lo tomar\u00e1 en cuenta, pero que no har\u00e1 nada\u201d.<\/p>\n<p>Miroslava dice que no existe a\u00fan una denuncia penal en contra de este maestro, aunque en contra de otros docentes s\u00ed existen ya pesquisas en su contra. \u201cInclusive se les ha hecho la notificaci\u00f3n a las autoridades de la universidad y no han procedido&#8221;.<\/p>\n<p>\u201cLas chicas del Campus San Juan del R\u00edo, de la prepa, nos dicen que tienen miedo, que est\u00e1n hartas y que ya no quieren que el profesor siga dando clases ah\u00ed\u201d, subraya.<\/p>\n<p>Poco a poco se acercan m\u00e1s j\u00f3venes al lugar de la protesta. Las cuatro hojas que eran en un inicio, en poco tiempo se convierten en al menos 20 hojas donde se narra c\u00f3mo un profesor toc\u00f3 a una alumna, o le insinu\u00f3 favores a cambio de darles una buena calificaci\u00f3n.<\/p>\n<p>Tambi\u00e9n se acercan algunos docentes. Lo hacen de manera m\u00e1s discreta y a la distancia, t\u00edmidamente ven la denuncia. Sus expresiones no son de enojo o molestia. Una docente que se acerca. Lee los mensajes y esboza una mueca que quiere ser una sonrisa, pero que no lo es. Quiz\u00e1 porque sabe. Quiz\u00e1 porque conoce lo que pasa. Quiz\u00e1 porque fue v\u00edctima.<\/p>\n<p>Miroslava, en tanto, dice que se tienen denuncias de la Prepa Sur, de la Facultad de Psicolog\u00eda, Contadur\u00eda y Administraci\u00f3n, Derecho, Ciencias Pol\u00edticas y Sociales.<\/p>\n<p>Agrega que ya hab\u00edan realizado una actividad similar en meses anteriores, pero las respuestas eran diferentes, no hab\u00edan denuncias con nombres. Hab\u00eda descripci\u00f3n de situaciones, pero ninguna que requiriera de acompa\u00f1amiento, hasta que sali\u00f3 esto.<\/p>\n<p>\u201cNos sorprendi\u00f3 que la respuesta fuera de estudiantes de preparatoria, pero me parece que ha estado bien y el di\u00e1logo se logr\u00f3. Ya depender\u00e1 de las autoridades las acciones a tomar\u201d, asevera.<\/p>\n<p>Se juntan m\u00e1s j\u00f3venes. Son pocos los hombres que hacen acompa\u00f1amiento con las chica s. Incluso los mismos estudiantes pasan aprisa frente a la protesta. Como no queriendo ver. Como negando una realidad.<\/p>\n<p><a href=\"https:\/\/www.eluniversalqueretaro.mx\/nuestras-historias\/alumnas-de-la-uaq-elevan-la-voz-contra-el-acoso-sexual#imagen-1\" target=\"_blank\" rel=\"noopener noreferrer\">https:\/\/www.eluniversalqueretaro.mx\/nuestras-historias\/alumnas-de-la-uaq-elevan-la-voz-contra-el-acoso-sexual#imagen-1<\/a><\/p>\n","protected":false},"excerpt":{"rendered":"<p>Foto: Mitzi Olvera Domingo Valdez \/ El Universal Quer\u00e9taro Colectivo Mujeres FCPyS abre el espacio a la denuncia para universitarias El tendedero de denuncias poco a poco se llena con &hellip; <a href=\"https:\/\/www.grieta.org.mx\/index.php\/2019\/11\/28\/alumnas-de-la-uaq-elevan-la-voz-contra-el-acoso-sexual-queretaro\/\" class=\"more-link\">Leer m\u00e1s<\/a><\/p>\n","protected":false},"author":2,"featured_media":41696,"comment_status":"closed","ping_status":"closed","sticky":false,"template":"","format":"standard","meta":{"ngg_post_thumbnail":0,"_jetpack_newsletter_access":"","_jetpack_dont_email_post_to_subs":false,"_jetpack_newsletter_tier_id":0,"_jetpack_memberships_contains_paywalled_content":false,"_jetpack_memberships_contains_paid_content":false,"footnotes":""},"categories":[80,916,2903,2,27,83,2531],"tags":[2442,1824,1954,2566,2953,1630],"class_list":["post-41695","post","type-post","status-publish","format-standard","has-post-thumbnail","hentry","category-cintillo","category-privatizacion-del-la-educacion-publica","category-crisis-de-la-educacion-publica-en-queretaro","category-noticias-nacionales","category-queretaro","category-temas-nacionales","category-violencia-contra-las-mujeres-en-queretaro","tag-acoso-contra-estudiantes","tag-acoso-sexual","tag-alerta-de-violencia-de-genero","tag-crisis-en-el-sistema-educativo","tag-protestas-de-estudiantes","tag-violencia-contra-las-mujeres","entry"],"jetpack_featured_media_url":"https:\/\/www.grieta.org.mx\/wp-content\/uploads\/2019\/11\/Alumnas-de-la-UAQ-elevan-la-voz-contra-el-acoso-sexual-qro-nov.jpg","jetpack_sharing_enabled":true,"jetpack_shortlink":"https:\/\/wp.me\/p7ZJR4-aQv","jetpack_likes_enabled":false,"jetpack-related-posts":[{"id":41683,"url":"https:\/\/www.grieta.org.mx\/index.php\/2019\/11\/29\/denuncian-a-docente-por-acoso-sexual-queretaro\/","url_meta":{"origin":41695,"position":0},"title":"DENUNCIAN A DOCENTE POR ACOSO SEXUAL (Quer\u00e9taro)","author":"grieta","date":"29 noviembre, 2019","format":false,"excerpt":"Foto: Rossy Mart\u00ednez Rossy Mart\u00ednez \/ Plaza de Armas San Juan del R\u00edo.- Estudiantes del bachillerato de la Universidad Aut\u00f3noma de Quer\u00e9taro (UAQ), campus San Juan del R\u00edo, se manifestaron este jueves acusando acosos sexuales por parte de personal docente de la instituci\u00f3n. Los manifestantes plantados a las afueras del\u2026","rel":"","context":"En &quot;CINTILLO&quot;","block_context":{"text":"CINTILLO","link":"https:\/\/www.grieta.org.mx\/index.php\/category\/cintillo\/"},"img":{"alt_text":"","src":"https:\/\/i0.wp.com\/www.grieta.org.mx\/wp-content\/uploads\/2019\/11\/DENUNCIAN-A-DOCENTE-POR-ACOSO-SEXUAL-qro-nov.png?resize=350%2C200&ssl=1","width":350,"height":200,"srcset":"https:\/\/i0.wp.com\/www.grieta.org.mx\/wp-content\/uploads\/2019\/11\/DENUNCIAN-A-DOCENTE-POR-ACOSO-SEXUAL-qro-nov.png?resize=350%2C200&ssl=1 1x, https:\/\/i0.wp.com\/www.grieta.org.mx\/wp-content\/uploads\/2019\/11\/DENUNCIAN-A-DOCENTE-POR-ACOSO-SEXUAL-qro-nov.png?resize=525%2C300&ssl=1 1.5x"},"classes":[]},{"id":41139,"url":"https:\/\/www.grieta.org.mx\/index.php\/2019\/11\/15\/encapuchados-toman-instalaciones-de-prepa-3-denuncia-acoso-sexual-ciudad-de-mexico\/","url_meta":{"origin":41695,"position":1},"title":"Encapuchados toman instalaciones de Prepa 3; denuncia acoso sexual (Ciudad de M\u00e9xico)","author":"grieta","date":"15 noviembre, 2019","format":false,"excerpt":"Vanessa Solis \/ El Sol de M\u00e9xico Alumnos del plantel exigen la renuncia de docentes que presuntamente acosan a las alumnas Mujeres encapuchadas tomaron las instalaciones de les Escuela Nacional Preparatoria n\u00famero 3 de la UNAM, esto para exigir la renuncia de profesores que acosan a las alumnas. A trav\u00e9s\u2026","rel":"","context":"En &quot;CINTILLO&quot;","block_context":{"text":"CINTILLO","link":"https:\/\/www.grieta.org.mx\/index.php\/category\/cintillo\/"},"img":{"alt_text":"","src":"https:\/\/i0.wp.com\/www.grieta.org.mx\/wp-content\/uploads\/2019\/11\/Encapuchados-toman-instalaciones-de-Prepa-3-denuncia-acoso-sexual-cdmx-nov.png?resize=350%2C200&ssl=1","width":350,"height":200,"srcset":"https:\/\/i0.wp.com\/www.grieta.org.mx\/wp-content\/uploads\/2019\/11\/Encapuchados-toman-instalaciones-de-Prepa-3-denuncia-acoso-sexual-cdmx-nov.png?resize=350%2C200&ssl=1 1x, https:\/\/i0.wp.com\/www.grieta.org.mx\/wp-content\/uploads\/2019\/11\/Encapuchados-toman-instalaciones-de-Prepa-3-denuncia-acoso-sexual-cdmx-nov.png?resize=525%2C300&ssl=1 1.5x, https:\/\/i0.wp.com\/www.grieta.org.mx\/wp-content\/uploads\/2019\/11\/Encapuchados-toman-instalaciones-de-Prepa-3-denuncia-acoso-sexual-cdmx-nov.png?resize=700%2C400&ssl=1 2x"},"classes":[]},{"id":41931,"url":"https:\/\/www.grieta.org.mx\/index.php\/2019\/12\/05\/universitarias-de-queretaro-denuncian-violencia-de-genero-de-9-profesores\/","url_meta":{"origin":41695,"position":2},"title":"Universitarias de Quer\u00e9taro denuncian violencia de g\u00e9nero de 9 profesores","author":"grieta","date":"5 diciembre, 2019","format":false,"excerpt":"Eric Pacheco \/ Proceso QUER\u00c9TARO, Qro. (apro).\u2013 Alumnas de la Universidad Aut\u00f3noma de Quer\u00e9taro (UAQ) montaron la coreograf\u00eda \u201cUn violador en tu camino\u201d este jueves, d\u00edas despu\u00e9s de que se dieran a conocer 52 casos de violencia de g\u00e9nero y fueran denunciados nueve profesores. \u201cEl violador eres t\u00fa, son mis\u2026","rel":"","context":"En &quot;CINTILLO&quot;","block_context":{"text":"CINTILLO","link":"https:\/\/www.grieta.org.mx\/index.php\/category\/cintillo\/"},"img":{"alt_text":"","src":"https:\/\/i0.wp.com\/www.grieta.org.mx\/wp-content\/uploads\/2019\/12\/Universitarias-de-Quer%C3%A9taro-denuncian-violencia-de-g%C3%A9nero-de-9-profesores-qro-dic.jpg?resize=350%2C200&ssl=1","width":350,"height":200,"srcset":"https:\/\/i0.wp.com\/www.grieta.org.mx\/wp-content\/uploads\/2019\/12\/Universitarias-de-Quer%C3%A9taro-denuncian-violencia-de-g%C3%A9nero-de-9-profesores-qro-dic.jpg?resize=350%2C200&ssl=1 1x, https:\/\/i0.wp.com\/www.grieta.org.mx\/wp-content\/uploads\/2019\/12\/Universitarias-de-Quer%C3%A9taro-denuncian-violencia-de-g%C3%A9nero-de-9-profesores-qro-dic.jpg?resize=525%2C300&ssl=1 1.5x, https:\/\/i0.wp.com\/www.grieta.org.mx\/wp-content\/uploads\/2019\/12\/Universitarias-de-Quer%C3%A9taro-denuncian-violencia-de-g%C3%A9nero-de-9-profesores-qro-dic.jpg?resize=700%2C400&ssl=1 2x"},"classes":[]},{"id":63706,"url":"https:\/\/www.grieta.org.mx\/index.php\/2022\/03\/09\/alumnas-del-iuba-colima-exhiben-a-maestros-y-companeros-por-acoso-sexual-y-violencia\/","url_meta":{"origin":41695,"position":3},"title":"Alumnas del IUBA Colima exhiben a maestros y compa\u00f1eros por acoso sexual y violencia","author":"grieta","date":"9 marzo, 2022","format":false,"excerpt":"Foto: Somos El Medio Monserrat C\u00e1rdenas \/ Somos el Medio La madrugada de este 8 de marzo, alumnas del Instituto Universitario de Bellas Artes (IUBA) de la Universidad de Colima (UdeC) intervinieron las instalaciones de su facultad con carteles, mantas y fotograf\u00edas en las que muestran los rostros y nombres\u2026","rel":"","context":"En &quot;CINTILLO&quot;","block_context":{"text":"CINTILLO","link":"https:\/\/www.grieta.org.mx\/index.php\/category\/cintillo\/"},"img":{"alt_text":"","src":"https:\/\/i0.wp.com\/www.grieta.org.mx\/wp-content\/uploads\/2022\/03\/WhatsApp-Image-2022-03-09-at-11.04.36-AM-e1646857722544-696x456-1.jpeg?resize=350%2C200&ssl=1","width":350,"height":200,"srcset":"https:\/\/i0.wp.com\/www.grieta.org.mx\/wp-content\/uploads\/2022\/03\/WhatsApp-Image-2022-03-09-at-11.04.36-AM-e1646857722544-696x456-1.jpeg?resize=350%2C200&ssl=1 1x, https:\/\/i0.wp.com\/www.grieta.org.mx\/wp-content\/uploads\/2022\/03\/WhatsApp-Image-2022-03-09-at-11.04.36-AM-e1646857722544-696x456-1.jpeg?resize=525%2C300&ssl=1 1.5x"},"classes":[]},{"id":40775,"url":"https:\/\/www.grieta.org.mx\/index.php\/2019\/10\/30\/se-han-presentado-77-denuncias-por-acoso-en-la-fes-cuautitlan-estado-de-mexico\/","url_meta":{"origin":41695,"position":4},"title":"SE HAN PRESENTADO 77 DENUNCIAS POR ACOSO EN LA FES CUAUTITL\u00c1N (Estado de M\u00e9xico)","author":"grieta","date":"30 octubre, 2019","format":false,"excerpt":"Reporte \u00cdndigo En la FES Cuautitl\u00e1n, alumnas ha presentado 77 denuncias por acoso sexual; los responsables han recibido amonestaciones, expulsi\u00f3n o rescisi\u00f3n Las denuncias por acoso sexual por parte de estudiantes de la FES Cuautitl\u00e1n se elev\u00f3 a 77. Por lo anterior, la Facultad de Estudios Superiores de la Universidad\u2026","rel":"","context":"En &quot;CINTILLO&quot;","block_context":{"text":"CINTILLO","link":"https:\/\/www.grieta.org.mx\/index.php\/category\/cintillo\/"},"img":{"alt_text":"","src":"https:\/\/i0.wp.com\/www.grieta.org.mx\/wp-content\/uploads\/2019\/11\/SE-HAN-PRESENTADO-77-DENUNCIAS-POR-ACOSO-EN-LA-FES-CUAUTITL%C3%81N-edomex-nov.jpg?resize=350%2C200","width":350,"height":200},"classes":[]},{"id":46084,"url":"https:\/\/www.grieta.org.mx\/index.php\/2020\/03\/12\/denuncian-acoso-sexual-alumnas-de-la-salle-en-neza-estado-de-mexico\/","url_meta":{"origin":41695,"position":5},"title":"Denuncian acoso sexual alumnas de La Salle en Neza (Estado de M\u00e9xico)","author":"grieta","date":"12 marzo, 2020","format":false,"excerpt":"Las alumnas denuncian a algunos profesores, personal acad\u00e9mico y compa\u00f1eros de la universidad. Foto: Carlos Jim\u00e9nez Excelsior Un centenar de denuncias escritas en hojas de papel que fueron pegadas en la entrada del plantel ubicado sobre avenida Bordo de Xochiaca Un grupo de estudiantes de preparatoria de la Universidad La\u2026","rel":"","context":"En &quot;CINTILLO&quot;","block_context":{"text":"CINTILLO","link":"https:\/\/www.grieta.org.mx\/index.php\/category\/cintillo\/"},"img":{"alt_text":"","src":"https:\/\/i0.wp.com\/www.grieta.org.mx\/wp-content\/uploads\/2020\/03\/Denuncian-acoso-sexual-alumnas-de-La-Salle-en-Neza-edomex-mzo.jpg?resize=350%2C200&ssl=1","width":350,"height":200,"srcset":"https:\/\/i0.wp.com\/www.grieta.org.mx\/wp-content\/uploads\/2020\/03\/Denuncian-acoso-sexual-alumnas-de-La-Salle-en-Neza-edomex-mzo.jpg?resize=350%2C200&ssl=1 1x, https:\/\/i0.wp.com\/www.grieta.org.mx\/wp-content\/uploads\/2020\/03\/Denuncian-acoso-sexual-alumnas-de-La-Salle-en-Neza-edomex-mzo.jpg?resize=525%2C300&ssl=1 1.5x"},"classes":[]}],"_links":{"self":[{"href":"https:\/\/www.grieta.org.mx\/index.php\/wp-json\/wp\/v2\/posts\/41695","targetHints":{"allow":["GET"]}}],"collection":[{"href":"https:\/\/www.grieta.org.mx\/index.php\/wp-json\/wp\/v2\/posts"}],"about":[{"href":"https:\/\/www.grieta.org.mx\/index.php\/wp-json\/wp\/v2\/types\/post"}],"author":[{"embeddable":true,"href":"https:\/\/www.grieta.org.mx\/index.php\/wp-json\/wp\/v2\/users\/2"}],"replies":[{"embeddable":true,"href":"https:\/\/www.grieta.org.mx\/index.php\/wp-json\/wp\/v2\/comments?post=41695"}],"version-history":[{"count":1,"href":"https:\/\/www.grieta.org.mx\/index.php\/wp-json\/wp\/v2\/posts\/41695\/revisions"}],"predecessor-version":[{"id":41697,"href":"https:\/\/www.grieta.org.mx\/index.php\/wp-json\/wp\/v2\/posts\/41695\/revisions\/41697"}],"wp:featuredmedia":[{"embeddable":true,"href":"https:\/\/www.grieta.org.mx\/index.php\/wp-json\/wp\/v2\/media\/41696"}],"wp:attachment":[{"href":"https:\/\/www.grieta.org.mx\/index.php\/wp-json\/wp\/v2\/media?parent=41695"}],"wp:term":[{"taxonomy":"category","embeddable":true,"href":"https:\/\/www.grieta.org.mx\/index.php\/wp-json\/wp\/v2\/categories?post=41695"},{"taxonomy":"post_tag","embeddable":true,"href":"https:\/\/www.grieta.org.mx\/index.php\/wp-json\/wp\/v2\/tags?post=41695"}],"curies":[{"name":"wp","href":"https:\/\/api.w.org\/{rel}","templated":true}]}}