{"id":41686,"date":"2019-11-29T04:10:45","date_gmt":"2019-11-29T10:10:45","guid":{"rendered":"http:\/\/www.grieta.org.mx\/?p=41686"},"modified":"2019-11-30T04:20:18","modified_gmt":"2019-11-30T10:20:18","slug":"mujeres-realizan-performance-un-violador-en-tu-camino-en-toluca-estado-de-mexico","status":"publish","type":"post","link":"https:\/\/www.grieta.org.mx\/index.php\/2019\/11\/29\/mujeres-realizan-performance-un-violador-en-tu-camino-en-toluca-estado-de-mexico\/","title":{"rendered":"Mujeres realizan performance \u201cUn violador en tu camino\u201d en Toluca (Estado de M\u00e9xico)"},"content":{"rendered":"<p><img loading=\"lazy\" decoding=\"async\" data-attachment-id=\"41687\" data-permalink=\"https:\/\/www.grieta.org.mx\/index.php\/2019\/11\/29\/mujeres-realizan-performance-un-violador-en-tu-camino-en-toluca-estado-de-mexico\/mujeres-realizan-performance-un-violador-en-tu-camino-toluca-edomex-nov\/\" data-orig-file=\"https:\/\/www.grieta.org.mx\/wp-content\/uploads\/2019\/11\/Mujeres-realizan-performance-\u201cUn-violador-en-tu-camino-toluca-edomex-nov.jpg\" data-orig-size=\"287,176\" data-comments-opened=\"0\" data-image-meta=\"{&quot;aperture&quot;:&quot;0&quot;,&quot;credit&quot;:&quot;&quot;,&quot;camera&quot;:&quot;&quot;,&quot;caption&quot;:&quot;&quot;,&quot;created_timestamp&quot;:&quot;0&quot;,&quot;copyright&quot;:&quot;&quot;,&quot;focal_length&quot;:&quot;0&quot;,&quot;iso&quot;:&quot;0&quot;,&quot;shutter_speed&quot;:&quot;0&quot;,&quot;title&quot;:&quot;&quot;,&quot;orientation&quot;:&quot;0&quot;}\" data-image-title=\"Mujeres realizan performance \u201cUn violador en tu camino toluca edomex nov\" data-image-description=\"\" data-image-caption=\"\" data-medium-file=\"https:\/\/www.grieta.org.mx\/wp-content\/uploads\/2019\/11\/Mujeres-realizan-performance-\u201cUn-violador-en-tu-camino-toluca-edomex-nov.jpg\" data-large-file=\"https:\/\/www.grieta.org.mx\/wp-content\/uploads\/2019\/11\/Mujeres-realizan-performance-\u201cUn-violador-en-tu-camino-toluca-edomex-nov.jpg\" class=\"aligncenter wp-image-41687\" src=\"http:\/\/www.grieta.org.mx\/wp-content\/uploads\/2019\/11\/Mujeres-realizan-performance-\u201cUn-violador-en-tu-camino-toluca-edomex-nov.jpg\" alt=\"\" width=\"413\" height=\"253\" \/><br \/>\n<em>Foto: El Gr\u00e1fico<\/em><\/p>\n<p>Claudia Gonz\u00e1lez \/ El Universal<\/p>\n<blockquote><p>Con pa\u00f1uelos verdes, las adolescentes se apostaron frente al Palacio de Gobierno del Estado de M\u00e9xico y exigieron a las autoridades atender la violencia de g\u00e9nero<\/p><\/blockquote>\n<p>Un grupo de mujeres realiz\u00f3 el performance \u201cUn violador en tu camino\u201d en el centro de Toluca, frente al Palacio de Gobierno del Estado de M\u00e9xico, y exigieron a las autoridades atender la violencia de g\u00e9nero, los feminicidios y las condiciones adversas a las que se enfrentan las mujeres mexiquenses.<\/p>\n<p>Con pa\u00f1uelos verdes y con la m\u00fasica que hizo viral la protesta de Chile durante el D\u00eda Internacional de la Violencia contra la Mujer, las adolescentes se apostaron sobre la calle de Lerdo y exclamaron a las autoridades que su omisi\u00f3n los hace tambi\u00e9n agresores.<\/p>\n<p>Dafne Arias e Irene C\u00e1rdenas informaron que organizaron el performance para dejar en claro a las instituciones encargadas de la impartici\u00f3n de justicia que una mujer no es responsable de la violencia ejercida en su contra.<\/p>\n<p>\u201cRecalcar que el Estado por parte de los polic\u00edas, por omisi\u00f3n, corrupci\u00f3n, impunidad, perpetua la violencia contra las mujeres\u201d, afirmaron.<\/p>\n<p>Dijeron que esta forma de manifestarse es importante porque si bien las marchas son importantes para movilizar a la sociedad, no es la \u00fanica forma de manifestar una inconformidad.<\/p>\n<p>\u201cEl movimiento inici\u00f3 en Chile y el mismo colectivo de la tesis hizo el llamado para (que) este d\u00eda nos estamos solidarizando\u201d, agreg\u00f3.<\/p>\n<p>Dafne Arias record\u00f3 que el Estado de M\u00e9xico es una de las entidades m\u00e1s violentas contra las mujeres, la muestra es que tiene dos declaratorias de Alerta por Violencia de G\u00e9nero y por desapariciones.<\/p>\n<p>Adem\u00e1s, Toluca tiene ambas alertas y a las autoridades \u201cles importan m\u00e1s otros temas que atender la demanda de seguridad que tiene este sector de la poblaci\u00f3n\u201d, dijo.<\/p>\n<p><a href=\"https:\/\/www.eluniversal.com.mx\/metropoli\/edomex\/mujeres-realizan-performance-un-violador-en-tu-camino-en-toluca\" target=\"_blank\" rel=\"noopener noreferrer\">https:\/\/www.eluniversal.com.mx\/metropoli\/edomex\/mujeres-realizan-performance-un-violador-en-tu-camino-en-toluca<\/a><\/p>\n","protected":false},"excerpt":{"rendered":"<p>Foto: El Gr\u00e1fico Claudia Gonz\u00e1lez \/ El Universal Con pa\u00f1uelos verdes, las adolescentes se apostaron frente al Palacio de Gobierno del Estado de M\u00e9xico y exigieron a las autoridades atender &hellip; <a href=\"https:\/\/www.grieta.org.mx\/index.php\/2019\/11\/29\/mujeres-realizan-performance-un-violador-en-tu-camino-en-toluca-estado-de-mexico\/\" class=\"more-link\">Leer m\u00e1s<\/a><\/p>\n","protected":false},"author":2,"featured_media":41687,"comment_status":"closed","ping_status":"closed","sticky":false,"template":"","format":"standard","meta":{"ngg_post_thumbnail":0,"_jetpack_newsletter_access":"","_jetpack_dont_email_post_to_subs":false,"_jetpack_newsletter_tier_id":0,"_jetpack_memberships_contains_paywalled_content":false,"_jetpack_memberships_contains_paid_content":false,"footnotes":""},"categories":[80,1204,16,84,1013,2765,2,83,2720],"tags":[1824,1223,121,81,1133,1630],"class_list":["post-41686","post","type-post","status-publish","format-standard","has-post-thumbnail","hentry","category-cintillo","category-desaparecidos-en-el-estado-de-mexico","category-estado-de-mexico","category-feminicidios","category-feminicios-en-el-estado-de-mexico","category-incremento-de-la-violencia-en-el-estado-de-mexico","category-noticias-nacionales","category-temas-nacionales","category-violencia-contra-las-mujeres-en-el-estado-de-mexico","tag-acoso-sexual","tag-alerta-de-genero","tag-desaparecidos","tag-feminicidios","tag-incremento-en-la-violencia","tag-violencia-contra-las-mujeres","entry"],"jetpack_featured_media_url":"https:\/\/www.grieta.org.mx\/wp-content\/uploads\/2019\/11\/Mujeres-realizan-performance-\u201cUn-violador-en-tu-camino-toluca-edomex-nov.jpg","jetpack_sharing_enabled":true,"jetpack_shortlink":"https:\/\/wp.me\/p7ZJR4-aQm","jetpack_likes_enabled":false,"jetpack-related-posts":[{"id":42606,"url":"https:\/\/www.grieta.org.mx\/index.php\/2019\/12\/26\/402-mujeres-asesinadas-en-once-meses-en-edomex\/","url_meta":{"origin":41686,"position":0},"title":"402 mujeres asesinadas en once meses en Edomex","author":"grieta","date":"26 diciembre, 2019","format":false,"excerpt":"\u00a0 Iv\u00e1n Ju\u00e1rez \/ Quadratin Edomex TOLUCA, Edomex.-26 diciembre 2019.-De enero a noviembre, 402 mujeres fueron asesinadas intencionalmente en el Estado de M\u00e9xico, es decir, un promedio de 1.2 casos diarios para convertirse en la entidad m\u00e1s peligrosa para las personas del sexo femenino. Sin embargo, \u00fanicamente 108 eventos son\u2026","rel":"","context":"En &quot;CINTILLO&quot;","block_context":{"text":"CINTILLO","link":"https:\/\/www.grieta.org.mx\/index.php\/category\/cintillo\/"},"img":{"alt_text":"","src":"https:\/\/i0.wp.com\/www.grieta.org.mx\/wp-content\/uploads\/2019\/12\/meses-ano-suman-mexico-feminicidios_0_0_958_596.jpg?resize=350%2C200&ssl=1","width":350,"height":200,"srcset":"https:\/\/i0.wp.com\/www.grieta.org.mx\/wp-content\/uploads\/2019\/12\/meses-ano-suman-mexico-feminicidios_0_0_958_596.jpg?resize=350%2C200&ssl=1 1x, https:\/\/i0.wp.com\/www.grieta.org.mx\/wp-content\/uploads\/2019\/12\/meses-ano-suman-mexico-feminicidios_0_0_958_596.jpg?resize=525%2C300&ssl=1 1.5x, https:\/\/i0.wp.com\/www.grieta.org.mx\/wp-content\/uploads\/2019\/12\/meses-ano-suman-mexico-feminicidios_0_0_958_596.jpg?resize=700%2C400&ssl=1 2x"},"classes":[]},{"id":41698,"url":"https:\/\/www.grieta.org.mx\/index.php\/2019\/11\/29\/suena-en-ecatepec-el-violador-eres-tu-de-la-mano-de-estudiantes-de-preparatoria-estado-de-mexico\/","url_meta":{"origin":41686,"position":1},"title":"Suena en Ecatepec &#8220;el violador eres t\u00fa&#8221; de la mano de estudiantes de preparatoria (Estado de M\u00e9xico)","author":"grieta","date":"29 noviembre, 2019","format":false,"excerpt":"Nancy G\u00f3mez \/ SDP Noticias En el municipio m\u00e1s peligroso para ser mujer, alumnas de una preparatoria se unieron a la intervenci\u00f3n \u201cUn violador en tu camino\u201d Desde una escuela preparatoria en Ecatepec, Estado de M\u00e9xico, alumnas hicieron eco de la convocatoria emitida desde grupos feministas en Chile y realizaron\u2026","rel":"","context":"En &quot;CINTILLO&quot;","block_context":{"text":"CINTILLO","link":"https:\/\/www.grieta.org.mx\/index.php\/category\/cintillo\/"},"img":{"alt_text":"","src":"https:\/\/i0.wp.com\/www.grieta.org.mx\/wp-content\/uploads\/2019\/11\/Suena-en-Ecatepec-el-violador-eres-t%C3%BA-de-la-mano-de-estudiantes-de-preparatoria-edomex-nov.jpg?resize=350%2C200","width":350,"height":200},"classes":[]},{"id":44350,"url":"https:\/\/www.grieta.org.mx\/index.php\/2020\/02\/14\/marchan-para-exigir-fin-a-la-violencia-contra-las-mujeres-estado-de-mexico\/","url_meta":{"origin":41686,"position":2},"title":"Marchan para exigir fin a la violencia contra las mujeres (Estado de M\u00e9xico)","author":"grieta","date":"14 febrero, 2020","format":false,"excerpt":"Aseguraron que las protestas seguir\u00e1n para crear conciencia y terminar la cultura machista que genera violencia. (Archivo) Zuleyma Garc\u00eda \/ Milenio Entre consignas y con pancartas las mujeres caminaron hasta el ayuntamiento donde donde de manera pac\u00edfica pidieron mejores resultados en seguridad. Lejos de festejar el 14 de febrero, este\u2026","rel":"","context":"En &quot;CINTILLO&quot;","block_context":{"text":"CINTILLO","link":"https:\/\/www.grieta.org.mx\/index.php\/category\/cintillo\/"},"img":{"alt_text":"","src":"https:\/\/i0.wp.com\/www.grieta.org.mx\/wp-content\/uploads\/2020\/02\/Marchan-para-exigir-fin-a-la-violencia-contra-las-mujeres-edomex-feb.jpeg?resize=350%2C200&ssl=1","width":350,"height":200,"srcset":"https:\/\/i0.wp.com\/www.grieta.org.mx\/wp-content\/uploads\/2020\/02\/Marchan-para-exigir-fin-a-la-violencia-contra-las-mujeres-edomex-feb.jpeg?resize=350%2C200&ssl=1 1x, https:\/\/i0.wp.com\/www.grieta.org.mx\/wp-content\/uploads\/2020\/02\/Marchan-para-exigir-fin-a-la-violencia-contra-las-mujeres-edomex-feb.jpeg?resize=525%2C300&ssl=1 1.5x, https:\/\/i0.wp.com\/www.grieta.org.mx\/wp-content\/uploads\/2020\/02\/Marchan-para-exigir-fin-a-la-violencia-contra-las-mujeres-edomex-feb.jpeg?resize=700%2C400&ssl=1 2x"},"classes":[]},{"id":41677,"url":"https:\/\/www.grieta.org.mx\/index.php\/2019\/11\/30\/un-violador-en-tu-camino-cimbra-el-zocalo-asi-se-adapto-en-mexico-la-protesta-global-ciudad-de-mexico\/","url_meta":{"origin":41686,"position":3},"title":"\u2018Un violador en tu camino\u2019 cimbra el Z\u00f3calo; as\u00ed se adapt\u00f3 en M\u00e9xico la protesta global (Ciudad de M\u00e9xico)","author":"grieta","date":"30 noviembre, 2019","format":false,"excerpt":"Foto: Miles de mujeres se unieron a la protesta global. (EFE) Elizabeth M\u00e1vil \/ Noticieros Televisa Las mujeres se colocaron mirando de frente a Palacio Nacional. Hab\u00eda madres con sus hijos, adultas mayores, adolescentes, estudiantes, y casi todas, con los ojos vendados Distintos colectivos de mujeres llegaron hasta la Alameda\u2026","rel":"","context":"En &quot;CINTILLO&quot;","block_context":{"text":"CINTILLO","link":"https:\/\/www.grieta.org.mx\/index.php\/category\/cintillo\/"},"img":{"alt_text":"","src":"https:\/\/i0.wp.com\/www.grieta.org.mx\/wp-content\/uploads\/2019\/11\/%E2%80%98Un-violador-en-tu-camino%E2%80%99-cimbra-el-Z%C3%B3calo-as%C3%AD-se-adapt%C3%B3-en-M%C3%A9xico-la-protesta-global-cdmx-nov.jpg?resize=350%2C200&ssl=1","width":350,"height":200,"srcset":"https:\/\/i0.wp.com\/www.grieta.org.mx\/wp-content\/uploads\/2019\/11\/%E2%80%98Un-violador-en-tu-camino%E2%80%99-cimbra-el-Z%C3%B3calo-as%C3%AD-se-adapt%C3%B3-en-M%C3%A9xico-la-protesta-global-cdmx-nov.jpg?resize=350%2C200&ssl=1 1x, https:\/\/i0.wp.com\/www.grieta.org.mx\/wp-content\/uploads\/2019\/11\/%E2%80%98Un-violador-en-tu-camino%E2%80%99-cimbra-el-Z%C3%B3calo-as%C3%AD-se-adapt%C3%B3-en-M%C3%A9xico-la-protesta-global-cdmx-nov.jpg?resize=525%2C300&ssl=1 1.5x, https:\/\/i0.wp.com\/www.grieta.org.mx\/wp-content\/uploads\/2019\/11\/%E2%80%98Un-violador-en-tu-camino%E2%80%99-cimbra-el-Z%C3%B3calo-as%C3%AD-se-adapt%C3%B3-en-M%C3%A9xico-la-protesta-global-cdmx-nov.jpg?resize=700%2C400&ssl=1 2x, https:\/\/i0.wp.com\/www.grieta.org.mx\/wp-content\/uploads\/2019\/11\/%E2%80%98Un-violador-en-tu-camino%E2%80%99-cimbra-el-Z%C3%B3calo-as%C3%AD-se-adapt%C3%B3-en-M%C3%A9xico-la-protesta-global-cdmx-nov.jpg?resize=1050%2C600&ssl=1 3x"},"classes":[]},{"id":59689,"url":"https:\/\/www.grieta.org.mx\/index.php\/2021\/06\/05\/piden-justicia-en-ixtapaluca-por-feminicidios-de-renata-alejandra-y-lulu-estado-de-mexico\/","url_meta":{"origin":41686,"position":4},"title":"Piden justicia en Ixtapaluca por feminicidios de Renata, Alejandra y Lul\u00fa  (Estado de M\u00e9xico)","author":"grieta","date":"5 junio, 2021","format":false,"excerpt":"Foto: Cortes\u00eda Orlando Salinas \/ El Sol de Toluca Los familiares pidieron que los candidatos a la presidencia municipal y las autoridades realmente trabajen para frenar la violencia de g\u00e9nero adem\u00e1s de que ofrezcan mayor seguridad en las calles La noche de este viernes familiares, amigos e integrantes de varias\u2026","rel":"","context":"En &quot;CINTILLO&quot;","block_context":{"text":"CINTILLO","link":"https:\/\/www.grieta.org.mx\/index.php\/category\/cintillo\/"},"img":{"alt_text":"","src":"https:\/\/i0.wp.com\/www.grieta.org.mx\/wp-content\/uploads\/2021\/06\/Piden-justicia-en-Ixtapaluca-por-feminicidios-de-Renata-Alejandra-y-Lulu-edomex-jun.jpg?resize=350%2C200&ssl=1","width":350,"height":200,"srcset":"https:\/\/i0.wp.com\/www.grieta.org.mx\/wp-content\/uploads\/2021\/06\/Piden-justicia-en-Ixtapaluca-por-feminicidios-de-Renata-Alejandra-y-Lulu-edomex-jun.jpg?resize=350%2C200&ssl=1 1x, https:\/\/i0.wp.com\/www.grieta.org.mx\/wp-content\/uploads\/2021\/06\/Piden-justicia-en-Ixtapaluca-por-feminicidios-de-Renata-Alejandra-y-Lulu-edomex-jun.jpg?resize=525%2C300&ssl=1 1.5x, https:\/\/i0.wp.com\/www.grieta.org.mx\/wp-content\/uploads\/2021\/06\/Piden-justicia-en-Ixtapaluca-por-feminicidios-de-Renata-Alejandra-y-Lulu-edomex-jun.jpg?resize=700%2C400&ssl=1 2x"},"classes":[]},{"id":55141,"url":"https:\/\/www.grieta.org.mx\/index.php\/2020\/11\/14\/despliegan-fuerte-operativo-ante-marcha-contra-feminicidios-estado-de-mexico\/","url_meta":{"origin":41686,"position":5},"title":"Despliegan fuerte operativo ante marcha contra feminicidios (Estado de M\u00e9xico)","author":"grieta","date":"14 noviembre, 2020","format":false,"excerpt":"Fotos tomadas de: ADNoticias V\u00edctor Castillo \/ ADNoticias La cuarta protesta en lo que va de la semana por los recientes feminicidios registrados en Toluca fue custodiada por decenas de polic\u00edas Al\u00a0menos 100 polic\u00edas estatales custodiaron la Casa de Gobierno del Estado de M\u00e9xico ubicada sobre Paseo Col\u00f3n, con un\u2026","rel":"","context":"En &quot;Abuso policiaco y tortura en el Estado de M\u00e9xico&quot;","block_context":{"text":"Abuso policiaco y tortura en el Estado de M\u00e9xico","link":"https:\/\/www.grieta.org.mx\/index.php\/category\/noticias-nacionales\/estado-de-mexico\/abuso-policiaco-y-tortura-en-el-estado-de-mexico\/"},"img":{"alt_text":"","src":"https:\/\/i0.wp.com\/www.grieta.org.mx\/wp-content\/uploads\/2020\/11\/Despliegan-fuerte-operativo-ante-marcha-contra-feminicidios-edomex-nov.jpeg?resize=350%2C200&ssl=1","width":350,"height":200,"srcset":"https:\/\/i0.wp.com\/www.grieta.org.mx\/wp-content\/uploads\/2020\/11\/Despliegan-fuerte-operativo-ante-marcha-contra-feminicidios-edomex-nov.jpeg?resize=350%2C200&ssl=1 1x, https:\/\/i0.wp.com\/www.grieta.org.mx\/wp-content\/uploads\/2020\/11\/Despliegan-fuerte-operativo-ante-marcha-contra-feminicidios-edomex-nov.jpeg?resize=525%2C300&ssl=1 1.5x, https:\/\/i0.wp.com\/www.grieta.org.mx\/wp-content\/uploads\/2020\/11\/Despliegan-fuerte-operativo-ante-marcha-contra-feminicidios-edomex-nov.jpeg?resize=700%2C400&ssl=1 2x, https:\/\/i0.wp.com\/www.grieta.org.mx\/wp-content\/uploads\/2020\/11\/Despliegan-fuerte-operativo-ante-marcha-contra-feminicidios-edomex-nov.jpeg?resize=1050%2C600&ssl=1 3x"},"classes":[]}],"_links":{"self":[{"href":"https:\/\/www.grieta.org.mx\/index.php\/wp-json\/wp\/v2\/posts\/41686","targetHints":{"allow":["GET"]}}],"collection":[{"href":"https:\/\/www.grieta.org.mx\/index.php\/wp-json\/wp\/v2\/posts"}],"about":[{"href":"https:\/\/www.grieta.org.mx\/index.php\/wp-json\/wp\/v2\/types\/post"}],"author":[{"embeddable":true,"href":"https:\/\/www.grieta.org.mx\/index.php\/wp-json\/wp\/v2\/users\/2"}],"replies":[{"embeddable":true,"href":"https:\/\/www.grieta.org.mx\/index.php\/wp-json\/wp\/v2\/comments?post=41686"}],"version-history":[{"count":1,"href":"https:\/\/www.grieta.org.mx\/index.php\/wp-json\/wp\/v2\/posts\/41686\/revisions"}],"predecessor-version":[{"id":41688,"href":"https:\/\/www.grieta.org.mx\/index.php\/wp-json\/wp\/v2\/posts\/41686\/revisions\/41688"}],"wp:featuredmedia":[{"embeddable":true,"href":"https:\/\/www.grieta.org.mx\/index.php\/wp-json\/wp\/v2\/media\/41687"}],"wp:attachment":[{"href":"https:\/\/www.grieta.org.mx\/index.php\/wp-json\/wp\/v2\/media?parent=41686"}],"wp:term":[{"taxonomy":"category","embeddable":true,"href":"https:\/\/www.grieta.org.mx\/index.php\/wp-json\/wp\/v2\/categories?post=41686"},{"taxonomy":"post_tag","embeddable":true,"href":"https:\/\/www.grieta.org.mx\/index.php\/wp-json\/wp\/v2\/tags?post=41686"}],"curies":[{"name":"wp","href":"https:\/\/api.w.org\/{rel}","templated":true}]}}