{"id":4165,"date":"2015-08-11T21:56:19","date_gmt":"2015-08-11T21:56:19","guid":{"rendered":"http:\/\/50.22.11.12\/~grietaor\/?p=4165"},"modified":"2016-03-21T22:16:05","modified_gmt":"2016-03-21T22:16:05","slug":"trabajadores-de-nayarit-contra-la-privatizacion-de-la-salud","status":"publish","type":"post","link":"https:\/\/www.grieta.org.mx\/index.php\/2015\/08\/11\/trabajadores-de-nayarit-contra-la-privatizacion-de-la-salud\/","title":{"rendered":"Trabajadores de Nayarit contra la privatizaci\u00f3n de la salud"},"content":{"rendered":"<p><strong>11\/08\/15. <\/strong><a href=\"http:\/\/grieta.org.mx\/index.php\/2015\/08\/11\/defendemos-la-seguridad-social-no-estamos-contra-el-sindicato-trabajadores-del-imss\/\">Defendemos la Seguridad Social, no estamos contra el sindicato: Trabajadores del IMSS<\/a><br \/>\n<em>Independiente<\/em><\/p>\n","protected":false},"excerpt":{"rendered":"<p>11\/08\/15. Defendemos la Seguridad Social, no estamos contra el sindicato: Trabajadores del IMSS Independiente<\/p>\n","protected":false},"author":2,"featured_media":21928,"comment_status":"closed","ping_status":"open","sticky":false,"template":"","format":"standard","meta":{"ngg_post_thumbnail":0,"_jetpack_newsletter_access":"","_jetpack_dont_email_post_to_subs":false,"_jetpack_newsletter_tier_id":0,"_jetpack_memberships_contains_paywalled_content":false,"_jetpack_memberships_contains_paid_content":false,"footnotes":""},"categories":[23,145,2],"tags":[149],"class_list":{"0":"post-4165","1":"post","2":"type-post","3":"status-publish","4":"format-standard","5":"has-post-thumbnail","6":"hentry","7":"category-nayarit","9":"category-noticias-nacionales","10":"tag-salud","11":"entry"},"jetpack_featured_media_url":"https:\/\/www.grieta.org.mx\/wp-content\/uploads\/2018\/03\/14524434_1106112876131411_958039263622046936_o.jpg","jetpack_sharing_enabled":true,"jetpack_shortlink":"https:\/\/wp.me\/p7ZJR4-15b","jetpack_likes_enabled":false,"jetpack-related-posts":[{"id":17697,"url":"https:\/\/www.grieta.org.mx\/index.php\/2016\/07\/24\/danos-a-la-salud-en-trabajadores-jornaleros-de-nayarit\/","url_meta":{"origin":4165,"position":0},"title":"Da\u00f1os a la salud en trabajadores jornaleros de Nayarit","author":"grieta","date":"24 julio, 2016","format":false,"excerpt":"24\/07\/16. Investigan efectos de plaguicidas en la salud de ind\u00edgenas de Nayarit Conacyt Agencia Informativa","rel":"","context":"En &quot;CINTILLO&quot;","block_context":{"text":"CINTILLO","link":"https:\/\/www.grieta.org.mx\/index.php\/category\/cintillo\/"},"img":{"alt_text":"","src":"https:\/\/i0.wp.com\/www.grieta.org.mx\/wp-content\/uploads\/2018\/03\/14524434_1106112876131411_958039263622046936_o.jpg?resize=350%2C200&ssl=1","width":350,"height":200,"srcset":"https:\/\/i0.wp.com\/www.grieta.org.mx\/wp-content\/uploads\/2018\/03\/14524434_1106112876131411_958039263622046936_o.jpg?resize=350%2C200&ssl=1 1x, https:\/\/i0.wp.com\/www.grieta.org.mx\/wp-content\/uploads\/2018\/03\/14524434_1106112876131411_958039263622046936_o.jpg?resize=525%2C300&ssl=1 1.5x, https:\/\/i0.wp.com\/www.grieta.org.mx\/wp-content\/uploads\/2018\/03\/14524434_1106112876131411_958039263622046936_o.jpg?resize=700%2C400&ssl=1 2x"},"classes":[]},{"id":56632,"url":"https:\/\/www.grieta.org.mx\/index.php\/2021\/01\/29\/denuncia-trabajadores-issste-adscritos-a-la-clinica-catra-que-no-son-tomados-en-cuenta-para-vacuna-contra-el-covid-19-nayarit\/","url_meta":{"origin":4165,"position":1},"title":"Denuncia trabajadores ISSSTE adscritos a la Cl\u00ednica Catra que no son tomados en cuenta para vacuna contra el Covid-19 (Nayarit)","author":"grieta","date":"29 enero, 2021","format":false,"excerpt":"Foto: Realidades de Nayarit Al llegar la vacuna, fueron relegados\u2026\u2026. Y privilegiaron gente del Hospital, pero muchos de ellos confinados, sin tener contacto con pacientes del Instituto, otros con trabajo eventual, otros comisionados al sindicato sin tener el contacto a diario con pacientes que han sido infectados por la enfermedad\u2026","rel":"","context":"En &quot;CINTILLO&quot;","block_context":{"text":"CINTILLO","link":"https:\/\/www.grieta.org.mx\/index.php\/category\/cintillo\/"},"img":{"alt_text":"","src":"https:\/\/i0.wp.com\/www.grieta.org.mx\/wp-content\/uploads\/2021\/02\/CATRA-2.jpg?resize=350%2C200&ssl=1","width":350,"height":200,"srcset":"https:\/\/i0.wp.com\/www.grieta.org.mx\/wp-content\/uploads\/2021\/02\/CATRA-2.jpg?resize=350%2C200&ssl=1 1x, https:\/\/i0.wp.com\/www.grieta.org.mx\/wp-content\/uploads\/2021\/02\/CATRA-2.jpg?resize=525%2C300&ssl=1 1.5x, https:\/\/i0.wp.com\/www.grieta.org.mx\/wp-content\/uploads\/2021\/02\/CATRA-2.jpg?resize=700%2C400&ssl=1 2x"},"classes":[]},{"id":51691,"url":"https:\/\/www.grieta.org.mx\/index.php\/2020\/07\/07\/trabajadores-de-la-salud-exigen-renuncia-de-tono-denuncian-que-escondio-equipos-de-proteccion-contra-el-covid-19-nayarit\/","url_meta":{"origin":4165,"position":2},"title":"Trabajadores de la salud exigen renuncia de To\u00f1o, denuncian que escondi\u00f3 equipos de protecci\u00f3n contra el Covid-19 (Nayarit)","author":"grieta","date":"7 julio, 2020","format":false,"excerpt":"Foto: Realidades de Nayarit M\u00e1s de 5 mil trabajadores del sector salud, entre ellos m\u00e9dicos y enfermeras, le exigen al gobernador panista, Antonio Echevarr\u00eda Garc\u00eda y al secretario de Salud, Ra\u00fal Santiago L\u00f3pez que renuncien por ineptos, mentirosos e irresponsables Los culpan de haber escondido 32 mil 184 equipos de\u2026","rel":"","context":"En &quot;CINTILLO&quot;","block_context":{"text":"CINTILLO","link":"https:\/\/www.grieta.org.mx\/index.php\/category\/cintillo\/"},"img":{"alt_text":"","src":"https:\/\/i0.wp.com\/www.grieta.org.mx\/wp-content\/uploads\/2018\/03\/14524434_1106112876131411_958039263622046936_o.jpg?resize=350%2C200&ssl=1","width":350,"height":200,"srcset":"https:\/\/i0.wp.com\/www.grieta.org.mx\/wp-content\/uploads\/2018\/03\/14524434_1106112876131411_958039263622046936_o.jpg?resize=350%2C200&ssl=1 1x, https:\/\/i0.wp.com\/www.grieta.org.mx\/wp-content\/uploads\/2018\/03\/14524434_1106112876131411_958039263622046936_o.jpg?resize=525%2C300&ssl=1 1.5x, https:\/\/i0.wp.com\/www.grieta.org.mx\/wp-content\/uploads\/2018\/03\/14524434_1106112876131411_958039263622046936_o.jpg?resize=700%2C400&ssl=1 2x"},"classes":[]},{"id":46522,"url":"https:\/\/www.grieta.org.mx\/index.php\/2020\/03\/17\/nayarit-no-esta-preparado-para-la-pandemia-afirman-trabajadores-de-la-secretaria-de-salud\/","url_meta":{"origin":4165,"position":3},"title":"Nayarit no esta preparado para la pandemia. Afirman trabajadores de la Secretaria de Salud","author":"grieta","date":"17 marzo, 2020","format":false,"excerpt":"Foto: Ilustrativa Redacci\u00f3n \/ Realidades de Nayarit En redes sociales los mismos trabajadores de la Secretaria de Salud del Estado de Nayarit, solicitaron a las autoridades del estado la dotaci\u00f3n de insumos y material para poder enfrentar en su momento la pandemia del COVID19. Afirman no estar preparados con infraestructura,\u2026","rel":"","context":"En &quot;CINTILLO&quot;","block_context":{"text":"CINTILLO","link":"https:\/\/www.grieta.org.mx\/index.php\/category\/cintillo\/"},"img":{"alt_text":"","src":"https:\/\/i0.wp.com\/www.grieta.org.mx\/wp-content\/uploads\/2020\/03\/hospital-general-tepic-2.jpg?resize=350%2C200&ssl=1","width":350,"height":200,"srcset":"https:\/\/i0.wp.com\/www.grieta.org.mx\/wp-content\/uploads\/2020\/03\/hospital-general-tepic-2.jpg?resize=350%2C200&ssl=1 1x, https:\/\/i0.wp.com\/www.grieta.org.mx\/wp-content\/uploads\/2020\/03\/hospital-general-tepic-2.jpg?resize=525%2C300&ssl=1 1.5x"},"classes":[]},{"id":49322,"url":"https:\/\/www.grieta.org.mx\/index.php\/2020\/05\/10\/en-riesgo-trabajadores-suplentes-del-issste-nayarit\/","url_meta":{"origin":4165,"position":4},"title":"En riesgo trabajadores suplentes del ISSSTE (Nayarit)","author":"grieta","date":"10 mayo, 2020","format":false,"excerpt":"Foto: Realidades de Nayarit Denuncian que los mandan a trabajar sin ninguna protecci\u00f3n a lugares donde hay m\u00e1s riesgo de contraer el COVID-19 y adem\u00e1s, no cuentan con ninguna prestaci\u00f3n de Ley, vaya, ni siquiera tienen ISSSTE y les fallan con el pago de sus quincenas Arcelia Garc\u00eda Ortega \/\u2026","rel":"","context":"En &quot;CINTILLO&quot;","block_context":{"text":"CINTILLO","link":"https:\/\/www.grieta.org.mx\/index.php\/category\/cintillo\/"},"img":{"alt_text":"","src":"https:\/\/i0.wp.com\/www.grieta.org.mx\/wp-content\/uploads\/2020\/05\/ISSSTE-Tepic-768x576.jpg?resize=350%2C200&ssl=1","width":350,"height":200,"srcset":"https:\/\/i0.wp.com\/www.grieta.org.mx\/wp-content\/uploads\/2020\/05\/ISSSTE-Tepic-768x576.jpg?resize=350%2C200&ssl=1 1x, https:\/\/i0.wp.com\/www.grieta.org.mx\/wp-content\/uploads\/2020\/05\/ISSSTE-Tepic-768x576.jpg?resize=525%2C300&ssl=1 1.5x, https:\/\/i0.wp.com\/www.grieta.org.mx\/wp-content\/uploads\/2020\/05\/ISSSTE-Tepic-768x576.jpg?resize=700%2C400&ssl=1 2x"},"classes":[]},{"id":51334,"url":"https:\/\/www.grieta.org.mx\/index.php\/2020\/06\/24\/directora-del-hospital-despiadada-con-el-personal-denuncian-nayarit\/","url_meta":{"origin":4165,"position":5},"title":"Directora del hospital despiadada con el personal, denuncian (Nayarit)","author":"grieta","date":"24 junio, 2020","format":false,"excerpt":"Foto: Realidades de Nayarit Miguel Castillo Sandoval \/ Realidades de Nayarit Tecuala, Nayarit. 24\/06\/20 .- Personal del centro de salud y pueblo en general, manifiestan que tienen tiempo demandando ante el gobierno del estado y en la secretar\u00eda de salud la destituci\u00f3n inmediata de la directora del hospital de este\u2026","rel":"","context":"En &quot;CINTILLO&quot;","block_context":{"text":"CINTILLO","link":"https:\/\/www.grieta.org.mx\/index.php\/category\/cintillo\/"},"img":{"alt_text":"","src":"https:\/\/i0.wp.com\/www.grieta.org.mx\/wp-content\/uploads\/2020\/06\/TECUALA-HOSPITAL.jpg?resize=350%2C200&ssl=1","width":350,"height":200,"srcset":"https:\/\/i0.wp.com\/www.grieta.org.mx\/wp-content\/uploads\/2020\/06\/TECUALA-HOSPITAL.jpg?resize=350%2C200&ssl=1 1x, https:\/\/i0.wp.com\/www.grieta.org.mx\/wp-content\/uploads\/2020\/06\/TECUALA-HOSPITAL.jpg?resize=525%2C300&ssl=1 1.5x, https:\/\/i0.wp.com\/www.grieta.org.mx\/wp-content\/uploads\/2020\/06\/TECUALA-HOSPITAL.jpg?resize=700%2C400&ssl=1 2x"},"classes":[]}],"_links":{"self":[{"href":"https:\/\/www.grieta.org.mx\/index.php\/wp-json\/wp\/v2\/posts\/4165","targetHints":{"allow":["GET"]}}],"collection":[{"href":"https:\/\/www.grieta.org.mx\/index.php\/wp-json\/wp\/v2\/posts"}],"about":[{"href":"https:\/\/www.grieta.org.mx\/index.php\/wp-json\/wp\/v2\/types\/post"}],"author":[{"embeddable":true,"href":"https:\/\/www.grieta.org.mx\/index.php\/wp-json\/wp\/v2\/users\/2"}],"replies":[{"embeddable":true,"href":"https:\/\/www.grieta.org.mx\/index.php\/wp-json\/wp\/v2\/comments?post=4165"}],"version-history":[{"count":1,"href":"https:\/\/www.grieta.org.mx\/index.php\/wp-json\/wp\/v2\/posts\/4165\/revisions"}],"predecessor-version":[{"id":4167,"href":"https:\/\/www.grieta.org.mx\/index.php\/wp-json\/wp\/v2\/posts\/4165\/revisions\/4167"}],"wp:featuredmedia":[{"embeddable":true,"href":"https:\/\/www.grieta.org.mx\/index.php\/wp-json\/wp\/v2\/media\/21928"}],"wp:attachment":[{"href":"https:\/\/www.grieta.org.mx\/index.php\/wp-json\/wp\/v2\/media?parent=4165"}],"wp:term":[{"taxonomy":"category","embeddable":true,"href":"https:\/\/www.grieta.org.mx\/index.php\/wp-json\/wp\/v2\/categories?post=4165"},{"taxonomy":"post_tag","embeddable":true,"href":"https:\/\/www.grieta.org.mx\/index.php\/wp-json\/wp\/v2\/tags?post=4165"}],"curies":[{"name":"wp","href":"https:\/\/api.w.org\/{rel}","templated":true}]}}