{"id":41641,"date":"2019-11-27T18:28:36","date_gmt":"2019-11-28T00:28:36","guid":{"rendered":"http:\/\/www.grieta.org.mx\/?p=41641"},"modified":"2019-11-29T18:33:51","modified_gmt":"2019-11-30T00:33:51","slug":"colima-entre-los-cuatro-estados-que-mas-discriminan-a-la-mujer","status":"publish","type":"post","link":"https:\/\/www.grieta.org.mx\/index.php\/2019\/11\/27\/colima-entre-los-cuatro-estados-que-mas-discriminan-a-la-mujer\/","title":{"rendered":"Colima, entre los cuatro estados que m\u00e1s discriminan a la mujer"},"content":{"rendered":"<p><img loading=\"lazy\" decoding=\"async\" data-attachment-id=\"41642\" data-permalink=\"https:\/\/www.grieta.org.mx\/index.php\/2019\/11\/27\/colima-entre-los-cuatro-estados-que-mas-discriminan-a-la-mujer\/mujer-1\/\" data-orig-file=\"https:\/\/www.grieta.org.mx\/wp-content\/uploads\/2019\/11\/Mujer-1.jpg\" data-orig-size=\"822,430\" data-comments-opened=\"0\" data-image-meta=\"{&quot;aperture&quot;:&quot;0&quot;,&quot;credit&quot;:&quot;&quot;,&quot;camera&quot;:&quot;&quot;,&quot;caption&quot;:&quot;&quot;,&quot;created_timestamp&quot;:&quot;0&quot;,&quot;copyright&quot;:&quot;&quot;,&quot;focal_length&quot;:&quot;0&quot;,&quot;iso&quot;:&quot;0&quot;,&quot;shutter_speed&quot;:&quot;0&quot;,&quot;title&quot;:&quot;&quot;,&quot;orientation&quot;:&quot;1&quot;}\" data-image-title=\"Mujer (1)\" data-image-description=\"\" data-image-caption=\"\" data-medium-file=\"https:\/\/www.grieta.org.mx\/wp-content\/uploads\/2019\/11\/Mujer-1-300x157.jpg\" data-large-file=\"https:\/\/www.grieta.org.mx\/wp-content\/uploads\/2019\/11\/Mujer-1.jpg\" class=\"aligncenter wp-image-41642\" src=\"http:\/\/www.grieta.org.mx\/wp-content\/uploads\/2019\/11\/Mujer-1.jpg\" alt=\"\" width=\"801\" height=\"419\" srcset=\"https:\/\/www.grieta.org.mx\/wp-content\/uploads\/2019\/11\/Mujer-1.jpg 822w, https:\/\/www.grieta.org.mx\/wp-content\/uploads\/2019\/11\/Mujer-1-300x157.jpg 300w, https:\/\/www.grieta.org.mx\/wp-content\/uploads\/2019\/11\/Mujer-1-768x402.jpg 768w\" sizes=\"auto, (max-width: 801px) 100vw, 801px\" \/><\/p>\n<p>Foto: Diario Avanzada<\/p>\n<p>Heidi de Le\u00f3n Guti\u00e9rrez \/ Diario Avanzada<\/p>\n<p>Colima, M\u00e9xico, Avanzada (27\/11\/2019).- La violencia que sufren las mujeres en el estado no es fortuita. Colima es una de las cuatro entidades del pa\u00eds con el mayor porcentaje de discriminaci\u00f3n hacia el sector femenino.<\/p>\n<p>Lo anterior significa que en el territorio estatal las mujeres son violentadas, rechazadas, humilladas, golpeadas, segregadas s\u00f3lo por el g\u00e9nero al que pertenecen.<\/p>\n<p>La Encuesta Nacional de Discriminaci\u00f3n que realiz\u00f3 el INEGI ubic\u00f3 a Colima entre los seis estados del pa\u00eds con los porcentajes m\u00e1s altos de poblaci\u00f3n\u00a0 femenina que declar\u00f3 haber sido discriminada en el \u00faltimo a\u00f1o. Los estados que se encuentran en esta situaci\u00f3n son Puebla, Ciudad de M\u00e9xico, Jalisco, Morelos, Campeche y Colima.<\/p>\n<p>Esta situaci\u00f3n permite mostrar que en Colima 3 de cada 10 mujeres han sufrido discriminaci\u00f3n s\u00f3lo por el hecho de ser mujer.<\/p>\n<p>La Encuesta Nacional de Discriminaci\u00f3n en M\u00e9xico (ENADIS) contiene los datos del 2017, pero es la m\u00e1s actual que existe para abordar el tema de la discriminaci\u00f3n en el pa\u00eds.<\/p>\n<p>De igual forma, la encuesta menciona que las mujeres de 18 a\u00f1os y m\u00e1s\u00a0 refirieron que es en el transporte p\u00fablico, en las calles en el trabajo o en las instituciones educativas donde ha experimentado los mayores actos de discriminaci\u00f3n, los cuales incluso est\u00e1n relacionados con alg\u00fan tipo de violencia.<\/p>\n<p>Los datos se\u00f1alan que\u00a0 en el \u00e1mbito laboral, el 18.3 por ciento de las mujeres denunciaron que reciben un pago menor al que obtiene su equivalente hombre por realizar el mismo trabajo.<\/p>\n<p><a href=\"https:\/\/www.diarioavanzada.com.mx\/?p=8829\">https:\/\/www.diarioavanzada.com.mx\/?p=8829<\/a><\/p>\n","protected":false},"excerpt":{"rendered":"<p>Foto: Diario Avanzada Heidi de Le\u00f3n Guti\u00e9rrez \/ Diario Avanzada Colima, M\u00e9xico, Avanzada (27\/11\/2019).- La violencia que sufren las mujeres en el estado no es fortuita. Colima es una de &hellip; <a href=\"https:\/\/www.grieta.org.mx\/index.php\/2019\/11\/27\/colima-entre-los-cuatro-estados-que-mas-discriminan-a-la-mujer\/\" class=\"more-link\">Leer m\u00e1s<\/a><\/p>\n","protected":false},"author":2,"featured_media":41642,"comment_status":"closed","ping_status":"closed","sticky":false,"template":"","format":"standard","meta":{"ngg_post_thumbnail":0,"_jetpack_newsletter_access":"","_jetpack_dont_email_post_to_subs":false,"_jetpack_newsletter_tier_id":0,"_jetpack_memberships_contains_paywalled_content":false,"_jetpack_memberships_contains_paid_content":false,"footnotes":""},"categories":[80,13,2,1983],"tags":[1630],"class_list":["post-41641","post","type-post","status-publish","format-standard","has-post-thumbnail","hentry","category-cintillo","category-colima","category-noticias-nacionales","category-violencia-contra-mujeres-en-colima","tag-violencia-contra-las-mujeres","entry"],"jetpack_featured_media_url":"https:\/\/www.grieta.org.mx\/wp-content\/uploads\/2019\/11\/Mujer-1.jpg","jetpack_sharing_enabled":true,"jetpack_shortlink":"https:\/\/wp.me\/p7ZJR4-aPD","jetpack_likes_enabled":false,"jetpack-related-posts":[{"id":69931,"url":"https:\/\/www.grieta.org.mx\/index.php\/2024\/09\/30\/colima-el-estado-mas-violento-para-las-mujeres\/","url_meta":{"origin":41641,"position":0},"title":"Colima, el estado m\u00e1s violento para las mujeres","author":"grieta","date":"30 septiembre, 2024","format":false,"excerpt":"Imagen: Diario Avanzada Heidi de Le\u00f3n Guti\u00e9rrez \/ Diario Avanzada Colima, M\u00e9xico, Avanzada (30\/09\/2024).- Colima contin\u00faa siendo el estado m\u00e1s violento para las mujeres en M\u00e9xico. De acuerdo con datos del Secretariado Ejecutivo del Sistema Nacional de Seguridad P\u00fablica (SESNSP), entre enero y agosto de 2024, 91 mujeres fueron asesinadas\u2026","rel":"","context":"En &quot;CINTILLO&quot;","block_context":{"text":"CINTILLO","link":"https:\/\/www.grieta.org.mx\/index.php\/category\/cintillo\/"},"img":{"alt_text":"","src":"https:\/\/i0.wp.com\/www.grieta.org.mx\/wp-content\/uploads\/2024\/10\/aaa-36.jpg?resize=350%2C200&ssl=1","width":350,"height":200,"srcset":"https:\/\/i0.wp.com\/www.grieta.org.mx\/wp-content\/uploads\/2024\/10\/aaa-36.jpg?resize=350%2C200&ssl=1 1x, https:\/\/i0.wp.com\/www.grieta.org.mx\/wp-content\/uploads\/2024\/10\/aaa-36.jpg?resize=525%2C300&ssl=1 1.5x, https:\/\/i0.wp.com\/www.grieta.org.mx\/wp-content\/uploads\/2024\/10\/aaa-36.jpg?resize=700%2C400&ssl=1 2x"},"classes":[]},{"id":48584,"url":"https:\/\/www.grieta.org.mx\/index.php\/2020\/04\/28\/cada-45-minutos-se-registra-una-llamada-de-emergencia-por-violencia-familiar-y-contra-mujeres-en-colima\/","url_meta":{"origin":41641,"position":1},"title":"Cada 45 minutos se registra una llamada de emergencia por violencia familiar y contra mujeres en Colima","author":"grieta","date":"28 abril, 2020","format":false,"excerpt":"Imagen: Diario Avanzada Redacci\u00f3n \/ Diario Avanzada Colima, M\u00e9xico, Avanzada (28\/04\/2020).- Durante el primer trimestre de 2020 hubo cada 45 minutos en el estado de Colima una llamada de emergencia por violencia familiar, violencia de pareja o violencia contra mujeres, de acuerdo con las cifras reportadas por el Secretariado Ejecutivo\u2026","rel":"","context":"En &quot;CINTILLO&quot;","block_context":{"text":"CINTILLO","link":"https:\/\/www.grieta.org.mx\/index.php\/category\/cintillo\/"},"img":{"alt_text":"","src":"https:\/\/i0.wp.com\/www.grieta.org.mx\/wp-content\/uploads\/2020\/05\/VIOLENCIA.jpeg?resize=350%2C200&ssl=1","width":350,"height":200,"srcset":"https:\/\/i0.wp.com\/www.grieta.org.mx\/wp-content\/uploads\/2020\/05\/VIOLENCIA.jpeg?resize=350%2C200&ssl=1 1x, https:\/\/i0.wp.com\/www.grieta.org.mx\/wp-content\/uploads\/2020\/05\/VIOLENCIA.jpeg?resize=525%2C300&ssl=1 1.5x, https:\/\/i0.wp.com\/www.grieta.org.mx\/wp-content\/uploads\/2020\/05\/VIOLENCIA.jpeg?resize=700%2C400&ssl=1 2x, https:\/\/i0.wp.com\/www.grieta.org.mx\/wp-content\/uploads\/2020\/05\/VIOLENCIA.jpeg?resize=1050%2C600&ssl=1 3x, https:\/\/i0.wp.com\/www.grieta.org.mx\/wp-content\/uploads\/2020\/05\/VIOLENCIA.jpeg?resize=1400%2C800&ssl=1 4x"},"classes":[]},{"id":43795,"url":"https:\/\/www.grieta.org.mx\/index.php\/2020\/01\/30\/homicidio-de-mujeres-en-colima-alcanza-el-nivel-de-epidemia-segun-oms\/","url_meta":{"origin":41641,"position":2},"title":"Homicidio de mujeres en Colima alcanza el nivel de epidemia, seg\u00fan OMS","author":"grieta","date":"30 enero, 2020","format":false,"excerpt":"Foto. Diario Avanzada Heidi de Le\u00f3n Guti\u00e9rrez \/ Diario Avanzada Colima, M\u00e9xico, Avanzada (30\/01\/2020).- Colima es el estado donde m\u00e1s asesinan mujeres por cada 100 mil habitantes en el pa\u00eds, seguido de Baja California, Chihuahua y Quintana Roo. Las cifras de homicidios contra mujeres, permiten deducir que la entidad padece\u2026","rel":"","context":"En &quot;CINTILLO&quot;","block_context":{"text":"CINTILLO","link":"https:\/\/www.grieta.org.mx\/index.php\/category\/cintillo\/"},"img":{"alt_text":"","src":"https:\/\/i0.wp.com\/www.grieta.org.mx\/wp-content\/uploads\/2020\/02\/Feminicidios.jpg?resize=350%2C200&ssl=1","width":350,"height":200,"srcset":"https:\/\/i0.wp.com\/www.grieta.org.mx\/wp-content\/uploads\/2020\/02\/Feminicidios.jpg?resize=350%2C200&ssl=1 1x, https:\/\/i0.wp.com\/www.grieta.org.mx\/wp-content\/uploads\/2020\/02\/Feminicidios.jpg?resize=525%2C300&ssl=1 1.5x, https:\/\/i0.wp.com\/www.grieta.org.mx\/wp-content\/uploads\/2020\/02\/Feminicidios.jpg?resize=700%2C400&ssl=1 2x"},"classes":[]},{"id":62566,"url":"https:\/\/www.grieta.org.mx\/index.php\/2021\/10\/23\/colima-es-el-segundo-estado-mas-letal-para-las-mujeres\/","url_meta":{"origin":41641,"position":3},"title":"Colima es el segundo estado m\u00e1s letal para las mujeres","author":"grieta","date":"23 octubre, 2021","format":false,"excerpt":"Imagen: Diario Avanzada Heidi de Le\u00f3n Guti\u00e9rrez \/ Diario Avanzada Colima, M\u00e9xico, Avanzada (23\/10\/2021).- La violencia contra las mujeres se ha convertido en un tema espinoso para el gobierno de Colima. Los datos muestran que el gobernador Ignacio Peralta S\u00e1nchez conden\u00f3 este tipo de hechos s\u00f3lo de palabras, pero nunca\u2026","rel":"","context":"En &quot;CINTILLO&quot;","block_context":{"text":"CINTILLO","link":"https:\/\/www.grieta.org.mx\/index.php\/category\/cintillo\/"},"img":{"alt_text":"","src":"https:\/\/i0.wp.com\/www.grieta.org.mx\/wp-content\/uploads\/2021\/11\/Arma.jpg?resize=350%2C200&ssl=1","width":350,"height":200},"classes":[]},{"id":40722,"url":"https:\/\/www.grieta.org.mx\/index.php\/2019\/10\/30\/la-violencia-contra-las-mujeres-se-dispara-en-colima\/","url_meta":{"origin":41641,"position":4},"title":"La violencia contra las mujeres se dispara en Colima","author":"grieta","date":"30 octubre, 2019","format":false,"excerpt":"Foto: Diario Avanzada Heidi de Le\u00f3n Guti\u00e9rrez \/ Diario Avanzada Colima, M\u00e9xico, Avanzada (30\/10\/2019).- Si de violencia contra las mujeres se trata, Colima tiene los primeros lugares. Los datos m\u00e1s recientes del Secretariado Ejecutivo del Sistema Nacional de Seguridad P\u00fablica (SESNSP) muestran que la entidad\u00a0 se ubica entre las 10\u2026","rel":"","context":"En &quot;CINTILLO&quot;","block_context":{"text":"CINTILLO","link":"https:\/\/www.grieta.org.mx\/index.php\/category\/cintillo\/"},"img":{"alt_text":"","src":"https:\/\/i0.wp.com\/www.grieta.org.mx\/wp-content\/uploads\/2018\/03\/14524434_1106112876131411_958039263622046936_o.jpg?resize=350%2C200&ssl=1","width":350,"height":200,"srcset":"https:\/\/i0.wp.com\/www.grieta.org.mx\/wp-content\/uploads\/2018\/03\/14524434_1106112876131411_958039263622046936_o.jpg?resize=350%2C200&ssl=1 1x, https:\/\/i0.wp.com\/www.grieta.org.mx\/wp-content\/uploads\/2018\/03\/14524434_1106112876131411_958039263622046936_o.jpg?resize=525%2C300&ssl=1 1.5x, https:\/\/i0.wp.com\/www.grieta.org.mx\/wp-content\/uploads\/2018\/03\/14524434_1106112876131411_958039263622046936_o.jpg?resize=700%2C400&ssl=1 2x"},"classes":[]},{"id":57712,"url":"https:\/\/www.grieta.org.mx\/index.php\/2021\/03\/08\/fracasa-la-proteccion-de-las-mujeres-en-colima-feminicidios-violencia-y-hostigamiento-sexual-colima\/","url_meta":{"origin":41641,"position":5},"title":"Fracasa la protecci\u00f3n de las mujeres en Colima; feminicidios, violencia y hostigamiento sexual (Colima)","author":"grieta","date":"8 marzo, 2021","format":false,"excerpt":"Foto: Diario Avanzada Heidi de Le\u00f3n Guti\u00e9rrez \/ Diario Avanzada Colima, M\u00e9xico, Avanzada (08\/03\/2021).- En Colima,\u00a0las mujeres no est\u00e1n seguras ni en su casa ni en la calle. Los datos del Secretariado Ejecutivo del Sistema Nacional de Seguridad, ubican a esta entidad con la tasa m\u00e1s alta del pa\u00eds en\u2026","rel":"","context":"En &quot;CINTILLO&quot;","block_context":{"text":"CINTILLO","link":"https:\/\/www.grieta.org.mx\/index.php\/category\/cintillo\/"},"img":{"alt_text":"","src":"https:\/\/i0.wp.com\/www.grieta.org.mx\/wp-content\/uploads\/2021\/03\/Mujer.jpg?resize=350%2C200&ssl=1","width":350,"height":200,"srcset":"https:\/\/i0.wp.com\/www.grieta.org.mx\/wp-content\/uploads\/2021\/03\/Mujer.jpg?resize=350%2C200&ssl=1 1x, https:\/\/i0.wp.com\/www.grieta.org.mx\/wp-content\/uploads\/2021\/03\/Mujer.jpg?resize=525%2C300&ssl=1 1.5x, https:\/\/i0.wp.com\/www.grieta.org.mx\/wp-content\/uploads\/2021\/03\/Mujer.jpg?resize=700%2C400&ssl=1 2x"},"classes":[]}],"_links":{"self":[{"href":"https:\/\/www.grieta.org.mx\/index.php\/wp-json\/wp\/v2\/posts\/41641","targetHints":{"allow":["GET"]}}],"collection":[{"href":"https:\/\/www.grieta.org.mx\/index.php\/wp-json\/wp\/v2\/posts"}],"about":[{"href":"https:\/\/www.grieta.org.mx\/index.php\/wp-json\/wp\/v2\/types\/post"}],"author":[{"embeddable":true,"href":"https:\/\/www.grieta.org.mx\/index.php\/wp-json\/wp\/v2\/users\/2"}],"replies":[{"embeddable":true,"href":"https:\/\/www.grieta.org.mx\/index.php\/wp-json\/wp\/v2\/comments?post=41641"}],"version-history":[{"count":1,"href":"https:\/\/www.grieta.org.mx\/index.php\/wp-json\/wp\/v2\/posts\/41641\/revisions"}],"predecessor-version":[{"id":41644,"href":"https:\/\/www.grieta.org.mx\/index.php\/wp-json\/wp\/v2\/posts\/41641\/revisions\/41644"}],"wp:featuredmedia":[{"embeddable":true,"href":"https:\/\/www.grieta.org.mx\/index.php\/wp-json\/wp\/v2\/media\/41642"}],"wp:attachment":[{"href":"https:\/\/www.grieta.org.mx\/index.php\/wp-json\/wp\/v2\/media?parent=41641"}],"wp:term":[{"taxonomy":"category","embeddable":true,"href":"https:\/\/www.grieta.org.mx\/index.php\/wp-json\/wp\/v2\/categories?post=41641"},{"taxonomy":"post_tag","embeddable":true,"href":"https:\/\/www.grieta.org.mx\/index.php\/wp-json\/wp\/v2\/tags?post=41641"}],"curies":[{"name":"wp","href":"https:\/\/api.w.org\/{rel}","templated":true}]}}