{"id":41635,"date":"2019-11-15T10:58:04","date_gmt":"2019-11-15T16:58:04","guid":{"rendered":"http:\/\/www.grieta.org.mx\/?p=41635"},"modified":"2019-11-28T11:10:06","modified_gmt":"2019-11-28T17:10:06","slug":"por-fin-nos-escucharon-por-fin-nos-creyeron-san-luis-potosi","status":"publish","type":"post","link":"https:\/\/www.grieta.org.mx\/index.php\/2019\/11\/15\/por-fin-nos-escucharon-por-fin-nos-creyeron-san-luis-potosi\/","title":{"rendered":"\u201cPor fin nos escucharon, por fin nos creyeron\u201d (San Luis Potos\u00ed)"},"content":{"rendered":"<p>Daniela Rea\/Pie de P\u00e1gina<br \/>\n15 noviembre 2019<\/p>\n<p><img loading=\"lazy\" decoding=\"async\" data-attachment-id=\"41636\" data-permalink=\"https:\/\/www.grieta.org.mx\/index.php\/2019\/11\/15\/por-fin-nos-escucharon-por-fin-nos-creyeron-san-luis-potosi\/pdp_mariaesperanza_cdmx_mariaruiz00-1140x570\/\" data-orig-file=\"https:\/\/www.grieta.org.mx\/wp-content\/uploads\/2019\/11\/pdp_mariaesperanza_cdmx_mariaruiz00-1140x570.jpg\" data-orig-size=\"1140,570\" data-comments-opened=\"0\" data-image-meta=\"{&quot;aperture&quot;:&quot;2.2&quot;,&quot;credit&quot;:&quot;&quot;,&quot;camera&quot;:&quot;ILCE-7M3&quot;,&quot;caption&quot;:&quot;&quot;,&quot;created_timestamp&quot;:&quot;1571164240&quot;,&quot;copyright&quot;:&quot;&quot;,&quot;focal_length&quot;:&quot;50&quot;,&quot;iso&quot;:&quot;50&quot;,&quot;shutter_speed&quot;:&quot;0.0025&quot;,&quot;title&quot;:&quot;&quot;,&quot;orientation&quot;:&quot;0&quot;}\" data-image-title=\"pdp_mariaesperanza_cdmx_mariaruiz00-1140&amp;#215;570\" data-image-description=\"\" data-image-caption=\"\" data-medium-file=\"https:\/\/www.grieta.org.mx\/wp-content\/uploads\/2019\/11\/pdp_mariaesperanza_cdmx_mariaruiz00-1140x570-300x150.jpg\" data-large-file=\"https:\/\/www.grieta.org.mx\/wp-content\/uploads\/2019\/11\/pdp_mariaesperanza_cdmx_mariaruiz00-1140x570-1024x512.jpg\" src=\"http:\/\/www.grieta.org.mx\/wp-content\/uploads\/2019\/11\/pdp_mariaesperanza_cdmx_mariaruiz00-1140x570.jpg\" alt=\"\" width=\"1140\" height=\"570\" class=\"aligncenter size-full wp-image-41636\" srcset=\"https:\/\/www.grieta.org.mx\/wp-content\/uploads\/2019\/11\/pdp_mariaesperanza_cdmx_mariaruiz00-1140x570.jpg 1140w, https:\/\/www.grieta.org.mx\/wp-content\/uploads\/2019\/11\/pdp_mariaesperanza_cdmx_mariaruiz00-1140x570-300x150.jpg 300w, https:\/\/www.grieta.org.mx\/wp-content\/uploads\/2019\/11\/pdp_mariaesperanza_cdmx_mariaruiz00-1140x570-768x384.jpg 768w, https:\/\/www.grieta.org.mx\/wp-content\/uploads\/2019\/11\/pdp_mariaesperanza_cdmx_mariaruiz00-1140x570-1024x512.jpg 1024w, https:\/\/www.grieta.org.mx\/wp-content\/uploads\/2019\/11\/pdp_mariaesperanza_cdmx_mariaruiz00-1140x570-1000x500.jpg 1000w\" sizes=\"auto, (max-width: 1140px) 100vw, 1140px\" \/><\/p>\n<blockquote><p>Karla Pontigo muri\u00f3 en 2012, en el lugar donde trabajaba, en condiciones extra\u00f1as. Su familia ha llevado una lucha para que la Fiscal\u00eda de San Luis Potos\u00ed haga justicia. La SCJN orden\u00f3 iniciar desde cero la investigaci\u00f3n de su muerte, partiendo de la hip\u00f3tesis de un feminicidio. El triunfo de la familia de Karla se extiende para todas las v\u00edctimas de feminicidio<\/p><\/blockquote>\n<p>Por: Daniela Rea<\/p>\n<p>Foto: Mar\u00eda Ruiz<\/p>\n<p>Esperanza Lucciotto sonr\u00ede. A lo largo de este encuentro por la ma\u00f1ana no dejar\u00e1 de sonre\u00edr. \u201cEstamos felices de que por fin nos escucharon, nos creyeron. Por fin la verdad de Karla, la de nosotros, su familia, ser\u00e1 escuchada\u201d.<\/p>\n<p>Karla Pontigo, su hija, muri\u00f3 en su trabajo, en San Luis Potos\u00ed, en situaciones no esclarecidas. La madrugada del domingo 28 de noviembre de 2012 Fernando, su hermano mayor, fue por ella al bar Play Club donde trabajaba y la encontr\u00f3 herida en un charco de sangre. La joven muri\u00f3 horas despu\u00e9s en un hospital.<\/p>\n<p>La entonces Procuradur\u00eda estatal dijo que seg\u00fan su investigaci\u00f3n Karla se hab\u00eda tropezado y se hab\u00eda estrellado contra una puerta de cristal; y que las heridas le provocaron la muerte.  Desde el inicio la familia de Karla dud\u00f3 de esta hip\u00f3tesis por dos razones: primera, el tipo de heridas que su cuerpo ten\u00eda (en una autopsia realizada a petici\u00f3n de la familia, y valorada por peritos de Guanajuato, se encontr\u00f3 que el cuerpo de Karla ten\u00eda 39 lesiones, una de ellas 15 cent\u00edmetros en la cabeza; una herida transversal en la pierna, en la palma de la mano, hombros, antebrazo, cuello, y heridas de \u00edndole sexual interior y exterior vaginal). La segunda raz\u00f3n: las agresiones y acoso de su jefe, Pedro Vasilakos Reyes.<\/p>\n<p>La entonces Procuradur\u00eda General de Justicia de SLP consign\u00f3 la muerte como homicidio culposo (el due\u00f1o del bar no tuvo cuidado en poner se\u00f1alizaci\u00f3n en la puerta que evitara que Karla se accidentara) y le permiti\u00f3 llevar el proceso bajo fianza.<\/p>\n<p>Desde 2013, cuando la muerte de Karla se consign\u00f3 en esas condiciones, la familia y sus abogados de la Fundaci\u00f3n para la Justicia y el Estado Democr\u00e1tico de Derecho pelearon ante la Suprema Corte para que revirtiera la consignaci\u00f3n.<\/p>\n<p>El pasado mi\u00e9rcoles 13 de noviembre la Primera Sala de la SCJN vot\u00f3 el amparo a favor de la familia de Karla, por unanimidad.<\/p>\n<p>Por eso Esperanza sonr\u00ede. Porque su voz fue por fin escuchada.<\/p>\n<p>\u201cEsto que logramos no es s\u00f3lo para Karla, para la verdad de Karla, para su justicia, es para todas las mujeres de este pa\u00eds\u201d, dice Esperanza esperanzada.<\/p>\n<blockquote><p>Un precedente para las v\u00edctimas<\/p><\/blockquote>\n<p>Ana Lorena Delgadillo, directora de la Fundaci\u00f3n, explica el contenido de la sentencia en tres apartados:<\/p>\n<p>Primero: derecho de acceso a la justicia<br \/>\n\u201cLa Corte dice cu\u00e1les son los derechos de acceso a la justicia de las v\u00edctimas, explica que, como sucedi\u00f3 en el caso de Karla, la autoridad no puede restringirle el acceso a la investigaci\u00f3n, no se le puede ocultar\u201d. <\/p>\n<p>El jefe de Karla estaba imputado por homicidio culposo y durante seis a\u00f1os llev\u00f3 el proceso en libertad. Para la familia y sus abogados la discusi\u00f3n en la Corte no se trataba de volver a consignarlo en otro delito, puesto que ni siquiera hab\u00eda investigaci\u00f3n que sustentara otro delito. \u201cEntonces, lo que hace la Corte con su sentencia es dejar sin efecto la consignaci\u00f3n, lo que implica que el jefe de Karla no est\u00e9 ya acusado, pero exige que se vuelva a investigar. Y eso significa que se va a investigar por feminicidio\u201d, dice Delgadillo.<\/p>\n<p>\u201cLa historia que inici\u00f3 con la muerte de Karla y la que vive Esperanza con las instituciones fueron terribles. La sentencia reivindica la verdad y la voz de Karla y Esperanza. Esto tiene repercusi\u00f3n en todas las mujeres que no son escuchadas en los sistemas de justicia\u201d.<\/p>\n<p>Segundo: derecho a la verdad e investigaci\u00f3n<br \/>\nSe sabe que las v\u00edctimas tienen derecho a la verdad. Pero en un pa\u00eds donde se construyen verdades hist\u00f3ricas, como en el crimen de Ayotzinapa, \u00bfa cu\u00e1l verdad tenemos derecho? En este sentido, la SCJN defini\u00f3 algo importante, explica Delgadillo. \u201cLa Corte reitera, como en el caso de Mariana Lima, que la violencia de g\u00e9nero es una violaci\u00f3n a los derechos humanos que genera una responsabilidad del Estado de investigar diligente pronta e imparcialmente. El derecho a la verdad tambi\u00e9n es una forma de reparar. Pero la verdad no es cualquier versi\u00f3n, sino la que resulte de una investigaci\u00f3n efectiva, pronta y expedita. La verdad, en ese sentido, tambi\u00e9n es un reconocimiento a la experiencia de las v\u00edctimas\u201d. <\/p>\n<p>Adem\u00e1s, la Corte tambi\u00e9n estableci\u00f3 que la impunidad es una forma de permisibilidad para que el delito se siga cometiendo. Sobre la muerte de Karla, la Corte cuestion\u00f3 que el MP haya construido una historia seg\u00fan la cual Karla se accident\u00f3, sin considerar las heridas. Y eso fue una falla a la verdad. <\/p>\n<p>Otra cosa relevante, apunta Delgadillo, es que la sentencia habla de una responsabilidad al procurador: \u201cNo porque no investiga directamente no es responsable. La Corte dice que las autoridades no pueden ser liberados de responsabilidad. Esto es un precedente important\u00edsimo para que, en este tipo de casos, de no investigaci\u00f3n efectiva, de alguna manera marca la responsabilidad institucional\u201d.<\/p>\n<p>Tercero, investigaci\u00f3n con perspectiva de g\u00e9nero<br \/>\nLa Corte reiter\u00f3 lo que hab\u00eda definido en el crimen de Mariana Lima: el inicio de la investigaci\u00f3n como un feminicidio tomando en cuenta los protocolos internacionales. <\/p>\n<p>\u201cEsta sentencia refuerza que en caso de feminicidios tienen obligaci\u00f3n de investigar con perspectiva de g\u00e9nero y que si no lo hacen la justicia ampara a las v\u00edctimas. Tambi\u00e9n abre un camino importante sobre lo que significa derecho a la verdad, vincula el derecho a la verdad con una investigaci\u00f3n efectiva, que no sea cualquier verdad. Y abre un camino para establecer cadena de mando de responsabilidad en las Fiscal\u00eda. Es un mensaje tremendo en el sentido de que si los superiores no vigilan c\u00f3mo su equipo investiga, les toca la responsabilidad\u201d, dice Delgadillo.<\/p>\n<blockquote><p>Una luz<\/p><\/blockquote>\n<p>Esperanza vino a la Ciudad de M\u00e9xico a escuchar la sentencia de la Corte acompa\u00f1ada de sus hijos, Fernando quien encontr\u00f3 a Karla herida en la discoteca, y Pedro, que ten\u00eda 10 a\u00f1os cuando Karla muri\u00f3. Se les ve contentos a los tres. <\/p>\n<p>Con la definici\u00f3n de la Corte en sus manos, vuelven a SLP a empezar de cero: iniciar la investigaci\u00f3n por el -ahora s\u00ed- feminicidio de Karla. Una lucha de siete a\u00f1os termin\u00f3, comienza otra. <\/p>\n<p>\u201cComo mujer hay una luz ah\u00ed. Ya no tenemos que dar esta lucha a oscuras, ya hay una luz para que sea investigada\u201d, dice optimista Esperanza.<\/p>\n<p><a href=\"https:\/\/piedepagina.mx\/por-fin-nos-escucharon-por-fin-nos-creyeron\/\" rel=\"noopener noreferrer\" target=\"_blank\">https:\/\/piedepagina.mx\/por-fin-nos-escucharon-por-fin-nos-creyeron\/<\/a><\/p>\n","protected":false},"excerpt":{"rendered":"<p>Daniela Rea\/Pie de P\u00e1gina 15 noviembre 2019 Karla Pontigo muri\u00f3 en 2012, en el lugar donde trabajaba, en condiciones extra\u00f1as. Su familia ha llevado una lucha para que la Fiscal\u00eda &hellip; <a href=\"https:\/\/www.grieta.org.mx\/index.php\/2019\/11\/15\/por-fin-nos-escucharon-por-fin-nos-creyeron-san-luis-potosi\/\" class=\"more-link\">Leer m\u00e1s<\/a><\/p>\n","protected":false},"author":2,"featured_media":41636,"comment_status":"closed","ping_status":"closed","sticky":false,"template":"","format":"standard","meta":{"ngg_post_thumbnail":0,"_jetpack_newsletter_access":"","_jetpack_dont_email_post_to_subs":false,"_jetpack_newsletter_tier_id":0,"_jetpack_memberships_contains_paywalled_content":false,"_jetpack_memberships_contains_paid_content":false,"footnotes":""},"categories":[80,84,1284,2,29,83],"tags":[753],"class_list":["post-41635","post","type-post","status-publish","format-standard","has-post-thumbnail","hentry","category-cintillo","category-feminicidios","category-feminicidios-en-san-luis-potosi","category-noticias-nacionales","category-san-luis-potosi","category-temas-nacionales","tag-feminicidio","entry"],"jetpack_featured_media_url":"https:\/\/www.grieta.org.mx\/wp-content\/uploads\/2019\/11\/pdp_mariaesperanza_cdmx_mariaruiz00-1140x570.jpg","jetpack_sharing_enabled":true,"jetpack_shortlink":"https:\/\/wp.me\/p7ZJR4-aPx","jetpack_likes_enabled":false,"jetpack-related-posts":[{"id":46428,"url":"https:\/\/www.grieta.org.mx\/index.php\/2020\/03\/10\/marchan-miles-de-mujeres-por-8m-en-san-luis-potosi\/","url_meta":{"origin":41635,"position":0},"title":"Marchan miles de mujeres por 8M en san luis potos\u00ed","author":"grieta","date":"10 marzo, 2020","format":false,"excerpt":"D\u00e1maris Mor\u00e1n\/Diario Contrar\u00e9plica 10 marzo 2020 Con una pancarta camina la mam\u00e1 de Karla Pontigo, mujer asesinada. Salvador Hern\u00e1ndez Encabezadas por las madres de v\u00edctimas de feminicidio, entre ellas la de Karla Pontigo \u2014madre que busca justicia desde hace 8 a\u00f1os\u2014, integrantes de colectivos feministas, mujeres violentadas, como Teresa Carrizales,\u2026","rel":"","context":"En &quot;CINTILLO&quot;","block_context":{"text":"CINTILLO","link":"https:\/\/www.grieta.org.mx\/index.php\/category\/cintillo\/"},"img":{"alt_text":"","src":"https:\/\/i0.wp.com\/www.grieta.org.mx\/wp-content\/uploads\/2020\/03\/daf9c2f8f4c0a035f7a5e509fc438a61.jpg?resize=350%2C200&ssl=1","width":350,"height":200,"srcset":"https:\/\/i0.wp.com\/www.grieta.org.mx\/wp-content\/uploads\/2020\/03\/daf9c2f8f4c0a035f7a5e509fc438a61.jpg?resize=350%2C200&ssl=1 1x, https:\/\/i0.wp.com\/www.grieta.org.mx\/wp-content\/uploads\/2020\/03\/daf9c2f8f4c0a035f7a5e509fc438a61.jpg?resize=525%2C300&ssl=1 1.5x, https:\/\/i0.wp.com\/www.grieta.org.mx\/wp-content\/uploads\/2020\/03\/daf9c2f8f4c0a035f7a5e509fc438a61.jpg?resize=700%2C400&ssl=1 2x"},"classes":[]},{"id":65270,"url":"https:\/\/www.grieta.org.mx\/index.php\/2022\/09\/18\/feminicido-exigen-justicia-para-chuyita-de-14-anos-y-asesinada-en-san-luis-potosi\/","url_meta":{"origin":41635,"position":1},"title":"Feminicido: Exigen justicia para Chuyita, de 14 a\u00f1os y asesinada en San Luis Potos\u00ed","author":"grieta","date":"18 septiembre, 2022","format":false,"excerpt":"Redacci\u00f3n\/SDP Noticias 18 septiembre 2022 Chuyita Lelixia Rodr\u00edguez desapareci\u00f3 el 14 de septiembre cuando se dirig\u00eda la prepa en la comunidad de Derramaderos en Villa de Arista, San Luis Potos\u00ed Con el hashtag Justicia para Chuyita, su familia y la comunidad de Derramaderos en San Luis Potos\u00ed exigen que el\u2026","rel":"","context":"En &quot;CINTILLO&quot;","block_context":{"text":"CINTILLO","link":"https:\/\/www.grieta.org.mx\/index.php\/category\/cintillo\/"},"img":{"alt_text":"","src":"https:\/\/i0.wp.com\/www.grieta.org.mx\/wp-content\/uploads\/2022\/09\/H5NNK33YCRBHFKUH7EPDVYJ6LM.jpg?resize=350%2C200&ssl=1","width":350,"height":200,"srcset":"https:\/\/i0.wp.com\/www.grieta.org.mx\/wp-content\/uploads\/2022\/09\/H5NNK33YCRBHFKUH7EPDVYJ6LM.jpg?resize=350%2C200&ssl=1 1x, https:\/\/i0.wp.com\/www.grieta.org.mx\/wp-content\/uploads\/2022\/09\/H5NNK33YCRBHFKUH7EPDVYJ6LM.jpg?resize=525%2C300&ssl=1 1.5x"},"classes":[]},{"id":42757,"url":"https:\/\/www.grieta.org.mx\/index.php\/2019\/12\/31\/la-capital-de-slp-entre-los-5-municipios-del-pais-con-mas-feminicidios\/","url_meta":{"origin":41635,"position":2},"title":"La capital de SLP, entre los 5 municipios del pa\u00eds con m\u00e1s feminicidios","author":"grieta","date":"31 diciembre, 2019","format":false,"excerpt":"Aumentaron las denuncias por violencia familiar y los delitos sexuales que, dicho sea de paso, afectan principalmente a mujeres menores de edad El Saxof\u00f3n\/La Orquesta 31 diciembre 2019 Al cierre del a\u00f1o San Luis Potos\u00ed capital se ubic\u00f3 en el top cinco de los municipios del pa\u00eds con mayor n\u00famero\u2026","rel":"","context":"En &quot;CINTILLO&quot;","block_context":{"text":"CINTILLO","link":"https:\/\/www.grieta.org.mx\/index.php\/category\/cintillo\/"},"img":{"alt_text":"","src":"https:\/\/i0.wp.com\/www.grieta.org.mx\/wp-content\/uploads\/2020\/01\/para-principal-750x375.jpg?resize=350%2C200&ssl=1","width":350,"height":200,"srcset":"https:\/\/i0.wp.com\/www.grieta.org.mx\/wp-content\/uploads\/2020\/01\/para-principal-750x375.jpg?resize=350%2C200&ssl=1 1x, https:\/\/i0.wp.com\/www.grieta.org.mx\/wp-content\/uploads\/2020\/01\/para-principal-750x375.jpg?resize=525%2C300&ssl=1 1.5x, https:\/\/i0.wp.com\/www.grieta.org.mx\/wp-content\/uploads\/2020\/01\/para-principal-750x375.jpg?resize=700%2C400&ssl=1 2x"},"classes":[]},{"id":43030,"url":"https:\/\/www.grieta.org.mx\/index.php\/2020\/01\/03\/acusan-impunidad-en-feminicidio-de-xiomara-en-san-luis-potosi\/","url_meta":{"origin":41635,"position":3},"title":"Acusan impunidad en feminicidio de Xiomara en San Luis Potos\u00ed","author":"grieta","date":"3 enero, 2020","format":false,"excerpt":"Nancy G\u00f3mez\/SDP Noticias 3 enero 2020 M\u00e9xico.- Xiomara Guadalupe Gonz\u00e1lez Delgado, de 26 a\u00f1os de edad, fue hallada sin vida el 27 de diciembre de 2019 en el Distribuidor Vial Benito Ju\u00e1rez ubicado en San Luis Potos\u00ed capital; seg\u00fan la familia de la joven, su muerte es un feminicidio pues\u2026","rel":"","context":"En &quot;CINTILLO&quot;","block_context":{"text":"CINTILLO","link":"https:\/\/www.grieta.org.mx\/index.php\/category\/cintillo\/"},"img":{"alt_text":"","src":"https:\/\/i0.wp.com\/www.grieta.org.mx\/wp-content\/uploads\/2020\/01\/marcha-xiomara-feminicidio.jpeg?resize=350%2C200&ssl=1","width":350,"height":200,"srcset":"https:\/\/i0.wp.com\/www.grieta.org.mx\/wp-content\/uploads\/2020\/01\/marcha-xiomara-feminicidio.jpeg?resize=350%2C200&ssl=1 1x, https:\/\/i0.wp.com\/www.grieta.org.mx\/wp-content\/uploads\/2020\/01\/marcha-xiomara-feminicidio.jpeg?resize=525%2C300&ssl=1 1.5x"},"classes":[]},{"id":31294,"url":"https:\/\/www.grieta.org.mx\/index.php\/2019\/03\/27\/slp-registra-el-primer-trimestre-del-ano-7-feminicidios-san-luis-potosi\/","url_meta":{"origin":41635,"position":4},"title":"SLP registra el primer trimestre del a\u00f1o 7 feminicidios (San Luis Potos\u00ed)","author":"grieta","date":"27 marzo, 2019","format":false,"excerpt":"Mayra Trist\u00e1n \/ El Sol de San Luis En lo que va del a\u00f1o se han registrado ocho muertes violentas de mujeres, de las cuales siete han sido clasificadas como feminicidio En lo que va del a\u00f1o se han registrado ocho muertes violentas de mujeres, de las cuales siete han\u2026","rel":"","context":"En &quot;CINTILLO&quot;","block_context":{"text":"CINTILLO","link":"https:\/\/www.grieta.org.mx\/index.php\/category\/cintillo\/"},"img":{"alt_text":"","src":"https:\/\/i0.wp.com\/www.grieta.org.mx\/wp-content\/uploads\/2019\/03\/SLP-registra-el-primer-trimestre-del-a%C3%B1o-7-feminicidios-slp-mzo.jpg?resize=350%2C200&ssl=1","width":350,"height":200,"srcset":"https:\/\/i0.wp.com\/www.grieta.org.mx\/wp-content\/uploads\/2019\/03\/SLP-registra-el-primer-trimestre-del-a%C3%B1o-7-feminicidios-slp-mzo.jpg?resize=350%2C200&ssl=1 1x, https:\/\/i0.wp.com\/www.grieta.org.mx\/wp-content\/uploads\/2019\/03\/SLP-registra-el-primer-trimestre-del-a%C3%B1o-7-feminicidios-slp-mzo.jpg?resize=525%2C300&ssl=1 1.5x, https:\/\/i0.wp.com\/www.grieta.org.mx\/wp-content\/uploads\/2019\/03\/SLP-registra-el-primer-trimestre-del-a%C3%B1o-7-feminicidios-slp-mzo.jpg?resize=700%2C400&ssl=1 2x"},"classes":[]},{"id":42033,"url":"https:\/\/www.grieta.org.mx\/index.php\/2019\/11\/29\/por-feminicidios-70-casos-de-orfandad-en-san-luis-potosi\/","url_meta":{"origin":41635,"position":5},"title":"Por feminicidios 70 casos de orfandad en San Luis Potos\u00ed","author":"grieta","date":"29 noviembre, 2019","format":false,"excerpt":"Tan s\u00f3lo el fin de semana, una mujer asesinada dej\u00f3 a cinco ni\u00f1os hu\u00e9rfanos, revela el comisionado presidente Jorge Vega Arroyo Raymundo Rocha\/El Sol de San Luis 29 noviembre 2019 En San Luis Potos\u00ed se atienden 70 casos de orfandad por feminicidios, de ni\u00f1os menores de 12 a\u00f1os. En entrevista\u2026","rel":"","context":"En &quot;CINTILLO&quot;","block_context":{"text":"CINTILLO","link":"https:\/\/www.grieta.org.mx\/index.php\/category\/cintillo\/"},"img":{"alt_text":"","src":"https:\/\/i0.wp.com\/www.grieta.org.mx\/wp-content\/uploads\/2019\/12\/feminicidio.jpg?resize=350%2C200&ssl=1","width":350,"height":200,"srcset":"https:\/\/i0.wp.com\/www.grieta.org.mx\/wp-content\/uploads\/2019\/12\/feminicidio.jpg?resize=350%2C200&ssl=1 1x, https:\/\/i0.wp.com\/www.grieta.org.mx\/wp-content\/uploads\/2019\/12\/feminicidio.jpg?resize=525%2C300&ssl=1 1.5x, https:\/\/i0.wp.com\/www.grieta.org.mx\/wp-content\/uploads\/2019\/12\/feminicidio.jpg?resize=700%2C400&ssl=1 2x"},"classes":[]}],"_links":{"self":[{"href":"https:\/\/www.grieta.org.mx\/index.php\/wp-json\/wp\/v2\/posts\/41635","targetHints":{"allow":["GET"]}}],"collection":[{"href":"https:\/\/www.grieta.org.mx\/index.php\/wp-json\/wp\/v2\/posts"}],"about":[{"href":"https:\/\/www.grieta.org.mx\/index.php\/wp-json\/wp\/v2\/types\/post"}],"author":[{"embeddable":true,"href":"https:\/\/www.grieta.org.mx\/index.php\/wp-json\/wp\/v2\/users\/2"}],"replies":[{"embeddable":true,"href":"https:\/\/www.grieta.org.mx\/index.php\/wp-json\/wp\/v2\/comments?post=41635"}],"version-history":[{"count":1,"href":"https:\/\/www.grieta.org.mx\/index.php\/wp-json\/wp\/v2\/posts\/41635\/revisions"}],"predecessor-version":[{"id":41637,"href":"https:\/\/www.grieta.org.mx\/index.php\/wp-json\/wp\/v2\/posts\/41635\/revisions\/41637"}],"wp:featuredmedia":[{"embeddable":true,"href":"https:\/\/www.grieta.org.mx\/index.php\/wp-json\/wp\/v2\/media\/41636"}],"wp:attachment":[{"href":"https:\/\/www.grieta.org.mx\/index.php\/wp-json\/wp\/v2\/media?parent=41635"}],"wp:term":[{"taxonomy":"category","embeddable":true,"href":"https:\/\/www.grieta.org.mx\/index.php\/wp-json\/wp\/v2\/categories?post=41635"},{"taxonomy":"post_tag","embeddable":true,"href":"https:\/\/www.grieta.org.mx\/index.php\/wp-json\/wp\/v2\/tags?post=41635"}],"curies":[{"name":"wp","href":"https:\/\/api.w.org\/{rel}","templated":true}]}}