{"id":41625,"date":"2019-11-27T00:19:38","date_gmt":"2019-11-27T06:19:38","guid":{"rendered":"http:\/\/www.grieta.org.mx\/?p=41625"},"modified":"2019-11-28T00:30:41","modified_gmt":"2019-11-28T06:30:41","slug":"artistas-llevan-8-meses-sin-pago-de-cultura-cdmx","status":"publish","type":"post","link":"https:\/\/www.grieta.org.mx\/index.php\/2019\/11\/27\/artistas-llevan-8-meses-sin-pago-de-cultura-cdmx\/","title":{"rendered":"Artistas llevan 8 meses sin pago de Cultura CDMX"},"content":{"rendered":"<p><img loading=\"lazy\" decoding=\"async\" data-attachment-id=\"41626\" data-permalink=\"https:\/\/www.grieta.org.mx\/index.php\/2019\/11\/27\/artistas-llevan-8-meses-sin-pago-de-cultura-cdmx\/artistas-llevan-8-meses-sin-pago-de-cultura-cdmx-nov\/\" data-orig-file=\"https:\/\/www.grieta.org.mx\/wp-content\/uploads\/2019\/11\/Artistas-llevan-8-meses-sin-pago-de-Cultura-CDMX-nov.jpg\" data-orig-size=\"287,176\" data-comments-opened=\"0\" data-image-meta=\"{&quot;aperture&quot;:&quot;0&quot;,&quot;credit&quot;:&quot;&quot;,&quot;camera&quot;:&quot;&quot;,&quot;caption&quot;:&quot;&quot;,&quot;created_timestamp&quot;:&quot;0&quot;,&quot;copyright&quot;:&quot;&quot;,&quot;focal_length&quot;:&quot;0&quot;,&quot;iso&quot;:&quot;0&quot;,&quot;shutter_speed&quot;:&quot;0&quot;,&quot;title&quot;:&quot;&quot;,&quot;orientation&quot;:&quot;0&quot;}\" data-image-title=\"Artistas llevan 8 meses sin pago de Cultura CDMX nov\" data-image-description=\"\" data-image-caption=\"\" data-medium-file=\"https:\/\/www.grieta.org.mx\/wp-content\/uploads\/2019\/11\/Artistas-llevan-8-meses-sin-pago-de-Cultura-CDMX-nov.jpg\" data-large-file=\"https:\/\/www.grieta.org.mx\/wp-content\/uploads\/2019\/11\/Artistas-llevan-8-meses-sin-pago-de-Cultura-CDMX-nov.jpg\" class=\"aligncenter wp-image-41626\" src=\"http:\/\/www.grieta.org.mx\/wp-content\/uploads\/2019\/11\/Artistas-llevan-8-meses-sin-pago-de-Cultura-CDMX-nov.jpg\" alt=\"\" width=\"540\" height=\"331\" \/><br \/>\n<em>Foto: Estudio ALOS&amp;PONCE<\/em><\/p>\n<p>Alida Pi\u00f1\u00f3n \/ El Universal<\/p>\n<blockquote><p>Trabajadores del Sistema de Teatros, de Grandes Festivales y de la red de Faros se dicen indignados. Autoridad promete saldar la deuda antes de fin de a\u00f1o<\/p><\/blockquote>\n<p>Cientos de artistas y talleristas que han trabajado con la Secretar\u00eda de Cultura de la Ciudad de M\u00e9xico a trav\u00e9s del Sistema de Teatros, el programa Grandes Festivales de la Ciudad de M\u00e9xico y la red de Faros, denuncian que no han cobrado por su trabajo. El retraso en los pagos, coinciden, no es nuevo, pero s\u00ed es la primera vez que los adeudos registran hasta ocho meses de atraso. El secretario de Cultura, Alfonso Su\u00e1rez del Real, asegura que el adeudo ronda los 4 millones y se liquidar\u00e1 antes de concluir el a\u00f1o con \u201clas disculpas\u201d necesarias.<\/p>\n<p>El Sistema de Teatros es una de las dependencias que registra el mayor n\u00famero de deudas, pues no ha pagado a los creativos de 91 puestas en escena que fueron seleccionados por convocatoria en la Programaci\u00f3n de Artes Esc\u00e9nicas 2019. Uno de los afectados es el core\u00f3grafo Manuel Ballesteros, quien ofreci\u00f3 en julio pasado el espect\u00e1culo NORTEarte y est\u00e1 a la espera de un pago de 10 mil pesos por una funci\u00f3n, frente a los 90 mil que tuvo que invertir. \u201cUno tiene el sue\u00f1o de pisar espacios como el Teatro de la Ciudad, pero la verdad es que la experiencia no fue buena, tuve que invertir en iluminaci\u00f3n, en difusi\u00f3n, en otra serie de cosas, y encima no nos pagan\u201d, dice.<\/p>\n<p>Andr\u00f3meda Mej\u00eda particip\u00f3 con el montaje Ropa Sucia, que se present\u00f3 en junio en el Teatro Sergio Maga\u00f1a. \u201cLa demora sol\u00eda ser de cinco meses, pero ahora los retrasos son mucho m\u00e1s graves. Ya sali\u00f3 la programaci\u00f3n del pr\u00f3ximo a\u00f1o y es como para avisarles que se esperen a cobrar en un a\u00f1o; no es justo, los artistas juntamos por aqu\u00ed y por all\u00e1, un s\u00f3lo retraso signi\u00a6ca mucho para nosotros\u201d, advierte.<\/p>\n<p>Alan Uribe y Juan Carlos Franco, director de escena y dramaturgo de la obra So\u00f1\u00e9 una ciudad amurallada, que se present\u00f3 en abril en el Teatro Benito Ju\u00e1rez, coinciden con Mej\u00eda. \u201cLo que no entendemos es por qu\u00e9 se siguen presentando festivales, apareciendo convocatorias y no han podido resolver lo de este a\u00f1o. No sentimos que haya qui\u00e9n de\u00a6enda nuestra pago. Cumplimos con todos los requisitos, con los cientos de documentos, entregamos un trabajo de calidad. El Sistema de Teatros otorga un pago \u00fanico de 60 mil pesos para que se lleve a cabo la temporada, es realmente simb\u00f3lico en t\u00e9rminos de producci\u00f3n. Como representante de Juego teatro, lo que estamos demandando es que se nos pague para que nosotros podamos pagar a nuestros creativos. Hemos sido muy emp\u00e1ticos, pero hemos llegado al l\u00edmite\u201d, dice Uribe.<\/p>\n<p>F\u00e9lix Arroyo, director de la compa\u00f1\u00eda La caja de Teatro, que se present\u00f3 en marzo en el Teatro Benito Ju\u00e1rez con la obra Pr\u00edncipe y Pr\u00edncipe, asegura que est\u00e1n tratando de organizarse para tener un mayor impacto en sus demandas. \u201cYa nos dieron lo de taquillas, que en realidad es simb\u00f3lico, pero nos adeudan alrededor de 60 mil. Estoy seguro que hay contratistas que no soportar\u00edan un a\u00f1o sin pago, \u00bfpor qu\u00e9 los artistas s\u00ed nos tenemos que acostumbrar a esto?\u201d, lamenta.<\/p>\n<p>Otro caso grave por falta de pagos es el Festival Esc\u00e9nica, uno de los 14 anunciados por Claudia Sheinbaum, y uno de los m\u00e1s grandes que se han llevado a cabo con 120 actividades y m\u00e1s de 400 artistas invitados, 40 compa\u00f1\u00edas nacionales e internacionales, y talleres y clases magistrales.<\/p>\n<p>Alicia Laguna fue una de las curadoras del festival, junto con Claudia Lavista, Claudio Vald\u00e9s Kuri, Soshana Polanco, Gabriela de la Garza y David Gait\u00e1n.<\/p>\n<p>\u201cLa explicaci\u00f3n por el retraso es que hay un ator\u00f3n administrativo. Nos piden disculpas y nos dicen que nos avisar\u00e1n, pero pensemos en una compa\u00f1\u00eda que est\u00e1 esperando 30 mil pesos para todo su equipo, despu\u00e9s de tantos meses ese dinero se va para liquidar las deudas que se generaron, es terrible. Todos los curadores estamos indignados, no es mucho lo que dar\u00e1n, son 35 mil pesos por un trabajo de ocho meses. Lo trabajamos y lo justo es que se nos pague\u201d, dice Laguna.<\/p>\n<p>Redise\u00f1o de apoyos<\/p>\n<p>El director de escena Abraham Oceransky, galardonado con el Premio Nacional de Ciencias y Artes, particip\u00f3 en los talleres que ofrecieron en Esc\u00e9nica. \u201cFue un gran festival, pero muchos nos quedamos sin recibir nada, nadie nos contest\u00f3, alguien no hizo bien su presupuesto. Con la corrupci\u00f3n pueden pasar muchas cosas como esta y muchas otras cosas peores, por eso creo que se tiene que hacer un redise\u00f1o de apoyos a la cultura\u201d.<\/p>\n<p>Tampoco han recibido pago los coordinadores de la red de Faros, alrededor de 30 personas que no han cobrado en cuatro meses, cuyos sueldos est\u00e1n entre los 10 y 12 mil pesos en esquema de honorarios.<\/p>\n<p>Este a\u00f1o se realiz\u00f3 una estrategia entre la Secretar\u00eda de Cultura, la de Turismo y el Fondo Mixto de Promoci\u00f3n Tur\u00edstica para uni\u00a6car actividades relacionadas con el Sistema de Teatros y Grandes festivales.<\/p>\n<p>El secretario de Cultura de la ciudad asegura que los pagos tanto de quienes est\u00e1n a la espera en el Sistema de Teatros, como en Grandes festivales, se saldar\u00e1n antes de que concluya el a\u00f1o. \u201cYa recib\u00ed informaci\u00f3n de que se est\u00e1 autorizando una ampliaci\u00f3n presupuestal para pagar todo lo pendiente. Hay que recordar que en el tema de los grandes festivales interviene el Fondo Mixto y se hizo una primera licitaci\u00f3n, pero se requiere hacer una ampliaci\u00f3n y ya se autoriz\u00f3, antes de \u00a6n de a\u00f1o quedar\u00e1 saldado con la disculpa hacia todos los elencos que han tenido la paciencia; fue un asunto netamente administrativo y financiero. La experiencia es la mejor maestra y ya nos estamos sentando para ubicar los conflictos y los puntos de tensi\u00f3n, para que podamos ver que no es lo mismo organizar un festival que una campa\u00f1a de promoci\u00f3n tur\u00edstica\u201d.<\/p>\n<p>Respecto a los talleristas indic\u00f3 que el retraso se debe a que hay un cambio en el esquema de contrataci\u00f3n. \u201cYa se est\u00e1 resolviendo. Y hay otro grupo de talleristas que son alrededor de 70 y est\u00e1n por recibir una tarjeta de apoyo\u201d.<\/p>\n<p><a href=\"https:\/\/www.eluniversal.com.mx\/cultura\/artistas-llevan-8-meses-sin-pago-de-cultura-cdmx\" target=\"_blank\" rel=\"noopener noreferrer\">https:\/\/www.eluniversal.com.mx\/cultura\/artistas-llevan-8-meses-sin-pago-de-cultura-cdmx<\/a><\/p>\n","protected":false},"excerpt":{"rendered":"<p>Foto: Estudio ALOS&amp;PONCE Alida Pi\u00f1\u00f3n \/ El Universal Trabajadores del Sistema de Teatros, de Grandes Festivales y de la red de Faros se dicen indignados. Autoridad promete saldar la deuda &hellip; <a href=\"https:\/\/www.grieta.org.mx\/index.php\/2019\/11\/27\/artistas-llevan-8-meses-sin-pago-de-cultura-cdmx\/\" class=\"more-link\">Leer m\u00e1s<\/a><\/p>\n","protected":false},"author":2,"featured_media":41626,"comment_status":"closed","ping_status":"closed","sticky":false,"template":"","format":"standard","meta":{"ngg_post_thumbnail":0,"_jetpack_newsletter_access":"","_jetpack_dont_email_post_to_subs":false,"_jetpack_newsletter_tier_id":0,"_jetpack_memberships_contains_paywalled_content":false,"_jetpack_memberships_contains_paid_content":false,"footnotes":""},"categories":[80,14,1080,1225,910,2,2119,83],"tags":[1291,1290,1142],"class_list":["post-41625","post","type-post","status-publish","format-standard","has-post-thumbnail","hentry","category-cintillo","category-ciudad-de-mexico","category-conflictos-laborales-en-la-ciudad-de-mexico","category-explotacion-laboral-en-la-ciudad-de-mexico","category-explotacion-y-precariedad-laboral","category-noticias-nacionales","category-precarizacion-de-las-condiciones-laborales-en-la-ciudad-de-mexico","category-temas-nacionales","tag-explotacion-laboral","tag-precariedad-laboral","tag-trabajadores-de-la-cultura","entry"],"jetpack_featured_media_url":"https:\/\/www.grieta.org.mx\/wp-content\/uploads\/2019\/11\/Artistas-llevan-8-meses-sin-pago-de-Cultura-CDMX-nov.jpg","jetpack_sharing_enabled":true,"jetpack_shortlink":"https:\/\/wp.me\/p7ZJR4-aPn","jetpack_likes_enabled":false,"jetpack-related-posts":[{"id":41909,"url":"https:\/\/www.grieta.org.mx\/index.php\/2019\/12\/03\/amenazan-con-protestas-en-la-secretaria-de-cultura-de-la-cdmx\/","url_meta":{"origin":41625,"position":0},"title":"Amenazan con protestas en la Secretar\u00eda de Cultura de la CDMX","author":"grieta","date":"3 diciembre, 2019","format":false,"excerpt":"Alida Pi\u00f1\u00f3n \/ El Universal Ante la falta de pago en Faros y otros programas, trabajadores realizan paros escalonados Talleristas y coordinadores de la red F\u00e1bricas de Artes y Oficios (Faros) de la Ciudad de M\u00e9xico, as\u00ed como de los programas Festivales e Intervenciones Comunitarios (Festivales de Barrio) y Talleres\u2026","rel":"","context":"En &quot;CINTILLO&quot;","block_context":{"text":"CINTILLO","link":"https:\/\/www.grieta.org.mx\/index.php\/category\/cintillo\/"},"img":{"alt_text":"","src":"https:\/\/i0.wp.com\/www.grieta.org.mx\/wp-content\/uploads\/2019\/12\/Amenazan-con-protestas-en-la-Secretar%C3%ADa-de-Cultura-cdmx-dic.jpg?resize=350%2C200","width":350,"height":200},"classes":[]},{"id":42525,"url":"https:\/\/www.grieta.org.mx\/index.php\/2019\/12\/23\/bloquean-artistas-accesos-a-palacio-nacional-ante-adeudos-ciudad-de-mexico\/","url_meta":{"origin":41625,"position":1},"title":"Bloquean artistas accesos a Palacio Nacional ante adeudos (Ciudad de M\u00e9xico)","author":"grieta","date":"23 diciembre, 2019","format":false,"excerpt":"La Silla Rota Los inconformes dicen que con la falta de pagos se vulneran los derechos culturales\u00a0de todos los mexicanos Un grupo de artistas y trabajadores en dependencias culturales bloquean la\u00a0ma\u00f1ana de este lunes los accesos a Palacio Nacional para exigir pagos\u00a0pendientes. Los manifestantes llegaron desde las 6:00 de la\u2026","rel":"","context":"En &quot;CINTILLO&quot;","block_context":{"text":"CINTILLO","link":"https:\/\/www.grieta.org.mx\/index.php\/category\/cintillo\/"},"img":{"alt_text":"","src":"https:\/\/i0.wp.com\/www.grieta.org.mx\/wp-content\/uploads\/2019\/12\/VIDEOS-Bloquean-artistas-cdmx-dic.jpg?resize=350%2C200","width":350,"height":200},"classes":[]},{"id":50038,"url":"https:\/\/www.grieta.org.mx\/index.php\/2020\/05\/28\/mueren-trabajadores-de-limpia-de-la-ciudad-de-mexico-por-covid-19-sin-apoyo-ni-reconocimiento\/","url_meta":{"origin":41625,"position":2},"title":"Mueren trabajadores de limpia de la Ciudad de M\u00e9xico por COVID-19 sin apoyo, ni reconocimiento","author":"grieta","date":"28 mayo, 2020","format":false,"excerpt":"Imagen tomada de: http:\/\/cdmx.com\/ CDMX.COM Los trabajadores de limpia de la capital arriesgan su salud y la de sus familias al salir a las calles a recopilar la basura que generamos todos en camiones recolectores y por barrido. CDMX.COM entrevist\u00f3 a varios trabajadores de limpia y pudimos constatar que la\u2026","rel":"","context":"En &quot;CINTILLO&quot;","block_context":{"text":"CINTILLO","link":"https:\/\/www.grieta.org.mx\/index.php\/category\/cintillo\/"},"img":{"alt_text":"","src":"https:\/\/i0.wp.com\/www.grieta.org.mx\/wp-content\/uploads\/2020\/05\/Mueren-trabajadores-de-limpia-de-la-ciudad-de-M%C3%A9xico-por-COVID-19-sin-apoyo-ni-reconocimiento-cdmx-may.jpeg?resize=350%2C200&ssl=1","width":350,"height":200,"srcset":"https:\/\/i0.wp.com\/www.grieta.org.mx\/wp-content\/uploads\/2020\/05\/Mueren-trabajadores-de-limpia-de-la-ciudad-de-M%C3%A9xico-por-COVID-19-sin-apoyo-ni-reconocimiento-cdmx-may.jpeg?resize=350%2C200&ssl=1 1x, https:\/\/i0.wp.com\/www.grieta.org.mx\/wp-content\/uploads\/2020\/05\/Mueren-trabajadores-de-limpia-de-la-ciudad-de-M%C3%A9xico-por-COVID-19-sin-apoyo-ni-reconocimiento-cdmx-may.jpeg?resize=525%2C300&ssl=1 1.5x"},"classes":[]},{"id":40522,"url":"https:\/\/www.grieta.org.mx\/index.php\/2019\/10\/25\/sindicato-de-trabajadores-del-instituto-de-educacion-media-superior-emplazan-a-huelga-ciudad-de-mexico\/","url_meta":{"origin":41625,"position":3},"title":"Sindicato de trabajadores del Instituto de Educaci\u00f3n Media Superior emplazan a huelga (Ciudad de M\u00e9xico)","author":"grieta","date":"25 octubre, 2019","format":false,"excerpt":"\u00a0 La Izquierda Diario de M\u00e9xico El Sindicato pidi\u00f3 crear oportunamente plazas para los nuevos planteles y basificar a los profesores de modalidad semiescolar El Sindicato de la Uni\u00f3n de Trabajadores del Instituto de Educaci\u00f3n Media Superior (Sutiems) emplaz\u00f3 a huelga el pr\u00f3ximo 5 de noviembre. Hizo un llamado a\u2026","rel":"","context":"En &quot;CINTILLO&quot;","block_context":{"text":"CINTILLO","link":"https:\/\/www.grieta.org.mx\/index.php\/category\/cintillo\/"},"img":{"alt_text":"","src":"https:\/\/i0.wp.com\/www.grieta.org.mx\/wp-content\/uploads\/2019\/10\/Sindicato-de-trabajadores-del-Instituto-de-Educaci%C3%B3n-Media-Superior-emplazan-a-huelga-cdmx-oct.jpg?resize=350%2C200&ssl=1","width":350,"height":200},"classes":[]},{"id":45204,"url":"https:\/\/www.grieta.org.mx\/index.php\/2020\/02\/25\/por-violaciones-a-su-contrato-trabajadores-de-la-facultad-de-economia-realizaron-bloqueo-ciudad-de-mexico\/","url_meta":{"origin":41625,"position":4},"title":"Por violaciones a su contrato, trabajadores de la Facultad de Econom\u00eda realizaron bloqueo (Ciudad de M\u00e9xico)","author":"grieta","date":"25 febrero, 2020","format":false,"excerpt":"Fotograf\u00eda: Laura Gallegos Miriam Hern\u00e1ndez, trabajadora de la UNAM \/ La Izquierda Diario de M\u00e9xico Trabajadores de la Facultad de Econom\u00eda bloquean circuito en CU de la UNAM Este 25 de febrero trabajadores administrativos de la Facultad de Econom\u00eda, en acuerdo de asamblea, determinaron manifestarse cerrando circuito escolar a la\u2026","rel":"","context":"En &quot;CINTILLO&quot;","block_context":{"text":"CINTILLO","link":"https:\/\/www.grieta.org.mx\/index.php\/category\/cintillo\/"},"img":{"alt_text":"","src":"https:\/\/i0.wp.com\/www.grieta.org.mx\/wp-content\/uploads\/2020\/02\/Por-violaciones-a-su-contrato-trabajadores-de-la-Facultad-de-Econom%C3%ADa-realizaron-bloqueo-cdmx-feb.jpg?resize=350%2C200&ssl=1","width":350,"height":200,"srcset":"https:\/\/i0.wp.com\/www.grieta.org.mx\/wp-content\/uploads\/2020\/02\/Por-violaciones-a-su-contrato-trabajadores-de-la-Facultad-de-Econom%C3%ADa-realizaron-bloqueo-cdmx-feb.jpg?resize=350%2C200&ssl=1 1x, https:\/\/i0.wp.com\/www.grieta.org.mx\/wp-content\/uploads\/2020\/02\/Por-violaciones-a-su-contrato-trabajadores-de-la-Facultad-de-Econom%C3%ADa-realizaron-bloqueo-cdmx-feb.jpg?resize=525%2C300&ssl=1 1.5x, https:\/\/i0.wp.com\/www.grieta.org.mx\/wp-content\/uploads\/2020\/02\/Por-violaciones-a-su-contrato-trabajadores-de-la-Facultad-de-Econom%C3%ADa-realizaron-bloqueo-cdmx-feb.jpg?resize=700%2C400&ssl=1 2x"},"classes":[]},{"id":40518,"url":"https:\/\/www.grieta.org.mx\/index.php\/2019\/10\/25\/chatarreros-y-recolectores-de-basura-asfixian-accesos-a-cdmx-van-contra-ley-de-reciclaje-ciudad-de-mexico\/","url_meta":{"origin":41625,"position":5},"title":"Chatarreros y recolectores de basura asfixian accesos a CDMX; van contra Ley de Reciclaje (Ciudad de M\u00e9xico)","author":"grieta","date":"25 octubre, 2019","format":false,"excerpt":"El Gr\u00e1fico Los inconformes exigen a legisladores no aprobar propuesta del Verde que podr\u00eda dejar sin empleo a 6 mil familias Chatarreros y recolectores de basura realizaron bloqueos parciales y totales en las autopistas M\u00e9xico-Quer\u00e9taro, Toluca y Pachuca, as\u00ed como en Naucalpan y Atlacomulco, con lo que asfixiaron los accesos\u2026","rel":"","context":"En &quot;CINTILLO&quot;","block_context":{"text":"CINTILLO","link":"https:\/\/www.grieta.org.mx\/index.php\/category\/cintillo\/"},"img":{"alt_text":"","src":"https:\/\/i0.wp.com\/www.grieta.org.mx\/wp-content\/uploads\/2019\/10\/Chatarreros-y-recolectores-de-basura-asfixian-accesos-a-CDMX-van-contra-ley-de-riciclaje-cdmx-oct.jpg?resize=350%2C200","width":350,"height":200},"classes":[]}],"_links":{"self":[{"href":"https:\/\/www.grieta.org.mx\/index.php\/wp-json\/wp\/v2\/posts\/41625","targetHints":{"allow":["GET"]}}],"collection":[{"href":"https:\/\/www.grieta.org.mx\/index.php\/wp-json\/wp\/v2\/posts"}],"about":[{"href":"https:\/\/www.grieta.org.mx\/index.php\/wp-json\/wp\/v2\/types\/post"}],"author":[{"embeddable":true,"href":"https:\/\/www.grieta.org.mx\/index.php\/wp-json\/wp\/v2\/users\/2"}],"replies":[{"embeddable":true,"href":"https:\/\/www.grieta.org.mx\/index.php\/wp-json\/wp\/v2\/comments?post=41625"}],"version-history":[{"count":1,"href":"https:\/\/www.grieta.org.mx\/index.php\/wp-json\/wp\/v2\/posts\/41625\/revisions"}],"predecessor-version":[{"id":41627,"href":"https:\/\/www.grieta.org.mx\/index.php\/wp-json\/wp\/v2\/posts\/41625\/revisions\/41627"}],"wp:featuredmedia":[{"embeddable":true,"href":"https:\/\/www.grieta.org.mx\/index.php\/wp-json\/wp\/v2\/media\/41626"}],"wp:attachment":[{"href":"https:\/\/www.grieta.org.mx\/index.php\/wp-json\/wp\/v2\/media?parent=41625"}],"wp:term":[{"taxonomy":"category","embeddable":true,"href":"https:\/\/www.grieta.org.mx\/index.php\/wp-json\/wp\/v2\/categories?post=41625"},{"taxonomy":"post_tag","embeddable":true,"href":"https:\/\/www.grieta.org.mx\/index.php\/wp-json\/wp\/v2\/tags?post=41625"}],"curies":[{"name":"wp","href":"https:\/\/api.w.org\/{rel}","templated":true}]}}