{"id":41610,"date":"2019-11-22T23:13:26","date_gmt":"2019-11-23T05:13:26","guid":{"rendered":"http:\/\/www.grieta.org.mx\/?p=41610"},"modified":"2019-11-27T23:29:49","modified_gmt":"2019-11-28T05:29:49","slug":"prepa-5-en-paro-ante-falta-de-respuesta-a-denuncias-de-violencia-de-genero-ciudad-de-mexico","status":"publish","type":"post","link":"https:\/\/www.grieta.org.mx\/index.php\/2019\/11\/22\/prepa-5-en-paro-ante-falta-de-respuesta-a-denuncias-de-violencia-de-genero-ciudad-de-mexico\/","title":{"rendered":"Prepa 5: en paro ante falta de respuesta a denuncias de violencia de g\u00e9nero (Ciudad de M\u00e9xico)"},"content":{"rendered":"<p><img loading=\"lazy\" decoding=\"async\" data-attachment-id=\"41611\" data-permalink=\"https:\/\/www.grieta.org.mx\/index.php\/2019\/11\/22\/prepa-5-en-paro-ante-falta-de-respuesta-a-denuncias-de-violencia-de-genero-ciudad-de-mexico\/prepa-5-en-paro-ante-falta-de-respuesta-a-denuncias-de-violencia-de-genero-cdmx-nov\/\" data-orig-file=\"https:\/\/www.grieta.org.mx\/wp-content\/uploads\/2019\/11\/Prepa-5-en-paro-ante-falta-de-respuesta-a-denuncias-de-violencia-de-g\u00e9nero-cdmx-nov.jpg\" data-orig-size=\"870,522\" data-comments-opened=\"0\" data-image-meta=\"{&quot;aperture&quot;:&quot;0&quot;,&quot;credit&quot;:&quot;&quot;,&quot;camera&quot;:&quot;&quot;,&quot;caption&quot;:&quot;&quot;,&quot;created_timestamp&quot;:&quot;0&quot;,&quot;copyright&quot;:&quot;&quot;,&quot;focal_length&quot;:&quot;0&quot;,&quot;iso&quot;:&quot;0&quot;,&quot;shutter_speed&quot;:&quot;0&quot;,&quot;title&quot;:&quot;&quot;,&quot;orientation&quot;:&quot;1&quot;}\" data-image-title=\"Prepa 5 en paro ante falta de respuesta a denuncias de violencia de g\u00e9nero cdmx nov\" data-image-description=\"\" data-image-caption=\"\" data-medium-file=\"https:\/\/www.grieta.org.mx\/wp-content\/uploads\/2019\/11\/Prepa-5-en-paro-ante-falta-de-respuesta-a-denuncias-de-violencia-de-g\u00e9nero-cdmx-nov-300x180.jpg\" data-large-file=\"https:\/\/www.grieta.org.mx\/wp-content\/uploads\/2019\/11\/Prepa-5-en-paro-ante-falta-de-respuesta-a-denuncias-de-violencia-de-g\u00e9nero-cdmx-nov.jpg\" class=\"aligncenter size-full wp-image-41611\" src=\"http:\/\/www.grieta.org.mx\/wp-content\/uploads\/2019\/11\/Prepa-5-en-paro-ante-falta-de-respuesta-a-denuncias-de-violencia-de-g\u00e9nero-cdmx-nov.jpg\" alt=\"\" width=\"870\" height=\"522\" srcset=\"https:\/\/www.grieta.org.mx\/wp-content\/uploads\/2019\/11\/Prepa-5-en-paro-ante-falta-de-respuesta-a-denuncias-de-violencia-de-g\u00e9nero-cdmx-nov.jpg 870w, https:\/\/www.grieta.org.mx\/wp-content\/uploads\/2019\/11\/Prepa-5-en-paro-ante-falta-de-respuesta-a-denuncias-de-violencia-de-g\u00e9nero-cdmx-nov-300x180.jpg 300w, https:\/\/www.grieta.org.mx\/wp-content\/uploads\/2019\/11\/Prepa-5-en-paro-ante-falta-de-respuesta-a-denuncias-de-violencia-de-g\u00e9nero-cdmx-nov-768x461.jpg 768w, https:\/\/www.grieta.org.mx\/wp-content\/uploads\/2019\/11\/Prepa-5-en-paro-ante-falta-de-respuesta-a-denuncias-de-violencia-de-g\u00e9nero-cdmx-nov-833x500.jpg 833w\" sizes=\"auto, (max-width: 870px) 100vw, 870px\" \/><br \/>\nIxtlix\u00f3chitl L\u00f3pez \/ Proceso<\/p>\n<blockquote><p>CIUDAD DE M\u00c9XICO (apro).- Ante la indolencia de las autoridades universitarias para atender las denuncias de acoso y abuso sexual cometidos por profesores, estudiantes de la Escuela Nacional Preparatoria No. 5 \u201cJos\u00e9 Vasconcelos\u201d tomaron las instalaciones del plantel y anunciaron que permanecer\u00e1n en paro una semana.<\/p><\/blockquote>\n<p>En asamblea convocada por colectivos feministas, los alumnos decidieron suspender las actividades y citar a los directivos del plantel a una mesa de di\u00e1logo el pr\u00f3ximo lunes 25 de noviembre en punto de las 12:50 horas a fin de obtener una soluci\u00f3n efectiva.<\/p>\n<p>La protesta se da luego de que ayer por la tarde, varias alumnas encapuchadas decidieron presentarse a la oficina jur\u00eddica del centro educativo para exigir la renuncia del abogado titular Gerardo Palencia, a quien las autoridades se hab\u00edan comprometido a suspender por no atender las denuncias de acoso.<\/p>\n<p>Sin embargo, al momento de llegar a la oficina y despu\u00e9s de intentar entrar por la fuerza, las j\u00f3venes fueron repelidas por otro de los estudiantes que activ\u00f3 un extintor y lo roci\u00f3 contra ellas.<\/p>\n<p>Tras el incidente, una de las alumnas present\u00f3 afectaciones en su sistema respiratorio, por lo que tuvo que ser trasladada al hospital, donde se reporta estable.<\/p>\n<p>En la reuni\u00f3n, las mujeres evidenciaron su hartazgo ante una problem\u00e1tica que llevan denunciando desde que inici\u00f3 el ciclo escolar y que la directora Velia Carrillo Garc\u00eda no ha podido resolver.<\/p>\n<p>En respuesta, la instituci\u00f3n emiti\u00f3 un comunicado en el que reiter\u00f3 su disposici\u00f3n para lograr una soluci\u00f3n pronta y justa a las peticiones de cese y atenci\u00f3n a cualquier caso de violencia de g\u00e9nero que afecte a la comunidad.<\/p>\n<p>No obstante, asegur\u00f3 que su deber era reprobar \u201ctotalmente\u201d cualquier acto de violencia, dentro y fuera de las instalaciones, por lo que exhort\u00f3 a las inconformes a privilegiar el di\u00e1logo, evitando perjuicios a las personas e instalaciones del plantel.<\/p>\n<p>Alumnos de la Prepa 5 denunciaron que grupos feministas que realizaron pintas y destrozos en las instalaciones.<\/p>\n<p>En otro hecho, un grupo de encapuchados intent\u00f3 tomar esta tarde el Colegio de Ciencias y Humanidades (CCH) Sur, pero fueron expulsados por personal y algunos estudiantes del plantel, por lo que las clases se desarrollaron con normalidad.<\/p>\n<p>Respuesta de las autoridades en Filosof\u00eda y Letras<\/p>\n<p>La direcci\u00f3n de la Facultad de Filosof\u00eda y Letras (FFyL) p\u00fablico esta tarde su respuesta al pliego petitorio que las estudiantes entregaron el mi\u00e9rcoles 20 de noviembre, con la finalidad de reanudar las actividades acad\u00e9micas que se mantienen suspendidas desde el pasado 4 de noviembre.<\/p>\n<p>En el documento, las autoridades universitarias se comprometieron a enviar la propuesta de modificaci\u00f3n de los art\u00edculos 95, 98 y 99 del Estatuto General de la universidad al consejo universitario, con la finalidad de incorporar la violencia de g\u00e9nero como falta grave de responsabilidad.<\/p>\n<p>No obstante, negaron la destituci\u00f3n del secretario general Ricardo Alberto Garc\u00eda, por no existir ninguna denuncia formal en su contra y aceptaron remover de la jefatura de la Oficina Jur\u00eddica a Jes\u00fas Ju\u00e1rez Gonz\u00e1lez.<\/p>\n<p>Tambi\u00e9n aceptaron crear una Unidad de Atenci\u00f3n de Denuncia de Violencia de G\u00e9nero (UNAVG) en la FFyL, integrada por una abogada y psic\u00f3loga; transformar la que existe en una unidad de sensibilizaci\u00f3n contra la violencia; y constituir una comisi\u00f3n tripartita, (profesoras, alumnas y trabajadoras) que las ocupe, dar seguimiento a todas las denuncias presentadas y transparentarlas, e impartir talleres y cursos para prevenir la violencia a estudiantes y profesores.<\/p>\n<p>La direcci\u00f3n precis\u00f3 que para hacer efectivas estas medidas es necesario entregar las instalaciones del plantel y dio como plazo para responder hasta este viernes 22 a las 22 horas, pero las feministas rechazaron el periodo establecido y explicaron que contestar\u00e1n en cuanto terminen de revisar las propuestas.<\/p>\n<p>Crece tensi\u00f3n en la UNAM<\/p>\n<p>Luego de que el martes pasado estudiantes del CCH Azcapotzalco expulsaron a golpes a un profesor del plantel se\u00f1alado por hostigamiento sexual y ante la inacci\u00f3n de las autoridades universitarias para atender estos casos, los alumnos de varias escuelas de las UNAM han invitado a replicar la protesta.<\/p>\n<p>Ante ello, algunos de los profesores de la m\u00e1xima casa de estudios han emprendido una campa\u00f1a para formar \u201cmecanismos de autodefensa\u201d, que hagan frente a la incompetencia de las autoridades para responder a \u201cla crisis de inseguridad\u201d y se mencionan las protestas ocurridas en las facultades de Ingenier\u00eda, Derecho, Acatl\u00e1n, Prepa 3 y CCH Azcapotzalco, adem\u00e1s de la registrada frente a la Rector\u00eda.<\/p>\n<p>La convocatoria titulada \u201cque el territorio de la UNAM no sea Territorio de v\u00e1ndalos encapuchados\u201d expresa que en la instituci\u00f3n se han perdido espacios de legalidad y seguridad, mismos que ha ganado el \u201cvandalismo encapuchado\u201d y \u201cfrente a amenazas difundidas por estos v\u00e1ndalos de aplicar su ley vand\u00e1lica y disfrutar de su impunidad en sus actos circenses\u201d.<\/p>\n<p>Adem\u00e1s, alerta sobre la amenaza de perder el territorio universitario como resultado de amenazas, extorsi\u00f3n, intimidaciones y amedrentamientos que est\u00e1n orillando a los profesores a crear estos grupos de autodefensa.<\/p>\n<p>Los inconformes reconocen que \u201cparece absurda la idea\u201d, pero afirman que mientras las autoridades se limitan a su tradicional \u201cen\u00e9rgica protesta\u201d los agravios de \u201csu seguidores antipatriarcales\u201d continuar\u00e1n, con todo y calendario para visitar los diferentes planteles de la UNAM.<\/p>\n<p><a href=\"https:\/\/www.proceso.com.mx\/607851\/prepa-5-en-paro-ante-falta-de-respuesta-a-denuncias-de-violencia-de-genero\" target=\"_blank\" rel=\"noopener noreferrer\">https:\/\/www.proceso.com.mx\/607851\/prepa-5-en-paro-ante-falta-de-respuesta-a-denuncias-de-violencia-de-genero<\/a><\/p>\n","protected":false},"excerpt":{"rendered":"<p>Ixtlix\u00f3chitl L\u00f3pez \/ Proceso CIUDAD DE M\u00c9XICO (apro).- Ante la indolencia de las autoridades universitarias para atender las denuncias de acoso y abuso sexual cometidos por profesores, estudiantes de la &hellip; <a href=\"https:\/\/www.grieta.org.mx\/index.php\/2019\/11\/22\/prepa-5-en-paro-ante-falta-de-respuesta-a-denuncias-de-violencia-de-genero-ciudad-de-mexico\/\" class=\"more-link\">Leer m\u00e1s<\/a><\/p>\n","protected":false},"author":2,"featured_media":41611,"comment_status":"closed","ping_status":"closed","sticky":false,"template":"","format":"standard","meta":{"ngg_post_thumbnail":0,"_jetpack_newsletter_access":"","_jetpack_dont_email_post_to_subs":false,"_jetpack_newsletter_tier_id":0,"_jetpack_memberships_contains_paywalled_content":false,"_jetpack_memberships_contains_paid_content":false,"footnotes":""},"categories":[80,14,916,1138,2356,1670,2,83,1823,2388],"tags":[2442,1824,2566,1893,2683,1565,2286],"class_list":["post-41610","post","type-post","status-publish","format-standard","has-post-thumbnail","hentry","category-cintillo","category-ciudad-de-mexico","category-privatizacion-del-la-educacion-publica","category-incremento-de-la-violencia-en-la-ciudad-de-mexico","category-incremento-en-la-violencia-en-la-ciudad-de-mexico","category-movilizaciones-y-protestas-de-estudiantes-de-la-ciudad-de-mexico","category-noticias-nacionales","category-temas-nacionales","category-violencia-contra-estudiantes","category-violencia-contra-las-mujeres-en-la-ciudad-de-mexico","tag-acoso-contra-estudiantes","tag-acoso-sexual","tag-crisis-en-el-sistema-educativo","tag-escuelas-en-paro","tag-estudiantes-organizados","tag-violencia-contra-estudiantes","tag-violencia-contra-la-mujer","entry"],"jetpack_featured_media_url":"https:\/\/www.grieta.org.mx\/wp-content\/uploads\/2019\/11\/Prepa-5-en-paro-ante-falta-de-respuesta-a-denuncias-de-violencia-de-g\u00e9nero-cdmx-nov.jpg","jetpack_sharing_enabled":true,"jetpack_shortlink":"https:\/\/wp.me\/p7ZJR4-aP8","jetpack_likes_enabled":false,"jetpack-related-posts":[{"id":43996,"url":"https:\/\/www.grieta.org.mx\/index.php\/2020\/02\/06\/entregan-cch-vallejo-tras-dos-dias-de-paro-ciudad-de-mexico\/","url_meta":{"origin":41610,"position":0},"title":"Entregan CCH Vallejo tras dos d\u00edas de paro (Ciudad de M\u00e9xico)","author":"grieta","date":"6 febrero, 2020","format":false,"excerpt":"El martes pasado, un grupo de alumnos decidi\u00f3 realizar un paro de labores. Foto: Cuartoscuro\/Archivo Notimex Las actividades acad\u00e9micas y administrativas se reanudar\u00e1n ma\u00f1ana viernes 7 en los horarios acostumbrados CIUDAD DE M\u00c9XICO. La Universidad Nacional Aut\u00f3noma de M\u00e9xico inform\u00f3 que esta tarde fueron entregadas a las autoridades las instalaciones\u2026","rel":"","context":"En &quot;CINTILLO&quot;","block_context":{"text":"CINTILLO","link":"https:\/\/www.grieta.org.mx\/index.php\/category\/cintillo\/"},"img":{"alt_text":"","src":"https:\/\/i0.wp.com\/www.grieta.org.mx\/wp-content\/uploads\/2020\/02\/Entregan-CCH-Vallejo-tras-dos-d%C3%ADas-de-paro-cdmx-feb.jpg?resize=350%2C200&ssl=1","width":350,"height":200,"srcset":"https:\/\/i0.wp.com\/www.grieta.org.mx\/wp-content\/uploads\/2020\/02\/Entregan-CCH-Vallejo-tras-dos-d%C3%ADas-de-paro-cdmx-feb.jpg?resize=350%2C200&ssl=1 1x, https:\/\/i0.wp.com\/www.grieta.org.mx\/wp-content\/uploads\/2020\/02\/Entregan-CCH-Vallejo-tras-dos-d%C3%ADas-de-paro-cdmx-feb.jpg?resize=525%2C300&ssl=1 1.5x"},"classes":[]},{"id":41601,"url":"https:\/\/www.grieta.org.mx\/index.php\/2019\/11\/26\/prepa-7-cumple-una-semana-de-paro-sin-visos-de-solucion-ciudad-de-mexico\/","url_meta":{"origin":41610,"position":1},"title":"Prepa 7 cumple una semana de paro sin visos de soluci\u00f3n (Ciudad de M\u00e9xico)","author":"grieta","date":"26 noviembre, 2019","format":false,"excerpt":"Foto: Cuartoscuro\/Archivo 24 Horas Los j\u00f3venes que mantienen el paro de actividades solicitan la renuncia de la directora del plantel, Mar\u00eda del Carmen Rodr\u00edguez Quilant\u00e1n, por \u201chacer caso omiso a las denuncias que existen de acoso sexual y encubrimiento de casos de violencia\" Sin visos de di\u00e1logo, la Escuela Nacional\u2026","rel":"","context":"En &quot;CINTILLO&quot;","block_context":{"text":"CINTILLO","link":"https:\/\/www.grieta.org.mx\/index.php\/category\/cintillo\/"},"img":{"alt_text":"","src":"https:\/\/i0.wp.com\/www.grieta.org.mx\/wp-content\/uploads\/2019\/11\/Prepa-7-cumple-una-semana-de-paro-sin-visos-de-soluci%C3%B3n-cdmx-nov.jpg?resize=350%2C200&ssl=1","width":350,"height":200,"srcset":"https:\/\/i0.wp.com\/www.grieta.org.mx\/wp-content\/uploads\/2019\/11\/Prepa-7-cumple-una-semana-de-paro-sin-visos-de-soluci%C3%B3n-cdmx-nov.jpg?resize=350%2C200&ssl=1 1x, https:\/\/i0.wp.com\/www.grieta.org.mx\/wp-content\/uploads\/2019\/11\/Prepa-7-cumple-una-semana-de-paro-sin-visos-de-soluci%C3%B3n-cdmx-nov.jpg?resize=525%2C300&ssl=1 1.5x, https:\/\/i0.wp.com\/www.grieta.org.mx\/wp-content\/uploads\/2019\/11\/Prepa-7-cumple-una-semana-de-paro-sin-visos-de-soluci%C3%B3n-cdmx-nov.jpg?resize=700%2C400&ssl=1 2x"},"classes":[]},{"id":43859,"url":"https:\/\/www.grieta.org.mx\/index.php\/2020\/01\/31\/por-violencia-sexual-y-criminalizacion-paro-de-actividades-en-siete-escuelas-de-la-unam-ciudad-de-mexico\/","url_meta":{"origin":41610,"position":2},"title":"Por violencia sexual y criminalizaci\u00f3n, paro de actividades en siete escuelas de la UNAM (Ciudad de M\u00e9xico)","author":"grieta","date":"31 enero, 2020","format":false,"excerpt":"Contral\u00ednea Cuatro escuelas de la Universidad Nacional Aut\u00f3noma de M\u00e9xico se sumaron a los paros de actividades en demanda de soluci\u00f3n a la violencia sexual de g\u00e9nero que se padece en los recintos universitarios y del cese a la criminalizaci\u00f3n contra el movimiento feminista que reivindica el derecho de las\u2026","rel":"","context":"En &quot;CINTILLO&quot;","block_context":{"text":"CINTILLO","link":"https:\/\/www.grieta.org.mx\/index.php\/category\/cintillo\/"},"img":{"alt_text":"","src":"https:\/\/i0.wp.com\/www.grieta.org.mx\/wp-content\/uploads\/2020\/02\/Por-violencia-sexual-y-criminalizaci%C3%B3n-paro-de-actividades-en-siete-escuelas-de-la-UNAM-cdmx-ene.jpeg?resize=350%2C200&ssl=1","width":350,"height":200,"srcset":"https:\/\/i0.wp.com\/www.grieta.org.mx\/wp-content\/uploads\/2020\/02\/Por-violencia-sexual-y-criminalizaci%C3%B3n-paro-de-actividades-en-siete-escuelas-de-la-UNAM-cdmx-ene.jpeg?resize=350%2C200&ssl=1 1x, https:\/\/i0.wp.com\/www.grieta.org.mx\/wp-content\/uploads\/2020\/02\/Por-violencia-sexual-y-criminalizaci%C3%B3n-paro-de-actividades-en-siete-escuelas-de-la-UNAM-cdmx-ene.jpeg?resize=525%2C300&ssl=1 1.5x"},"classes":[]},{"id":41139,"url":"https:\/\/www.grieta.org.mx\/index.php\/2019\/11\/15\/encapuchados-toman-instalaciones-de-prepa-3-denuncia-acoso-sexual-ciudad-de-mexico\/","url_meta":{"origin":41610,"position":3},"title":"Encapuchados toman instalaciones de Prepa 3; denuncia acoso sexual (Ciudad de M\u00e9xico)","author":"grieta","date":"15 noviembre, 2019","format":false,"excerpt":"Vanessa Solis \/ El Sol de M\u00e9xico Alumnos del plantel exigen la renuncia de docentes que presuntamente acosan a las alumnas Mujeres encapuchadas tomaron las instalaciones de les Escuela Nacional Preparatoria n\u00famero 3 de la UNAM, esto para exigir la renuncia de profesores que acosan a las alumnas. A trav\u00e9s\u2026","rel":"","context":"En &quot;CINTILLO&quot;","block_context":{"text":"CINTILLO","link":"https:\/\/www.grieta.org.mx\/index.php\/category\/cintillo\/"},"img":{"alt_text":"","src":"https:\/\/i0.wp.com\/www.grieta.org.mx\/wp-content\/uploads\/2019\/11\/Encapuchados-toman-instalaciones-de-Prepa-3-denuncia-acoso-sexual-cdmx-nov.png?resize=350%2C200&ssl=1","width":350,"height":200,"srcset":"https:\/\/i0.wp.com\/www.grieta.org.mx\/wp-content\/uploads\/2019\/11\/Encapuchados-toman-instalaciones-de-Prepa-3-denuncia-acoso-sexual-cdmx-nov.png?resize=350%2C200&ssl=1 1x, https:\/\/i0.wp.com\/www.grieta.org.mx\/wp-content\/uploads\/2019\/11\/Encapuchados-toman-instalaciones-de-Prepa-3-denuncia-acoso-sexual-cdmx-nov.png?resize=525%2C300&ssl=1 1.5x, https:\/\/i0.wp.com\/www.grieta.org.mx\/wp-content\/uploads\/2019\/11\/Encapuchados-toman-instalaciones-de-Prepa-3-denuncia-acoso-sexual-cdmx-nov.png?resize=700%2C400&ssl=1 2x"},"classes":[]},{"id":44006,"url":"https:\/\/www.grieta.org.mx\/index.php\/2020\/02\/06\/suman-16-escuelas-de-la-unam-en-paro-ciudad-de-mexico\/","url_meta":{"origin":41610,"position":4},"title":"Suman 16 escuelas de la UNAM en paro (Ciudad de M\u00e9xico)","author":"grieta","date":"6 febrero, 2020","format":false,"excerpt":"Foto: Archivo El Universal Teresa Moreno \/ El Universal Hoy se entreg\u00f3 CCH Vallejo, pero el plantel Oriente va a paro de 72 horas; mientras en Prepa 9, paristas nuevamente impidieron el paso de la directora Gabriela Mart\u00ednez, quien llevaba la respuesta a su pliego petitorio que envi\u00f3 el rector\u2026","rel":"","context":"En &quot;CINTILLO&quot;","block_context":{"text":"CINTILLO","link":"https:\/\/www.grieta.org.mx\/index.php\/category\/cintillo\/"},"img":{"alt_text":"","src":"https:\/\/i0.wp.com\/www.grieta.org.mx\/wp-content\/uploads\/2020\/02\/UNAM_-suman-16-escuelas-en-paro-cdmx-feb.jpg?resize=350%2C200","width":350,"height":200},"classes":[]},{"id":41417,"url":"https:\/\/www.grieta.org.mx\/index.php\/2019\/11\/19\/encapuchados-toman-la-prepa-8-de-la-unam-por-violencia-de-genero-e-inseguridad-ciudad-de-mexico\/","url_meta":{"origin":41610,"position":5},"title":"Encapuchados toman la Prepa 8 de la UNAM por violencia de g\u00e9nero e inseguridad (Ciudad de M\u00e9xico)","author":"grieta","date":"19 noviembre, 2019","format":false,"excerpt":"Ixtlix\u00f3chitl L\u00f3pez \/ Proceso CIUDAD DE M\u00c9XICO (apro).- Un grupo de encapuchados tom\u00f3 este martes el plantel 8 de la Escuela Nacional Preparatoria de la UNAM \u201cMiguel E. Schulz\u201d, en protesta contra la violencia de g\u00e9nero y la inseguridad que se vive en el plantel. Los inconformes, quienes dijeron ser\u2026","rel":"","context":"En &quot;CINTILLO&quot;","block_context":{"text":"CINTILLO","link":"https:\/\/www.grieta.org.mx\/index.php\/category\/cintillo\/"},"img":{"alt_text":"","src":"https:\/\/i0.wp.com\/www.grieta.org.mx\/wp-content\/uploads\/2019\/11\/Encapuchados-toman-la-Prepa-8-de-la-UNAM-por-violencia-de-g%C3%A9nero-e-inseguridad-cdmx-nov.jpg?resize=350%2C200&ssl=1","width":350,"height":200,"srcset":"https:\/\/i0.wp.com\/www.grieta.org.mx\/wp-content\/uploads\/2019\/11\/Encapuchados-toman-la-Prepa-8-de-la-UNAM-por-violencia-de-g%C3%A9nero-e-inseguridad-cdmx-nov.jpg?resize=350%2C200&ssl=1 1x, https:\/\/i0.wp.com\/www.grieta.org.mx\/wp-content\/uploads\/2019\/11\/Encapuchados-toman-la-Prepa-8-de-la-UNAM-por-violencia-de-g%C3%A9nero-e-inseguridad-cdmx-nov.jpg?resize=525%2C300&ssl=1 1.5x"},"classes":[]}],"_links":{"self":[{"href":"https:\/\/www.grieta.org.mx\/index.php\/wp-json\/wp\/v2\/posts\/41610","targetHints":{"allow":["GET"]}}],"collection":[{"href":"https:\/\/www.grieta.org.mx\/index.php\/wp-json\/wp\/v2\/posts"}],"about":[{"href":"https:\/\/www.grieta.org.mx\/index.php\/wp-json\/wp\/v2\/types\/post"}],"author":[{"embeddable":true,"href":"https:\/\/www.grieta.org.mx\/index.php\/wp-json\/wp\/v2\/users\/2"}],"replies":[{"embeddable":true,"href":"https:\/\/www.grieta.org.mx\/index.php\/wp-json\/wp\/v2\/comments?post=41610"}],"version-history":[{"count":1,"href":"https:\/\/www.grieta.org.mx\/index.php\/wp-json\/wp\/v2\/posts\/41610\/revisions"}],"predecessor-version":[{"id":41612,"href":"https:\/\/www.grieta.org.mx\/index.php\/wp-json\/wp\/v2\/posts\/41610\/revisions\/41612"}],"wp:featuredmedia":[{"embeddable":true,"href":"https:\/\/www.grieta.org.mx\/index.php\/wp-json\/wp\/v2\/media\/41611"}],"wp:attachment":[{"href":"https:\/\/www.grieta.org.mx\/index.php\/wp-json\/wp\/v2\/media?parent=41610"}],"wp:term":[{"taxonomy":"category","embeddable":true,"href":"https:\/\/www.grieta.org.mx\/index.php\/wp-json\/wp\/v2\/categories?post=41610"},{"taxonomy":"post_tag","embeddable":true,"href":"https:\/\/www.grieta.org.mx\/index.php\/wp-json\/wp\/v2\/tags?post=41610"}],"curies":[{"name":"wp","href":"https:\/\/api.w.org\/{rel}","templated":true}]}}