{"id":41598,"date":"2019-11-26T21:28:00","date_gmt":"2019-11-27T03:28:00","guid":{"rendered":"http:\/\/www.grieta.org.mx\/?p=41598"},"modified":"2019-11-27T21:38:55","modified_gmt":"2019-11-28T03:38:55","slug":"exigimos-medidas-efectivas-contra-la-violencia-de-genero-piden-mujeres-en-la-marcha-del-25n-ciudad-de-mexico","status":"publish","type":"post","link":"https:\/\/www.grieta.org.mx\/index.php\/2019\/11\/26\/exigimos-medidas-efectivas-contra-la-violencia-de-genero-piden-mujeres-en-la-marcha-del-25n-ciudad-de-mexico\/","title":{"rendered":"\u201cExigimos medidas efectivas contra la violencia de g\u00e9nero\u201d, piden mujeres en la marcha del 25N (Ciudad de M\u00e9xico)"},"content":{"rendered":"<p><img loading=\"lazy\" decoding=\"async\" data-attachment-id=\"41599\" data-permalink=\"https:\/\/www.grieta.org.mx\/index.php\/2019\/11\/26\/exigimos-medidas-efectivas-contra-la-violencia-de-genero-piden-mujeres-en-la-marcha-del-25n-ciudad-de-mexico\/exigimos-medidas-efectivas-contra-la-violencia-de-genero-piden-mujeres-en-la-marcha-del-25n-cdmx-nov\/\" data-orig-file=\"https:\/\/www.grieta.org.mx\/wp-content\/uploads\/2019\/11\/Exigimos-medidas-efectivas-contra-la-violencia-de-g\u00e9nero-piden-mujeres-en-la-marcha-del-25N-cdmx-nov.jpg\" data-orig-size=\"6240,3244\" data-comments-opened=\"0\" data-image-meta=\"{&quot;aperture&quot;:&quot;0&quot;,&quot;credit&quot;:&quot;&quot;,&quot;camera&quot;:&quot;&quot;,&quot;caption&quot;:&quot;&quot;,&quot;created_timestamp&quot;:&quot;0&quot;,&quot;copyright&quot;:&quot;&quot;,&quot;focal_length&quot;:&quot;0&quot;,&quot;iso&quot;:&quot;0&quot;,&quot;shutter_speed&quot;:&quot;0&quot;,&quot;title&quot;:&quot;&quot;,&quot;orientation&quot;:&quot;0&quot;}\" data-image-title=\"Exigimos medidas efectivas contra la violencia de g\u00e9nero piden mujeres en la marcha del 25N cdmx nov\" data-image-description=\"\" data-image-caption=\"\" data-medium-file=\"https:\/\/www.grieta.org.mx\/wp-content\/uploads\/2019\/11\/Exigimos-medidas-efectivas-contra-la-violencia-de-g\u00e9nero-piden-mujeres-en-la-marcha-del-25N-cdmx-nov-300x156.jpg\" data-large-file=\"https:\/\/www.grieta.org.mx\/wp-content\/uploads\/2019\/11\/Exigimos-medidas-efectivas-contra-la-violencia-de-g\u00e9nero-piden-mujeres-en-la-marcha-del-25N-cdmx-nov-1024x532.jpg\" class=\"aligncenter size-full wp-image-41599\" src=\"http:\/\/www.grieta.org.mx\/wp-content\/uploads\/2019\/11\/Exigimos-medidas-efectivas-contra-la-violencia-de-g\u00e9nero-piden-mujeres-en-la-marcha-del-25N-cdmx-nov.jpg\" alt=\"\" width=\"6240\" height=\"3244\" srcset=\"https:\/\/www.grieta.org.mx\/wp-content\/uploads\/2019\/11\/Exigimos-medidas-efectivas-contra-la-violencia-de-g\u00e9nero-piden-mujeres-en-la-marcha-del-25N-cdmx-nov.jpg 6240w, https:\/\/www.grieta.org.mx\/wp-content\/uploads\/2019\/11\/Exigimos-medidas-efectivas-contra-la-violencia-de-g\u00e9nero-piden-mujeres-en-la-marcha-del-25N-cdmx-nov-300x156.jpg 300w, https:\/\/www.grieta.org.mx\/wp-content\/uploads\/2019\/11\/Exigimos-medidas-efectivas-contra-la-violencia-de-g\u00e9nero-piden-mujeres-en-la-marcha-del-25N-cdmx-nov-768x399.jpg 768w, https:\/\/www.grieta.org.mx\/wp-content\/uploads\/2019\/11\/Exigimos-medidas-efectivas-contra-la-violencia-de-g\u00e9nero-piden-mujeres-en-la-marcha-del-25N-cdmx-nov-1024x532.jpg 1024w, https:\/\/www.grieta.org.mx\/wp-content\/uploads\/2019\/11\/Exigimos-medidas-efectivas-contra-la-violencia-de-g\u00e9nero-piden-mujeres-en-la-marcha-del-25N-cdmx-nov-962x500.jpg 962w\" sizes=\"auto, (max-width: 6240px) 100vw, 6240px\" \/><br \/>\nAndrea Vega \/ Animal Pol\u00edtico<\/p>\n<blockquote><p>Miles de mujeres, unas 3 mil, de acuerdo a las autoridades capitalinas, participaron en la manifestaci\u00f3n para denunciar la alta incidencia de feminicidios, desapariciones y violencia de g\u00e9nero que hay en el pa\u00eds.<\/p><\/blockquote>\n<p>En un pa\u00eds donde hay casi 10 feminicidios diarios, miles de mujeres alzaron la voz este 25N D\u00eda Internacional de la Eliminaci\u00f3n de la Violencia contra la Mujer, \u201cporque ninguna de ellas debi\u00f3 morir, porque ninguna m\u00e1s debe morir\u201d, dijeron los colectivos feministas en el templete del Z\u00f3calo de la Ciudad de M\u00e9xico, a donde llegaron despu\u00e9s de marchar desde el \u00c1ngel de la Independencia.<\/p>\n<p>A la vanguardia de la manifestaci\u00f3n caminaron las madres de las v\u00edctimas de feminicidio, desaparici\u00f3n y hasta de violencia institucional. A ellas se les reserv\u00f3, como en todas las \u00faltimas marchas contra la violencia de g\u00e9nero, el derecho de caminar en primera fila. Un poco atr\u00e1s de ellas iban los \u00fanicos hombres permitidos en la marcha, los padres de esas mismas v\u00edctimas.<\/p>\n<p>Ning\u00fan otro hombre pudo ocupar el espacio de protesta que las mujeres defendieron como suyo, incluso con golpes, as\u00ed sacaron a algunos que insist\u00edan en estar. Las mismas mujeres polic\u00edas les pidieron a los periodistas varones que salieran de la marcha para evitar enfrentamientos. Reforma deb\u00eda ser solo feminista esta tarde del 25N y lo fue.<\/p>\n<p>Las voces de las madres repet\u00edan la misma dolorosa historia: la hija asesinada, la investigaci\u00f3n tard\u00eda y torpe de las autoridades, la revictimizaci\u00f3n.<\/p>\n<p>\u201cA mi hija la mataron de madrugada y ellos quer\u00edan hacerme creer, me insinuaban que era su culpa por andar de noche en la calle, que era mi culpa, como madre, por dejarla salir a esa hora. Nunca es culpa del hombre que asesina, nunca es culpa de la polic\u00eda que nos nos protege\u201d, denunci\u00f3 Lilia Florencio Guerrero, madre de Diana Vel\u00e1zquez.<\/p>\n<p>A Diana la asesinaron el 2 de julio de 2017. La violaron, la estrangularon y la arrojaron en un canal de aguas negras en Chimalhuac\u00e1n. \u201cAl principio, la polic\u00eda nos dec\u00eda que ella misma se hab\u00eda ca\u00eddo al canal, luego que qu\u00e9 hac\u00eda en la noche fuera de su casa. Tuvimos que pelear para que lo tipificaran como feminicidio, pero ya son dos a\u00f1os y no hay resultados en la investigaci\u00f3n\u201d.<\/p>\n<p>La historia de Diana se ha repetido miles de veces en M\u00e9xico en los \u00faltimos a\u00f1os y las madres caminaron indignadas, buscando justicia.<\/p>\n<p>\u201cEstamos hartas, estamos hartas del acoso sexual en la UNAM, en la UAM, en el Poli, en todas las instituciones de educaci\u00f3n; en las empresas, por los jefes y por los compa\u00f1eros; en las casas por las parejas\u201d, asegur\u00f3 Wendy Ortiz, estudiante de arquitectura, una de las participantes.<\/p>\n<p>En la mayor parte de la marcha las consignas reflejaron ese enojo por la violencia machista en el espacio p\u00fablico y privado. Las mujeres, la mayor\u00eda j\u00f3venes, gritaban que su cuerpo es suyo, solo suyo, y que ellas deciden. Y estaban ah\u00ed marchando para poderlo seguir haciendo, pero tambi\u00e9n por las que no pudieron decidir.<\/p>\n<p>Por momentos, los grupos de j\u00f3venes encapuchadas, armadas de martillos y aerosol tomaron la escena. Rompieron los cristales de la estaci\u00f3n del metrob\u00fas Hamburgo, y el ambiente se tens\u00f3. Las madres de las v\u00edctimas pidieron que no hubiera violencia. \u201cQueremos paz\u201d, gritaron.<\/p>\n<p>Las miles de mujeres polic\u00edas, unas 2 mil 500, apostadas a ambos lados del carril central de Reforma, por donde avanzaba la marcha, se organizaron para proteger el resto de las estaciones, formando cinturones humanos con sus cuerpos y escudos. Para entonces ya hab\u00eda desaparecido el cintur\u00f3n de paz de las empleadas del gobierno de la Ciudad de M\u00e9xico.<\/p>\n<p>Las uniformadas avanzaban para ganarle a las manifestantes el paso y tomar posici\u00f3n en los costados de la calle. A ratos era obvio que cercaban la marcha en su af\u00e1n por proteger monumentos, negocios, parabuses, vitrinas. No todas las veces lo lograron, los martillos de las encapuchadas y sus golpes vencieron dos de las vallas que se colocaron para proteger el Palacio de Bellas Artes.<\/p>\n<p>En ese punto volaron los petardos y las bombas molotov del lado de las mujeres que cubr\u00edan sus rostros, pero los polic\u00edas lograron evitar que pudieran ingresar a Bellas Artes.<\/p>\n<p>Grupos feministas radicales rebasaron a la vanguardia de la marcha durante todo el recorrido. Mujeres encapuchadas y vestidas de negro rompieron exhibidores de publicidad de puestos de peri\u00f3dicos a su paso por avenida Ju\u00e1rez, mientras el resto vitoreaba y aplaud\u00eda.<\/p>\n<p>Mujeres polic\u00edas que formaban vallas delante del contingente en algunos casos evitaron que las manifestantes realizaran pintas en los monumentos de Paseo de la Reforma rode\u00e1ndolas y gritando \u201cavanza, avanza\u201d.<\/p>\n<p>En su paso sobre la calle 5 de mayo, grupos de mujeres comerciantes de la zona apoyaron la marcha con aplausos y gritos de \u201cno est\u00e1s sola, no est\u00e1s sola\u201d.<\/p>\n<p>Al llegar al Z\u00f3calo, polic\u00edas bancarios resguardaban la puerta de la Catedral, mientras que las mujeres polic\u00edas continuaban con las vallas humanas al paso de la marcha y otras m\u00e1s se agruparon en los arcos de los edificios y comercios en las orillas de la plancha del Z\u00f3calo.<\/p>\n<p>En tanto, la puerta de Palacio Nacional fue resguardada con maderas y militares a lo largo del edificio.<\/p>\n<p>La vanguardia de la marcha arrib\u00f3 al Z\u00f3calo de manera pac\u00edfica y desde el templete se leyeron diversos pronunciamientos. Otra vez fueron las madres, los padres, a quienes se le cedi\u00f3 el micr\u00f3fono para las primeras exigencias de justicia.<\/p>\n<p>\u201cVenimos a exhibirlos, a pedir justicia, en Baja California Sur hay feminicidios, desapariciones, mujeres tiradas en la calle con un tiro en la cabeza, y el gobierno dice que son casos aislados\u201d, denunci\u00f3 el padre de una joven asesinada en ese estado.<\/p>\n<p>\u201cNosotras no olvidamos ni perdonamos los 10 feminicidios diarios en el pa\u00eds, porque ninguna de ellas debi\u00f3 morir, ninguna m\u00e1s debe morir, emergencia nacional, compa\u00f1eras, por nosotras y por las que vienen, por nuestras ni\u00f1as, queremos una vida sin violencia\u201d, se\u00f1alaron las voceras de la Asamblea Feminista Aut\u00f3noma Independiente y la Asamblea Feminista Metropolitana.<\/p>\n<p>En tanto que el movimiento 8M se\u00f1al\u00f3 que no ha disminuido la violencia contra las mujeres con la nueva administraci\u00f3n federal, \u201cpor eso estamos exigiendo al gobierno respuestas, justicia para cada caso de feminicidio, medidas efectivas que erradiquen la violencia de g\u00e9nero, que se legalice el aborto en todo el pa\u00eds y que sean puestas en libertad las mujeres presas por abortar\u201d.<\/p>\n<p>As\u00ed se sucedieron por m\u00e1s de una hora exigencias y testimonios similares, en espera de que ahora s\u00ed se haga algo para detener la violencia contra las mujeres, que ya es, de acuerdo a las participantes, una emergencia nacional.<\/p>\n<p><a href=\"https:\/\/www.animalpolitico.com\/2019\/11\/marcha-25n-feminicidios-cdmx-colectivos-feministas\/\" target=\"_blank\" rel=\"noopener noreferrer\">https:\/\/www.animalpolitico.com\/2019\/11\/marcha-25n-feminicidios-cdmx-colectivos-feministas\/<\/a><\/p>\n","protected":false},"excerpt":{"rendered":"<p>Andrea Vega \/ Animal Pol\u00edtico Miles de mujeres, unas 3 mil, de acuerdo a las autoridades capitalinas, participaron en la manifestaci\u00f3n para denunciar la alta incidencia de feminicidios, desapariciones y &hellip; <a href=\"https:\/\/www.grieta.org.mx\/index.php\/2019\/11\/26\/exigimos-medidas-efectivas-contra-la-violencia-de-genero-piden-mujeres-en-la-marcha-del-25n-ciudad-de-mexico\/\" class=\"more-link\">Leer m\u00e1s<\/a><\/p>\n","protected":false},"author":2,"featured_media":41599,"comment_status":"closed","ping_status":"closed","sticky":false,"template":"","format":"standard","meta":{"ngg_post_thumbnail":0,"_jetpack_newsletter_access":"","_jetpack_dont_email_post_to_subs":false,"_jetpack_newsletter_tier_id":0,"_jetpack_memberships_contains_paywalled_content":false,"_jetpack_memberships_contains_paid_content":false,"footnotes":""},"categories":[80,14,87,2745,84,1141,1138,2356,1810,2065,2,83,2388],"tags":[1954,631,1668,81,2288,1630],"class_list":["post-41598","post","type-post","status-publish","format-standard","has-post-thumbnail","hentry","category-cintillo","category-ciudad-de-mexico","category-desaparecidos","category-desaparecidos-en-la-ciudad-de-mexico","category-feminicidios","category-feminicidios-en-la-ciudad-de-mexico","category-incremento-de-la-violencia-en-la-ciudad-de-mexico","category-incremento-en-la-violencia-en-la-ciudad-de-mexico","category-movilizaciones-y-protestas-de-familiares-de-desaparecidos-en-la-ciudad-de-mexico","category-movilizaciones-y-protestas-de-habitantes-de-la-ciudad-de-mexico","category-noticias-nacionales","category-temas-nacionales","category-violencia-contra-las-mujeres-en-la-ciudad-de-mexico","tag-alerta-de-violencia-de-genero","tag-desaparecidas","tag-familiares-de-desaparecidos","tag-feminicidios","tag-marcha-mujeres","tag-violencia-contra-las-mujeres","entry"],"jetpack_featured_media_url":"https:\/\/www.grieta.org.mx\/wp-content\/uploads\/2019\/11\/Exigimos-medidas-efectivas-contra-la-violencia-de-g\u00e9nero-piden-mujeres-en-la-marcha-del-25N-cdmx-nov.jpg","jetpack_sharing_enabled":true,"jetpack_shortlink":"https:\/\/wp.me\/p7ZJR4-aOW","jetpack_likes_enabled":false,"jetpack-related-posts":[{"id":40137,"url":"https:\/\/www.grieta.org.mx\/index.php\/2019\/10\/11\/alumnos-de-la-unam-marchan-contra-violencia-de-genero-y-porros-ciudad-de-mexico\/","url_meta":{"origin":41598,"position":0},"title":"Alumnos de la UNAM marchan contra violencia de g\u00e9nero y porros (Ciudad de M\u00e9xico)","author":"grieta","date":"11 octubre, 2019","format":false,"excerpt":"El Heraldo de M\u00e9xico La movilizaci\u00f3n de estudiantes recorri\u00f3 algunas de las facultades de la Universidad Nacional, para posteriormente desplazarse sobre avenida Insurgentes Sur Estudiantes de la Facultad de Ciencias Pol\u00edticas y Sociales de la Universidad Nacional Aut\u00f3noma de M\u00e9xico (UNAM) realizaron este viernes una marcha en contra de la\u2026","rel":"","context":"En &quot;CINTILLO&quot;","block_context":{"text":"CINTILLO","link":"https:\/\/www.grieta.org.mx\/index.php\/category\/cintillo\/"},"img":{"alt_text":"","src":"https:\/\/i0.wp.com\/www.grieta.org.mx\/wp-content\/uploads\/2019\/10\/Alumnos-de-la-UNAM-marchan-contra-violencia-de-g%C3%A9nero-y-porros-oct-cdmx.jpg?resize=350%2C200&ssl=1","width":350,"height":200,"srcset":"https:\/\/i0.wp.com\/www.grieta.org.mx\/wp-content\/uploads\/2019\/10\/Alumnos-de-la-UNAM-marchan-contra-violencia-de-g%C3%A9nero-y-porros-oct-cdmx.jpg?resize=350%2C200&ssl=1 1x, https:\/\/i0.wp.com\/www.grieta.org.mx\/wp-content\/uploads\/2019\/10\/Alumnos-de-la-UNAM-marchan-contra-violencia-de-g%C3%A9nero-y-porros-oct-cdmx.jpg?resize=525%2C300&ssl=1 1.5x"},"classes":[]},{"id":40973,"url":"https:\/\/www.grieta.org.mx\/index.php\/2019\/11\/03\/con-marcha-luctuosa-recuerdan-a-victimas-de-feminicidio-ciudad-de-mexico\/","url_meta":{"origin":41598,"position":1},"title":"Con marcha luctuosa, recuerdan a v\u00edctimas de feminicidio (Ciudad de M\u00e9xico)","author":"grieta","date":"3 noviembre, 2019","format":false,"excerpt":"Jordana Gonz\u00e1lez Y Karen Ballesteros \/ Contral\u00ednea \u201cMe han quemado, me han matado, pero yo he vuelto a nacer: como bruja, como hechicera, pero en cuerpo de mujer\u201d, fue una de las consignas coreadas por activistas y mujeres durante la marcha luctuosa, \u201cLas catrinas\u201d, en memoria de las v\u00edctimas de\u2026","rel":"","context":"En &quot;CINTILLO&quot;","block_context":{"text":"CINTILLO","link":"https:\/\/www.grieta.org.mx\/index.php\/category\/cintillo\/"},"img":{"alt_text":"","src":"https:\/\/i0.wp.com\/www.grieta.org.mx\/wp-content\/uploads\/2019\/11\/Con-marcha-luctuosa-recuerdan-a-v%C3%ADctimas-de-feminicidio-cdmx-nov.jpg?resize=350%2C200&ssl=1","width":350,"height":200,"srcset":"https:\/\/i0.wp.com\/www.grieta.org.mx\/wp-content\/uploads\/2019\/11\/Con-marcha-luctuosa-recuerdan-a-v%C3%ADctimas-de-feminicidio-cdmx-nov.jpg?resize=350%2C200&ssl=1 1x, https:\/\/i0.wp.com\/www.grieta.org.mx\/wp-content\/uploads\/2019\/11\/Con-marcha-luctuosa-recuerdan-a-v%C3%ADctimas-de-feminicidio-cdmx-nov.jpg?resize=525%2C300&ssl=1 1.5x"},"classes":[]},{"id":42629,"url":"https:\/\/www.grieta.org.mx\/index.php\/2019\/12\/14\/protesta-grafica-en-ciencias-politicas-las-paredes-se-limpian-ellas-no-vuelven-ciudad-de-mexico\/","url_meta":{"origin":41598,"position":2},"title":"Protesta gr\u00e1fica en Ciencias Pol\u00edticas: las paredes se limpian, ellas no vuelven (Ciudad de M\u00e9xico)","author":"grieta","date":"14 diciembre, 2019","format":false,"excerpt":"Marcial Yangali \/ Contral\u00ednea En las paredes de la Facultad de Ciencias Pol\u00edticas y Sociales de Ciudad Universitaria se alberga un reclamo generalizado contra la violencia sexual y de g\u00e9nero que padecen estudiantes, acad\u00e9micas y trabajadoras en el espacio escolar. Una protesta gr\u00e1fica contra la ineficacia de las autoridades de\u2026","rel":"","context":"En &quot;CINTILLO&quot;","block_context":{"text":"CINTILLO","link":"https:\/\/www.grieta.org.mx\/index.php\/category\/cintillo\/"},"img":{"alt_text":"","src":"https:\/\/i0.wp.com\/www.grieta.org.mx\/wp-content\/uploads\/2019\/12\/Protesta-gr%C3%A1fica-en-Ciencias-Pol%C3%ADticas-las-paredes-se-limpian-ellas-no-vuelven-cdmx-dic.jpg?resize=350%2C200","width":350,"height":200},"classes":[]},{"id":52093,"url":"https:\/\/www.grieta.org.mx\/index.php\/2020\/07\/20\/familiares-de-desaparecidos-protestan-frente-a-palacio-nacional\/","url_meta":{"origin":41598,"position":3},"title":"Familiares de desaparecidos protestan frente a Palacio Nacional","author":"grieta","date":"20 julio, 2020","format":false,"excerpt":"Foto: David Deolarte Karla Rivas \/ La Prensa Rechazan la respuesta que les dio CONAVIM Al no estar de acuerdo con la respuesta de CONAVIM sobre el tema de desaparecidas, mujeres realizan un plant\u00f3n fuera de Palacio Nacional,donde exigen una reuni\u00f3n con el Presidente de la Rep\u00fablica. En medio de\u2026","rel":"","context":"En &quot;CINTILLO&quot;","block_context":{"text":"CINTILLO","link":"https:\/\/www.grieta.org.mx\/index.php\/category\/cintillo\/"},"img":{"alt_text":"","src":"https:\/\/i0.wp.com\/www.grieta.org.mx\/wp-content\/uploads\/2020\/07\/Familiares-de-desaparecidos-protestan-frente-a-Palacio-Nacional-cdmx-jul.jpg?resize=350%2C200&ssl=1","width":350,"height":200,"srcset":"https:\/\/i0.wp.com\/www.grieta.org.mx\/wp-content\/uploads\/2020\/07\/Familiares-de-desaparecidos-protestan-frente-a-Palacio-Nacional-cdmx-jul.jpg?resize=350%2C200&ssl=1 1x, https:\/\/i0.wp.com\/www.grieta.org.mx\/wp-content\/uploads\/2020\/07\/Familiares-de-desaparecidos-protestan-frente-a-Palacio-Nacional-cdmx-jul.jpg?resize=525%2C300&ssl=1 1.5x, https:\/\/i0.wp.com\/www.grieta.org.mx\/wp-content\/uploads\/2020\/07\/Familiares-de-desaparecidos-protestan-frente-a-Palacio-Nacional-cdmx-jul.jpg?resize=700%2C400&ssl=1 2x"},"classes":[]},{"id":44332,"url":"https:\/\/www.grieta.org.mx\/index.php\/2020\/02\/15\/si-hubo-gases-marabunta-denuncia-violacion-de-protocolos-en-marcha-por-ingrid-escamilla-ciudad-de-mexico\/","url_meta":{"origin":41598,"position":4},"title":"\u201cS\u00ed hubo gases\u201d; Marabunta denuncia violaci\u00f3n de protocolos en marcha por Ingrid Escamilla (Ciudad de M\u00e9xico)","author":"grieta","date":"15 febrero, 2020","format":false,"excerpt":"Fotograf\u00edas: Grupo F\u00f3rmula Estela Ju\u00e1rez \/ Radio F\u00f3rmula El colectivo denunci\u00f3 que hubo infiltrados, elementos hombres y otras irregularidades La brigada defensora de derechos humanos, Marabunta, desminti\u00f3 a la Secretar\u00eda de Seguridad Ciudadana (SSC) de la Ciudad de M\u00e9xico luego de que \u00e9sta neg\u00f3 haber utilizado gases en contra de\u2026","rel":"","context":"En &quot;Abuso policiaco y tortura en la Ciudad de M\u00e9xico&quot;","block_context":{"text":"Abuso policiaco y tortura en la Ciudad de M\u00e9xico","link":"https:\/\/www.grieta.org.mx\/index.php\/category\/noticias-nacionales\/ciudad-de-mexico\/abuso-policiaco-y-tortura-en-la-ciudad-de-mexico\/"},"img":{"alt_text":"","src":"https:\/\/i0.wp.com\/www.grieta.org.mx\/wp-content\/uploads\/2020\/02\/S%C3%AD-hubo-gasesMarabunta-denuncia-violaci%C3%B3n-de-protocolos-en-marcha-por-Ingrid-Escamilla-cdmx-ene.jpg?resize=350%2C200&ssl=1","width":350,"height":200,"srcset":"https:\/\/i0.wp.com\/www.grieta.org.mx\/wp-content\/uploads\/2020\/02\/S%C3%AD-hubo-gasesMarabunta-denuncia-violaci%C3%B3n-de-protocolos-en-marcha-por-Ingrid-Escamilla-cdmx-ene.jpg?resize=350%2C200&ssl=1 1x, https:\/\/i0.wp.com\/www.grieta.org.mx\/wp-content\/uploads\/2020\/02\/S%C3%AD-hubo-gasesMarabunta-denuncia-violaci%C3%B3n-de-protocolos-en-marcha-por-Ingrid-Escamilla-cdmx-ene.jpg?resize=525%2C300&ssl=1 1.5x"},"classes":[]},{"id":44350,"url":"https:\/\/www.grieta.org.mx\/index.php\/2020\/02\/14\/marchan-para-exigir-fin-a-la-violencia-contra-las-mujeres-estado-de-mexico\/","url_meta":{"origin":41598,"position":5},"title":"Marchan para exigir fin a la violencia contra las mujeres (Estado de M\u00e9xico)","author":"grieta","date":"14 febrero, 2020","format":false,"excerpt":"Aseguraron que las protestas seguir\u00e1n para crear conciencia y terminar la cultura machista que genera violencia. (Archivo) Zuleyma Garc\u00eda \/ Milenio Entre consignas y con pancartas las mujeres caminaron hasta el ayuntamiento donde donde de manera pac\u00edfica pidieron mejores resultados en seguridad. Lejos de festejar el 14 de febrero, este\u2026","rel":"","context":"En &quot;CINTILLO&quot;","block_context":{"text":"CINTILLO","link":"https:\/\/www.grieta.org.mx\/index.php\/category\/cintillo\/"},"img":{"alt_text":"","src":"https:\/\/i0.wp.com\/www.grieta.org.mx\/wp-content\/uploads\/2020\/02\/Marchan-para-exigir-fin-a-la-violencia-contra-las-mujeres-edomex-feb.jpeg?resize=350%2C200&ssl=1","width":350,"height":200,"srcset":"https:\/\/i0.wp.com\/www.grieta.org.mx\/wp-content\/uploads\/2020\/02\/Marchan-para-exigir-fin-a-la-violencia-contra-las-mujeres-edomex-feb.jpeg?resize=350%2C200&ssl=1 1x, https:\/\/i0.wp.com\/www.grieta.org.mx\/wp-content\/uploads\/2020\/02\/Marchan-para-exigir-fin-a-la-violencia-contra-las-mujeres-edomex-feb.jpeg?resize=525%2C300&ssl=1 1.5x, https:\/\/i0.wp.com\/www.grieta.org.mx\/wp-content\/uploads\/2020\/02\/Marchan-para-exigir-fin-a-la-violencia-contra-las-mujeres-edomex-feb.jpeg?resize=700%2C400&ssl=1 2x"},"classes":[]}],"_links":{"self":[{"href":"https:\/\/www.grieta.org.mx\/index.php\/wp-json\/wp\/v2\/posts\/41598","targetHints":{"allow":["GET"]}}],"collection":[{"href":"https:\/\/www.grieta.org.mx\/index.php\/wp-json\/wp\/v2\/posts"}],"about":[{"href":"https:\/\/www.grieta.org.mx\/index.php\/wp-json\/wp\/v2\/types\/post"}],"author":[{"embeddable":true,"href":"https:\/\/www.grieta.org.mx\/index.php\/wp-json\/wp\/v2\/users\/2"}],"replies":[{"embeddable":true,"href":"https:\/\/www.grieta.org.mx\/index.php\/wp-json\/wp\/v2\/comments?post=41598"}],"version-history":[{"count":1,"href":"https:\/\/www.grieta.org.mx\/index.php\/wp-json\/wp\/v2\/posts\/41598\/revisions"}],"predecessor-version":[{"id":41600,"href":"https:\/\/www.grieta.org.mx\/index.php\/wp-json\/wp\/v2\/posts\/41598\/revisions\/41600"}],"wp:featuredmedia":[{"embeddable":true,"href":"https:\/\/www.grieta.org.mx\/index.php\/wp-json\/wp\/v2\/media\/41599"}],"wp:attachment":[{"href":"https:\/\/www.grieta.org.mx\/index.php\/wp-json\/wp\/v2\/media?parent=41598"}],"wp:term":[{"taxonomy":"category","embeddable":true,"href":"https:\/\/www.grieta.org.mx\/index.php\/wp-json\/wp\/v2\/categories?post=41598"},{"taxonomy":"post_tag","embeddable":true,"href":"https:\/\/www.grieta.org.mx\/index.php\/wp-json\/wp\/v2\/tags?post=41598"}],"curies":[{"name":"wp","href":"https:\/\/api.w.org\/{rel}","templated":true}]}}