{"id":4159,"date":"2015-09-14T21:23:19","date_gmt":"2015-09-14T21:23:19","guid":{"rendered":"http:\/\/50.22.11.12\/~grietaor\/?p=4159"},"modified":"2016-03-21T21:31:11","modified_gmt":"2016-03-21T21:31:11","slug":"discusion-sobre-ley-mordaza-inicia-en-congreso-de-nayarit","status":"publish","type":"post","link":"https:\/\/www.grieta.org.mx\/index.php\/2015\/09\/14\/discusion-sobre-ley-mordaza-inicia-en-congreso-de-nayarit\/","title":{"rendered":"Discusi\u00f3n sobre &#8220;Ley Mordaza&#8221; inicia en Congreso de Nayarit"},"content":{"rendered":"<p>Ra\u00fal Torres\/Red Pol\u00edtica<\/p>\n<blockquote><p>La iniciativa fue entregada por el titular de Poder Ejecutivo desde el 22 de julio pasado, pero los legisladores denunciaron que se manten\u00eda oculta y no les entregaban copias del documento ni se sub\u00eda al portal del Congreso<\/p><\/blockquote>\n<p>Tepic.\u2014 Este lunes el Congreso de Nayarit iniciar\u00e1 la discusi\u00f3n sobre la llamada \u201cLey mordaza\u201dpropuesta por el gobernador Roberto Sandoval, que busca reformar 13 art\u00edculos del C\u00f3digo Penal del estado incluidas enmiendas que podr\u00edan penalizar protestas p\u00fablicas y el uso de redes sociales.<\/p>\n<p>La iniciativa fue entregada por el titular de Poder Ejecutivo desde el 22 de julio pasado, pero aunque se inform\u00f3 a los legisladores de su existencia, \u00e9stos denunciaron que se manten\u00eda oculta y no les entregaban copias del documento ni se sub\u00eda al portal del Congreso, donde ya se puede consultar.<\/p>\n<p>\u201cHay cosas preocupantes porque se puede iniciar una persecuci\u00f3n contra quienes no est\u00e9n de acuerdo con el gobierno\u201d, indic\u00f3 la diputada Sonia Ibarra, coordinadora de la bancada del PRD en el Congreso local.<\/p>\n<p>Aclar\u00f3 que entre las enmiendas hay puntos que son necesarios, pero insisti\u00f3 en que la postura del PRD como la del PAN en estos dos temas es eliminarlos de la discusi\u00f3n.<\/p>\n<p>Seg\u00fan el documento entregado por el mandatario, al art\u00edculo 198 del C\u00f3digo Penal se le agregar\u00eda: \u201cCuando la concurrencia de personas impida dolosamente el funcionamiento de alguna v\u00eda de comunicaci\u00f3n de tr\u00e1nsito de veh\u00edculos, se impondr\u00e1n de tres a seis a\u00f1os de prisi\u00f3n y multa de 100 a 200 d\u00edas de salario\u201d.<\/p>\n<p>La justificaci\u00f3n de esta enmienda tiene que ver, seg\u00fan Sandoval, con que se vulnera el derecho constitucional de libre tr\u00e1nsito.<\/p>\n<p>\u201cDebido a que el ejercicio arbitrario e irresponsable de los derechos y libertades de algunos no puede convertirse en una limitaci\u00f3n para los derechos de otros y tampoco en un freno para el ejercicio de las funciones del Estado o una limitaci\u00f3n al orden social\u201d, indica la justificaci\u00f3n.<\/p>\n<p>En tanto, las modificaciones planteadas para el art\u00edculo 337, relativo a las \u201cdisposiciones comunes a las injurias, difamaci\u00f3n y calumnia\u201d establecen que \u201ccuando alguna de las conductas previstas en este t\u00edtulo se cometiere utilizando cualquier medio de comunicaci\u00f3n social u otro de divulgaci\u00f3n masiva, adem\u00e1s de la sanci\u00f3n que a cada una corresponda, se impondr\u00e1 de uno a cuatro a\u00f1os de prisi\u00f3n\u201d.<\/p>\n<p>Ante la posibilidad de regular y criminalizar el uso de las redes sociales en Nayarit, varios usuarios de \u00e9stas comenzaron a manifestar su descontento y ya circula un audio en el que supuestamente se escucha a Sandoval Casta\u00f1eda hablando con uno de sus asesores jur\u00eddicos sobre las publicaciones de un usuario de las redes.<\/p>\n<p>\u201cCh\u00e9cale sus publicaciones (\u2026) y uno se desgasta viendo, todo el puto d\u00eda te la pasas viendo aqu\u00ed (\u2026) c\u00f3mo me encantar\u00eda que hubiera leyes, cabr\u00f3n, en donde de veras a los que hicimos algo nos metan al bote, pero tambi\u00e9n a los que dicen y no comprueban, tambi\u00e9n que los metan al bote\u201d, se escucha en el audio.<\/p>\n<p>Ante la posibilidad de que la iniciativa del gobernador pueda ser aprobada en la Comisi\u00f3n de Justicia y Derechos Humanos este lunes, el presidente de la Mesa Directiva del Congreso, el pri\u00edsta Jorge Segura, exhort\u00f3 a trav\u00e9s de cuenta de Facebook a la presidenta de dicha comisi\u00f3n, la tambi\u00e9n pri\u00edsta Mar\u00eda Ang\u00e9lica S\u00e1nchez Cervantes, a \u201cdejar sin efectos\u201d el estudio de los pol\u00e9micos art\u00edculos.<\/p>\n<p>La perredista Sonia Ibarra se mostr\u00f3 esc\u00e9ptica, pues no hay ninguna comunicaci\u00f3n oficial al respecto y record\u00f3 que el PRI tiene mayor\u00eda en la Comisi\u00f3n de Justicia y Derechos Humanos, por lo que hoy mismo podr\u00eda aprobar la iniciativa para pasarla a discusi\u00f3n en el pleno del Congreso durante las dos sesiones agendadas para hoy, donde el PRI y el Partido Verde tienen mayor\u00eda.<\/p>\n<p>El pasado 9 de septiembre el Frente por la Libertad de Expresi\u00f3n y la Protesta Social present\u00f3 un informe de los retrocesos registrados en la libertad de expresi\u00f3n y de reuni\u00f3n, donde se\u00f1ala que el estado muestra una actitud ofensiva hacia estos derechos.<\/p>\n<p><a href=\"http:\/\/www.redpolitica.mx\/estados\/discusion-sobre-ley-mordaza-inicia-en-congreso-de-nayarit\" target=\"_blank\">www.redpolitica.mx\/estados\/discusion-sobre-ley-mordaza-inicia-en-congreso-de-nayarit<\/a><\/p>\n","protected":false},"excerpt":{"rendered":"<p>Ra\u00fal Torres\/Red Pol\u00edtica La iniciativa fue entregada por el titular de Poder Ejecutivo desde el 22 de julio pasado, pero los legisladores denunciaron que se manten\u00eda oculta y no les &hellip; <a href=\"https:\/\/www.grieta.org.mx\/index.php\/2015\/09\/14\/discusion-sobre-ley-mordaza-inicia-en-congreso-de-nayarit\/\" class=\"more-link\">Leer m\u00e1s<\/a><\/p>\n","protected":false},"author":2,"featured_media":21928,"comment_status":"closed","ping_status":"open","sticky":false,"template":"","format":"standard","meta":{"ngg_post_thumbnail":0,"_jetpack_newsletter_access":"","_jetpack_dont_email_post_to_subs":false,"_jetpack_newsletter_tier_id":0,"_jetpack_memberships_contains_paywalled_content":false,"_jetpack_memberships_contains_paid_content":false,"footnotes":""},"categories":[80,145],"tags":[337],"class_list":["post-4159","post","type-post","status-publish","format-standard","has-post-thumbnail","hentry","category-cintillo","category-nayarit","tag-ley-mordaza","entry"],"jetpack_featured_media_url":"https:\/\/www.grieta.org.mx\/wp-content\/uploads\/2018\/03\/14524434_1106112876131411_958039263622046936_o.jpg","jetpack_sharing_enabled":true,"jetpack_shortlink":"https:\/\/wp.me\/p7ZJR4-155","jetpack_likes_enabled":false,"jetpack-related-posts":[{"id":4155,"url":"https:\/\/www.grieta.org.mx\/index.php\/2015\/09\/15\/proyecto-de-ley-mordaza-en-el-congreso-de-nayarit\/","url_meta":{"origin":4159,"position":0},"title":"Proyecto de \u201cLey Mordaza\u201d en el Congreso de Nayarit","author":"grieta","date":"15 septiembre, 2015","format":false,"excerpt":"15\/09\/15. Se le cae la Ley Mordaza al Gobernador de Nayarit Independiente 14\/09\/15. Discusi\u00f3n sobre \u2018Ley Mordaza\u2019 inicia en Congreso de Nayarit Red Pol\u00edtica","rel":"","context":"En &quot;Nayarit&quot;","block_context":{"text":"Nayarit","link":"https:\/\/www.grieta.org.mx\/index.php\/category\/noticias-nacionales\/nayarit\/"},"img":{"alt_text":"","src":"https:\/\/i0.wp.com\/www.grieta.org.mx\/wp-content\/uploads\/2018\/03\/14524434_1106112876131411_958039263622046936_o.jpg?resize=350%2C200&ssl=1","width":350,"height":200,"srcset":"https:\/\/i0.wp.com\/www.grieta.org.mx\/wp-content\/uploads\/2018\/03\/14524434_1106112876131411_958039263622046936_o.jpg?resize=350%2C200&ssl=1 1x, https:\/\/i0.wp.com\/www.grieta.org.mx\/wp-content\/uploads\/2018\/03\/14524434_1106112876131411_958039263622046936_o.jpg?resize=525%2C300&ssl=1 1.5x, https:\/\/i0.wp.com\/www.grieta.org.mx\/wp-content\/uploads\/2018\/03\/14524434_1106112876131411_958039263622046936_o.jpg?resize=700%2C400&ssl=1 2x"},"classes":[]},{"id":2702,"url":"https:\/\/www.grieta.org.mx\/index.php\/2015\/12\/04\/periodistas-en-colima-protestan-contra-la-ley-mordaza\/","url_meta":{"origin":4159,"position":1},"title":"Periodistas en Colima protestan contra la \u201cLey Mordaza\u201d","author":"grieta","date":"4 diciembre, 2015","format":false,"excerpt":"Diario Avanzada Colima, M\u00e9xico. Avanzada (4 de diciembre de 2015).- Periodistas colimenses protestaron en las instalaciones del Congreso del Estado en contra de la entrada en vigor de la Ley de Derecho de R\u00e9plica por considerar que \u00e9sta representa un retroceso en la Libertad de Expresi\u00f3n. Los periodistas mencionaron que\u2026","rel":"","context":"En &quot;CINTILLO&quot;","block_context":{"text":"CINTILLO","link":"https:\/\/www.grieta.org.mx\/index.php\/category\/cintillo\/"},"img":{"alt_text":"","src":"https:\/\/i0.wp.com\/www.grieta.org.mx\/wp-content\/uploads\/2018\/03\/14524434_1106112876131411_958039263622046936_o.jpg?resize=350%2C200&ssl=1","width":350,"height":200,"srcset":"https:\/\/i0.wp.com\/www.grieta.org.mx\/wp-content\/uploads\/2018\/03\/14524434_1106112876131411_958039263622046936_o.jpg?resize=350%2C200&ssl=1 1x, https:\/\/i0.wp.com\/www.grieta.org.mx\/wp-content\/uploads\/2018\/03\/14524434_1106112876131411_958039263622046936_o.jpg?resize=525%2C300&ssl=1 1.5x, https:\/\/i0.wp.com\/www.grieta.org.mx\/wp-content\/uploads\/2018\/03\/14524434_1106112876131411_958039263622046936_o.jpg?resize=700%2C400&ssl=1 2x"},"classes":[]},{"id":4156,"url":"https:\/\/www.grieta.org.mx\/index.php\/2015\/09\/15\/se-le-cae-la-ley-mordaza-al-gobernador-de-nayarit\/","url_meta":{"origin":4159,"position":2},"title":"Se le cae la Ley Mordaza al Gobernador de Nayarit","author":"grieta","date":"15 septiembre, 2015","format":false,"excerpt":"Jos\u00e9 Luis Flores Rosas\/Independiente Los gobiernos jam\u00e1s pensaron que el avance de la inform\u00e1tica llegar\u00eda un d\u00eda a causarles serios dolores de cabeza. No lo visualizaron con la aparici\u00f3n del correo electr\u00f3nico ni tampoco con la de los chats y medios de comunicaci\u00f3n instant\u00e1nea que en esos momentos ten\u00edan como\u2026","rel":"","context":"En &quot;CINTILLO&quot;","block_context":{"text":"CINTILLO","link":"https:\/\/www.grieta.org.mx\/index.php\/category\/cintillo\/"},"img":{"alt_text":"","src":"https:\/\/i0.wp.com\/www.grieta.org.mx\/wp-content\/uploads\/2018\/03\/14524434_1106112876131411_958039263622046936_o.jpg?resize=350%2C200&ssl=1","width":350,"height":200,"srcset":"https:\/\/i0.wp.com\/www.grieta.org.mx\/wp-content\/uploads\/2018\/03\/14524434_1106112876131411_958039263622046936_o.jpg?resize=350%2C200&ssl=1 1x, https:\/\/i0.wp.com\/www.grieta.org.mx\/wp-content\/uploads\/2018\/03\/14524434_1106112876131411_958039263622046936_o.jpg?resize=525%2C300&ssl=1 1.5x, https:\/\/i0.wp.com\/www.grieta.org.mx\/wp-content\/uploads\/2018\/03\/14524434_1106112876131411_958039263622046936_o.jpg?resize=700%2C400&ssl=1 2x"},"classes":[]},{"id":28275,"url":"https:\/\/www.grieta.org.mx\/index.php\/2018\/12\/20\/congreso-de-aguascalientes-altero-conceptos-de-la-unesco-para-justificar-ley-provida\/","url_meta":{"origin":4159,"position":3},"title":"Congreso de Aguascalientes alter\u00f3 conceptos de la UNESCO para justificar ley provida","author":"grieta","date":"20 diciembre, 2018","format":false,"excerpt":"En la iniciativa que votaron, los legisladores incluyeron que el organismo internacional define que la primera infancia inicia desde la gestaci\u00f3n, cuando la definici\u00f3n real indica que es desde el nacimiento. Yuriria \u00c1vila\/ANIMAL POL\u00cdTICO El Congreso de Aguascalientes aprob\u00f3 el 10 de diciembre modificaciones a la Ley de los Derechos\u2026","rel":"","context":"En &quot;Aguascalientes&quot;","block_context":{"text":"Aguascalientes","link":"https:\/\/www.grieta.org.mx\/index.php\/category\/noticias-nacionales\/aguascalientes\/"},"img":{"alt_text":"","src":"https:\/\/i0.wp.com\/www.grieta.org.mx\/wp-content\/uploads\/2018\/03\/14524434_1106112876131411_958039263622046936_o.jpg?resize=350%2C200&ssl=1","width":350,"height":200,"srcset":"https:\/\/i0.wp.com\/www.grieta.org.mx\/wp-content\/uploads\/2018\/03\/14524434_1106112876131411_958039263622046936_o.jpg?resize=350%2C200&ssl=1 1x, https:\/\/i0.wp.com\/www.grieta.org.mx\/wp-content\/uploads\/2018\/03\/14524434_1106112876131411_958039263622046936_o.jpg?resize=525%2C300&ssl=1 1.5x, https:\/\/i0.wp.com\/www.grieta.org.mx\/wp-content\/uploads\/2018\/03\/14524434_1106112876131411_958039263622046936_o.jpg?resize=700%2C400&ssl=1 2x"},"classes":[]},{"id":31750,"url":"https:\/\/www.grieta.org.mx\/index.php\/2019\/04\/04\/diputados-fingieron-incluirnos-en-mejoras-a-la-ley-familiares-de-desaparecidos-jalisco\/","url_meta":{"origin":4159,"position":4},"title":"\u201cDiputados fingieron incluirnos en mejoras a la ley\u201d: familiares de desaparecidos (Jalisco)","author":"grieta","date":"4 abril, 2019","format":false,"excerpt":"Elizabeth R\u00edos Chavarr\u00eda \/ P\u00e1gina 24 Jalisco Bajo el argumento de que diputados obraron de forma improvisada y que el ejercicio no fue m\u00e1s que una simulaci\u00f3n, familiares de desaparecidos se retiraron de las mesas de trabajo del Congreso de Jalisco en torno a la ley sobre desaparici\u00f3n forzada. Integrantes\u2026","rel":"","context":"En &quot;CINTILLO&quot;","block_context":{"text":"CINTILLO","link":"https:\/\/www.grieta.org.mx\/index.php\/category\/cintillo\/"},"img":{"alt_text":"","src":"https:\/\/i0.wp.com\/www.grieta.org.mx\/wp-content\/uploads\/2019\/04\/02-2.jpg?resize=350%2C200&ssl=1","width":350,"height":200,"srcset":"https:\/\/i0.wp.com\/www.grieta.org.mx\/wp-content\/uploads\/2019\/04\/02-2.jpg?resize=350%2C200&ssl=1 1x, https:\/\/i0.wp.com\/www.grieta.org.mx\/wp-content\/uploads\/2019\/04\/02-2.jpg?resize=525%2C300&ssl=1 1.5x, https:\/\/i0.wp.com\/www.grieta.org.mx\/wp-content\/uploads\/2019\/04\/02-2.jpg?resize=700%2C400&ssl=1 2x"},"classes":[]},{"id":37730,"url":"https:\/\/www.grieta.org.mx\/index.php\/2019\/08\/06\/paro-estatal-del-sutsem-se-siente-en-bahia-de-banderas-nayarit\/","url_meta":{"origin":4159,"position":5},"title":"Paro estatal del SUTSEM se siente en Bah\u00eda de Banderas (Nayarit)","author":"grieta","date":"6 agosto, 2019","format":false,"excerpt":"Foto: Tribuna de la Bah\u00eda Israel Torres \/ Tribuna de la Bah\u00eda Bah\u00eda de Banderas, Nay.- Este lunes desde las ocho de la ma\u00f1ana, m\u00e1s 100 trabajadores del d\u00e9cimo ayuntamiento de Bah\u00eda de Banderas, afiliados al SUTSEM (Sindicato \u00danico de Trabajadores al Servicio del Estado y Municipios) se manifestaron a\u2026","rel":"","context":"En &quot;CINTILLO&quot;","block_context":{"text":"CINTILLO","link":"https:\/\/www.grieta.org.mx\/index.php\/category\/cintillo\/"},"img":{"alt_text":"","src":"https:\/\/i0.wp.com\/www.grieta.org.mx\/wp-content\/uploads\/2019\/08\/12y13Bah%C3%ADa-2-2-700x500.jpg?resize=350%2C200&ssl=1","width":350,"height":200,"srcset":"https:\/\/i0.wp.com\/www.grieta.org.mx\/wp-content\/uploads\/2019\/08\/12y13Bah%C3%ADa-2-2-700x500.jpg?resize=350%2C200&ssl=1 1x, https:\/\/i0.wp.com\/www.grieta.org.mx\/wp-content\/uploads\/2019\/08\/12y13Bah%C3%ADa-2-2-700x500.jpg?resize=525%2C300&ssl=1 1.5x, https:\/\/i0.wp.com\/www.grieta.org.mx\/wp-content\/uploads\/2019\/08\/12y13Bah%C3%ADa-2-2-700x500.jpg?resize=700%2C400&ssl=1 2x"},"classes":[]}],"_links":{"self":[{"href":"https:\/\/www.grieta.org.mx\/index.php\/wp-json\/wp\/v2\/posts\/4159","targetHints":{"allow":["GET"]}}],"collection":[{"href":"https:\/\/www.grieta.org.mx\/index.php\/wp-json\/wp\/v2\/posts"}],"about":[{"href":"https:\/\/www.grieta.org.mx\/index.php\/wp-json\/wp\/v2\/types\/post"}],"author":[{"embeddable":true,"href":"https:\/\/www.grieta.org.mx\/index.php\/wp-json\/wp\/v2\/users\/2"}],"replies":[{"embeddable":true,"href":"https:\/\/www.grieta.org.mx\/index.php\/wp-json\/wp\/v2\/comments?post=4159"}],"version-history":[{"count":1,"href":"https:\/\/www.grieta.org.mx\/index.php\/wp-json\/wp\/v2\/posts\/4159\/revisions"}],"predecessor-version":[{"id":4160,"href":"https:\/\/www.grieta.org.mx\/index.php\/wp-json\/wp\/v2\/posts\/4159\/revisions\/4160"}],"wp:featuredmedia":[{"embeddable":true,"href":"https:\/\/www.grieta.org.mx\/index.php\/wp-json\/wp\/v2\/media\/21928"}],"wp:attachment":[{"href":"https:\/\/www.grieta.org.mx\/index.php\/wp-json\/wp\/v2\/media?parent=4159"}],"wp:term":[{"taxonomy":"category","embeddable":true,"href":"https:\/\/www.grieta.org.mx\/index.php\/wp-json\/wp\/v2\/categories?post=4159"},{"taxonomy":"post_tag","embeddable":true,"href":"https:\/\/www.grieta.org.mx\/index.php\/wp-json\/wp\/v2\/tags?post=4159"}],"curies":[{"name":"wp","href":"https:\/\/api.w.org\/{rel}","templated":true}]}}